{"id":100342,"date":"2019-05-20T13:10:14","date_gmt":"2019-05-20T11:10:14","guid":{"rendered":"http:\/\/www.budokampsport.se\/?p=100342"},"modified":"2019-05-20T13:10:14","modified_gmt":"2019-05-20T11:10:14","slug":"resultat-fran-sm-i-iaido-2","status":"publish","type":"post","link":"https:\/\/www.budokampsport.se\/2019\/05\/20\/resultat-fran-sm-i-iaido-2\/","title":{"rendered":"Resultat fr\u00e5n SM i iaido"},"content":{"rendered":"<p>S\u00e5 h\u00e4r f\u00f6rdelades samtliga medaljer under m\u00e4sterskapet.<\/p>\n<p><strong>MUDAN<\/strong><br \/>\n1. M\u00e5ns Kjellander (Umekawa)<br \/>\n2. Ludwig Tallberg (Wakajishi)<br \/>\n3. Carlos Garcia Villafranca (FSKA)<br \/>\nNikolaos Pournaras (FSKA)<\/p>\n<p><strong>SHODAN<\/strong><br \/>\n1. Beatrice Edvardsson (Kensei)<br \/>\n2. Christopher Pettersson (Umekawa)<br \/>\n3. Mikael Fritzson (Shogun)<br \/>\nThomas Erger (Link\u00f6ping)<\/p>\n<p><strong>NIDAN<\/strong><br \/>\n1. Lillie Cavonius (Shobukan)<br \/>\n2. Casper Ottosson (V\u00e4stervik)<br \/>\n3. Carl Kaner\u00f6d (Link\u00f6ping)<br \/>\nFredrik Nilsson (Shobukan)<\/p>\n<p><strong>SANDAN<\/strong><br \/>\n1. Gabriel Gr\u00fcnberg (Komaki Iai)<br \/>\n2. Tobias Kandenberg (S\u00f6lvesborg)<br \/>\n3. Nils Lantto (Shimbukan)<br \/>\nFredrik Broman (GAK Enighet)<\/p>\n<p><strong>YONDAN<\/strong><br \/>\n1. Joel Bergmark (Umekawa)<br \/>\n2. Lars Thellman (V\u00e4stervik)<br \/>\n3. Patrik Almqvist (Budokan)<br \/>\nLeif Sunje (Honto)<\/p>\n<p><strong>GODAN<\/strong><br \/>\n1. Jesper Waldest\u00e5l (Shobukan)<br \/>\n2. Sida Yin (FSKA)<br \/>\n3. Mattias Jansson (Link\u00f6ping)<br \/>\nSimon Bleiker (FSKA)<\/p>\n<p><strong>Fighting spirit\u00a0Individuell<\/strong><br \/>\nElin Rund\u00e9n (Komaki Iai)<\/p>\n<p><strong>LAG<\/strong><br \/>\n1. S\u00f6lvesborgs Budos\u00e4llskap<br \/>\n(Tobias Kandenberg, Johan R\u00f6nndahl, Ulf Mohager)<br \/>\n2. Link\u00f6pings budoklubb 1<br \/>\n(Patrik Karlsson, Johan J\u00f6nsson, Carl Kaner\u00f6d)<br \/>\n3. Honto Iaidoklubb 1<br \/>\n(Leif Sunje, Bj\u00f6rn Hendil-Forssel, Theodor Pramer)<br \/>\nUmekawa Budokai<br \/>\n(Joel Bergmark, Kenneth Olofsson, Christopher Pettersson)<\/p>\n<p><strong>Fighting spirit Lag<\/strong><br \/>\nVittra Vargasj\u00e4l (Shimbukan)<\/p>\n<p>Text: Jonathan Broberg<br \/>\nFoto (arkiv): Hamid Ershad Sarabi<\/p>\n","protected":false},"excerpt":{"rendered":"<p>SM i iaido h\u00f6lls i helgen i Nacka. Lagguldet vanns av S\u00f6lvesborgs Budos\u00e4llskap och Jesper Waldest\u00e5l vann godanklassen, den med h\u00f6gst grad.<\/p><br>","protected":false},"author":7,"featured_media":36299,"comment_status":"open","ping_status":"open","sticky":false,"template":"","format":"standard","meta":{"_acf_changed":false,"footnotes":""},"categories":[1],"tags":[],"class_list":["post-100342","post","type-post","status-publish","format-standard","has-post-thumbnail","hentry","category-okategoriserade"],"acf":[],"yoast_head":"<!-- This site is optimized with the Yoast SEO plugin v26.8 - https:\/\/yoast.com\/product\/yoast-seo-wordpress\/ -->\n<title>Resultat fr\u00e5n SM i iaido - Svenska Budo &amp; Kampsportsf\u00f6rbundet<\/title>\n<meta name=\"description\" content=\"SM i iaido h\u00f6lls i helgen i Nacka. Lagguldet vanns av S\u00f6lvesborgs Budos\u00e4llskap och Jesper Waldest\u00e5l vann godanklassen, den med h\u00f6gst grad.\" \/>\n<meta name=\"robots\" content=\"index, follow, max-snippet:-1, max-image-preview:large, max-video-preview:-1\" \/>\n<link rel=\"canonical\" href=\"https:\/\/www.budokampsport.se\/2019\/05\/20\/resultat-fran-sm-i-iaido-2\/\" \/>\n<meta property=\"og:locale\" content=\"sv_SE\" \/>\n<meta property=\"og:type\" content=\"article\" \/>\n<meta property=\"og:title\" content=\"Resultat fr\u00e5n SM i iaido - Svenska Budo &amp; Kampsportsf\u00f6rbundet\" \/>\n<meta property=\"og:description\" content=\"SM i iaido h\u00f6lls i helgen i Nacka. Lagguldet vanns av S\u00f6lvesborgs Budos\u00e4llskap och Jesper Waldest\u00e5l vann godanklassen, den med h\u00f6gst grad.\" \/>\n<meta property=\"og:url\" content=\"https:\/\/www.budokampsport.se\/2019\/05\/20\/resultat-fran-sm-i-iaido-2\/\" \/>\n<meta property=\"og:site_name\" content=\"Svenska Budo &amp; Kampsportsf\u00f6rbundet\" \/>\n<meta property=\"article:author\" content=\"https:\/\/www.facebook.com\/jonathan.broberg.7\" \/>\n<meta property=\"article:published_time\" content=\"2019-05-20T11:10:14+00:00\" \/>\n<meta property=\"og:image\" content=\"https:\/\/www.budokampsport.se\/wp-content\/uploads\/2016\/05\/iaido.jpg\" \/>\n\t<meta property=\"og:image:width\" content=\"850\" \/>\n\t<meta property=\"og:image:height\" content=\"567\" \/>\n\t<meta property=\"og:image:type\" content=\"image\/jpeg\" \/>\n<meta name=\"author\" content=\"Jonathan Broberg\" \/>\n<meta name=\"twitter:card\" content=\"summary_large_image\" \/>\n<meta name=\"twitter:label1\" content=\"Skriven av\" \/>\n\t<meta name=\"twitter:data1\" content=\"Jonathan Broberg\" \/>\n\t<meta name=\"twitter:label2\" content=\"Ber\u00e4knad l\u00e4stid\" \/>\n\t<meta name=\"twitter:data2\" content=\"1 minut\" \/>\n<script type=\"application\/ld+json\" class=\"yoast-schema-graph\">{\"@context\":\"https:\/\/schema.org\",\"@graph\":[{\"@type\":\"Article\",\"@id\":\"https:\/\/www.budokampsport.se\/2019\/05\/20\/resultat-fran-sm-i-iaido-2\/#article\",\"isPartOf\":{\"@id\":\"https:\/\/www.budokampsport.se\/2019\/05\/20\/resultat-fran-sm-i-iaido-2\/\"},\"author\":{\"name\":\"Jonathan Broberg\",\"@id\":\"https:\/\/www.budokampsport.se\/#\/schema\/person\/5c06d81d14850e2a8ce5493386560145\"},\"headline\":\"Resultat fr\u00e5n SM i iaido\",\"datePublished\":\"2019-05-20T11:10:14+00:00\",\"mainEntityOfPage\":{\"@id\":\"https:\/\/www.budokampsport.se\/2019\/05\/20\/resultat-fran-sm-i-iaido-2\/\"},\"wordCount\":170,\"commentCount\":0,\"image\":{\"@id\":\"https:\/\/www.budokampsport.se\/2019\/05\/20\/resultat-fran-sm-i-iaido-2\/#primaryimage\"},\"thumbnailUrl\":\"https:\/\/www.budokampsport.se\/wp-content\/uploads\/2016\/05\/iaido.jpg\",\"inLanguage\":\"sv-SE\",\"potentialAction\":[{\"@type\":\"CommentAction\",\"name\":\"Comment\",\"target\":[\"https:\/\/www.budokampsport.se\/2019\/05\/20\/resultat-fran-sm-i-iaido-2\/#respond\"]}]},{\"@type\":\"WebPage\",\"@id\":\"https:\/\/www.budokampsport.se\/2019\/05\/20\/resultat-fran-sm-i-iaido-2\/\",\"url\":\"https:\/\/www.budokampsport.se\/2019\/05\/20\/resultat-fran-sm-i-iaido-2\/\",\"name\":\"Resultat fr\u00e5n SM i iaido - Svenska Budo &amp; Kampsportsf\u00f6rbundet\",\"isPartOf\":{\"@id\":\"https:\/\/www.budokampsport.se\/#website\"},\"primaryImageOfPage\":{\"@id\":\"https:\/\/www.budokampsport.se\/2019\/05\/20\/resultat-fran-sm-i-iaido-2\/#primaryimage\"},\"image\":{\"@id\":\"https:\/\/www.budokampsport.se\/2019\/05\/20\/resultat-fran-sm-i-iaido-2\/#primaryimage\"},\"thumbnailUrl\":\"https:\/\/www.budokampsport.se\/wp-content\/uploads\/2016\/05\/iaido.jpg\",\"datePublished\":\"2019-05-20T11:10:14+00:00\",\"author\":{\"@id\":\"https:\/\/www.budokampsport.se\/#\/schema\/person\/5c06d81d14850e2a8ce5493386560145\"},\"description\":\"SM i iaido h\u00f6lls i helgen i Nacka. Lagguldet vanns av S\u00f6lvesborgs Budos\u00e4llskap och Jesper Waldest\u00e5l vann godanklassen, den med h\u00f6gst grad.\",\"breadcrumb\":{\"@id\":\"https:\/\/www.budokampsport.se\/2019\/05\/20\/resultat-fran-sm-i-iaido-2\/#breadcrumb\"},\"inLanguage\":\"sv-SE\",\"potentialAction\":[{\"@type\":\"ReadAction\",\"target\":[\"https:\/\/www.budokampsport.se\/2019\/05\/20\/resultat-fran-sm-i-iaido-2\/\"]}]},{\"@type\":\"ImageObject\",\"inLanguage\":\"sv-SE\",\"@id\":\"https:\/\/www.budokampsport.se\/2019\/05\/20\/resultat-fran-sm-i-iaido-2\/#primaryimage\",\"url\":\"https:\/\/www.budokampsport.se\/wp-content\/uploads\/2016\/05\/iaido.jpg\",\"contentUrl\":\"https:\/\/www.budokampsport.se\/wp-content\/uploads\/2016\/05\/iaido.jpg\",\"width\":850,\"height\":567,\"caption\":\"Foto: Hamid Ershad Sarabi\"},{\"@type\":\"BreadcrumbList\",\"@id\":\"https:\/\/www.budokampsport.se\/2019\/05\/20\/resultat-fran-sm-i-iaido-2\/#breadcrumb\",\"itemListElement\":[{\"@type\":\"ListItem\",\"position\":1,\"name\":\"Hem\",\"item\":\"https:\/\/www.budokampsport.se\/\"},{\"@type\":\"ListItem\",\"position\":2,\"name\":\"Resultat fr\u00e5n SM i iaido\"}]},{\"@type\":\"WebSite\",\"@id\":\"https:\/\/www.budokampsport.se\/#website\",\"url\":\"https:\/\/www.budokampsport.se\/\",\"name\":\"Svenska Budo &amp; Kampsportsf\u00f6rbundet\",\"description\":\"T\u00e4vling, Tr\u00e4ning, Tradition\",\"potentialAction\":[{\"@type\":\"SearchAction\",\"target\":{\"@type\":\"EntryPoint\",\"urlTemplate\":\"https:\/\/www.budokampsport.se\/?s={search_term_string}\"},\"query-input\":{\"@type\":\"PropertyValueSpecification\",\"valueRequired\":true,\"valueName\":\"search_term_string\"}}],\"inLanguage\":\"sv-SE\"},{\"@type\":\"Person\",\"@id\":\"https:\/\/www.budokampsport.se\/#\/schema\/person\/5c06d81d14850e2a8ce5493386560145\",\"name\":\"Jonathan Broberg\",\"image\":{\"@type\":\"ImageObject\",\"inLanguage\":\"sv-SE\",\"@id\":\"https:\/\/www.budokampsport.se\/#\/schema\/person\/image\/\",\"url\":\"https:\/\/secure.gravatar.com\/avatar\/a58041c6cea9128bd9c40ee2f26d4136?s=96&d=blank&r=g\",\"contentUrl\":\"https:\/\/secure.gravatar.com\/avatar\/a58041c6cea9128bd9c40ee2f26d4136?s=96&d=blank&r=g\",\"caption\":\"Jonathan Broberg\"},\"sameAs\":[\"https:\/\/www.facebook.com\/jonathan.broberg.7\"],\"url\":\"https:\/\/www.budokampsport.se\/author\/jonathan\/\"}]}<\/script>\n<!-- \/ Yoast SEO plugin. -->","yoast_head_json":{"title":"Resultat fr\u00e5n SM i iaido - Svenska Budo &amp; Kampsportsf\u00f6rbundet","description":"SM i iaido h\u00f6lls i helgen i Nacka. Lagguldet vanns av S\u00f6lvesborgs Budos\u00e4llskap och Jesper Waldest\u00e5l vann godanklassen, den med h\u00f6gst grad.","robots":{"index":"index","follow":"follow","max-snippet":"max-snippet:-1","max-image-preview":"max-image-preview:large","max-video-preview":"max-video-preview:-1"},"canonical":"https:\/\/www.budokampsport.se\/2019\/05\/20\/resultat-fran-sm-i-iaido-2\/","og_locale":"sv_SE","og_type":"article","og_title":"Resultat fr\u00e5n SM i iaido - Svenska Budo &amp; Kampsportsf\u00f6rbundet","og_description":"SM i iaido h\u00f6lls i helgen i Nacka. Lagguldet vanns av S\u00f6lvesborgs Budos\u00e4llskap och Jesper Waldest\u00e5l vann godanklassen, den med h\u00f6gst grad.","og_url":"https:\/\/www.budokampsport.se\/2019\/05\/20\/resultat-fran-sm-i-iaido-2\/","og_site_name":"Svenska Budo &amp; Kampsportsf\u00f6rbundet","article_author":"https:\/\/www.facebook.com\/jonathan.broberg.7","article_published_time":"2019-05-20T11:10:14+00:00","og_image":[{"width":850,"height":567,"url":"https:\/\/www.budokampsport.se\/wp-content\/uploads\/2016\/05\/iaido.jpg","type":"image\/jpeg"}],"author":"Jonathan Broberg","twitter_card":"summary_large_image","twitter_misc":{"Skriven av":"Jonathan Broberg","Ber\u00e4knad l\u00e4stid":"1 minut"},"schema":{"@context":"https:\/\/schema.org","@graph":[{"@type":"Article","@id":"https:\/\/www.budokampsport.se\/2019\/05\/20\/resultat-fran-sm-i-iaido-2\/#article","isPartOf":{"@id":"https:\/\/www.budokampsport.se\/2019\/05\/20\/resultat-fran-sm-i-iaido-2\/"},"author":{"name":"Jonathan Broberg","@id":"https:\/\/www.budokampsport.se\/#\/schema\/person\/5c06d81d14850e2a8ce5493386560145"},"headline":"Resultat fr\u00e5n SM i iaido","datePublished":"2019-05-20T11:10:14+00:00","mainEntityOfPage":{"@id":"https:\/\/www.budokampsport.se\/2019\/05\/20\/resultat-fran-sm-i-iaido-2\/"},"wordCount":170,"commentCount":0,"image":{"@id":"https:\/\/www.budokampsport.se\/2019\/05\/20\/resultat-fran-sm-i-iaido-2\/#primaryimage"},"thumbnailUrl":"https:\/\/www.budokampsport.se\/wp-content\/uploads\/2016\/05\/iaido.jpg","inLanguage":"sv-SE","potentialAction":[{"@type":"CommentAction","name":"Comment","target":["https:\/\/www.budokampsport.se\/2019\/05\/20\/resultat-fran-sm-i-iaido-2\/#respond"]}]},{"@type":"WebPage","@id":"https:\/\/www.budokampsport.se\/2019\/05\/20\/resultat-fran-sm-i-iaido-2\/","url":"https:\/\/www.budokampsport.se\/2019\/05\/20\/resultat-fran-sm-i-iaido-2\/","name":"Resultat fr\u00e5n SM i iaido - Svenska Budo &amp; Kampsportsf\u00f6rbundet","isPartOf":{"@id":"https:\/\/www.budokampsport.se\/#website"},"primaryImageOfPage":{"@id":"https:\/\/www.budokampsport.se\/2019\/05\/20\/resultat-fran-sm-i-iaido-2\/#primaryimage"},"image":{"@id":"https:\/\/www.budokampsport.se\/2019\/05\/20\/resultat-fran-sm-i-iaido-2\/#primaryimage"},"thumbnailUrl":"https:\/\/www.budokampsport.se\/wp-content\/uploads\/2016\/05\/iaido.jpg","datePublished":"2019-05-20T11:10:14+00:00","author":{"@id":"https:\/\/www.budokampsport.se\/#\/schema\/person\/5c06d81d14850e2a8ce5493386560145"},"description":"SM i iaido h\u00f6lls i helgen i Nacka. Lagguldet vanns av S\u00f6lvesborgs Budos\u00e4llskap och Jesper Waldest\u00e5l vann godanklassen, den med h\u00f6gst grad.","breadcrumb":{"@id":"https:\/\/www.budokampsport.se\/2019\/05\/20\/resultat-fran-sm-i-iaido-2\/#breadcrumb"},"inLanguage":"sv-SE","potentialAction":[{"@type":"ReadAction","target":["https:\/\/www.budokampsport.se\/2019\/05\/20\/resultat-fran-sm-i-iaido-2\/"]}]},{"@type":"ImageObject","inLanguage":"sv-SE","@id":"https:\/\/www.budokampsport.se\/2019\/05\/20\/resultat-fran-sm-i-iaido-2\/#primaryimage","url":"https:\/\/www.budokampsport.se\/wp-content\/uploads\/2016\/05\/iaido.jpg","contentUrl":"https:\/\/www.budokampsport.se\/wp-content\/uploads\/2016\/05\/iaido.jpg","width":850,"height":567,"caption":"Foto: Hamid Ershad Sarabi"},{"@type":"BreadcrumbList","@id":"https:\/\/www.budokampsport.se\/2019\/05\/20\/resultat-fran-sm-i-iaido-2\/#breadcrumb","itemListElement":[{"@type":"ListItem","position":1,"name":"Hem","item":"https:\/\/www.budokampsport.se\/"},{"@type":"ListItem","position":2,"name":"Resultat fr\u00e5n SM i iaido"}]},{"@type":"WebSite","@id":"https:\/\/www.budokampsport.se\/#website","url":"https:\/\/www.budokampsport.se\/","name":"Svenska Budo &amp; Kampsportsf\u00f6rbundet","description":"T\u00e4vling, Tr\u00e4ning, Tradition","potentialAction":[{"@type":"SearchAction","target":{"@type":"EntryPoint","urlTemplate":"https:\/\/www.budokampsport.se\/?s={search_term_string}"},"query-input":{"@type":"PropertyValueSpecification","valueRequired":true,"valueName":"search_term_string"}}],"inLanguage":"sv-SE"},{"@type":"Person","@id":"https:\/\/www.budokampsport.se\/#\/schema\/person\/5c06d81d14850e2a8ce5493386560145","name":"Jonathan Broberg","image":{"@type":"ImageObject","inLanguage":"sv-SE","@id":"https:\/\/www.budokampsport.se\/#\/schema\/person\/image\/","url":"https:\/\/secure.gravatar.com\/avatar\/a58041c6cea9128bd9c40ee2f26d4136?s=96&d=blank&r=g","contentUrl":"https:\/\/secure.gravatar.com\/avatar\/a58041c6cea9128bd9c40ee2f26d4136?s=96&d=blank&r=g","caption":"Jonathan Broberg"},"sameAs":["https:\/\/www.facebook.com\/jonathan.broberg.7"],"url":"https:\/\/www.budokampsport.se\/author\/jonathan\/"}]}},"_links":{"self":[{"href":"https:\/\/www.budokampsport.se\/api\/wp\/v2\/posts\/100342","targetHints":{"allow":["GET"]}}],"collection":[{"href":"https:\/\/www.budokampsport.se\/api\/wp\/v2\/posts"}],"about":[{"href":"https:\/\/www.budokampsport.se\/api\/wp\/v2\/types\/post"}],"author":[{"embeddable":true,"href":"https:\/\/www.budokampsport.se\/api\/wp\/v2\/users\/7"}],"replies":[{"embeddable":true,"href":"https:\/\/www.budokampsport.se\/api\/wp\/v2\/comments?post=100342"}],"version-history":[{"count":0,"href":"https:\/\/www.budokampsport.se\/api\/wp\/v2\/posts\/100342\/revisions"}],"wp:featuredmedia":[{"embeddable":true,"href":"https:\/\/www.budokampsport.se\/api\/wp\/v2\/media\/36299"}],"wp:attachment":[{"href":"https:\/\/www.budokampsport.se\/api\/wp\/v2\/media?parent=100342"}],"wp:term":[{"taxonomy":"category","embeddable":true,"href":"https:\/\/www.budokampsport.se\/api\/wp\/v2\/categories?post=100342"},{"taxonomy":"post_tag","embeddable":true,"href":"https:\/\/www.budokampsport.se\/api\/wp\/v2\/tags?post=100342"}],"curies":[{"name":"wp","href":"https:\/\/api.w.org\/{rel}","templated":true}]}}