{"id":100612,"date":"2019-05-23T13:35:24","date_gmt":"2019-05-23T11:35:24","guid":{"rendered":"http:\/\/www.budokampsport.se\/?p=100612"},"modified":"2019-05-23T13:35:24","modified_gmt":"2019-05-23T11:35:24","slug":"vi-kommer-rosta-for-den-nya-fordelningsmodellen","status":"publish","type":"post","link":"https:\/\/www.budokampsport.se\/2019\/05\/23\/vi-kommer-rosta-for-den-nya-fordelningsmodellen\/","title":{"rendered":"\u201dVi kommer r\u00f6sta f\u00f6r den nya f\u00f6rdelningsmodellen\u201d"},"content":{"rendered":"<p>SB&amp;K:s representanter under helgens Riksidrottsm\u00f6te \u00e5ker till J\u00f6nk\u00f6ping imorgon.<\/p>\n<p>Det \u00e4r stora idrottsliga fr\u00e5gor som ska diskuteras, och r\u00f6stas om.<br \/>\n&#8211; Vi kommer lyssna p\u00e5 olika fr\u00e5gor och agera och r\u00f6sta och f\u00f6ra SB&amp;K:s talan, f\u00f6rst\u00e5s. P\u00e5 f\u00f6rhand blir det s\u00e4kert diskussioner om idrotter och medlemskap, det blir intressant.<\/p>\n<p>Gundmark tar upp tre \u00e4mnen som han tror kommer att pr\u00e4gla \u00e5rets RIM: f\u00f6rslaget om ny f\u00f6rdelningsmodell, vad som h\u00e4nder med \u201dmindre f\u00f6rbund och idrotter\u201d samt f\u00f6rslag om stadge\u00e4ndringar.<br \/>\n&#8211; N\u00e4r det g\u00e4ller f\u00f6rdelningsmodellen \u00e4r det lite sv\u00e5rt att f\u00e5 \u00f6verblick av dess framtida inverkan f\u00f6r oss. D\u00e4r f\u00e5r helt enkelt tiden utvisa vad som kommer att h\u00e4nda, men det jag kan s\u00e4ga \u00e4r att den \u00e4r utskriven med ett g\u00e4ng ramar och principer. Bland annat \u00e4r f\u00f6rslaget s\u00e5 att st\u00f6det g\u00e4ller i tv\u00e5 \u00e5r ist\u00e4llet f\u00f6r ett, vilket ger en b\u00e4ttre l\u00e5ngsiktighet.<br \/>\n&#8211; Anslutningsformerna kommer bli en het potatis och d\u00e4r har man gjort f\u00f6rslag p\u00e5 en specificering kring vad en idrott anses vara, och d\u00e4r \u00e4r fysisk aktivitet en stor grundpelare, kan man s\u00e4ga. F\u00f6r de idrotter med f\u00f6rbund som \u00e4r f\u00f6r sm\u00e5, s\u00e5dana finns ju, \u00e4r f\u00f6rslaget att man kan ing\u00e5 i ett idrottsn\u00e4tverk. D\u00e4r \u00e4r f\u00f6reningarna ber\u00e4ttigade att s\u00f6ka LOK-st\u00f6d och annat, men man \u00e4r inte fullv\u00e4rdigt RF-anslutna.<br \/>\n&#8211; Stadge\u00e4ndringarna g\u00e5r i huvudsak ut p\u00e5 att man ska ha r\u00e4tt att g\u00f6ra ett utdrag ur belastningsregistret om du ska arbeta med barn och ungdomar, och att preskriptionstiden f\u00f6r anm\u00e4lda f\u00f6rseelser \u00e4ndras (regeln om tv\u00e5 m\u00e5nader tas bort).<\/p>\n<p>Fredrik Gundmark menar att SB&amp;K kommer att r\u00f6sta f\u00f6r samtliga dessa f\u00f6rslag.<br \/>\n&#8211; Ja, vi tycker att det \u00e4r vettiga f\u00f6rslag p\u00e5 \u00e4ndringar. Vi f\u00e5r se vad som h\u00e4nder i helgen, det blir sp\u00e4nnande att f\u00f6lja.<\/p>\n<p>Text: Jonathan Broberg<br \/>\nFoto: Matilda Ritz\u00e9n<\/p>\n","protected":false},"excerpt":{"rendered":"<p>Under helgen \u00e4r det Riksidrottsm\u00f6tet, med tillh\u00f6rande RF-st\u00e4mma, i J\u00f6nk\u00f6ping. SB&#038;K finns f\u00f6rst\u00e5s p\u00e5 plats under helgen och ordf\u00f6rande Fredrik Gundmark ser fram emot m\u00f6tet.<br \/><br>&#8211; Ja, det \u00e4r bra att g\u00f6ra v\u00e5r r\u00f6st h\u00f6rd, f\u00f6rst\u00e5s, s\u00e4ger han till budokampsport.se.<\/p><br>","protected":false},"author":7,"featured_media":38860,"comment_status":"open","ping_status":"open","sticky":false,"template":"","format":"standard","meta":{"_acf_changed":false,"footnotes":""},"categories":[1],"tags":[],"class_list":["post-100612","post","type-post","status-publish","format-standard","has-post-thumbnail","hentry","category-okategoriserade"],"acf":[],"yoast_head":"<!-- This site is optimized with the Yoast SEO plugin v26.8 - https:\/\/yoast.com\/product\/yoast-seo-wordpress\/ -->\n<title>\u201dVi kommer r\u00f6sta f\u00f6r den nya f\u00f6rdelningsmodellen\u201d - Svenska Budo &amp; Kampsportsf\u00f6rbundet<\/title>\n<meta name=\"description\" content=\"Under helgen \u00e4r det Riksidrottsm\u00f6tet, med tillh\u00f6rande RF-st\u00e4mma, i J\u00f6nk\u00f6ping. SB&amp;K finns f\u00f6rst\u00e5s p\u00e5 plats under helgen och ordf\u00f6rande Fredrik Gundmark ser fram emot m\u00f6tet. - Ja, det \u00e4r bra att g\u00f6ra v\u00e5r r\u00f6st h\u00f6rd, f\u00f6rst\u00e5s, s\u00e4ger han till budokampsport.se.\" \/>\n<meta name=\"robots\" content=\"index, follow, max-snippet:-1, max-image-preview:large, max-video-preview:-1\" \/>\n<link rel=\"canonical\" href=\"https:\/\/www.budokampsport.se\/2019\/05\/23\/vi-kommer-rosta-for-den-nya-fordelningsmodellen\/\" \/>\n<meta property=\"og:locale\" content=\"sv_SE\" \/>\n<meta property=\"og:type\" content=\"article\" \/>\n<meta property=\"og:title\" content=\"\u201dVi kommer r\u00f6sta f\u00f6r den nya f\u00f6rdelningsmodellen\u201d - Svenska Budo &amp; Kampsportsf\u00f6rbundet\" \/>\n<meta property=\"og:description\" content=\"Under helgen \u00e4r det Riksidrottsm\u00f6tet, med tillh\u00f6rande RF-st\u00e4mma, i J\u00f6nk\u00f6ping. SB&amp;K finns f\u00f6rst\u00e5s p\u00e5 plats under helgen och ordf\u00f6rande Fredrik Gundmark ser fram emot m\u00f6tet. - Ja, det \u00e4r bra att g\u00f6ra v\u00e5r r\u00f6st h\u00f6rd, f\u00f6rst\u00e5s, s\u00e4ger han till budokampsport.se.\" \/>\n<meta property=\"og:url\" content=\"https:\/\/www.budokampsport.se\/2019\/05\/23\/vi-kommer-rosta-for-den-nya-fordelningsmodellen\/\" \/>\n<meta property=\"og:site_name\" content=\"Svenska Budo &amp; Kampsportsf\u00f6rbundet\" \/>\n<meta property=\"article:author\" content=\"https:\/\/www.facebook.com\/jonathan.broberg.7\" \/>\n<meta property=\"article:published_time\" content=\"2019-05-23T11:35:24+00:00\" \/>\n<meta property=\"og:image\" content=\"https:\/\/www.budokampsport.se\/wp-content\/uploads\/2017\/02\/fredrik_gundmark.jpg\" \/>\n\t<meta property=\"og:image:width\" content=\"850\" \/>\n\t<meta property=\"og:image:height\" content=\"543\" \/>\n\t<meta property=\"og:image:type\" content=\"image\/jpeg\" \/>\n<meta name=\"author\" content=\"Jonathan Broberg\" \/>\n<meta name=\"twitter:card\" content=\"summary_large_image\" \/>\n<meta name=\"twitter:label1\" content=\"Skriven av\" \/>\n\t<meta name=\"twitter:data1\" content=\"Jonathan Broberg\" \/>\n\t<meta name=\"twitter:label2\" content=\"Ber\u00e4knad l\u00e4stid\" \/>\n\t<meta name=\"twitter:data2\" content=\"2 minuter\" \/>\n<script type=\"application\/ld+json\" class=\"yoast-schema-graph\">{\"@context\":\"https:\/\/schema.org\",\"@graph\":[{\"@type\":\"Article\",\"@id\":\"https:\/\/www.budokampsport.se\/2019\/05\/23\/vi-kommer-rosta-for-den-nya-fordelningsmodellen\/#article\",\"isPartOf\":{\"@id\":\"https:\/\/www.budokampsport.se\/2019\/05\/23\/vi-kommer-rosta-for-den-nya-fordelningsmodellen\/\"},\"author\":{\"name\":\"Jonathan Broberg\",\"@id\":\"https:\/\/www.budokampsport.se\/#\/schema\/person\/5c06d81d14850e2a8ce5493386560145\"},\"headline\":\"\u201dVi kommer r\u00f6sta f\u00f6r den nya f\u00f6rdelningsmodellen\u201d\",\"datePublished\":\"2019-05-23T11:35:24+00:00\",\"mainEntityOfPage\":{\"@id\":\"https:\/\/www.budokampsport.se\/2019\/05\/23\/vi-kommer-rosta-for-den-nya-fordelningsmodellen\/\"},\"wordCount\":379,\"commentCount\":0,\"image\":{\"@id\":\"https:\/\/www.budokampsport.se\/2019\/05\/23\/vi-kommer-rosta-for-den-nya-fordelningsmodellen\/#primaryimage\"},\"thumbnailUrl\":\"https:\/\/www.budokampsport.se\/wp-content\/uploads\/2017\/02\/fredrik_gundmark.jpg\",\"inLanguage\":\"sv-SE\",\"potentialAction\":[{\"@type\":\"CommentAction\",\"name\":\"Comment\",\"target\":[\"https:\/\/www.budokampsport.se\/2019\/05\/23\/vi-kommer-rosta-for-den-nya-fordelningsmodellen\/#respond\"]}]},{\"@type\":\"WebPage\",\"@id\":\"https:\/\/www.budokampsport.se\/2019\/05\/23\/vi-kommer-rosta-for-den-nya-fordelningsmodellen\/\",\"url\":\"https:\/\/www.budokampsport.se\/2019\/05\/23\/vi-kommer-rosta-for-den-nya-fordelningsmodellen\/\",\"name\":\"\u201dVi kommer r\u00f6sta f\u00f6r den nya f\u00f6rdelningsmodellen\u201d - Svenska Budo &amp; Kampsportsf\u00f6rbundet\",\"isPartOf\":{\"@id\":\"https:\/\/www.budokampsport.se\/#website\"},\"primaryImageOfPage\":{\"@id\":\"https:\/\/www.budokampsport.se\/2019\/05\/23\/vi-kommer-rosta-for-den-nya-fordelningsmodellen\/#primaryimage\"},\"image\":{\"@id\":\"https:\/\/www.budokampsport.se\/2019\/05\/23\/vi-kommer-rosta-for-den-nya-fordelningsmodellen\/#primaryimage\"},\"thumbnailUrl\":\"https:\/\/www.budokampsport.se\/wp-content\/uploads\/2017\/02\/fredrik_gundmark.jpg\",\"datePublished\":\"2019-05-23T11:35:24+00:00\",\"author\":{\"@id\":\"https:\/\/www.budokampsport.se\/#\/schema\/person\/5c06d81d14850e2a8ce5493386560145\"},\"description\":\"Under helgen \u00e4r det Riksidrottsm\u00f6tet, med tillh\u00f6rande RF-st\u00e4mma, i J\u00f6nk\u00f6ping. SB&K finns f\u00f6rst\u00e5s p\u00e5 plats under helgen och ordf\u00f6rande Fredrik Gundmark ser fram emot m\u00f6tet. - Ja, det \u00e4r bra att g\u00f6ra v\u00e5r r\u00f6st h\u00f6rd, f\u00f6rst\u00e5s, s\u00e4ger han till budokampsport.se.\",\"breadcrumb\":{\"@id\":\"https:\/\/www.budokampsport.se\/2019\/05\/23\/vi-kommer-rosta-for-den-nya-fordelningsmodellen\/#breadcrumb\"},\"inLanguage\":\"sv-SE\",\"potentialAction\":[{\"@type\":\"ReadAction\",\"target\":[\"https:\/\/www.budokampsport.se\/2019\/05\/23\/vi-kommer-rosta-for-den-nya-fordelningsmodellen\/\"]}]},{\"@type\":\"ImageObject\",\"inLanguage\":\"sv-SE\",\"@id\":\"https:\/\/www.budokampsport.se\/2019\/05\/23\/vi-kommer-rosta-for-den-nya-fordelningsmodellen\/#primaryimage\",\"url\":\"https:\/\/www.budokampsport.se\/wp-content\/uploads\/2017\/02\/fredrik_gundmark.jpg\",\"contentUrl\":\"https:\/\/www.budokampsport.se\/wp-content\/uploads\/2017\/02\/fredrik_gundmark.jpg\",\"width\":850,\"height\":543,\"caption\":\"Foto: Matilda Ritz\u00e9n\"},{\"@type\":\"BreadcrumbList\",\"@id\":\"https:\/\/www.budokampsport.se\/2019\/05\/23\/vi-kommer-rosta-for-den-nya-fordelningsmodellen\/#breadcrumb\",\"itemListElement\":[{\"@type\":\"ListItem\",\"position\":1,\"name\":\"Hem\",\"item\":\"https:\/\/www.budokampsport.se\/\"},{\"@type\":\"ListItem\",\"position\":2,\"name\":\"\u201dVi kommer r\u00f6sta f\u00f6r den nya f\u00f6rdelningsmodellen\u201d\"}]},{\"@type\":\"WebSite\",\"@id\":\"https:\/\/www.budokampsport.se\/#website\",\"url\":\"https:\/\/www.budokampsport.se\/\",\"name\":\"Svenska Budo &amp; Kampsportsf\u00f6rbundet\",\"description\":\"T\u00e4vling, Tr\u00e4ning, Tradition\",\"potentialAction\":[{\"@type\":\"SearchAction\",\"target\":{\"@type\":\"EntryPoint\",\"urlTemplate\":\"https:\/\/www.budokampsport.se\/?s={search_term_string}\"},\"query-input\":{\"@type\":\"PropertyValueSpecification\",\"valueRequired\":true,\"valueName\":\"search_term_string\"}}],\"inLanguage\":\"sv-SE\"},{\"@type\":\"Person\",\"@id\":\"https:\/\/www.budokampsport.se\/#\/schema\/person\/5c06d81d14850e2a8ce5493386560145\",\"name\":\"Jonathan Broberg\",\"image\":{\"@type\":\"ImageObject\",\"inLanguage\":\"sv-SE\",\"@id\":\"https:\/\/www.budokampsport.se\/#\/schema\/person\/image\/\",\"url\":\"https:\/\/secure.gravatar.com\/avatar\/a58041c6cea9128bd9c40ee2f26d4136?s=96&d=blank&r=g\",\"contentUrl\":\"https:\/\/secure.gravatar.com\/avatar\/a58041c6cea9128bd9c40ee2f26d4136?s=96&d=blank&r=g\",\"caption\":\"Jonathan Broberg\"},\"sameAs\":[\"https:\/\/www.facebook.com\/jonathan.broberg.7\"],\"url\":\"https:\/\/www.budokampsport.se\/author\/jonathan\/\"}]}<\/script>\n<!-- \/ Yoast SEO plugin. -->","yoast_head_json":{"title":"\u201dVi kommer r\u00f6sta f\u00f6r den nya f\u00f6rdelningsmodellen\u201d - Svenska Budo &amp; Kampsportsf\u00f6rbundet","description":"Under helgen \u00e4r det Riksidrottsm\u00f6tet, med tillh\u00f6rande RF-st\u00e4mma, i J\u00f6nk\u00f6ping. SB&K finns f\u00f6rst\u00e5s p\u00e5 plats under helgen och ordf\u00f6rande Fredrik Gundmark ser fram emot m\u00f6tet. - Ja, det \u00e4r bra att g\u00f6ra v\u00e5r r\u00f6st h\u00f6rd, f\u00f6rst\u00e5s, s\u00e4ger han till budokampsport.se.","robots":{"index":"index","follow":"follow","max-snippet":"max-snippet:-1","max-image-preview":"max-image-preview:large","max-video-preview":"max-video-preview:-1"},"canonical":"https:\/\/www.budokampsport.se\/2019\/05\/23\/vi-kommer-rosta-for-den-nya-fordelningsmodellen\/","og_locale":"sv_SE","og_type":"article","og_title":"\u201dVi kommer r\u00f6sta f\u00f6r den nya f\u00f6rdelningsmodellen\u201d - Svenska Budo &amp; Kampsportsf\u00f6rbundet","og_description":"Under helgen \u00e4r det Riksidrottsm\u00f6tet, med tillh\u00f6rande RF-st\u00e4mma, i J\u00f6nk\u00f6ping. SB&K finns f\u00f6rst\u00e5s p\u00e5 plats under helgen och ordf\u00f6rande Fredrik Gundmark ser fram emot m\u00f6tet. - Ja, det \u00e4r bra att g\u00f6ra v\u00e5r r\u00f6st h\u00f6rd, f\u00f6rst\u00e5s, s\u00e4ger han till budokampsport.se.","og_url":"https:\/\/www.budokampsport.se\/2019\/05\/23\/vi-kommer-rosta-for-den-nya-fordelningsmodellen\/","og_site_name":"Svenska Budo &amp; Kampsportsf\u00f6rbundet","article_author":"https:\/\/www.facebook.com\/jonathan.broberg.7","article_published_time":"2019-05-23T11:35:24+00:00","og_image":[{"width":850,"height":543,"url":"https:\/\/www.budokampsport.se\/wp-content\/uploads\/2017\/02\/fredrik_gundmark.jpg","type":"image\/jpeg"}],"author":"Jonathan Broberg","twitter_card":"summary_large_image","twitter_misc":{"Skriven av":"Jonathan Broberg","Ber\u00e4knad l\u00e4stid":"2 minuter"},"schema":{"@context":"https:\/\/schema.org","@graph":[{"@type":"Article","@id":"https:\/\/www.budokampsport.se\/2019\/05\/23\/vi-kommer-rosta-for-den-nya-fordelningsmodellen\/#article","isPartOf":{"@id":"https:\/\/www.budokampsport.se\/2019\/05\/23\/vi-kommer-rosta-for-den-nya-fordelningsmodellen\/"},"author":{"name":"Jonathan Broberg","@id":"https:\/\/www.budokampsport.se\/#\/schema\/person\/5c06d81d14850e2a8ce5493386560145"},"headline":"\u201dVi kommer r\u00f6sta f\u00f6r den nya f\u00f6rdelningsmodellen\u201d","datePublished":"2019-05-23T11:35:24+00:00","mainEntityOfPage":{"@id":"https:\/\/www.budokampsport.se\/2019\/05\/23\/vi-kommer-rosta-for-den-nya-fordelningsmodellen\/"},"wordCount":379,"commentCount":0,"image":{"@id":"https:\/\/www.budokampsport.se\/2019\/05\/23\/vi-kommer-rosta-for-den-nya-fordelningsmodellen\/#primaryimage"},"thumbnailUrl":"https:\/\/www.budokampsport.se\/wp-content\/uploads\/2017\/02\/fredrik_gundmark.jpg","inLanguage":"sv-SE","potentialAction":[{"@type":"CommentAction","name":"Comment","target":["https:\/\/www.budokampsport.se\/2019\/05\/23\/vi-kommer-rosta-for-den-nya-fordelningsmodellen\/#respond"]}]},{"@type":"WebPage","@id":"https:\/\/www.budokampsport.se\/2019\/05\/23\/vi-kommer-rosta-for-den-nya-fordelningsmodellen\/","url":"https:\/\/www.budokampsport.se\/2019\/05\/23\/vi-kommer-rosta-for-den-nya-fordelningsmodellen\/","name":"\u201dVi kommer r\u00f6sta f\u00f6r den nya f\u00f6rdelningsmodellen\u201d - Svenska Budo &amp; Kampsportsf\u00f6rbundet","isPartOf":{"@id":"https:\/\/www.budokampsport.se\/#website"},"primaryImageOfPage":{"@id":"https:\/\/www.budokampsport.se\/2019\/05\/23\/vi-kommer-rosta-for-den-nya-fordelningsmodellen\/#primaryimage"},"image":{"@id":"https:\/\/www.budokampsport.se\/2019\/05\/23\/vi-kommer-rosta-for-den-nya-fordelningsmodellen\/#primaryimage"},"thumbnailUrl":"https:\/\/www.budokampsport.se\/wp-content\/uploads\/2017\/02\/fredrik_gundmark.jpg","datePublished":"2019-05-23T11:35:24+00:00","author":{"@id":"https:\/\/www.budokampsport.se\/#\/schema\/person\/5c06d81d14850e2a8ce5493386560145"},"description":"Under helgen \u00e4r det Riksidrottsm\u00f6tet, med tillh\u00f6rande RF-st\u00e4mma, i J\u00f6nk\u00f6ping. SB&K finns f\u00f6rst\u00e5s p\u00e5 plats under helgen och ordf\u00f6rande Fredrik Gundmark ser fram emot m\u00f6tet. - Ja, det \u00e4r bra att g\u00f6ra v\u00e5r r\u00f6st h\u00f6rd, f\u00f6rst\u00e5s, s\u00e4ger han till budokampsport.se.","breadcrumb":{"@id":"https:\/\/www.budokampsport.se\/2019\/05\/23\/vi-kommer-rosta-for-den-nya-fordelningsmodellen\/#breadcrumb"},"inLanguage":"sv-SE","potentialAction":[{"@type":"ReadAction","target":["https:\/\/www.budokampsport.se\/2019\/05\/23\/vi-kommer-rosta-for-den-nya-fordelningsmodellen\/"]}]},{"@type":"ImageObject","inLanguage":"sv-SE","@id":"https:\/\/www.budokampsport.se\/2019\/05\/23\/vi-kommer-rosta-for-den-nya-fordelningsmodellen\/#primaryimage","url":"https:\/\/www.budokampsport.se\/wp-content\/uploads\/2017\/02\/fredrik_gundmark.jpg","contentUrl":"https:\/\/www.budokampsport.se\/wp-content\/uploads\/2017\/02\/fredrik_gundmark.jpg","width":850,"height":543,"caption":"Foto: Matilda Ritz\u00e9n"},{"@type":"BreadcrumbList","@id":"https:\/\/www.budokampsport.se\/2019\/05\/23\/vi-kommer-rosta-for-den-nya-fordelningsmodellen\/#breadcrumb","itemListElement":[{"@type":"ListItem","position":1,"name":"Hem","item":"https:\/\/www.budokampsport.se\/"},{"@type":"ListItem","position":2,"name":"\u201dVi kommer r\u00f6sta f\u00f6r den nya f\u00f6rdelningsmodellen\u201d"}]},{"@type":"WebSite","@id":"https:\/\/www.budokampsport.se\/#website","url":"https:\/\/www.budokampsport.se\/","name":"Svenska Budo &amp; Kampsportsf\u00f6rbundet","description":"T\u00e4vling, Tr\u00e4ning, Tradition","potentialAction":[{"@type":"SearchAction","target":{"@type":"EntryPoint","urlTemplate":"https:\/\/www.budokampsport.se\/?s={search_term_string}"},"query-input":{"@type":"PropertyValueSpecification","valueRequired":true,"valueName":"search_term_string"}}],"inLanguage":"sv-SE"},{"@type":"Person","@id":"https:\/\/www.budokampsport.se\/#\/schema\/person\/5c06d81d14850e2a8ce5493386560145","name":"Jonathan Broberg","image":{"@type":"ImageObject","inLanguage":"sv-SE","@id":"https:\/\/www.budokampsport.se\/#\/schema\/person\/image\/","url":"https:\/\/secure.gravatar.com\/avatar\/a58041c6cea9128bd9c40ee2f26d4136?s=96&d=blank&r=g","contentUrl":"https:\/\/secure.gravatar.com\/avatar\/a58041c6cea9128bd9c40ee2f26d4136?s=96&d=blank&r=g","caption":"Jonathan Broberg"},"sameAs":["https:\/\/www.facebook.com\/jonathan.broberg.7"],"url":"https:\/\/www.budokampsport.se\/author\/jonathan\/"}]}},"_links":{"self":[{"href":"https:\/\/www.budokampsport.se\/api\/wp\/v2\/posts\/100612","targetHints":{"allow":["GET"]}}],"collection":[{"href":"https:\/\/www.budokampsport.se\/api\/wp\/v2\/posts"}],"about":[{"href":"https:\/\/www.budokampsport.se\/api\/wp\/v2\/types\/post"}],"author":[{"embeddable":true,"href":"https:\/\/www.budokampsport.se\/api\/wp\/v2\/users\/7"}],"replies":[{"embeddable":true,"href":"https:\/\/www.budokampsport.se\/api\/wp\/v2\/comments?post=100612"}],"version-history":[{"count":0,"href":"https:\/\/www.budokampsport.se\/api\/wp\/v2\/posts\/100612\/revisions"}],"wp:featuredmedia":[{"embeddable":true,"href":"https:\/\/www.budokampsport.se\/api\/wp\/v2\/media\/38860"}],"wp:attachment":[{"href":"https:\/\/www.budokampsport.se\/api\/wp\/v2\/media?parent=100612"}],"wp:term":[{"taxonomy":"category","embeddable":true,"href":"https:\/\/www.budokampsport.se\/api\/wp\/v2\/categories?post=100612"},{"taxonomy":"post_tag","embeddable":true,"href":"https:\/\/www.budokampsport.se\/api\/wp\/v2\/tags?post=100612"}],"curies":[{"name":"wp","href":"https:\/\/api.w.org\/{rel}","templated":true}]}}