{"id":101599,"date":"2019-06-17T13:21:58","date_gmt":"2019-06-17T11:21:58","guid":{"rendered":"http:\/\/www.budokampsport.se\/?p=101599"},"modified":"2019-06-17T13:21:58","modified_gmt":"2019-06-17T11:21:58","slug":"tiquet-och-svedberg-satsar-mot-medalj","status":"publish","type":"post","link":"https:\/\/www.budokampsport.se\/2019\/06\/17\/tiquet-och-svedberg-satsar-mot-medalj\/","title":{"rendered":"Tiquet och Svedberg satsar mot medalj"},"content":{"rendered":"<p>Shorinjikempo \u00e4r en japansk budoart som grundades i Japan av So Doshin 1947 och innefattar en m\u00e4ngd olika slag, sparkar och blockeringar samt kast, nedbrytningar, fasth\u00e5llningar och svep.<\/p>\n<p>F\u00f6r f\u00f6rsta g\u00e5ngen kommer m\u00e4sterskapet till Sverige och kommer att arrangeras i Eriksdalshallen i Stockholm den 6 juli.<\/p>\n<p>T\u00e4vlingarna sker i par, antingen i mixed-, dam-, eller herrklass. T\u00e4vlingsformen \u00e4r ett program man visar upp i tv\u00e5 minuter och sedan po\u00e4ngbed\u00f6ms programmet.<\/p>\n<p><strong>&#8220;Vet vad det handlar om&#8221;<\/strong><br \/>\nHanna Svedberg, 34, och Arnaud Tiquet, 34, har inte tidigare t\u00e4vlat ihop. S\u00e5 satsningen som g\u00f6rs till EM ger de b\u00e5da en k\u00e4nsla av en nystart.<br \/>\n&#8211; Det \u00e4r j\u00e4kligt kul. F\u00f6r min del var det lite oklart med partner och att vi kunde k\u00f6ra ihop, jag och Arnaud, det kommer bli bra under EM. Vi har kul ihop, s\u00e4ger Svedberg.<\/p>\n<figure id=\"attachment_101608\" aria-describedby=\"caption-attachment-101608\" style=\"width: 850px\" class=\"wp-caption aligncenter\"><a href=\"http:\/\/www.budokampsport.se\/wp-content\/uploads\/2019\/06\/arnuad_hanna_tva.jpg\"><img loading=\"lazy\" decoding=\"async\" class=\"size-full wp-image-101608\" src=\"http:\/\/www.budokampsport.se\/wp-content\/uploads\/2019\/06\/arnuad_hanna_tva.jpg\" alt=\"\" width=\"850\" height=\"567\" srcset=\"https:\/\/www.budokampsport.se\/wp-content\/uploads\/2019\/06\/arnuad_hanna_tva.jpg 850w, https:\/\/www.budokampsport.se\/wp-content\/uploads\/2019\/06\/arnuad_hanna_tva-600x400.jpg 600w, https:\/\/www.budokampsport.se\/wp-content\/uploads\/2019\/06\/arnuad_hanna_tva-278x185.jpg 278w, https:\/\/www.budokampsport.se\/wp-content\/uploads\/2019\/06\/arnuad_hanna_tva-376x251.jpg 376w, https:\/\/www.budokampsport.se\/wp-content\/uploads\/2019\/06\/arnuad_hanna_tva-847x565.jpg 847w, https:\/\/www.budokampsport.se\/wp-content\/uploads\/2019\/06\/arnuad_hanna_tva-572x382.jpg 572w\" sizes=\"auto, (max-width: 850px) 100vw, 850px\" \/><\/a><figcaption id=\"caption-attachment-101608\" class=\"wp-caption-text\">Foto: Jenny Svensson<\/figcaption><\/figure>\n<p>Arnaud Tiquet, som till vardags driver ett IT-bolag, har h\u00e5llit p\u00e5 med shorinji kempo i n\u00e4rmare 20 \u00e5r. Nu hoppas han att han och partnern Hanna Svedberg, som \u00e4r domstolshandl\u00e4ggare till professionen, kan f\u00e5 en fulltr\u00e4ff under EM.<br \/>\n&#8211; Vi \u00e4r b\u00e5da rutinerade och har varit med p\u00e5 m\u00e4sterskap f\u00f6rr och vet vad det handlar om. Jag tror det \u00e4r en viktig del i den h\u00e4r sporten, f\u00f6r det g\u00e4ller att vara b\u00e4st under de tv\u00e5 minuter du har p\u00e5 dig.<br \/>\n&#8211; Ja, vi har bra m\u00f6jligheter att g\u00f6ra bra ifr\u00e5n oss. Vi kompletterar varandra v\u00e4l och vi vet b\u00e5da tv\u00e5 vad som g\u00e4ller. Vi siktar p\u00e5 minst medalj, fyller Svedberg i.<\/p>\n<p><strong>&#8220;Ska bli megakul&#8221;<\/strong><br \/>\nEftersom mixade par per automatik hamnar i herrklassen blir EM f\u00f6r Tiquet och Svedberg lite speciellt. Och \u00e4n mer speciellt att f\u00e5 chans att visa upp sig p\u00e5 hemmaplan.<br \/>\n&#8211; Ett EM p\u00e5 hemma \u00e4r helt fantastiskt kul, jag ser j\u00e4ttemycket fram emot det. Det blir sv\u00e5rt att toppa det h\u00e4r, s\u00e4ger Svedberg.<br \/>\n&#8211; Det har aldrig h\u00e4nt tidigare, det \u00e4r klart att det ska bli megakul, menar Tiquet.<\/p>\n<p><strong>Namn: Hanna Svedberg<\/strong><br \/>\n\u00c5lder: 34<br \/>\nBor: S\u00f6dermalm, Stockholm<br \/>\nYrke: Domstolshandl\u00e4ggare<\/p>\n<p><strong>Namn: Arnaud Tiquet<\/strong><br \/>\n\u00c5lder: 34<br \/>\nBor: G\u00f6teborg<br \/>\nYrke: Driver IT-bolag<\/p>\n<figure id=\"attachment_101607\" aria-describedby=\"caption-attachment-101607\" style=\"width: 850px\" class=\"wp-caption aligncenter\"><a href=\"http:\/\/www.budokampsport.se\/wp-content\/uploads\/2019\/06\/arnuad_hanna_tre.jpg\"><img loading=\"lazy\" decoding=\"async\" class=\"size-full wp-image-101607\" src=\"http:\/\/www.budokampsport.se\/wp-content\/uploads\/2019\/06\/arnuad_hanna_tre.jpg\" alt=\"\" width=\"850\" height=\"567\" srcset=\"https:\/\/www.budokampsport.se\/wp-content\/uploads\/2019\/06\/arnuad_hanna_tre.jpg 850w, https:\/\/www.budokampsport.se\/wp-content\/uploads\/2019\/06\/arnuad_hanna_tre-600x400.jpg 600w, https:\/\/www.budokampsport.se\/wp-content\/uploads\/2019\/06\/arnuad_hanna_tre-278x185.jpg 278w, https:\/\/www.budokampsport.se\/wp-content\/uploads\/2019\/06\/arnuad_hanna_tre-376x251.jpg 376w, https:\/\/www.budokampsport.se\/wp-content\/uploads\/2019\/06\/arnuad_hanna_tre-847x565.jpg 847w, https:\/\/www.budokampsport.se\/wp-content\/uploads\/2019\/06\/arnuad_hanna_tre-572x382.jpg 572w\" sizes=\"auto, (max-width: 850px) 100vw, 850px\" \/><\/a><figcaption id=\"caption-attachment-101607\" class=\"wp-caption-text\">Foto: Jenny Svensson<\/figcaption><\/figure>\n<p>Text: Jonathan Broberg<br \/>\nFoto: Jenny Svensson<\/p>\n","protected":false},"excerpt":{"rendered":"<p>Arnaud Tiquet och Hanna Svedberg kommer till EM i shorinji kempo i Stockholm den 6 juli med stort sj\u00e4lvf\u00f6rtroende.<br \/><br>&#8211; Vi siktar p\u00e5 minst medalj, s\u00e4ger Svedberg till budokampsport.se.<\/p><br>","protected":false},"author":7,"featured_media":101606,"comment_status":"open","ping_status":"open","sticky":false,"template":"","format":"standard","meta":{"_acf_changed":false,"footnotes":""},"categories":[1],"tags":[],"class_list":["post-101599","post","type-post","status-publish","format-standard","has-post-thumbnail","hentry","category-okategoriserade"],"acf":[],"yoast_head":"<!-- This site is optimized with the Yoast SEO plugin v26.8 - https:\/\/yoast.com\/product\/yoast-seo-wordpress\/ -->\n<title>Tiquet och Svedberg satsar mot medalj - Svenska Budo &amp; Kampsportsf\u00f6rbundet<\/title>\n<meta name=\"description\" content=\"Arnaud Tiquet och Hanna Svedberg kommer till EM i shorinji kempo i Stockholm den 6 juli med stort sj\u00e4lvf\u00f6rtroende. - Vi siktar p\u00e5 minst medalj, s\u00e4ger Svedberg till budokampsport.se.\" \/>\n<meta name=\"robots\" content=\"index, follow, max-snippet:-1, max-image-preview:large, max-video-preview:-1\" \/>\n<link rel=\"canonical\" href=\"https:\/\/www.budokampsport.se\/2019\/06\/17\/tiquet-och-svedberg-satsar-mot-medalj\/\" \/>\n<meta property=\"og:locale\" content=\"sv_SE\" \/>\n<meta property=\"og:type\" content=\"article\" \/>\n<meta property=\"og:title\" content=\"Tiquet och Svedberg satsar mot medalj - Svenska Budo &amp; Kampsportsf\u00f6rbundet\" \/>\n<meta property=\"og:description\" content=\"Arnaud Tiquet och Hanna Svedberg kommer till EM i shorinji kempo i Stockholm den 6 juli med stort sj\u00e4lvf\u00f6rtroende. - Vi siktar p\u00e5 minst medalj, s\u00e4ger Svedberg till budokampsport.se.\" \/>\n<meta property=\"og:url\" content=\"https:\/\/www.budokampsport.se\/2019\/06\/17\/tiquet-och-svedberg-satsar-mot-medalj\/\" \/>\n<meta property=\"og:site_name\" content=\"Svenska Budo &amp; Kampsportsf\u00f6rbundet\" \/>\n<meta property=\"article:author\" content=\"https:\/\/www.facebook.com\/jonathan.broberg.7\" \/>\n<meta property=\"article:published_time\" content=\"2019-06-17T11:21:58+00:00\" \/>\n<meta property=\"og:image\" content=\"https:\/\/www.budokampsport.se\/wp-content\/uploads\/2019\/06\/arnuad_hanna_ett.jpg\" \/>\n\t<meta property=\"og:image:width\" content=\"850\" \/>\n\t<meta property=\"og:image:height\" content=\"567\" \/>\n\t<meta property=\"og:image:type\" content=\"image\/jpeg\" \/>\n<meta name=\"author\" content=\"Jonathan Broberg\" \/>\n<meta name=\"twitter:card\" content=\"summary_large_image\" \/>\n<meta name=\"twitter:label1\" content=\"Skriven av\" \/>\n\t<meta name=\"twitter:data1\" content=\"Jonathan Broberg\" \/>\n\t<meta name=\"twitter:label2\" content=\"Ber\u00e4knad l\u00e4stid\" \/>\n\t<meta name=\"twitter:data2\" content=\"2 minuter\" \/>\n<script type=\"application\/ld+json\" class=\"yoast-schema-graph\">{\"@context\":\"https:\/\/schema.org\",\"@graph\":[{\"@type\":\"Article\",\"@id\":\"https:\/\/www.budokampsport.se\/2019\/06\/17\/tiquet-och-svedberg-satsar-mot-medalj\/#article\",\"isPartOf\":{\"@id\":\"https:\/\/www.budokampsport.se\/2019\/06\/17\/tiquet-och-svedberg-satsar-mot-medalj\/\"},\"author\":{\"name\":\"Jonathan Broberg\",\"@id\":\"https:\/\/www.budokampsport.se\/#\/schema\/person\/5c06d81d14850e2a8ce5493386560145\"},\"headline\":\"Tiquet och Svedberg satsar mot medalj\",\"datePublished\":\"2019-06-17T11:21:58+00:00\",\"mainEntityOfPage\":{\"@id\":\"https:\/\/www.budokampsport.se\/2019\/06\/17\/tiquet-och-svedberg-satsar-mot-medalj\/\"},\"wordCount\":409,\"commentCount\":0,\"image\":{\"@id\":\"https:\/\/www.budokampsport.se\/2019\/06\/17\/tiquet-och-svedberg-satsar-mot-medalj\/#primaryimage\"},\"thumbnailUrl\":\"https:\/\/www.budokampsport.se\/wp-content\/uploads\/2019\/06\/arnuad_hanna_ett.jpg\",\"inLanguage\":\"sv-SE\",\"potentialAction\":[{\"@type\":\"CommentAction\",\"name\":\"Comment\",\"target\":[\"https:\/\/www.budokampsport.se\/2019\/06\/17\/tiquet-och-svedberg-satsar-mot-medalj\/#respond\"]}]},{\"@type\":\"WebPage\",\"@id\":\"https:\/\/www.budokampsport.se\/2019\/06\/17\/tiquet-och-svedberg-satsar-mot-medalj\/\",\"url\":\"https:\/\/www.budokampsport.se\/2019\/06\/17\/tiquet-och-svedberg-satsar-mot-medalj\/\",\"name\":\"Tiquet och Svedberg satsar mot medalj - Svenska Budo &amp; Kampsportsf\u00f6rbundet\",\"isPartOf\":{\"@id\":\"https:\/\/www.budokampsport.se\/#website\"},\"primaryImageOfPage\":{\"@id\":\"https:\/\/www.budokampsport.se\/2019\/06\/17\/tiquet-och-svedberg-satsar-mot-medalj\/#primaryimage\"},\"image\":{\"@id\":\"https:\/\/www.budokampsport.se\/2019\/06\/17\/tiquet-och-svedberg-satsar-mot-medalj\/#primaryimage\"},\"thumbnailUrl\":\"https:\/\/www.budokampsport.se\/wp-content\/uploads\/2019\/06\/arnuad_hanna_ett.jpg\",\"datePublished\":\"2019-06-17T11:21:58+00:00\",\"author\":{\"@id\":\"https:\/\/www.budokampsport.se\/#\/schema\/person\/5c06d81d14850e2a8ce5493386560145\"},\"description\":\"Arnaud Tiquet och Hanna Svedberg kommer till EM i shorinji kempo i Stockholm den 6 juli med stort sj\u00e4lvf\u00f6rtroende. - Vi siktar p\u00e5 minst medalj, s\u00e4ger Svedberg till budokampsport.se.\",\"breadcrumb\":{\"@id\":\"https:\/\/www.budokampsport.se\/2019\/06\/17\/tiquet-och-svedberg-satsar-mot-medalj\/#breadcrumb\"},\"inLanguage\":\"sv-SE\",\"potentialAction\":[{\"@type\":\"ReadAction\",\"target\":[\"https:\/\/www.budokampsport.se\/2019\/06\/17\/tiquet-och-svedberg-satsar-mot-medalj\/\"]}]},{\"@type\":\"ImageObject\",\"inLanguage\":\"sv-SE\",\"@id\":\"https:\/\/www.budokampsport.se\/2019\/06\/17\/tiquet-och-svedberg-satsar-mot-medalj\/#primaryimage\",\"url\":\"https:\/\/www.budokampsport.se\/wp-content\/uploads\/2019\/06\/arnuad_hanna_ett.jpg\",\"contentUrl\":\"https:\/\/www.budokampsport.se\/wp-content\/uploads\/2019\/06\/arnuad_hanna_ett.jpg\",\"width\":850,\"height\":567,\"caption\":\"Foto: Jenny Svensson\"},{\"@type\":\"BreadcrumbList\",\"@id\":\"https:\/\/www.budokampsport.se\/2019\/06\/17\/tiquet-och-svedberg-satsar-mot-medalj\/#breadcrumb\",\"itemListElement\":[{\"@type\":\"ListItem\",\"position\":1,\"name\":\"Hem\",\"item\":\"https:\/\/www.budokampsport.se\/\"},{\"@type\":\"ListItem\",\"position\":2,\"name\":\"Tiquet och Svedberg satsar mot medalj\"}]},{\"@type\":\"WebSite\",\"@id\":\"https:\/\/www.budokampsport.se\/#website\",\"url\":\"https:\/\/www.budokampsport.se\/\",\"name\":\"Svenska Budo &amp; Kampsportsf\u00f6rbundet\",\"description\":\"T\u00e4vling, Tr\u00e4ning, Tradition\",\"potentialAction\":[{\"@type\":\"SearchAction\",\"target\":{\"@type\":\"EntryPoint\",\"urlTemplate\":\"https:\/\/www.budokampsport.se\/?s={search_term_string}\"},\"query-input\":{\"@type\":\"PropertyValueSpecification\",\"valueRequired\":true,\"valueName\":\"search_term_string\"}}],\"inLanguage\":\"sv-SE\"},{\"@type\":\"Person\",\"@id\":\"https:\/\/www.budokampsport.se\/#\/schema\/person\/5c06d81d14850e2a8ce5493386560145\",\"name\":\"Jonathan Broberg\",\"image\":{\"@type\":\"ImageObject\",\"inLanguage\":\"sv-SE\",\"@id\":\"https:\/\/www.budokampsport.se\/#\/schema\/person\/image\/\",\"url\":\"https:\/\/secure.gravatar.com\/avatar\/a58041c6cea9128bd9c40ee2f26d4136?s=96&d=blank&r=g\",\"contentUrl\":\"https:\/\/secure.gravatar.com\/avatar\/a58041c6cea9128bd9c40ee2f26d4136?s=96&d=blank&r=g\",\"caption\":\"Jonathan Broberg\"},\"sameAs\":[\"https:\/\/www.facebook.com\/jonathan.broberg.7\"],\"url\":\"https:\/\/www.budokampsport.se\/author\/jonathan\/\"}]}<\/script>\n<!-- \/ Yoast SEO plugin. -->","yoast_head_json":{"title":"Tiquet och Svedberg satsar mot medalj - Svenska Budo &amp; Kampsportsf\u00f6rbundet","description":"Arnaud Tiquet och Hanna Svedberg kommer till EM i shorinji kempo i Stockholm den 6 juli med stort sj\u00e4lvf\u00f6rtroende. - Vi siktar p\u00e5 minst medalj, s\u00e4ger Svedberg till budokampsport.se.","robots":{"index":"index","follow":"follow","max-snippet":"max-snippet:-1","max-image-preview":"max-image-preview:large","max-video-preview":"max-video-preview:-1"},"canonical":"https:\/\/www.budokampsport.se\/2019\/06\/17\/tiquet-och-svedberg-satsar-mot-medalj\/","og_locale":"sv_SE","og_type":"article","og_title":"Tiquet och Svedberg satsar mot medalj - Svenska Budo &amp; Kampsportsf\u00f6rbundet","og_description":"Arnaud Tiquet och Hanna Svedberg kommer till EM i shorinji kempo i Stockholm den 6 juli med stort sj\u00e4lvf\u00f6rtroende. - Vi siktar p\u00e5 minst medalj, s\u00e4ger Svedberg till budokampsport.se.","og_url":"https:\/\/www.budokampsport.se\/2019\/06\/17\/tiquet-och-svedberg-satsar-mot-medalj\/","og_site_name":"Svenska Budo &amp; Kampsportsf\u00f6rbundet","article_author":"https:\/\/www.facebook.com\/jonathan.broberg.7","article_published_time":"2019-06-17T11:21:58+00:00","og_image":[{"width":850,"height":567,"url":"https:\/\/www.budokampsport.se\/wp-content\/uploads\/2019\/06\/arnuad_hanna_ett.jpg","type":"image\/jpeg"}],"author":"Jonathan Broberg","twitter_card":"summary_large_image","twitter_misc":{"Skriven av":"Jonathan Broberg","Ber\u00e4knad l\u00e4stid":"2 minuter"},"schema":{"@context":"https:\/\/schema.org","@graph":[{"@type":"Article","@id":"https:\/\/www.budokampsport.se\/2019\/06\/17\/tiquet-och-svedberg-satsar-mot-medalj\/#article","isPartOf":{"@id":"https:\/\/www.budokampsport.se\/2019\/06\/17\/tiquet-och-svedberg-satsar-mot-medalj\/"},"author":{"name":"Jonathan Broberg","@id":"https:\/\/www.budokampsport.se\/#\/schema\/person\/5c06d81d14850e2a8ce5493386560145"},"headline":"Tiquet och Svedberg satsar mot medalj","datePublished":"2019-06-17T11:21:58+00:00","mainEntityOfPage":{"@id":"https:\/\/www.budokampsport.se\/2019\/06\/17\/tiquet-och-svedberg-satsar-mot-medalj\/"},"wordCount":409,"commentCount":0,"image":{"@id":"https:\/\/www.budokampsport.se\/2019\/06\/17\/tiquet-och-svedberg-satsar-mot-medalj\/#primaryimage"},"thumbnailUrl":"https:\/\/www.budokampsport.se\/wp-content\/uploads\/2019\/06\/arnuad_hanna_ett.jpg","inLanguage":"sv-SE","potentialAction":[{"@type":"CommentAction","name":"Comment","target":["https:\/\/www.budokampsport.se\/2019\/06\/17\/tiquet-och-svedberg-satsar-mot-medalj\/#respond"]}]},{"@type":"WebPage","@id":"https:\/\/www.budokampsport.se\/2019\/06\/17\/tiquet-och-svedberg-satsar-mot-medalj\/","url":"https:\/\/www.budokampsport.se\/2019\/06\/17\/tiquet-och-svedberg-satsar-mot-medalj\/","name":"Tiquet och Svedberg satsar mot medalj - Svenska Budo &amp; Kampsportsf\u00f6rbundet","isPartOf":{"@id":"https:\/\/www.budokampsport.se\/#website"},"primaryImageOfPage":{"@id":"https:\/\/www.budokampsport.se\/2019\/06\/17\/tiquet-och-svedberg-satsar-mot-medalj\/#primaryimage"},"image":{"@id":"https:\/\/www.budokampsport.se\/2019\/06\/17\/tiquet-och-svedberg-satsar-mot-medalj\/#primaryimage"},"thumbnailUrl":"https:\/\/www.budokampsport.se\/wp-content\/uploads\/2019\/06\/arnuad_hanna_ett.jpg","datePublished":"2019-06-17T11:21:58+00:00","author":{"@id":"https:\/\/www.budokampsport.se\/#\/schema\/person\/5c06d81d14850e2a8ce5493386560145"},"description":"Arnaud Tiquet och Hanna Svedberg kommer till EM i shorinji kempo i Stockholm den 6 juli med stort sj\u00e4lvf\u00f6rtroende. - Vi siktar p\u00e5 minst medalj, s\u00e4ger Svedberg till budokampsport.se.","breadcrumb":{"@id":"https:\/\/www.budokampsport.se\/2019\/06\/17\/tiquet-och-svedberg-satsar-mot-medalj\/#breadcrumb"},"inLanguage":"sv-SE","potentialAction":[{"@type":"ReadAction","target":["https:\/\/www.budokampsport.se\/2019\/06\/17\/tiquet-och-svedberg-satsar-mot-medalj\/"]}]},{"@type":"ImageObject","inLanguage":"sv-SE","@id":"https:\/\/www.budokampsport.se\/2019\/06\/17\/tiquet-och-svedberg-satsar-mot-medalj\/#primaryimage","url":"https:\/\/www.budokampsport.se\/wp-content\/uploads\/2019\/06\/arnuad_hanna_ett.jpg","contentUrl":"https:\/\/www.budokampsport.se\/wp-content\/uploads\/2019\/06\/arnuad_hanna_ett.jpg","width":850,"height":567,"caption":"Foto: Jenny Svensson"},{"@type":"BreadcrumbList","@id":"https:\/\/www.budokampsport.se\/2019\/06\/17\/tiquet-och-svedberg-satsar-mot-medalj\/#breadcrumb","itemListElement":[{"@type":"ListItem","position":1,"name":"Hem","item":"https:\/\/www.budokampsport.se\/"},{"@type":"ListItem","position":2,"name":"Tiquet och Svedberg satsar mot medalj"}]},{"@type":"WebSite","@id":"https:\/\/www.budokampsport.se\/#website","url":"https:\/\/www.budokampsport.se\/","name":"Svenska Budo &amp; Kampsportsf\u00f6rbundet","description":"T\u00e4vling, Tr\u00e4ning, Tradition","potentialAction":[{"@type":"SearchAction","target":{"@type":"EntryPoint","urlTemplate":"https:\/\/www.budokampsport.se\/?s={search_term_string}"},"query-input":{"@type":"PropertyValueSpecification","valueRequired":true,"valueName":"search_term_string"}}],"inLanguage":"sv-SE"},{"@type":"Person","@id":"https:\/\/www.budokampsport.se\/#\/schema\/person\/5c06d81d14850e2a8ce5493386560145","name":"Jonathan Broberg","image":{"@type":"ImageObject","inLanguage":"sv-SE","@id":"https:\/\/www.budokampsport.se\/#\/schema\/person\/image\/","url":"https:\/\/secure.gravatar.com\/avatar\/a58041c6cea9128bd9c40ee2f26d4136?s=96&d=blank&r=g","contentUrl":"https:\/\/secure.gravatar.com\/avatar\/a58041c6cea9128bd9c40ee2f26d4136?s=96&d=blank&r=g","caption":"Jonathan Broberg"},"sameAs":["https:\/\/www.facebook.com\/jonathan.broberg.7"],"url":"https:\/\/www.budokampsport.se\/author\/jonathan\/"}]}},"_links":{"self":[{"href":"https:\/\/www.budokampsport.se\/api\/wp\/v2\/posts\/101599","targetHints":{"allow":["GET"]}}],"collection":[{"href":"https:\/\/www.budokampsport.se\/api\/wp\/v2\/posts"}],"about":[{"href":"https:\/\/www.budokampsport.se\/api\/wp\/v2\/types\/post"}],"author":[{"embeddable":true,"href":"https:\/\/www.budokampsport.se\/api\/wp\/v2\/users\/7"}],"replies":[{"embeddable":true,"href":"https:\/\/www.budokampsport.se\/api\/wp\/v2\/comments?post=101599"}],"version-history":[{"count":0,"href":"https:\/\/www.budokampsport.se\/api\/wp\/v2\/posts\/101599\/revisions"}],"wp:featuredmedia":[{"embeddable":true,"href":"https:\/\/www.budokampsport.se\/api\/wp\/v2\/media\/101606"}],"wp:attachment":[{"href":"https:\/\/www.budokampsport.se\/api\/wp\/v2\/media?parent=101599"}],"wp:term":[{"taxonomy":"category","embeddable":true,"href":"https:\/\/www.budokampsport.se\/api\/wp\/v2\/categories?post=101599"},{"taxonomy":"post_tag","embeddable":true,"href":"https:\/\/www.budokampsport.se\/api\/wp\/v2\/tags?post=101599"}],"curies":[{"name":"wp","href":"https:\/\/api.w.org\/{rel}","templated":true}]}}