{"id":102635,"date":"2019-07-17T11:23:23","date_gmt":"2019-07-17T09:23:23","guid":{"rendered":"https:\/\/www.budokampsport.se\/?p=102635"},"modified":"2019-07-17T11:23:25","modified_gmt":"2019-07-17T09:23:25","slug":"patricia-axling-infor-vm-i-bangkok","status":"publish","type":"post","link":"https:\/\/www.budokampsport.se\/2019\/07\/17\/patricia-axling-infor-vm-i-bangkok\/","title":{"rendered":"Patricia Axling inf\u00f6r VM i Bangkok"},"content":{"rendered":"\n<p>Patricia Axling har jobbat h\u00e5rt f\u00f6r att komma tillbaka till den absoluta toppen.<br \/><br \/>Innan VM i fjol var Axling en veritabel guldmaskin som hade vunnit fyra raka m\u00e4sterskapsguld. Och nu \u00e4r hon i gott slag inf\u00f6r VM i Bangkok.<br \/>&#8211; Det k\u00e4nns v\u00e4ldigt bra. Jag \u00e4r i bra form och jag har f\u00e5tt vara frisk under hela VM-uppladdningen. Jag \u00e4r hungrig och vill g\u00f6ra ett bra VM.<br \/><br \/>Och hennes m\u00e5ls\u00e4ttning \u00e4r att \u00e5ter st\u00e5 \u00f6verst p\u00e5 prispallen.<br \/>&#8211; Jag siktar p\u00e5 guld, det finns inget annat f\u00f6r mig, annars hade jag inte beh\u00f6vt \u00e5ka till VM.<br \/><br \/>Att VM just h\u00e5lls i Bangkok ser hon som speciellt.<br \/>&#8211; Det ska bli skitkul. Jag har inte varit d\u00e4r f\u00f6rr s\u00e5 det blir en fin upplevelse hoppas jag. Jag \u00e5ker ner dit lite innan f\u00f6r att kunna acklimatisera mig med tidsomst\u00e4llningen och s\u00e5nt, s\u00e5 det k\u00e4nns ocks\u00e5 bra.<br \/><br \/>Text: Jonathan Broberg<br \/>Foto: Benjamin Bayard<\/p>\n","protected":false},"excerpt":{"rendered":"<p>Kanske \u00e4r Patricia Axling det st\u00f6rsta svenska medaljhoppet n\u00e4r VM i thaiboxning startar i Bangkok i n\u00e4sta vecka. Och ang\u00e5ende just medalj l\u00e4mnar hon ett klart besked.<br \/><br>&#8211; Jag siktar p\u00e5 guld, annars hade jag inte beh\u00f6vt \u00e5ka till VM, s\u00e4ger hon till budokampsport.se.<\/p><br>","protected":false},"author":7,"featured_media":67220,"comment_status":"open","ping_status":"open","sticky":false,"template":"","format":"standard","meta":{"_acf_changed":false,"footnotes":""},"categories":[1],"tags":[],"class_list":["post-102635","post","type-post","status-publish","format-standard","has-post-thumbnail","hentry","category-okategoriserade"],"acf":[],"yoast_head":"<!-- This site is optimized with the Yoast SEO plugin v26.8 - https:\/\/yoast.com\/product\/yoast-seo-wordpress\/ -->\n<title>Patricia Axling inf\u00f6r VM i Bangkok - Svenska Budo &amp; Kampsportsf\u00f6rbundet<\/title>\n<meta name=\"description\" content=\"Kanske \u00e4r Patricia Axling det st\u00f6rsta svenska medaljhoppet n\u00e4r VM i thaiboxning startar i Bangkok i n\u00e4sta vecka. Och ang\u00e5ende just medalj l\u00e4mnar hon ett klart besked. - Jag siktar p\u00e5 guld, annars hade jag inte beh\u00f6vt \u00e5ka till VM, s\u00e4ger hon till budokampsport.se.\" \/>\n<meta name=\"robots\" content=\"index, follow, max-snippet:-1, max-image-preview:large, max-video-preview:-1\" \/>\n<link rel=\"canonical\" href=\"https:\/\/www.budokampsport.se\/2019\/07\/17\/patricia-axling-infor-vm-i-bangkok\/\" \/>\n<meta property=\"og:locale\" content=\"sv_SE\" \/>\n<meta property=\"og:type\" content=\"article\" \/>\n<meta property=\"og:title\" content=\"Patricia Axling inf\u00f6r VM i Bangkok - Svenska Budo &amp; Kampsportsf\u00f6rbundet\" \/>\n<meta property=\"og:description\" content=\"Kanske \u00e4r Patricia Axling det st\u00f6rsta svenska medaljhoppet n\u00e4r VM i thaiboxning startar i Bangkok i n\u00e4sta vecka. Och ang\u00e5ende just medalj l\u00e4mnar hon ett klart besked. - Jag siktar p\u00e5 guld, annars hade jag inte beh\u00f6vt \u00e5ka till VM, s\u00e4ger hon till budokampsport.se.\" \/>\n<meta property=\"og:url\" content=\"https:\/\/www.budokampsport.se\/2019\/07\/17\/patricia-axling-infor-vm-i-bangkok\/\" \/>\n<meta property=\"og:site_name\" content=\"Svenska Budo &amp; Kampsportsf\u00f6rbundet\" \/>\n<meta property=\"article:author\" content=\"https:\/\/www.facebook.com\/jonathan.broberg.7\" \/>\n<meta property=\"article:published_time\" content=\"2019-07-17T09:23:23+00:00\" \/>\n<meta property=\"article:modified_time\" content=\"2019-07-17T09:23:25+00:00\" \/>\n<meta property=\"og:image\" content=\"https:\/\/www.budokampsport.se\/wp-content\/uploads\/2018\/03\/patricia-axling-3-e1624886778324.jpg\" \/>\n\t<meta property=\"og:image:width\" content=\"850\" \/>\n\t<meta property=\"og:image:height\" content=\"567\" \/>\n\t<meta property=\"og:image:type\" content=\"image\/jpeg\" \/>\n<meta name=\"author\" content=\"Jonathan Broberg\" \/>\n<meta name=\"twitter:card\" content=\"summary_large_image\" \/>\n<meta name=\"twitter:label1\" content=\"Skriven av\" \/>\n\t<meta name=\"twitter:data1\" content=\"Jonathan Broberg\" \/>\n\t<meta name=\"twitter:label2\" content=\"Ber\u00e4knad l\u00e4stid\" \/>\n\t<meta name=\"twitter:data2\" content=\"1 minut\" \/>\n<script type=\"application\/ld+json\" class=\"yoast-schema-graph\">{\"@context\":\"https:\/\/schema.org\",\"@graph\":[{\"@type\":\"Article\",\"@id\":\"https:\/\/www.budokampsport.se\/2019\/07\/17\/patricia-axling-infor-vm-i-bangkok\/#article\",\"isPartOf\":{\"@id\":\"https:\/\/www.budokampsport.se\/2019\/07\/17\/patricia-axling-infor-vm-i-bangkok\/\"},\"author\":{\"name\":\"Jonathan Broberg\",\"@id\":\"https:\/\/www.budokampsport.se\/#\/schema\/person\/5c06d81d14850e2a8ce5493386560145\"},\"headline\":\"Patricia Axling inf\u00f6r VM i Bangkok\",\"datePublished\":\"2019-07-17T09:23:23+00:00\",\"dateModified\":\"2019-07-17T09:23:25+00:00\",\"mainEntityOfPage\":{\"@id\":\"https:\/\/www.budokampsport.se\/2019\/07\/17\/patricia-axling-infor-vm-i-bangkok\/\"},\"wordCount\":176,\"commentCount\":0,\"image\":{\"@id\":\"https:\/\/www.budokampsport.se\/2019\/07\/17\/patricia-axling-infor-vm-i-bangkok\/#primaryimage\"},\"thumbnailUrl\":\"https:\/\/www.budokampsport.se\/wp-content\/uploads\/2018\/03\/patricia-axling-3-e1624886778324.jpg\",\"inLanguage\":\"sv-SE\",\"potentialAction\":[{\"@type\":\"CommentAction\",\"name\":\"Comment\",\"target\":[\"https:\/\/www.budokampsport.se\/2019\/07\/17\/patricia-axling-infor-vm-i-bangkok\/#respond\"]}]},{\"@type\":\"WebPage\",\"@id\":\"https:\/\/www.budokampsport.se\/2019\/07\/17\/patricia-axling-infor-vm-i-bangkok\/\",\"url\":\"https:\/\/www.budokampsport.se\/2019\/07\/17\/patricia-axling-infor-vm-i-bangkok\/\",\"name\":\"Patricia Axling inf\u00f6r VM i Bangkok - Svenska Budo &amp; Kampsportsf\u00f6rbundet\",\"isPartOf\":{\"@id\":\"https:\/\/www.budokampsport.se\/#website\"},\"primaryImageOfPage\":{\"@id\":\"https:\/\/www.budokampsport.se\/2019\/07\/17\/patricia-axling-infor-vm-i-bangkok\/#primaryimage\"},\"image\":{\"@id\":\"https:\/\/www.budokampsport.se\/2019\/07\/17\/patricia-axling-infor-vm-i-bangkok\/#primaryimage\"},\"thumbnailUrl\":\"https:\/\/www.budokampsport.se\/wp-content\/uploads\/2018\/03\/patricia-axling-3-e1624886778324.jpg\",\"datePublished\":\"2019-07-17T09:23:23+00:00\",\"dateModified\":\"2019-07-17T09:23:25+00:00\",\"author\":{\"@id\":\"https:\/\/www.budokampsport.se\/#\/schema\/person\/5c06d81d14850e2a8ce5493386560145\"},\"description\":\"Kanske \u00e4r Patricia Axling det st\u00f6rsta svenska medaljhoppet n\u00e4r VM i thaiboxning startar i Bangkok i n\u00e4sta vecka. Och ang\u00e5ende just medalj l\u00e4mnar hon ett klart besked. - Jag siktar p\u00e5 guld, annars hade jag inte beh\u00f6vt \u00e5ka till VM, s\u00e4ger hon till budokampsport.se.\",\"breadcrumb\":{\"@id\":\"https:\/\/www.budokampsport.se\/2019\/07\/17\/patricia-axling-infor-vm-i-bangkok\/#breadcrumb\"},\"inLanguage\":\"sv-SE\",\"potentialAction\":[{\"@type\":\"ReadAction\",\"target\":[\"https:\/\/www.budokampsport.se\/2019\/07\/17\/patricia-axling-infor-vm-i-bangkok\/\"]}]},{\"@type\":\"ImageObject\",\"inLanguage\":\"sv-SE\",\"@id\":\"https:\/\/www.budokampsport.se\/2019\/07\/17\/patricia-axling-infor-vm-i-bangkok\/#primaryimage\",\"url\":\"https:\/\/www.budokampsport.se\/wp-content\/uploads\/2018\/03\/patricia-axling-3-e1624886778324.jpg\",\"contentUrl\":\"https:\/\/www.budokampsport.se\/wp-content\/uploads\/2018\/03\/patricia-axling-3-e1624886778324.jpg\",\"width\":850,\"height\":567,\"caption\":\"Foto: Benjamin Bayard\"},{\"@type\":\"BreadcrumbList\",\"@id\":\"https:\/\/www.budokampsport.se\/2019\/07\/17\/patricia-axling-infor-vm-i-bangkok\/#breadcrumb\",\"itemListElement\":[{\"@type\":\"ListItem\",\"position\":1,\"name\":\"Hem\",\"item\":\"https:\/\/www.budokampsport.se\/\"},{\"@type\":\"ListItem\",\"position\":2,\"name\":\"Patricia Axling inf\u00f6r VM i Bangkok\"}]},{\"@type\":\"WebSite\",\"@id\":\"https:\/\/www.budokampsport.se\/#website\",\"url\":\"https:\/\/www.budokampsport.se\/\",\"name\":\"Svenska Budo &amp; Kampsportsf\u00f6rbundet\",\"description\":\"T\u00e4vling, Tr\u00e4ning, Tradition\",\"potentialAction\":[{\"@type\":\"SearchAction\",\"target\":{\"@type\":\"EntryPoint\",\"urlTemplate\":\"https:\/\/www.budokampsport.se\/?s={search_term_string}\"},\"query-input\":{\"@type\":\"PropertyValueSpecification\",\"valueRequired\":true,\"valueName\":\"search_term_string\"}}],\"inLanguage\":\"sv-SE\"},{\"@type\":\"Person\",\"@id\":\"https:\/\/www.budokampsport.se\/#\/schema\/person\/5c06d81d14850e2a8ce5493386560145\",\"name\":\"Jonathan Broberg\",\"image\":{\"@type\":\"ImageObject\",\"inLanguage\":\"sv-SE\",\"@id\":\"https:\/\/www.budokampsport.se\/#\/schema\/person\/image\/\",\"url\":\"https:\/\/secure.gravatar.com\/avatar\/a58041c6cea9128bd9c40ee2f26d4136?s=96&d=blank&r=g\",\"contentUrl\":\"https:\/\/secure.gravatar.com\/avatar\/a58041c6cea9128bd9c40ee2f26d4136?s=96&d=blank&r=g\",\"caption\":\"Jonathan Broberg\"},\"sameAs\":[\"https:\/\/www.facebook.com\/jonathan.broberg.7\"],\"url\":\"https:\/\/www.budokampsport.se\/author\/jonathan\/\"}]}<\/script>\n<!-- \/ Yoast SEO plugin. -->","yoast_head_json":{"title":"Patricia Axling inf\u00f6r VM i Bangkok - Svenska Budo &amp; Kampsportsf\u00f6rbundet","description":"Kanske \u00e4r Patricia Axling det st\u00f6rsta svenska medaljhoppet n\u00e4r VM i thaiboxning startar i Bangkok i n\u00e4sta vecka. Och ang\u00e5ende just medalj l\u00e4mnar hon ett klart besked. - Jag siktar p\u00e5 guld, annars hade jag inte beh\u00f6vt \u00e5ka till VM, s\u00e4ger hon till budokampsport.se.","robots":{"index":"index","follow":"follow","max-snippet":"max-snippet:-1","max-image-preview":"max-image-preview:large","max-video-preview":"max-video-preview:-1"},"canonical":"https:\/\/www.budokampsport.se\/2019\/07\/17\/patricia-axling-infor-vm-i-bangkok\/","og_locale":"sv_SE","og_type":"article","og_title":"Patricia Axling inf\u00f6r VM i Bangkok - Svenska Budo &amp; Kampsportsf\u00f6rbundet","og_description":"Kanske \u00e4r Patricia Axling det st\u00f6rsta svenska medaljhoppet n\u00e4r VM i thaiboxning startar i Bangkok i n\u00e4sta vecka. Och ang\u00e5ende just medalj l\u00e4mnar hon ett klart besked. - Jag siktar p\u00e5 guld, annars hade jag inte beh\u00f6vt \u00e5ka till VM, s\u00e4ger hon till budokampsport.se.","og_url":"https:\/\/www.budokampsport.se\/2019\/07\/17\/patricia-axling-infor-vm-i-bangkok\/","og_site_name":"Svenska Budo &amp; Kampsportsf\u00f6rbundet","article_author":"https:\/\/www.facebook.com\/jonathan.broberg.7","article_published_time":"2019-07-17T09:23:23+00:00","article_modified_time":"2019-07-17T09:23:25+00:00","og_image":[{"width":850,"height":567,"url":"https:\/\/www.budokampsport.se\/wp-content\/uploads\/2018\/03\/patricia-axling-3-e1624886778324.jpg","type":"image\/jpeg"}],"author":"Jonathan Broberg","twitter_card":"summary_large_image","twitter_misc":{"Skriven av":"Jonathan Broberg","Ber\u00e4knad l\u00e4stid":"1 minut"},"schema":{"@context":"https:\/\/schema.org","@graph":[{"@type":"Article","@id":"https:\/\/www.budokampsport.se\/2019\/07\/17\/patricia-axling-infor-vm-i-bangkok\/#article","isPartOf":{"@id":"https:\/\/www.budokampsport.se\/2019\/07\/17\/patricia-axling-infor-vm-i-bangkok\/"},"author":{"name":"Jonathan Broberg","@id":"https:\/\/www.budokampsport.se\/#\/schema\/person\/5c06d81d14850e2a8ce5493386560145"},"headline":"Patricia Axling inf\u00f6r VM i Bangkok","datePublished":"2019-07-17T09:23:23+00:00","dateModified":"2019-07-17T09:23:25+00:00","mainEntityOfPage":{"@id":"https:\/\/www.budokampsport.se\/2019\/07\/17\/patricia-axling-infor-vm-i-bangkok\/"},"wordCount":176,"commentCount":0,"image":{"@id":"https:\/\/www.budokampsport.se\/2019\/07\/17\/patricia-axling-infor-vm-i-bangkok\/#primaryimage"},"thumbnailUrl":"https:\/\/www.budokampsport.se\/wp-content\/uploads\/2018\/03\/patricia-axling-3-e1624886778324.jpg","inLanguage":"sv-SE","potentialAction":[{"@type":"CommentAction","name":"Comment","target":["https:\/\/www.budokampsport.se\/2019\/07\/17\/patricia-axling-infor-vm-i-bangkok\/#respond"]}]},{"@type":"WebPage","@id":"https:\/\/www.budokampsport.se\/2019\/07\/17\/patricia-axling-infor-vm-i-bangkok\/","url":"https:\/\/www.budokampsport.se\/2019\/07\/17\/patricia-axling-infor-vm-i-bangkok\/","name":"Patricia Axling inf\u00f6r VM i Bangkok - Svenska Budo &amp; Kampsportsf\u00f6rbundet","isPartOf":{"@id":"https:\/\/www.budokampsport.se\/#website"},"primaryImageOfPage":{"@id":"https:\/\/www.budokampsport.se\/2019\/07\/17\/patricia-axling-infor-vm-i-bangkok\/#primaryimage"},"image":{"@id":"https:\/\/www.budokampsport.se\/2019\/07\/17\/patricia-axling-infor-vm-i-bangkok\/#primaryimage"},"thumbnailUrl":"https:\/\/www.budokampsport.se\/wp-content\/uploads\/2018\/03\/patricia-axling-3-e1624886778324.jpg","datePublished":"2019-07-17T09:23:23+00:00","dateModified":"2019-07-17T09:23:25+00:00","author":{"@id":"https:\/\/www.budokampsport.se\/#\/schema\/person\/5c06d81d14850e2a8ce5493386560145"},"description":"Kanske \u00e4r Patricia Axling det st\u00f6rsta svenska medaljhoppet n\u00e4r VM i thaiboxning startar i Bangkok i n\u00e4sta vecka. Och ang\u00e5ende just medalj l\u00e4mnar hon ett klart besked. - Jag siktar p\u00e5 guld, annars hade jag inte beh\u00f6vt \u00e5ka till VM, s\u00e4ger hon till budokampsport.se.","breadcrumb":{"@id":"https:\/\/www.budokampsport.se\/2019\/07\/17\/patricia-axling-infor-vm-i-bangkok\/#breadcrumb"},"inLanguage":"sv-SE","potentialAction":[{"@type":"ReadAction","target":["https:\/\/www.budokampsport.se\/2019\/07\/17\/patricia-axling-infor-vm-i-bangkok\/"]}]},{"@type":"ImageObject","inLanguage":"sv-SE","@id":"https:\/\/www.budokampsport.se\/2019\/07\/17\/patricia-axling-infor-vm-i-bangkok\/#primaryimage","url":"https:\/\/www.budokampsport.se\/wp-content\/uploads\/2018\/03\/patricia-axling-3-e1624886778324.jpg","contentUrl":"https:\/\/www.budokampsport.se\/wp-content\/uploads\/2018\/03\/patricia-axling-3-e1624886778324.jpg","width":850,"height":567,"caption":"Foto: Benjamin Bayard"},{"@type":"BreadcrumbList","@id":"https:\/\/www.budokampsport.se\/2019\/07\/17\/patricia-axling-infor-vm-i-bangkok\/#breadcrumb","itemListElement":[{"@type":"ListItem","position":1,"name":"Hem","item":"https:\/\/www.budokampsport.se\/"},{"@type":"ListItem","position":2,"name":"Patricia Axling inf\u00f6r VM i Bangkok"}]},{"@type":"WebSite","@id":"https:\/\/www.budokampsport.se\/#website","url":"https:\/\/www.budokampsport.se\/","name":"Svenska Budo &amp; Kampsportsf\u00f6rbundet","description":"T\u00e4vling, Tr\u00e4ning, Tradition","potentialAction":[{"@type":"SearchAction","target":{"@type":"EntryPoint","urlTemplate":"https:\/\/www.budokampsport.se\/?s={search_term_string}"},"query-input":{"@type":"PropertyValueSpecification","valueRequired":true,"valueName":"search_term_string"}}],"inLanguage":"sv-SE"},{"@type":"Person","@id":"https:\/\/www.budokampsport.se\/#\/schema\/person\/5c06d81d14850e2a8ce5493386560145","name":"Jonathan Broberg","image":{"@type":"ImageObject","inLanguage":"sv-SE","@id":"https:\/\/www.budokampsport.se\/#\/schema\/person\/image\/","url":"https:\/\/secure.gravatar.com\/avatar\/a58041c6cea9128bd9c40ee2f26d4136?s=96&d=blank&r=g","contentUrl":"https:\/\/secure.gravatar.com\/avatar\/a58041c6cea9128bd9c40ee2f26d4136?s=96&d=blank&r=g","caption":"Jonathan Broberg"},"sameAs":["https:\/\/www.facebook.com\/jonathan.broberg.7"],"url":"https:\/\/www.budokampsport.se\/author\/jonathan\/"}]}},"_links":{"self":[{"href":"https:\/\/www.budokampsport.se\/api\/wp\/v2\/posts\/102635","targetHints":{"allow":["GET"]}}],"collection":[{"href":"https:\/\/www.budokampsport.se\/api\/wp\/v2\/posts"}],"about":[{"href":"https:\/\/www.budokampsport.se\/api\/wp\/v2\/types\/post"}],"author":[{"embeddable":true,"href":"https:\/\/www.budokampsport.se\/api\/wp\/v2\/users\/7"}],"replies":[{"embeddable":true,"href":"https:\/\/www.budokampsport.se\/api\/wp\/v2\/comments?post=102635"}],"version-history":[{"count":0,"href":"https:\/\/www.budokampsport.se\/api\/wp\/v2\/posts\/102635\/revisions"}],"wp:featuredmedia":[{"embeddable":true,"href":"https:\/\/www.budokampsport.se\/api\/wp\/v2\/media\/67220"}],"wp:attachment":[{"href":"https:\/\/www.budokampsport.se\/api\/wp\/v2\/media?parent=102635"}],"wp:term":[{"taxonomy":"category","embeddable":true,"href":"https:\/\/www.budokampsport.se\/api\/wp\/v2\/categories?post=102635"},{"taxonomy":"post_tag","embeddable":true,"href":"https:\/\/www.budokampsport.se\/api\/wp\/v2\/tags?post=102635"}],"curies":[{"name":"wp","href":"https:\/\/api.w.org\/{rel}","templated":true}]}}