{"id":103090,"date":"2019-07-25T12:39:14","date_gmt":"2019-07-25T10:39:14","guid":{"rendered":"https:\/\/www.budokampsport.se\/?p=103090"},"modified":"2019-07-25T12:39:17","modified_gmt":"2019-07-25T10:39:17","slug":"forluster-for-ates-och-hoang","status":"publish","type":"post","link":"https:\/\/www.budokampsport.se\/2019\/07\/25\/forluster-for-ates-och-hoang\/","title":{"rendered":"F\u00f6rluster f\u00f6r Ates och Hoang"},"content":{"rendered":"\n<p>Ewin Ates st\u00e4lldes mot thail\u00e4ndskan Janejira Wankrue i kvartsfinalen i -60-kilosklassen. Ates hade sv\u00e5rt att hitta en v\u00e4g f\u00f6rbi den t\u00e4ta thail\u00e4ndskan, som vann alla tre ronderna.<br \/><br \/>Och f\u00f6rlust blev det ocks\u00e5 f\u00f6r Giang Hoang i -51-kilo. Kazaken Bakytzhan Arifkhanov vann efter att domaren brutit matchen i andra ronden, efter att Hoang f\u00e5tt en sm\u00e4ll mot ena kn\u00e4t, som det s\u00e5g ut.<br \/><br \/>Dessf\u00f6rinnan hade kazaken redan vunnit f\u00f6rsta ronden. <br \/>VM-kvartsfinalerna forts\u00e4tter f\u00f6r svenskt vidkommande om en stund, med fyra nya semifinalchanser.<br \/><br \/><a href=\"https:\/\/www.budokampsport.se\/wp-content\/uploads\/2019\/07\/IMG_4884.jpg\"><img loading=\"lazy\" decoding=\"async\" class=\"aligncenter size-full wp-image-103091\" src=\"https:\/\/www.budokampsport.se\/wp-content\/uploads\/2019\/07\/IMG_4884.jpg\" alt=\"\" width=\"850\" height=\"567\" srcset=\"https:\/\/www.budokampsport.se\/wp-content\/uploads\/2019\/07\/IMG_4884.jpg 850w, https:\/\/www.budokampsport.se\/wp-content\/uploads\/2019\/07\/IMG_4884-600x400.jpg 600w, https:\/\/www.budokampsport.se\/wp-content\/uploads\/2019\/07\/IMG_4884-278x185.jpg 278w, https:\/\/www.budokampsport.se\/wp-content\/uploads\/2019\/07\/IMG_4884-376x251.jpg 376w, https:\/\/www.budokampsport.se\/wp-content\/uploads\/2019\/07\/IMG_4884-847x565.jpg 847w, https:\/\/www.budokampsport.se\/wp-content\/uploads\/2019\/07\/IMG_4884-572x382.jpg 572w\" sizes=\"auto, (max-width: 850px) 100vw, 850px\" \/><\/a><br \/><br \/>Text: Jonathan Broberg<br \/>Foto: Annie Bondefelt<\/p>\n","protected":false},"excerpt":{"rendered":"<p>Det har blivit tv\u00e5 svenska f\u00f6rluster inom loppet av bara en halvtimme. F\u00f6rst f\u00f6rlorade Ewin Ates, som ju vann s\u00e5 imponerande sist, och sedan fick \u00e4ven Giang Hoang respass.<\/p><br>","protected":false},"author":7,"featured_media":103092,"comment_status":"open","ping_status":"open","sticky":false,"template":"","format":"standard","meta":{"_acf_changed":false,"footnotes":""},"categories":[1],"tags":[],"class_list":["post-103090","post","type-post","status-publish","format-standard","has-post-thumbnail","hentry","category-okategoriserade"],"acf":[],"yoast_head":"<!-- This site is optimized with the Yoast SEO plugin v26.8 - https:\/\/yoast.com\/product\/yoast-seo-wordpress\/ -->\n<title>F\u00f6rluster f\u00f6r Ates och Hoang - Svenska Budo &amp; Kampsportsf\u00f6rbundet<\/title>\n<meta name=\"description\" content=\"Det har blivit tv\u00e5 svenska f\u00f6rluster inom loppet av bara en halvtimme. F\u00f6rst f\u00f6rlorade Ewin Ates, som ju vann s\u00e5 imponerande sist, och sedan fick \u00e4ven Giang Hoang respass.\" \/>\n<meta name=\"robots\" content=\"index, follow, max-snippet:-1, max-image-preview:large, max-video-preview:-1\" \/>\n<link rel=\"canonical\" href=\"https:\/\/www.budokampsport.se\/2019\/07\/25\/forluster-for-ates-och-hoang\/\" \/>\n<meta property=\"og:locale\" content=\"sv_SE\" \/>\n<meta property=\"og:type\" content=\"article\" \/>\n<meta property=\"og:title\" content=\"F\u00f6rluster f\u00f6r Ates och Hoang - Svenska Budo &amp; Kampsportsf\u00f6rbundet\" \/>\n<meta property=\"og:description\" content=\"Det har blivit tv\u00e5 svenska f\u00f6rluster inom loppet av bara en halvtimme. F\u00f6rst f\u00f6rlorade Ewin Ates, som ju vann s\u00e5 imponerande sist, och sedan fick \u00e4ven Giang Hoang respass.\" \/>\n<meta property=\"og:url\" content=\"https:\/\/www.budokampsport.se\/2019\/07\/25\/forluster-for-ates-och-hoang\/\" \/>\n<meta property=\"og:site_name\" content=\"Svenska Budo &amp; Kampsportsf\u00f6rbundet\" \/>\n<meta property=\"article:author\" content=\"https:\/\/www.facebook.com\/jonathan.broberg.7\" \/>\n<meta property=\"article:published_time\" content=\"2019-07-25T10:39:14+00:00\" \/>\n<meta property=\"article:modified_time\" content=\"2019-07-25T10:39:17+00:00\" \/>\n<meta property=\"og:image\" content=\"https:\/\/www.budokampsport.se\/wp-content\/uploads\/2019\/07\/IMG_4847.jpg\" \/>\n\t<meta property=\"og:image:width\" content=\"850\" \/>\n\t<meta property=\"og:image:height\" content=\"567\" \/>\n\t<meta property=\"og:image:type\" content=\"image\/jpeg\" \/>\n<meta name=\"author\" content=\"Jonathan Broberg\" \/>\n<meta name=\"twitter:card\" content=\"summary_large_image\" \/>\n<meta name=\"twitter:label1\" content=\"Skriven av\" \/>\n\t<meta name=\"twitter:data1\" content=\"Jonathan Broberg\" \/>\n\t<meta name=\"twitter:label2\" content=\"Ber\u00e4knad l\u00e4stid\" \/>\n\t<meta name=\"twitter:data2\" content=\"1 minut\" \/>\n<script type=\"application\/ld+json\" class=\"yoast-schema-graph\">{\"@context\":\"https:\/\/schema.org\",\"@graph\":[{\"@type\":\"Article\",\"@id\":\"https:\/\/www.budokampsport.se\/2019\/07\/25\/forluster-for-ates-och-hoang\/#article\",\"isPartOf\":{\"@id\":\"https:\/\/www.budokampsport.se\/2019\/07\/25\/forluster-for-ates-och-hoang\/\"},\"author\":{\"name\":\"Jonathan Broberg\",\"@id\":\"https:\/\/www.budokampsport.se\/#\/schema\/person\/5c06d81d14850e2a8ce5493386560145\"},\"headline\":\"F\u00f6rluster f\u00f6r Ates och Hoang\",\"datePublished\":\"2019-07-25T10:39:14+00:00\",\"dateModified\":\"2019-07-25T10:39:17+00:00\",\"mainEntityOfPage\":{\"@id\":\"https:\/\/www.budokampsport.se\/2019\/07\/25\/forluster-for-ates-och-hoang\/\"},\"wordCount\":112,\"commentCount\":0,\"image\":{\"@id\":\"https:\/\/www.budokampsport.se\/2019\/07\/25\/forluster-for-ates-och-hoang\/#primaryimage\"},\"thumbnailUrl\":\"https:\/\/www.budokampsport.se\/wp-content\/uploads\/2019\/07\/IMG_4847.jpg\",\"inLanguage\":\"sv-SE\",\"potentialAction\":[{\"@type\":\"CommentAction\",\"name\":\"Comment\",\"target\":[\"https:\/\/www.budokampsport.se\/2019\/07\/25\/forluster-for-ates-och-hoang\/#respond\"]}]},{\"@type\":\"WebPage\",\"@id\":\"https:\/\/www.budokampsport.se\/2019\/07\/25\/forluster-for-ates-och-hoang\/\",\"url\":\"https:\/\/www.budokampsport.se\/2019\/07\/25\/forluster-for-ates-och-hoang\/\",\"name\":\"F\u00f6rluster f\u00f6r Ates och Hoang - Svenska Budo &amp; Kampsportsf\u00f6rbundet\",\"isPartOf\":{\"@id\":\"https:\/\/www.budokampsport.se\/#website\"},\"primaryImageOfPage\":{\"@id\":\"https:\/\/www.budokampsport.se\/2019\/07\/25\/forluster-for-ates-och-hoang\/#primaryimage\"},\"image\":{\"@id\":\"https:\/\/www.budokampsport.se\/2019\/07\/25\/forluster-for-ates-och-hoang\/#primaryimage\"},\"thumbnailUrl\":\"https:\/\/www.budokampsport.se\/wp-content\/uploads\/2019\/07\/IMG_4847.jpg\",\"datePublished\":\"2019-07-25T10:39:14+00:00\",\"dateModified\":\"2019-07-25T10:39:17+00:00\",\"author\":{\"@id\":\"https:\/\/www.budokampsport.se\/#\/schema\/person\/5c06d81d14850e2a8ce5493386560145\"},\"description\":\"Det har blivit tv\u00e5 svenska f\u00f6rluster inom loppet av bara en halvtimme. F\u00f6rst f\u00f6rlorade Ewin Ates, som ju vann s\u00e5 imponerande sist, och sedan fick \u00e4ven Giang Hoang respass.\",\"breadcrumb\":{\"@id\":\"https:\/\/www.budokampsport.se\/2019\/07\/25\/forluster-for-ates-och-hoang\/#breadcrumb\"},\"inLanguage\":\"sv-SE\",\"potentialAction\":[{\"@type\":\"ReadAction\",\"target\":[\"https:\/\/www.budokampsport.se\/2019\/07\/25\/forluster-for-ates-och-hoang\/\"]}]},{\"@type\":\"ImageObject\",\"inLanguage\":\"sv-SE\",\"@id\":\"https:\/\/www.budokampsport.se\/2019\/07\/25\/forluster-for-ates-och-hoang\/#primaryimage\",\"url\":\"https:\/\/www.budokampsport.se\/wp-content\/uploads\/2019\/07\/IMG_4847.jpg\",\"contentUrl\":\"https:\/\/www.budokampsport.se\/wp-content\/uploads\/2019\/07\/IMG_4847.jpg\",\"width\":850,\"height\":567},{\"@type\":\"BreadcrumbList\",\"@id\":\"https:\/\/www.budokampsport.se\/2019\/07\/25\/forluster-for-ates-och-hoang\/#breadcrumb\",\"itemListElement\":[{\"@type\":\"ListItem\",\"position\":1,\"name\":\"Hem\",\"item\":\"https:\/\/www.budokampsport.se\/\"},{\"@type\":\"ListItem\",\"position\":2,\"name\":\"F\u00f6rluster f\u00f6r Ates och Hoang\"}]},{\"@type\":\"WebSite\",\"@id\":\"https:\/\/www.budokampsport.se\/#website\",\"url\":\"https:\/\/www.budokampsport.se\/\",\"name\":\"Svenska Budo &amp; Kampsportsf\u00f6rbundet\",\"description\":\"T\u00e4vling, Tr\u00e4ning, Tradition\",\"potentialAction\":[{\"@type\":\"SearchAction\",\"target\":{\"@type\":\"EntryPoint\",\"urlTemplate\":\"https:\/\/www.budokampsport.se\/?s={search_term_string}\"},\"query-input\":{\"@type\":\"PropertyValueSpecification\",\"valueRequired\":true,\"valueName\":\"search_term_string\"}}],\"inLanguage\":\"sv-SE\"},{\"@type\":\"Person\",\"@id\":\"https:\/\/www.budokampsport.se\/#\/schema\/person\/5c06d81d14850e2a8ce5493386560145\",\"name\":\"Jonathan Broberg\",\"image\":{\"@type\":\"ImageObject\",\"inLanguage\":\"sv-SE\",\"@id\":\"https:\/\/www.budokampsport.se\/#\/schema\/person\/image\/\",\"url\":\"https:\/\/secure.gravatar.com\/avatar\/a58041c6cea9128bd9c40ee2f26d4136?s=96&d=blank&r=g\",\"contentUrl\":\"https:\/\/secure.gravatar.com\/avatar\/a58041c6cea9128bd9c40ee2f26d4136?s=96&d=blank&r=g\",\"caption\":\"Jonathan Broberg\"},\"sameAs\":[\"https:\/\/www.facebook.com\/jonathan.broberg.7\"],\"url\":\"https:\/\/www.budokampsport.se\/author\/jonathan\/\"}]}<\/script>\n<!-- \/ Yoast SEO plugin. -->","yoast_head_json":{"title":"F\u00f6rluster f\u00f6r Ates och Hoang - Svenska Budo &amp; Kampsportsf\u00f6rbundet","description":"Det har blivit tv\u00e5 svenska f\u00f6rluster inom loppet av bara en halvtimme. F\u00f6rst f\u00f6rlorade Ewin Ates, som ju vann s\u00e5 imponerande sist, och sedan fick \u00e4ven Giang Hoang respass.","robots":{"index":"index","follow":"follow","max-snippet":"max-snippet:-1","max-image-preview":"max-image-preview:large","max-video-preview":"max-video-preview:-1"},"canonical":"https:\/\/www.budokampsport.se\/2019\/07\/25\/forluster-for-ates-och-hoang\/","og_locale":"sv_SE","og_type":"article","og_title":"F\u00f6rluster f\u00f6r Ates och Hoang - Svenska Budo &amp; Kampsportsf\u00f6rbundet","og_description":"Det har blivit tv\u00e5 svenska f\u00f6rluster inom loppet av bara en halvtimme. F\u00f6rst f\u00f6rlorade Ewin Ates, som ju vann s\u00e5 imponerande sist, och sedan fick \u00e4ven Giang Hoang respass.","og_url":"https:\/\/www.budokampsport.se\/2019\/07\/25\/forluster-for-ates-och-hoang\/","og_site_name":"Svenska Budo &amp; Kampsportsf\u00f6rbundet","article_author":"https:\/\/www.facebook.com\/jonathan.broberg.7","article_published_time":"2019-07-25T10:39:14+00:00","article_modified_time":"2019-07-25T10:39:17+00:00","og_image":[{"width":850,"height":567,"url":"https:\/\/www.budokampsport.se\/wp-content\/uploads\/2019\/07\/IMG_4847.jpg","type":"image\/jpeg"}],"author":"Jonathan Broberg","twitter_card":"summary_large_image","twitter_misc":{"Skriven av":"Jonathan Broberg","Ber\u00e4knad l\u00e4stid":"1 minut"},"schema":{"@context":"https:\/\/schema.org","@graph":[{"@type":"Article","@id":"https:\/\/www.budokampsport.se\/2019\/07\/25\/forluster-for-ates-och-hoang\/#article","isPartOf":{"@id":"https:\/\/www.budokampsport.se\/2019\/07\/25\/forluster-for-ates-och-hoang\/"},"author":{"name":"Jonathan Broberg","@id":"https:\/\/www.budokampsport.se\/#\/schema\/person\/5c06d81d14850e2a8ce5493386560145"},"headline":"F\u00f6rluster f\u00f6r Ates och Hoang","datePublished":"2019-07-25T10:39:14+00:00","dateModified":"2019-07-25T10:39:17+00:00","mainEntityOfPage":{"@id":"https:\/\/www.budokampsport.se\/2019\/07\/25\/forluster-for-ates-och-hoang\/"},"wordCount":112,"commentCount":0,"image":{"@id":"https:\/\/www.budokampsport.se\/2019\/07\/25\/forluster-for-ates-och-hoang\/#primaryimage"},"thumbnailUrl":"https:\/\/www.budokampsport.se\/wp-content\/uploads\/2019\/07\/IMG_4847.jpg","inLanguage":"sv-SE","potentialAction":[{"@type":"CommentAction","name":"Comment","target":["https:\/\/www.budokampsport.se\/2019\/07\/25\/forluster-for-ates-och-hoang\/#respond"]}]},{"@type":"WebPage","@id":"https:\/\/www.budokampsport.se\/2019\/07\/25\/forluster-for-ates-och-hoang\/","url":"https:\/\/www.budokampsport.se\/2019\/07\/25\/forluster-for-ates-och-hoang\/","name":"F\u00f6rluster f\u00f6r Ates och Hoang - Svenska Budo &amp; Kampsportsf\u00f6rbundet","isPartOf":{"@id":"https:\/\/www.budokampsport.se\/#website"},"primaryImageOfPage":{"@id":"https:\/\/www.budokampsport.se\/2019\/07\/25\/forluster-for-ates-och-hoang\/#primaryimage"},"image":{"@id":"https:\/\/www.budokampsport.se\/2019\/07\/25\/forluster-for-ates-och-hoang\/#primaryimage"},"thumbnailUrl":"https:\/\/www.budokampsport.se\/wp-content\/uploads\/2019\/07\/IMG_4847.jpg","datePublished":"2019-07-25T10:39:14+00:00","dateModified":"2019-07-25T10:39:17+00:00","author":{"@id":"https:\/\/www.budokampsport.se\/#\/schema\/person\/5c06d81d14850e2a8ce5493386560145"},"description":"Det har blivit tv\u00e5 svenska f\u00f6rluster inom loppet av bara en halvtimme. F\u00f6rst f\u00f6rlorade Ewin Ates, som ju vann s\u00e5 imponerande sist, och sedan fick \u00e4ven Giang Hoang respass.","breadcrumb":{"@id":"https:\/\/www.budokampsport.se\/2019\/07\/25\/forluster-for-ates-och-hoang\/#breadcrumb"},"inLanguage":"sv-SE","potentialAction":[{"@type":"ReadAction","target":["https:\/\/www.budokampsport.se\/2019\/07\/25\/forluster-for-ates-och-hoang\/"]}]},{"@type":"ImageObject","inLanguage":"sv-SE","@id":"https:\/\/www.budokampsport.se\/2019\/07\/25\/forluster-for-ates-och-hoang\/#primaryimage","url":"https:\/\/www.budokampsport.se\/wp-content\/uploads\/2019\/07\/IMG_4847.jpg","contentUrl":"https:\/\/www.budokampsport.se\/wp-content\/uploads\/2019\/07\/IMG_4847.jpg","width":850,"height":567},{"@type":"BreadcrumbList","@id":"https:\/\/www.budokampsport.se\/2019\/07\/25\/forluster-for-ates-och-hoang\/#breadcrumb","itemListElement":[{"@type":"ListItem","position":1,"name":"Hem","item":"https:\/\/www.budokampsport.se\/"},{"@type":"ListItem","position":2,"name":"F\u00f6rluster f\u00f6r Ates och Hoang"}]},{"@type":"WebSite","@id":"https:\/\/www.budokampsport.se\/#website","url":"https:\/\/www.budokampsport.se\/","name":"Svenska Budo &amp; Kampsportsf\u00f6rbundet","description":"T\u00e4vling, Tr\u00e4ning, Tradition","potentialAction":[{"@type":"SearchAction","target":{"@type":"EntryPoint","urlTemplate":"https:\/\/www.budokampsport.se\/?s={search_term_string}"},"query-input":{"@type":"PropertyValueSpecification","valueRequired":true,"valueName":"search_term_string"}}],"inLanguage":"sv-SE"},{"@type":"Person","@id":"https:\/\/www.budokampsport.se\/#\/schema\/person\/5c06d81d14850e2a8ce5493386560145","name":"Jonathan Broberg","image":{"@type":"ImageObject","inLanguage":"sv-SE","@id":"https:\/\/www.budokampsport.se\/#\/schema\/person\/image\/","url":"https:\/\/secure.gravatar.com\/avatar\/a58041c6cea9128bd9c40ee2f26d4136?s=96&d=blank&r=g","contentUrl":"https:\/\/secure.gravatar.com\/avatar\/a58041c6cea9128bd9c40ee2f26d4136?s=96&d=blank&r=g","caption":"Jonathan Broberg"},"sameAs":["https:\/\/www.facebook.com\/jonathan.broberg.7"],"url":"https:\/\/www.budokampsport.se\/author\/jonathan\/"}]}},"_links":{"self":[{"href":"https:\/\/www.budokampsport.se\/api\/wp\/v2\/posts\/103090","targetHints":{"allow":["GET"]}}],"collection":[{"href":"https:\/\/www.budokampsport.se\/api\/wp\/v2\/posts"}],"about":[{"href":"https:\/\/www.budokampsport.se\/api\/wp\/v2\/types\/post"}],"author":[{"embeddable":true,"href":"https:\/\/www.budokampsport.se\/api\/wp\/v2\/users\/7"}],"replies":[{"embeddable":true,"href":"https:\/\/www.budokampsport.se\/api\/wp\/v2\/comments?post=103090"}],"version-history":[{"count":0,"href":"https:\/\/www.budokampsport.se\/api\/wp\/v2\/posts\/103090\/revisions"}],"wp:featuredmedia":[{"embeddable":true,"href":"https:\/\/www.budokampsport.se\/api\/wp\/v2\/media\/103092"}],"wp:attachment":[{"href":"https:\/\/www.budokampsport.se\/api\/wp\/v2\/media?parent=103090"}],"wp:term":[{"taxonomy":"category","embeddable":true,"href":"https:\/\/www.budokampsport.se\/api\/wp\/v2\/categories?post=103090"},{"taxonomy":"post_tag","embeddable":true,"href":"https:\/\/www.budokampsport.se\/api\/wp\/v2\/tags?post=103090"}],"curies":[{"name":"wp","href":"https:\/\/api.w.org\/{rel}","templated":true}]}}