{"id":105168,"date":"2019-08-27T12:33:00","date_gmt":"2019-08-27T10:33:00","guid":{"rendered":"https:\/\/www.budokampsport.se\/?p=105168"},"modified":"2019-08-27T12:33:02","modified_gmt":"2019-08-27T10:33:02","slug":"hog-tid-att-anmala-sig-till-kampsportsfestivalen","status":"publish","type":"post","link":"https:\/\/www.budokampsport.se\/2019\/08\/27\/hog-tid-att-anmala-sig-till-kampsportsfestivalen\/","title":{"rendered":"H\u00f6g tid att anm\u00e4la sig till Kampsportsfestivalen"},"content":{"rendered":"\n<p>Kampsportsfestivalen under Fitnessfestivalen i Stockholmsm\u00e4ssan har vuxit f\u00f6r varje \u00e5r sedan starten.<br \/><br \/>I december \u00e5terkommer festivalen och vill ni vara med \u00e4r det h\u00f6g tid att skicka in sin anm\u00e4lan. Sista datum att g\u00f6ra det \u00e4r n\u00e4mligen 1:a september.<br \/><br \/>Skicka till Peder Finnsi\u00f6, koordinator f\u00f6r Kampsportsfestivalen, p\u00e5 peder.finnsio@gmail.com.<br \/><br \/>Text och foto: Jonathan Broberg<\/p>\n","protected":false},"excerpt":{"rendered":"<p>Kampsportsfestivalen \u00e5terkommer i december under Stockholmsm\u00e4ssan. Och vill ni fortfarande vara med under festivalen med er idrott \u00e4r det br\u00e5da tider. Den 1:a september \u00e4r sista datum f\u00f6r att anm\u00e4la sig.<\/p><br>","protected":false},"author":7,"featured_media":101513,"comment_status":"open","ping_status":"open","sticky":false,"template":"","format":"standard","meta":{"_acf_changed":false,"footnotes":""},"categories":[1],"tags":[],"class_list":["post-105168","post","type-post","status-publish","format-standard","has-post-thumbnail","hentry","category-okategoriserade"],"acf":[],"yoast_head":"<!-- This site is optimized with the Yoast SEO plugin v26.8 - https:\/\/yoast.com\/product\/yoast-seo-wordpress\/ -->\n<title>H\u00f6g tid att anm\u00e4la sig till Kampsportsfestivalen - Svenska Budo &amp; Kampsportsf\u00f6rbundet<\/title>\n<meta name=\"description\" content=\"Kampsportsfestivalen \u00e5terkommer i december under Stockholmsm\u00e4ssan. Och vill ni fortfarande vara med under festivalen med er idrott \u00e4r det br\u00e5da tider. Den 1:a september \u00e4r sista datum f\u00f6r att anm\u00e4la sig.\" \/>\n<meta name=\"robots\" content=\"index, follow, max-snippet:-1, max-image-preview:large, max-video-preview:-1\" \/>\n<link rel=\"canonical\" href=\"https:\/\/www.budokampsport.se\/2019\/08\/27\/hog-tid-att-anmala-sig-till-kampsportsfestivalen\/\" \/>\n<meta property=\"og:locale\" content=\"sv_SE\" \/>\n<meta property=\"og:type\" content=\"article\" \/>\n<meta property=\"og:title\" content=\"H\u00f6g tid att anm\u00e4la sig till Kampsportsfestivalen - Svenska Budo &amp; Kampsportsf\u00f6rbundet\" \/>\n<meta property=\"og:description\" content=\"Kampsportsfestivalen \u00e5terkommer i december under Stockholmsm\u00e4ssan. Och vill ni fortfarande vara med under festivalen med er idrott \u00e4r det br\u00e5da tider. Den 1:a september \u00e4r sista datum f\u00f6r att anm\u00e4la sig.\" \/>\n<meta property=\"og:url\" content=\"https:\/\/www.budokampsport.se\/2019\/08\/27\/hog-tid-att-anmala-sig-till-kampsportsfestivalen\/\" \/>\n<meta property=\"og:site_name\" content=\"Svenska Budo &amp; Kampsportsf\u00f6rbundet\" \/>\n<meta property=\"article:author\" content=\"https:\/\/www.facebook.com\/jonathan.broberg.7\" \/>\n<meta property=\"article:published_time\" content=\"2019-08-27T10:33:00+00:00\" \/>\n<meta property=\"article:modified_time\" content=\"2019-08-27T10:33:02+00:00\" \/>\n<meta property=\"og:image\" content=\"https:\/\/www.budokampsport.se\/wp-content\/uploads\/2019\/06\/Kampsportsfestivalen.jpg\" \/>\n\t<meta property=\"og:image:width\" content=\"850\" \/>\n\t<meta property=\"og:image:height\" content=\"638\" \/>\n\t<meta property=\"og:image:type\" content=\"image\/jpeg\" \/>\n<meta name=\"author\" content=\"Jonathan Broberg\" \/>\n<meta name=\"twitter:card\" content=\"summary_large_image\" \/>\n<meta name=\"twitter:label1\" content=\"Skriven av\" \/>\n\t<meta name=\"twitter:data1\" content=\"Jonathan Broberg\" \/>\n<script type=\"application\/ld+json\" class=\"yoast-schema-graph\">{\"@context\":\"https:\/\/schema.org\",\"@graph\":[{\"@type\":\"Article\",\"@id\":\"https:\/\/www.budokampsport.se\/2019\/08\/27\/hog-tid-att-anmala-sig-till-kampsportsfestivalen\/#article\",\"isPartOf\":{\"@id\":\"https:\/\/www.budokampsport.se\/2019\/08\/27\/hog-tid-att-anmala-sig-till-kampsportsfestivalen\/\"},\"author\":{\"name\":\"Jonathan Broberg\",\"@id\":\"https:\/\/www.budokampsport.se\/#\/schema\/person\/5c06d81d14850e2a8ce5493386560145\"},\"headline\":\"H\u00f6g tid att anm\u00e4la sig till Kampsportsfestivalen\",\"datePublished\":\"2019-08-27T10:33:00+00:00\",\"dateModified\":\"2019-08-27T10:33:02+00:00\",\"mainEntityOfPage\":{\"@id\":\"https:\/\/www.budokampsport.se\/2019\/08\/27\/hog-tid-att-anmala-sig-till-kampsportsfestivalen\/\"},\"wordCount\":72,\"commentCount\":0,\"image\":{\"@id\":\"https:\/\/www.budokampsport.se\/2019\/08\/27\/hog-tid-att-anmala-sig-till-kampsportsfestivalen\/#primaryimage\"},\"thumbnailUrl\":\"https:\/\/www.budokampsport.se\/wp-content\/uploads\/2019\/06\/Kampsportsfestivalen.jpg\",\"inLanguage\":\"sv-SE\",\"potentialAction\":[{\"@type\":\"CommentAction\",\"name\":\"Comment\",\"target\":[\"https:\/\/www.budokampsport.se\/2019\/08\/27\/hog-tid-att-anmala-sig-till-kampsportsfestivalen\/#respond\"]}]},{\"@type\":\"WebPage\",\"@id\":\"https:\/\/www.budokampsport.se\/2019\/08\/27\/hog-tid-att-anmala-sig-till-kampsportsfestivalen\/\",\"url\":\"https:\/\/www.budokampsport.se\/2019\/08\/27\/hog-tid-att-anmala-sig-till-kampsportsfestivalen\/\",\"name\":\"H\u00f6g tid att anm\u00e4la sig till Kampsportsfestivalen - Svenska Budo &amp; Kampsportsf\u00f6rbundet\",\"isPartOf\":{\"@id\":\"https:\/\/www.budokampsport.se\/#website\"},\"primaryImageOfPage\":{\"@id\":\"https:\/\/www.budokampsport.se\/2019\/08\/27\/hog-tid-att-anmala-sig-till-kampsportsfestivalen\/#primaryimage\"},\"image\":{\"@id\":\"https:\/\/www.budokampsport.se\/2019\/08\/27\/hog-tid-att-anmala-sig-till-kampsportsfestivalen\/#primaryimage\"},\"thumbnailUrl\":\"https:\/\/www.budokampsport.se\/wp-content\/uploads\/2019\/06\/Kampsportsfestivalen.jpg\",\"datePublished\":\"2019-08-27T10:33:00+00:00\",\"dateModified\":\"2019-08-27T10:33:02+00:00\",\"author\":{\"@id\":\"https:\/\/www.budokampsport.se\/#\/schema\/person\/5c06d81d14850e2a8ce5493386560145\"},\"description\":\"Kampsportsfestivalen \u00e5terkommer i december under Stockholmsm\u00e4ssan. Och vill ni fortfarande vara med under festivalen med er idrott \u00e4r det br\u00e5da tider. Den 1:a september \u00e4r sista datum f\u00f6r att anm\u00e4la sig.\",\"breadcrumb\":{\"@id\":\"https:\/\/www.budokampsport.se\/2019\/08\/27\/hog-tid-att-anmala-sig-till-kampsportsfestivalen\/#breadcrumb\"},\"inLanguage\":\"sv-SE\",\"potentialAction\":[{\"@type\":\"ReadAction\",\"target\":[\"https:\/\/www.budokampsport.se\/2019\/08\/27\/hog-tid-att-anmala-sig-till-kampsportsfestivalen\/\"]}]},{\"@type\":\"ImageObject\",\"inLanguage\":\"sv-SE\",\"@id\":\"https:\/\/www.budokampsport.se\/2019\/08\/27\/hog-tid-att-anmala-sig-till-kampsportsfestivalen\/#primaryimage\",\"url\":\"https:\/\/www.budokampsport.se\/wp-content\/uploads\/2019\/06\/Kampsportsfestivalen.jpg\",\"contentUrl\":\"https:\/\/www.budokampsport.se\/wp-content\/uploads\/2019\/06\/Kampsportsfestivalen.jpg\",\"width\":850,\"height\":638},{\"@type\":\"BreadcrumbList\",\"@id\":\"https:\/\/www.budokampsport.se\/2019\/08\/27\/hog-tid-att-anmala-sig-till-kampsportsfestivalen\/#breadcrumb\",\"itemListElement\":[{\"@type\":\"ListItem\",\"position\":1,\"name\":\"Hem\",\"item\":\"https:\/\/www.budokampsport.se\/\"},{\"@type\":\"ListItem\",\"position\":2,\"name\":\"H\u00f6g tid att anm\u00e4la sig till Kampsportsfestivalen\"}]},{\"@type\":\"WebSite\",\"@id\":\"https:\/\/www.budokampsport.se\/#website\",\"url\":\"https:\/\/www.budokampsport.se\/\",\"name\":\"Svenska Budo &amp; Kampsportsf\u00f6rbundet\",\"description\":\"T\u00e4vling, Tr\u00e4ning, Tradition\",\"potentialAction\":[{\"@type\":\"SearchAction\",\"target\":{\"@type\":\"EntryPoint\",\"urlTemplate\":\"https:\/\/www.budokampsport.se\/?s={search_term_string}\"},\"query-input\":{\"@type\":\"PropertyValueSpecification\",\"valueRequired\":true,\"valueName\":\"search_term_string\"}}],\"inLanguage\":\"sv-SE\"},{\"@type\":\"Person\",\"@id\":\"https:\/\/www.budokampsport.se\/#\/schema\/person\/5c06d81d14850e2a8ce5493386560145\",\"name\":\"Jonathan Broberg\",\"image\":{\"@type\":\"ImageObject\",\"inLanguage\":\"sv-SE\",\"@id\":\"https:\/\/www.budokampsport.se\/#\/schema\/person\/image\/\",\"url\":\"https:\/\/secure.gravatar.com\/avatar\/a58041c6cea9128bd9c40ee2f26d4136?s=96&d=blank&r=g\",\"contentUrl\":\"https:\/\/secure.gravatar.com\/avatar\/a58041c6cea9128bd9c40ee2f26d4136?s=96&d=blank&r=g\",\"caption\":\"Jonathan Broberg\"},\"sameAs\":[\"https:\/\/www.facebook.com\/jonathan.broberg.7\"],\"url\":\"https:\/\/www.budokampsport.se\/author\/jonathan\/\"}]}<\/script>\n<!-- \/ Yoast SEO plugin. -->","yoast_head_json":{"title":"H\u00f6g tid att anm\u00e4la sig till Kampsportsfestivalen - Svenska Budo &amp; Kampsportsf\u00f6rbundet","description":"Kampsportsfestivalen \u00e5terkommer i december under Stockholmsm\u00e4ssan. Och vill ni fortfarande vara med under festivalen med er idrott \u00e4r det br\u00e5da tider. Den 1:a september \u00e4r sista datum f\u00f6r att anm\u00e4la sig.","robots":{"index":"index","follow":"follow","max-snippet":"max-snippet:-1","max-image-preview":"max-image-preview:large","max-video-preview":"max-video-preview:-1"},"canonical":"https:\/\/www.budokampsport.se\/2019\/08\/27\/hog-tid-att-anmala-sig-till-kampsportsfestivalen\/","og_locale":"sv_SE","og_type":"article","og_title":"H\u00f6g tid att anm\u00e4la sig till Kampsportsfestivalen - Svenska Budo &amp; Kampsportsf\u00f6rbundet","og_description":"Kampsportsfestivalen \u00e5terkommer i december under Stockholmsm\u00e4ssan. Och vill ni fortfarande vara med under festivalen med er idrott \u00e4r det br\u00e5da tider. Den 1:a september \u00e4r sista datum f\u00f6r att anm\u00e4la sig.","og_url":"https:\/\/www.budokampsport.se\/2019\/08\/27\/hog-tid-att-anmala-sig-till-kampsportsfestivalen\/","og_site_name":"Svenska Budo &amp; Kampsportsf\u00f6rbundet","article_author":"https:\/\/www.facebook.com\/jonathan.broberg.7","article_published_time":"2019-08-27T10:33:00+00:00","article_modified_time":"2019-08-27T10:33:02+00:00","og_image":[{"width":850,"height":638,"url":"https:\/\/www.budokampsport.se\/wp-content\/uploads\/2019\/06\/Kampsportsfestivalen.jpg","type":"image\/jpeg"}],"author":"Jonathan Broberg","twitter_card":"summary_large_image","twitter_misc":{"Skriven av":"Jonathan Broberg"},"schema":{"@context":"https:\/\/schema.org","@graph":[{"@type":"Article","@id":"https:\/\/www.budokampsport.se\/2019\/08\/27\/hog-tid-att-anmala-sig-till-kampsportsfestivalen\/#article","isPartOf":{"@id":"https:\/\/www.budokampsport.se\/2019\/08\/27\/hog-tid-att-anmala-sig-till-kampsportsfestivalen\/"},"author":{"name":"Jonathan Broberg","@id":"https:\/\/www.budokampsport.se\/#\/schema\/person\/5c06d81d14850e2a8ce5493386560145"},"headline":"H\u00f6g tid att anm\u00e4la sig till Kampsportsfestivalen","datePublished":"2019-08-27T10:33:00+00:00","dateModified":"2019-08-27T10:33:02+00:00","mainEntityOfPage":{"@id":"https:\/\/www.budokampsport.se\/2019\/08\/27\/hog-tid-att-anmala-sig-till-kampsportsfestivalen\/"},"wordCount":72,"commentCount":0,"image":{"@id":"https:\/\/www.budokampsport.se\/2019\/08\/27\/hog-tid-att-anmala-sig-till-kampsportsfestivalen\/#primaryimage"},"thumbnailUrl":"https:\/\/www.budokampsport.se\/wp-content\/uploads\/2019\/06\/Kampsportsfestivalen.jpg","inLanguage":"sv-SE","potentialAction":[{"@type":"CommentAction","name":"Comment","target":["https:\/\/www.budokampsport.se\/2019\/08\/27\/hog-tid-att-anmala-sig-till-kampsportsfestivalen\/#respond"]}]},{"@type":"WebPage","@id":"https:\/\/www.budokampsport.se\/2019\/08\/27\/hog-tid-att-anmala-sig-till-kampsportsfestivalen\/","url":"https:\/\/www.budokampsport.se\/2019\/08\/27\/hog-tid-att-anmala-sig-till-kampsportsfestivalen\/","name":"H\u00f6g tid att anm\u00e4la sig till Kampsportsfestivalen - Svenska Budo &amp; Kampsportsf\u00f6rbundet","isPartOf":{"@id":"https:\/\/www.budokampsport.se\/#website"},"primaryImageOfPage":{"@id":"https:\/\/www.budokampsport.se\/2019\/08\/27\/hog-tid-att-anmala-sig-till-kampsportsfestivalen\/#primaryimage"},"image":{"@id":"https:\/\/www.budokampsport.se\/2019\/08\/27\/hog-tid-att-anmala-sig-till-kampsportsfestivalen\/#primaryimage"},"thumbnailUrl":"https:\/\/www.budokampsport.se\/wp-content\/uploads\/2019\/06\/Kampsportsfestivalen.jpg","datePublished":"2019-08-27T10:33:00+00:00","dateModified":"2019-08-27T10:33:02+00:00","author":{"@id":"https:\/\/www.budokampsport.se\/#\/schema\/person\/5c06d81d14850e2a8ce5493386560145"},"description":"Kampsportsfestivalen \u00e5terkommer i december under Stockholmsm\u00e4ssan. Och vill ni fortfarande vara med under festivalen med er idrott \u00e4r det br\u00e5da tider. Den 1:a september \u00e4r sista datum f\u00f6r att anm\u00e4la sig.","breadcrumb":{"@id":"https:\/\/www.budokampsport.se\/2019\/08\/27\/hog-tid-att-anmala-sig-till-kampsportsfestivalen\/#breadcrumb"},"inLanguage":"sv-SE","potentialAction":[{"@type":"ReadAction","target":["https:\/\/www.budokampsport.se\/2019\/08\/27\/hog-tid-att-anmala-sig-till-kampsportsfestivalen\/"]}]},{"@type":"ImageObject","inLanguage":"sv-SE","@id":"https:\/\/www.budokampsport.se\/2019\/08\/27\/hog-tid-att-anmala-sig-till-kampsportsfestivalen\/#primaryimage","url":"https:\/\/www.budokampsport.se\/wp-content\/uploads\/2019\/06\/Kampsportsfestivalen.jpg","contentUrl":"https:\/\/www.budokampsport.se\/wp-content\/uploads\/2019\/06\/Kampsportsfestivalen.jpg","width":850,"height":638},{"@type":"BreadcrumbList","@id":"https:\/\/www.budokampsport.se\/2019\/08\/27\/hog-tid-att-anmala-sig-till-kampsportsfestivalen\/#breadcrumb","itemListElement":[{"@type":"ListItem","position":1,"name":"Hem","item":"https:\/\/www.budokampsport.se\/"},{"@type":"ListItem","position":2,"name":"H\u00f6g tid att anm\u00e4la sig till Kampsportsfestivalen"}]},{"@type":"WebSite","@id":"https:\/\/www.budokampsport.se\/#website","url":"https:\/\/www.budokampsport.se\/","name":"Svenska Budo &amp; Kampsportsf\u00f6rbundet","description":"T\u00e4vling, Tr\u00e4ning, Tradition","potentialAction":[{"@type":"SearchAction","target":{"@type":"EntryPoint","urlTemplate":"https:\/\/www.budokampsport.se\/?s={search_term_string}"},"query-input":{"@type":"PropertyValueSpecification","valueRequired":true,"valueName":"search_term_string"}}],"inLanguage":"sv-SE"},{"@type":"Person","@id":"https:\/\/www.budokampsport.se\/#\/schema\/person\/5c06d81d14850e2a8ce5493386560145","name":"Jonathan Broberg","image":{"@type":"ImageObject","inLanguage":"sv-SE","@id":"https:\/\/www.budokampsport.se\/#\/schema\/person\/image\/","url":"https:\/\/secure.gravatar.com\/avatar\/a58041c6cea9128bd9c40ee2f26d4136?s=96&d=blank&r=g","contentUrl":"https:\/\/secure.gravatar.com\/avatar\/a58041c6cea9128bd9c40ee2f26d4136?s=96&d=blank&r=g","caption":"Jonathan Broberg"},"sameAs":["https:\/\/www.facebook.com\/jonathan.broberg.7"],"url":"https:\/\/www.budokampsport.se\/author\/jonathan\/"}]}},"_links":{"self":[{"href":"https:\/\/www.budokampsport.se\/api\/wp\/v2\/posts\/105168","targetHints":{"allow":["GET"]}}],"collection":[{"href":"https:\/\/www.budokampsport.se\/api\/wp\/v2\/posts"}],"about":[{"href":"https:\/\/www.budokampsport.se\/api\/wp\/v2\/types\/post"}],"author":[{"embeddable":true,"href":"https:\/\/www.budokampsport.se\/api\/wp\/v2\/users\/7"}],"replies":[{"embeddable":true,"href":"https:\/\/www.budokampsport.se\/api\/wp\/v2\/comments?post=105168"}],"version-history":[{"count":0,"href":"https:\/\/www.budokampsport.se\/api\/wp\/v2\/posts\/105168\/revisions"}],"wp:featuredmedia":[{"embeddable":true,"href":"https:\/\/www.budokampsport.se\/api\/wp\/v2\/media\/101513"}],"wp:attachment":[{"href":"https:\/\/www.budokampsport.se\/api\/wp\/v2\/media?parent=105168"}],"wp:term":[{"taxonomy":"category","embeddable":true,"href":"https:\/\/www.budokampsport.se\/api\/wp\/v2\/categories?post=105168"},{"taxonomy":"post_tag","embeddable":true,"href":"https:\/\/www.budokampsport.se\/api\/wp\/v2\/tags?post=105168"}],"curies":[{"name":"wp","href":"https:\/\/api.w.org\/{rel}","templated":true}]}}