{"id":105253,"date":"2019-08-28T10:34:16","date_gmt":"2019-08-28T08:34:16","guid":{"rendered":"https:\/\/www.budokampsport.se\/?p=105253"},"modified":"2019-08-28T10:34:18","modified_gmt":"2019-08-28T08:34:18","slug":"krav-pa-registerutdrag-fran-2020","status":"publish","type":"post","link":"https:\/\/www.budokampsport.se\/2019\/08\/28\/krav-pa-registerutdrag-fran-2020\/","title":{"rendered":"Krav p\u00e5 registerutdrag fr\u00e5n 2020"},"content":{"rendered":"\n<p>S\u00e5 h\u00e4r st\u00e5r det p\u00e5 RF:s sida tryggidrott.<br \/><br \/>\u201dRiksidrottsm\u00f6tet 2019 tog beslut om\u00a0<strong>att f\u00f6reningar ska beg\u00e4ra begr\u00e4nsat registerutdrag<\/strong>\u00a0ur belastningsregistret f\u00f6r den som anst\u00e4lls, har uppdrag i f\u00f6reningen och d\u00e4r har direkt och regelbunden kontakt med barn.\u00a0<strong>Beslutet tr\u00e4der i kraft den 1 januari 2020<\/strong>.\u202fRegisterutdrag ska alltid ske vid nytills\u00e4ttningar.<a href=\"https:\/\/idrottonline.se\/Riksidrottsforbundet\/Arbetsrum\/riksidrottsmotet\/Nyheter\/viktigpusselbitforentryggareidrott\"><br \/><\/a><\/p>\n<p>F\u00f6reningen \u00e4r ansvarig f\u00f6r att kontrollen genomf\u00f6rs. Det \u00e4r d\u00e4remot den enskilde ledaren som beg\u00e4r utdrag fr\u00e5n Polisen och uppvisar det f\u00f6r sin f\u00f6rening. F\u00f6reningen ska kontrollera utdraget och dokumentera att kontrollen har genomf\u00f6rts. Inga utdrag ska arkiveras av f\u00f6reningen.<\/p>\n<p>Att beg\u00e4ra in utdragen \u00e4r en del av ett f\u00f6rebyggande arbete och n\u00e5got som b\u00f6r g\u00e4lla lika f\u00f6r alla, oavsett hur l\u00e4nge en person verkat i en f\u00f6rening eller hur v\u00e4l man k\u00e4nner varandra.\u201d<br \/><br \/><a href=\"https:\/\/www.rf.se\/RFarbetarmed\/Tryggidrott\/fragorochsvaromregisterutdrag\/\">Om du beh\u00f6ver mer information, klicka h\u00e4r.<\/a><\/p>\n","protected":false},"excerpt":{"rendered":"<p>Riksidrottsm\u00f6tet beslutade tidigare i v\u00e5ras om att f\u00f6reningar ska beg\u00e4ra begr\u00e4nsat registerutdrag ur belastningsregistret f\u00f6r den som anst\u00e4lls, har uppdrag i f\u00f6reningen och d\u00e4r har direkt och regelbunden kontakt med barn. Beslutet tr\u00e4der i kraft 1:a januari 2020<\/p><br>","protected":false},"author":7,"featured_media":41755,"comment_status":"open","ping_status":"open","sticky":false,"template":"","format":"standard","meta":{"_acf_changed":false,"footnotes":""},"categories":[1],"tags":[],"class_list":["post-105253","post","type-post","status-publish","format-standard","has-post-thumbnail","hentry","category-okategoriserade"],"acf":[],"yoast_head":"<!-- This site is optimized with the Yoast SEO plugin v26.8 - https:\/\/yoast.com\/product\/yoast-seo-wordpress\/ -->\n<title>Krav p\u00e5 registerutdrag fr\u00e5n 2020 - Svenska Budo &amp; Kampsportsf\u00f6rbundet<\/title>\n<meta name=\"description\" content=\"Riksidrottsm\u00f6tet beslutade tidigare i v\u00e5ras om att f\u00f6reningar ska beg\u00e4ra begr\u00e4nsat registerutdrag ur belastningsregistret f\u00f6r den som anst\u00e4lls, har uppdrag i f\u00f6reningen och d\u00e4r har direkt och regelbunden kontakt med barn. Beslutet tr\u00e4der i kraft 1:a januari 2020\" \/>\n<meta name=\"robots\" content=\"index, follow, max-snippet:-1, max-image-preview:large, max-video-preview:-1\" \/>\n<link rel=\"canonical\" href=\"https:\/\/www.budokampsport.se\/2019\/08\/28\/krav-pa-registerutdrag-fran-2020\/\" \/>\n<meta property=\"og:locale\" content=\"sv_SE\" \/>\n<meta property=\"og:type\" content=\"article\" \/>\n<meta property=\"og:title\" content=\"Krav p\u00e5 registerutdrag fr\u00e5n 2020 - Svenska Budo &amp; Kampsportsf\u00f6rbundet\" \/>\n<meta property=\"og:description\" content=\"Riksidrottsm\u00f6tet beslutade tidigare i v\u00e5ras om att f\u00f6reningar ska beg\u00e4ra begr\u00e4nsat registerutdrag ur belastningsregistret f\u00f6r den som anst\u00e4lls, har uppdrag i f\u00f6reningen och d\u00e4r har direkt och regelbunden kontakt med barn. Beslutet tr\u00e4der i kraft 1:a januari 2020\" \/>\n<meta property=\"og:url\" content=\"https:\/\/www.budokampsport.se\/2019\/08\/28\/krav-pa-registerutdrag-fran-2020\/\" \/>\n<meta property=\"og:site_name\" content=\"Svenska Budo &amp; Kampsportsf\u00f6rbundet\" \/>\n<meta property=\"article:author\" content=\"https:\/\/www.facebook.com\/jonathan.broberg.7\" \/>\n<meta property=\"article:published_time\" content=\"2019-08-28T08:34:16+00:00\" \/>\n<meta property=\"article:modified_time\" content=\"2019-08-28T08:34:18+00:00\" \/>\n<meta property=\"og:image\" content=\"https:\/\/www.budokampsport.se\/wp-content\/uploads\/2017\/03\/tsuba_notext_cmyk_copy-e1489765726565.jpg\" \/>\n\t<meta property=\"og:image:width\" content=\"400\" \/>\n\t<meta property=\"og:image:height\" content=\"319\" \/>\n\t<meta property=\"og:image:type\" content=\"image\/jpeg\" \/>\n<meta name=\"author\" content=\"Jonathan Broberg\" \/>\n<meta name=\"twitter:card\" content=\"summary_large_image\" \/>\n<meta name=\"twitter:label1\" content=\"Skriven av\" \/>\n\t<meta name=\"twitter:data1\" content=\"Jonathan Broberg\" \/>\n\t<meta name=\"twitter:label2\" content=\"Ber\u00e4knad l\u00e4stid\" \/>\n\t<meta name=\"twitter:data2\" content=\"1 minut\" \/>\n<script type=\"application\/ld+json\" class=\"yoast-schema-graph\">{\"@context\":\"https:\/\/schema.org\",\"@graph\":[{\"@type\":\"Article\",\"@id\":\"https:\/\/www.budokampsport.se\/2019\/08\/28\/krav-pa-registerutdrag-fran-2020\/#article\",\"isPartOf\":{\"@id\":\"https:\/\/www.budokampsport.se\/2019\/08\/28\/krav-pa-registerutdrag-fran-2020\/\"},\"author\":{\"name\":\"Jonathan Broberg\",\"@id\":\"https:\/\/www.budokampsport.se\/#\/schema\/person\/5c06d81d14850e2a8ce5493386560145\"},\"headline\":\"Krav p\u00e5 registerutdrag fr\u00e5n 2020\",\"datePublished\":\"2019-08-28T08:34:16+00:00\",\"dateModified\":\"2019-08-28T08:34:18+00:00\",\"mainEntityOfPage\":{\"@id\":\"https:\/\/www.budokampsport.se\/2019\/08\/28\/krav-pa-registerutdrag-fran-2020\/\"},\"wordCount\":171,\"commentCount\":0,\"image\":{\"@id\":\"https:\/\/www.budokampsport.se\/2019\/08\/28\/krav-pa-registerutdrag-fran-2020\/#primaryimage\"},\"thumbnailUrl\":\"https:\/\/www.budokampsport.se\/wp-content\/uploads\/2017\/03\/tsuba_notext_cmyk_copy-e1489765726565.jpg\",\"inLanguage\":\"sv-SE\",\"potentialAction\":[{\"@type\":\"CommentAction\",\"name\":\"Comment\",\"target\":[\"https:\/\/www.budokampsport.se\/2019\/08\/28\/krav-pa-registerutdrag-fran-2020\/#respond\"]}]},{\"@type\":\"WebPage\",\"@id\":\"https:\/\/www.budokampsport.se\/2019\/08\/28\/krav-pa-registerutdrag-fran-2020\/\",\"url\":\"https:\/\/www.budokampsport.se\/2019\/08\/28\/krav-pa-registerutdrag-fran-2020\/\",\"name\":\"Krav p\u00e5 registerutdrag fr\u00e5n 2020 - Svenska Budo &amp; Kampsportsf\u00f6rbundet\",\"isPartOf\":{\"@id\":\"https:\/\/www.budokampsport.se\/#website\"},\"primaryImageOfPage\":{\"@id\":\"https:\/\/www.budokampsport.se\/2019\/08\/28\/krav-pa-registerutdrag-fran-2020\/#primaryimage\"},\"image\":{\"@id\":\"https:\/\/www.budokampsport.se\/2019\/08\/28\/krav-pa-registerutdrag-fran-2020\/#primaryimage\"},\"thumbnailUrl\":\"https:\/\/www.budokampsport.se\/wp-content\/uploads\/2017\/03\/tsuba_notext_cmyk_copy-e1489765726565.jpg\",\"datePublished\":\"2019-08-28T08:34:16+00:00\",\"dateModified\":\"2019-08-28T08:34:18+00:00\",\"author\":{\"@id\":\"https:\/\/www.budokampsport.se\/#\/schema\/person\/5c06d81d14850e2a8ce5493386560145\"},\"description\":\"Riksidrottsm\u00f6tet beslutade tidigare i v\u00e5ras om att f\u00f6reningar ska beg\u00e4ra begr\u00e4nsat registerutdrag ur belastningsregistret f\u00f6r den som anst\u00e4lls, har uppdrag i f\u00f6reningen och d\u00e4r har direkt och regelbunden kontakt med barn. Beslutet tr\u00e4der i kraft 1:a januari 2020\",\"breadcrumb\":{\"@id\":\"https:\/\/www.budokampsport.se\/2019\/08\/28\/krav-pa-registerutdrag-fran-2020\/#breadcrumb\"},\"inLanguage\":\"sv-SE\",\"potentialAction\":[{\"@type\":\"ReadAction\",\"target\":[\"https:\/\/www.budokampsport.se\/2019\/08\/28\/krav-pa-registerutdrag-fran-2020\/\"]}]},{\"@type\":\"ImageObject\",\"inLanguage\":\"sv-SE\",\"@id\":\"https:\/\/www.budokampsport.se\/2019\/08\/28\/krav-pa-registerutdrag-fran-2020\/#primaryimage\",\"url\":\"https:\/\/www.budokampsport.se\/wp-content\/uploads\/2017\/03\/tsuba_notext_cmyk_copy-e1489765726565.jpg\",\"contentUrl\":\"https:\/\/www.budokampsport.se\/wp-content\/uploads\/2017\/03\/tsuba_notext_cmyk_copy-e1489765726565.jpg\",\"width\":400,\"height\":319},{\"@type\":\"BreadcrumbList\",\"@id\":\"https:\/\/www.budokampsport.se\/2019\/08\/28\/krav-pa-registerutdrag-fran-2020\/#breadcrumb\",\"itemListElement\":[{\"@type\":\"ListItem\",\"position\":1,\"name\":\"Hem\",\"item\":\"https:\/\/www.budokampsport.se\/\"},{\"@type\":\"ListItem\",\"position\":2,\"name\":\"Krav p\u00e5 registerutdrag fr\u00e5n 2020\"}]},{\"@type\":\"WebSite\",\"@id\":\"https:\/\/www.budokampsport.se\/#website\",\"url\":\"https:\/\/www.budokampsport.se\/\",\"name\":\"Svenska Budo &amp; Kampsportsf\u00f6rbundet\",\"description\":\"T\u00e4vling, Tr\u00e4ning, Tradition\",\"potentialAction\":[{\"@type\":\"SearchAction\",\"target\":{\"@type\":\"EntryPoint\",\"urlTemplate\":\"https:\/\/www.budokampsport.se\/?s={search_term_string}\"},\"query-input\":{\"@type\":\"PropertyValueSpecification\",\"valueRequired\":true,\"valueName\":\"search_term_string\"}}],\"inLanguage\":\"sv-SE\"},{\"@type\":\"Person\",\"@id\":\"https:\/\/www.budokampsport.se\/#\/schema\/person\/5c06d81d14850e2a8ce5493386560145\",\"name\":\"Jonathan Broberg\",\"image\":{\"@type\":\"ImageObject\",\"inLanguage\":\"sv-SE\",\"@id\":\"https:\/\/www.budokampsport.se\/#\/schema\/person\/image\/\",\"url\":\"https:\/\/secure.gravatar.com\/avatar\/a58041c6cea9128bd9c40ee2f26d4136?s=96&d=blank&r=g\",\"contentUrl\":\"https:\/\/secure.gravatar.com\/avatar\/a58041c6cea9128bd9c40ee2f26d4136?s=96&d=blank&r=g\",\"caption\":\"Jonathan Broberg\"},\"sameAs\":[\"https:\/\/www.facebook.com\/jonathan.broberg.7\"],\"url\":\"https:\/\/www.budokampsport.se\/author\/jonathan\/\"}]}<\/script>\n<!-- \/ Yoast SEO plugin. -->","yoast_head_json":{"title":"Krav p\u00e5 registerutdrag fr\u00e5n 2020 - Svenska Budo &amp; Kampsportsf\u00f6rbundet","description":"Riksidrottsm\u00f6tet beslutade tidigare i v\u00e5ras om att f\u00f6reningar ska beg\u00e4ra begr\u00e4nsat registerutdrag ur belastningsregistret f\u00f6r den som anst\u00e4lls, har uppdrag i f\u00f6reningen och d\u00e4r har direkt och regelbunden kontakt med barn. Beslutet tr\u00e4der i kraft 1:a januari 2020","robots":{"index":"index","follow":"follow","max-snippet":"max-snippet:-1","max-image-preview":"max-image-preview:large","max-video-preview":"max-video-preview:-1"},"canonical":"https:\/\/www.budokampsport.se\/2019\/08\/28\/krav-pa-registerutdrag-fran-2020\/","og_locale":"sv_SE","og_type":"article","og_title":"Krav p\u00e5 registerutdrag fr\u00e5n 2020 - Svenska Budo &amp; Kampsportsf\u00f6rbundet","og_description":"Riksidrottsm\u00f6tet beslutade tidigare i v\u00e5ras om att f\u00f6reningar ska beg\u00e4ra begr\u00e4nsat registerutdrag ur belastningsregistret f\u00f6r den som anst\u00e4lls, har uppdrag i f\u00f6reningen och d\u00e4r har direkt och regelbunden kontakt med barn. Beslutet tr\u00e4der i kraft 1:a januari 2020","og_url":"https:\/\/www.budokampsport.se\/2019\/08\/28\/krav-pa-registerutdrag-fran-2020\/","og_site_name":"Svenska Budo &amp; Kampsportsf\u00f6rbundet","article_author":"https:\/\/www.facebook.com\/jonathan.broberg.7","article_published_time":"2019-08-28T08:34:16+00:00","article_modified_time":"2019-08-28T08:34:18+00:00","og_image":[{"width":400,"height":319,"url":"https:\/\/www.budokampsport.se\/wp-content\/uploads\/2017\/03\/tsuba_notext_cmyk_copy-e1489765726565.jpg","type":"image\/jpeg"}],"author":"Jonathan Broberg","twitter_card":"summary_large_image","twitter_misc":{"Skriven av":"Jonathan Broberg","Ber\u00e4knad l\u00e4stid":"1 minut"},"schema":{"@context":"https:\/\/schema.org","@graph":[{"@type":"Article","@id":"https:\/\/www.budokampsport.se\/2019\/08\/28\/krav-pa-registerutdrag-fran-2020\/#article","isPartOf":{"@id":"https:\/\/www.budokampsport.se\/2019\/08\/28\/krav-pa-registerutdrag-fran-2020\/"},"author":{"name":"Jonathan Broberg","@id":"https:\/\/www.budokampsport.se\/#\/schema\/person\/5c06d81d14850e2a8ce5493386560145"},"headline":"Krav p\u00e5 registerutdrag fr\u00e5n 2020","datePublished":"2019-08-28T08:34:16+00:00","dateModified":"2019-08-28T08:34:18+00:00","mainEntityOfPage":{"@id":"https:\/\/www.budokampsport.se\/2019\/08\/28\/krav-pa-registerutdrag-fran-2020\/"},"wordCount":171,"commentCount":0,"image":{"@id":"https:\/\/www.budokampsport.se\/2019\/08\/28\/krav-pa-registerutdrag-fran-2020\/#primaryimage"},"thumbnailUrl":"https:\/\/www.budokampsport.se\/wp-content\/uploads\/2017\/03\/tsuba_notext_cmyk_copy-e1489765726565.jpg","inLanguage":"sv-SE","potentialAction":[{"@type":"CommentAction","name":"Comment","target":["https:\/\/www.budokampsport.se\/2019\/08\/28\/krav-pa-registerutdrag-fran-2020\/#respond"]}]},{"@type":"WebPage","@id":"https:\/\/www.budokampsport.se\/2019\/08\/28\/krav-pa-registerutdrag-fran-2020\/","url":"https:\/\/www.budokampsport.se\/2019\/08\/28\/krav-pa-registerutdrag-fran-2020\/","name":"Krav p\u00e5 registerutdrag fr\u00e5n 2020 - Svenska Budo &amp; Kampsportsf\u00f6rbundet","isPartOf":{"@id":"https:\/\/www.budokampsport.se\/#website"},"primaryImageOfPage":{"@id":"https:\/\/www.budokampsport.se\/2019\/08\/28\/krav-pa-registerutdrag-fran-2020\/#primaryimage"},"image":{"@id":"https:\/\/www.budokampsport.se\/2019\/08\/28\/krav-pa-registerutdrag-fran-2020\/#primaryimage"},"thumbnailUrl":"https:\/\/www.budokampsport.se\/wp-content\/uploads\/2017\/03\/tsuba_notext_cmyk_copy-e1489765726565.jpg","datePublished":"2019-08-28T08:34:16+00:00","dateModified":"2019-08-28T08:34:18+00:00","author":{"@id":"https:\/\/www.budokampsport.se\/#\/schema\/person\/5c06d81d14850e2a8ce5493386560145"},"description":"Riksidrottsm\u00f6tet beslutade tidigare i v\u00e5ras om att f\u00f6reningar ska beg\u00e4ra begr\u00e4nsat registerutdrag ur belastningsregistret f\u00f6r den som anst\u00e4lls, har uppdrag i f\u00f6reningen och d\u00e4r har direkt och regelbunden kontakt med barn. Beslutet tr\u00e4der i kraft 1:a januari 2020","breadcrumb":{"@id":"https:\/\/www.budokampsport.se\/2019\/08\/28\/krav-pa-registerutdrag-fran-2020\/#breadcrumb"},"inLanguage":"sv-SE","potentialAction":[{"@type":"ReadAction","target":["https:\/\/www.budokampsport.se\/2019\/08\/28\/krav-pa-registerutdrag-fran-2020\/"]}]},{"@type":"ImageObject","inLanguage":"sv-SE","@id":"https:\/\/www.budokampsport.se\/2019\/08\/28\/krav-pa-registerutdrag-fran-2020\/#primaryimage","url":"https:\/\/www.budokampsport.se\/wp-content\/uploads\/2017\/03\/tsuba_notext_cmyk_copy-e1489765726565.jpg","contentUrl":"https:\/\/www.budokampsport.se\/wp-content\/uploads\/2017\/03\/tsuba_notext_cmyk_copy-e1489765726565.jpg","width":400,"height":319},{"@type":"BreadcrumbList","@id":"https:\/\/www.budokampsport.se\/2019\/08\/28\/krav-pa-registerutdrag-fran-2020\/#breadcrumb","itemListElement":[{"@type":"ListItem","position":1,"name":"Hem","item":"https:\/\/www.budokampsport.se\/"},{"@type":"ListItem","position":2,"name":"Krav p\u00e5 registerutdrag fr\u00e5n 2020"}]},{"@type":"WebSite","@id":"https:\/\/www.budokampsport.se\/#website","url":"https:\/\/www.budokampsport.se\/","name":"Svenska Budo &amp; Kampsportsf\u00f6rbundet","description":"T\u00e4vling, Tr\u00e4ning, Tradition","potentialAction":[{"@type":"SearchAction","target":{"@type":"EntryPoint","urlTemplate":"https:\/\/www.budokampsport.se\/?s={search_term_string}"},"query-input":{"@type":"PropertyValueSpecification","valueRequired":true,"valueName":"search_term_string"}}],"inLanguage":"sv-SE"},{"@type":"Person","@id":"https:\/\/www.budokampsport.se\/#\/schema\/person\/5c06d81d14850e2a8ce5493386560145","name":"Jonathan Broberg","image":{"@type":"ImageObject","inLanguage":"sv-SE","@id":"https:\/\/www.budokampsport.se\/#\/schema\/person\/image\/","url":"https:\/\/secure.gravatar.com\/avatar\/a58041c6cea9128bd9c40ee2f26d4136?s=96&d=blank&r=g","contentUrl":"https:\/\/secure.gravatar.com\/avatar\/a58041c6cea9128bd9c40ee2f26d4136?s=96&d=blank&r=g","caption":"Jonathan Broberg"},"sameAs":["https:\/\/www.facebook.com\/jonathan.broberg.7"],"url":"https:\/\/www.budokampsport.se\/author\/jonathan\/"}]}},"_links":{"self":[{"href":"https:\/\/www.budokampsport.se\/api\/wp\/v2\/posts\/105253","targetHints":{"allow":["GET"]}}],"collection":[{"href":"https:\/\/www.budokampsport.se\/api\/wp\/v2\/posts"}],"about":[{"href":"https:\/\/www.budokampsport.se\/api\/wp\/v2\/types\/post"}],"author":[{"embeddable":true,"href":"https:\/\/www.budokampsport.se\/api\/wp\/v2\/users\/7"}],"replies":[{"embeddable":true,"href":"https:\/\/www.budokampsport.se\/api\/wp\/v2\/comments?post=105253"}],"version-history":[{"count":0,"href":"https:\/\/www.budokampsport.se\/api\/wp\/v2\/posts\/105253\/revisions"}],"wp:featuredmedia":[{"embeddable":true,"href":"https:\/\/www.budokampsport.se\/api\/wp\/v2\/media\/41755"}],"wp:attachment":[{"href":"https:\/\/www.budokampsport.se\/api\/wp\/v2\/media?parent=105253"}],"wp:term":[{"taxonomy":"category","embeddable":true,"href":"https:\/\/www.budokampsport.se\/api\/wp\/v2\/categories?post=105253"},{"taxonomy":"post_tag","embeddable":true,"href":"https:\/\/www.budokampsport.se\/api\/wp\/v2\/tags?post=105253"}],"curies":[{"name":"wp","href":"https:\/\/api.w.org\/{rel}","templated":true}]}}