{"id":106465,"date":"2019-09-10T14:41:40","date_gmt":"2019-09-10T12:41:40","guid":{"rendered":"https:\/\/www.budokampsport.se\/?p=106465"},"modified":"2019-09-10T14:42:16","modified_gmt":"2019-09-10T12:42:16","slug":"ar-ni-nojda-med-er-lokal","status":"publish","type":"post","link":"https:\/\/www.budokampsport.se\/2019\/09\/10\/ar-ni-nojda-med-er-lokal\/","title":{"rendered":"\u00c4r ni n\u00f6jda med er lokal?"},"content":{"rendered":"\n<p><a href=\"http:\/\/www.stockholmsidrotten.se\/\" target=\"_blank\" rel=\"noopener noreferrer\">Stockholms Idrottsf\u00f6rbund<\/a>\u00a0 g\u00f6r en kartl\u00e4ggning av kampsporternas anl\u00e4ggningssituation i Stockholmsdistriktet och har d\u00e4rf\u00f6r anlitat konsultf\u00f6retaget Sweco f\u00f6r att g\u00f6ra denna utredning.<\/p>\n<p>Kampsporten f\u00f6r en ganska undanskymd tillvaro och ofta n\u00e5gon annanstans \u00e4n i kommunernas lokaler. Historiskt \u00e4r kampsporten van att s\u00f6ka egna l\u00f6sningar och egna lokaler och inte alltid i tillfredsst\u00e4llande milj\u00f6er.<\/p>\n<p>Enligt Riksidrottsf\u00f6rbundets databas IdrottOnline finns 347 f\u00f6reningar i distriktet som \u00e4gnar sig \u00e5t kampsport i n\u00e5gon av de sex olika specialidrottsf\u00f6rbunden boxning, brottning, budo- och kampsport, judo, karate och taekwondo. Kampsporterna st\u00e5r f\u00f6r cirka 13 procent av de LOK-st\u00f6dsber\u00e4ttigade idrottsliga aktiviteterna i distriktet. Som st\u00f6dorganisation vill Stockholms Idrottsf\u00f6rbund d\u00e4rf\u00f6r veta mer om under vilka f\u00f6ruts\u00e4ttningar som kampsportsf\u00f6reningarna verkar i.<\/p>\n<p>Distriktets \u00f6nskan \u00e4r att varje f\u00f6rening fyller i nedanst\u00e5ende enk\u00e4t. Samtliga specialdistriktsf\u00f6rbund, SDF, \u00e4r tillfr\u00e5gade och kommer att ing\u00e5 i referensgruppen f\u00f6r Kampsportsutredningen. F\u00f6rutom enk\u00e4ten kommer tolv f\u00f6reningar och fem kommuner att intervjuas.<\/p>\n<p>Rapporten ska vara klar i december 2019. Efter det anv\u00e4nds rapporten som underlag f\u00f6r hur akt\u00f6rerna gemensamt g\u00e5r vidare.<\/p>\n<p><strong>L\u00e4nk till enk\u00e4ten<\/strong> (svara senast 11 oktober)<br \/><a href=\"https:\/\/reply.surveygenerator.com\/go.aspx?U=36768iVnuftL86vqKE8SG\" target=\"_blank\" rel=\"noopener noreferrer\">https:\/\/reply.surveygenerator.com\/go.aspx?U=36768iVnuftL86vqKE8SG<\/a><\/p>\n<p>F\u00f6r fr\u00e5gor, kontakta <a href=\"mailto:henrik.scholdstrom@stockholmsidrotten.se\">henrik.scholdstrom@stockholmsidrotten.se<\/a><br \/>Eller s\u00e5 kontaktar du en representant i <a href=\"http:\/\/sthlmbudokampsport.se\/\" target=\"_blank\" rel=\"noopener noreferrer\">Stockholm- Gotlands Budo &amp; Kampsportsf\u00f6rbund<\/a>.\u00a0<br \/><br \/>Text &amp; Foto: Stockholmsidrotten<\/p>\n","protected":false},"excerpt":{"rendered":"<p>Stockholms Idrottsf\u00f6rbund\u00a0 g\u00f6r en kartl\u00e4ggning av kampsporternas anl\u00e4ggningssituation i Stockholmsdistriktet [&#8230;]<\/p><br>","protected":false},"author":47,"featured_media":106466,"comment_status":"open","ping_status":"open","sticky":false,"template":"","format":"standard","meta":{"_acf_changed":false,"footnotes":""},"categories":[419],"tags":[],"class_list":["post-106465","post","type-post","status-publish","format-standard","has-post-thumbnail","hentry","category-distrikt"],"acf":[],"yoast_head":"<!-- This site is optimized with the Yoast SEO plugin v26.8 - https:\/\/yoast.com\/product\/yoast-seo-wordpress\/ -->\n<title>\u00c4r ni n\u00f6jda med er lokal? - Svenska Budo &amp; Kampsportsf\u00f6rbundet<\/title>\n<meta name=\"description\" content=\"Stockholms Idrottsf\u00f6rbund\u00a0 g\u00f6r en kartl\u00e4ggning av kampsporternas anl\u00e4ggningssituation i Stockholmsdistriktet och har d\u00e4rf\u00f6r anlitat konsultf\u00f6retaget Sweco\" \/>\n<meta name=\"robots\" content=\"index, follow, max-snippet:-1, max-image-preview:large, max-video-preview:-1\" \/>\n<link rel=\"canonical\" href=\"https:\/\/www.budokampsport.se\/2019\/09\/10\/ar-ni-nojda-med-er-lokal\/\" \/>\n<meta property=\"og:locale\" content=\"sv_SE\" \/>\n<meta property=\"og:type\" content=\"article\" \/>\n<meta property=\"og:title\" content=\"\u00c4r ni n\u00f6jda med er lokal? - Svenska Budo &amp; Kampsportsf\u00f6rbundet\" \/>\n<meta property=\"og:description\" content=\"Stockholms Idrottsf\u00f6rbund\u00a0 g\u00f6r en kartl\u00e4ggning av kampsporternas anl\u00e4ggningssituation i Stockholmsdistriktet och har d\u00e4rf\u00f6r anlitat konsultf\u00f6retaget Sweco\" \/>\n<meta property=\"og:url\" content=\"https:\/\/www.budokampsport.se\/2019\/09\/10\/ar-ni-nojda-med-er-lokal\/\" \/>\n<meta property=\"og:site_name\" content=\"Svenska Budo &amp; Kampsportsf\u00f6rbundet\" \/>\n<meta property=\"article:published_time\" content=\"2019-09-10T12:41:40+00:00\" \/>\n<meta property=\"article:modified_time\" content=\"2019-09-10T12:42:16+00:00\" \/>\n<meta property=\"og:image\" content=\"https:\/\/www.budokampsport.se\/wp-content\/uploads\/2019\/09\/Foto-Stockholmsidrotten-e1625212082566.jpg\" \/>\n\t<meta property=\"og:image:width\" content=\"850\" \/>\n\t<meta property=\"og:image:height\" content=\"493\" \/>\n\t<meta property=\"og:image:type\" content=\"image\/jpeg\" \/>\n<meta name=\"author\" content=\"Sofia Arnbom\" \/>\n<meta name=\"twitter:card\" content=\"summary_large_image\" \/>\n<meta name=\"twitter:label1\" content=\"Skriven av\" \/>\n\t<meta name=\"twitter:data1\" content=\"Sofia Arnbom\" \/>\n\t<meta name=\"twitter:label2\" content=\"Ber\u00e4knad l\u00e4stid\" \/>\n\t<meta name=\"twitter:data2\" content=\"1 minut\" \/>\n<script type=\"application\/ld+json\" class=\"yoast-schema-graph\">{\"@context\":\"https:\/\/schema.org\",\"@graph\":[{\"@type\":\"Article\",\"@id\":\"https:\/\/www.budokampsport.se\/2019\/09\/10\/ar-ni-nojda-med-er-lokal\/#article\",\"isPartOf\":{\"@id\":\"https:\/\/www.budokampsport.se\/2019\/09\/10\/ar-ni-nojda-med-er-lokal\/\"},\"author\":{\"name\":\"Sofia Arnbom\",\"@id\":\"https:\/\/www.budokampsport.se\/#\/schema\/person\/666f754cfbc6f9a83a8c253cd24ad660\"},\"headline\":\"\u00c4r ni n\u00f6jda med er lokal?\",\"datePublished\":\"2019-09-10T12:41:40+00:00\",\"dateModified\":\"2019-09-10T12:42:16+00:00\",\"mainEntityOfPage\":{\"@id\":\"https:\/\/www.budokampsport.se\/2019\/09\/10\/ar-ni-nojda-med-er-lokal\/\"},\"wordCount\":254,\"commentCount\":0,\"image\":{\"@id\":\"https:\/\/www.budokampsport.se\/2019\/09\/10\/ar-ni-nojda-med-er-lokal\/#primaryimage\"},\"thumbnailUrl\":\"https:\/\/www.budokampsport.se\/wp-content\/uploads\/2019\/09\/Foto-Stockholmsidrotten-e1625212082566.jpg\",\"articleSection\":[\"Distrikt\"],\"inLanguage\":\"sv-SE\",\"potentialAction\":[{\"@type\":\"CommentAction\",\"name\":\"Comment\",\"target\":[\"https:\/\/www.budokampsport.se\/2019\/09\/10\/ar-ni-nojda-med-er-lokal\/#respond\"]}]},{\"@type\":\"WebPage\",\"@id\":\"https:\/\/www.budokampsport.se\/2019\/09\/10\/ar-ni-nojda-med-er-lokal\/\",\"url\":\"https:\/\/www.budokampsport.se\/2019\/09\/10\/ar-ni-nojda-med-er-lokal\/\",\"name\":\"\u00c4r ni n\u00f6jda med er lokal? - Svenska Budo &amp; Kampsportsf\u00f6rbundet\",\"isPartOf\":{\"@id\":\"https:\/\/www.budokampsport.se\/#website\"},\"primaryImageOfPage\":{\"@id\":\"https:\/\/www.budokampsport.se\/2019\/09\/10\/ar-ni-nojda-med-er-lokal\/#primaryimage\"},\"image\":{\"@id\":\"https:\/\/www.budokampsport.se\/2019\/09\/10\/ar-ni-nojda-med-er-lokal\/#primaryimage\"},\"thumbnailUrl\":\"https:\/\/www.budokampsport.se\/wp-content\/uploads\/2019\/09\/Foto-Stockholmsidrotten-e1625212082566.jpg\",\"datePublished\":\"2019-09-10T12:41:40+00:00\",\"dateModified\":\"2019-09-10T12:42:16+00:00\",\"author\":{\"@id\":\"https:\/\/www.budokampsport.se\/#\/schema\/person\/666f754cfbc6f9a83a8c253cd24ad660\"},\"description\":\"Stockholms Idrottsf\u00f6rbund\u00a0 g\u00f6r en kartl\u00e4ggning av kampsporternas anl\u00e4ggningssituation i Stockholmsdistriktet och har d\u00e4rf\u00f6r anlitat konsultf\u00f6retaget Sweco\",\"breadcrumb\":{\"@id\":\"https:\/\/www.budokampsport.se\/2019\/09\/10\/ar-ni-nojda-med-er-lokal\/#breadcrumb\"},\"inLanguage\":\"sv-SE\",\"potentialAction\":[{\"@type\":\"ReadAction\",\"target\":[\"https:\/\/www.budokampsport.se\/2019\/09\/10\/ar-ni-nojda-med-er-lokal\/\"]}]},{\"@type\":\"ImageObject\",\"inLanguage\":\"sv-SE\",\"@id\":\"https:\/\/www.budokampsport.se\/2019\/09\/10\/ar-ni-nojda-med-er-lokal\/#primaryimage\",\"url\":\"https:\/\/www.budokampsport.se\/wp-content\/uploads\/2019\/09\/Foto-Stockholmsidrotten-e1625212082566.jpg\",\"contentUrl\":\"https:\/\/www.budokampsport.se\/wp-content\/uploads\/2019\/09\/Foto-Stockholmsidrotten-e1625212082566.jpg\",\"width\":850,\"height\":493},{\"@type\":\"BreadcrumbList\",\"@id\":\"https:\/\/www.budokampsport.se\/2019\/09\/10\/ar-ni-nojda-med-er-lokal\/#breadcrumb\",\"itemListElement\":[{\"@type\":\"ListItem\",\"position\":1,\"name\":\"Hem\",\"item\":\"https:\/\/www.budokampsport.se\/\"},{\"@type\":\"ListItem\",\"position\":2,\"name\":\"\u00c4r ni n\u00f6jda med er lokal?\"}]},{\"@type\":\"WebSite\",\"@id\":\"https:\/\/www.budokampsport.se\/#website\",\"url\":\"https:\/\/www.budokampsport.se\/\",\"name\":\"Svenska Budo &amp; Kampsportsf\u00f6rbundet\",\"description\":\"T\u00e4vling, Tr\u00e4ning, Tradition\",\"potentialAction\":[{\"@type\":\"SearchAction\",\"target\":{\"@type\":\"EntryPoint\",\"urlTemplate\":\"https:\/\/www.budokampsport.se\/?s={search_term_string}\"},\"query-input\":{\"@type\":\"PropertyValueSpecification\",\"valueRequired\":true,\"valueName\":\"search_term_string\"}}],\"inLanguage\":\"sv-SE\"},{\"@type\":\"Person\",\"@id\":\"https:\/\/www.budokampsport.se\/#\/schema\/person\/666f754cfbc6f9a83a8c253cd24ad660\",\"name\":\"Sofia Arnbom\",\"image\":{\"@type\":\"ImageObject\",\"inLanguage\":\"sv-SE\",\"@id\":\"https:\/\/www.budokampsport.se\/#\/schema\/person\/image\/\",\"url\":\"https:\/\/secure.gravatar.com\/avatar\/a69f673c99635f06ea6cb1eb10ca7e92?s=96&d=blank&r=g\",\"contentUrl\":\"https:\/\/secure.gravatar.com\/avatar\/a69f673c99635f06ea6cb1eb10ca7e92?s=96&d=blank&r=g\",\"caption\":\"Sofia Arnbom\"},\"url\":\"https:\/\/www.budokampsport.se\/author\/sofia-arnbom\/\"}]}<\/script>\n<!-- \/ Yoast SEO plugin. -->","yoast_head_json":{"title":"\u00c4r ni n\u00f6jda med er lokal? - Svenska Budo &amp; Kampsportsf\u00f6rbundet","description":"Stockholms Idrottsf\u00f6rbund\u00a0 g\u00f6r en kartl\u00e4ggning av kampsporternas anl\u00e4ggningssituation i Stockholmsdistriktet och har d\u00e4rf\u00f6r anlitat konsultf\u00f6retaget Sweco","robots":{"index":"index","follow":"follow","max-snippet":"max-snippet:-1","max-image-preview":"max-image-preview:large","max-video-preview":"max-video-preview:-1"},"canonical":"https:\/\/www.budokampsport.se\/2019\/09\/10\/ar-ni-nojda-med-er-lokal\/","og_locale":"sv_SE","og_type":"article","og_title":"\u00c4r ni n\u00f6jda med er lokal? - Svenska Budo &amp; Kampsportsf\u00f6rbundet","og_description":"Stockholms Idrottsf\u00f6rbund\u00a0 g\u00f6r en kartl\u00e4ggning av kampsporternas anl\u00e4ggningssituation i Stockholmsdistriktet och har d\u00e4rf\u00f6r anlitat konsultf\u00f6retaget Sweco","og_url":"https:\/\/www.budokampsport.se\/2019\/09\/10\/ar-ni-nojda-med-er-lokal\/","og_site_name":"Svenska Budo &amp; Kampsportsf\u00f6rbundet","article_published_time":"2019-09-10T12:41:40+00:00","article_modified_time":"2019-09-10T12:42:16+00:00","og_image":[{"width":850,"height":493,"url":"https:\/\/www.budokampsport.se\/wp-content\/uploads\/2019\/09\/Foto-Stockholmsidrotten-e1625212082566.jpg","type":"image\/jpeg"}],"author":"Sofia Arnbom","twitter_card":"summary_large_image","twitter_misc":{"Skriven av":"Sofia Arnbom","Ber\u00e4knad l\u00e4stid":"1 minut"},"schema":{"@context":"https:\/\/schema.org","@graph":[{"@type":"Article","@id":"https:\/\/www.budokampsport.se\/2019\/09\/10\/ar-ni-nojda-med-er-lokal\/#article","isPartOf":{"@id":"https:\/\/www.budokampsport.se\/2019\/09\/10\/ar-ni-nojda-med-er-lokal\/"},"author":{"name":"Sofia Arnbom","@id":"https:\/\/www.budokampsport.se\/#\/schema\/person\/666f754cfbc6f9a83a8c253cd24ad660"},"headline":"\u00c4r ni n\u00f6jda med er lokal?","datePublished":"2019-09-10T12:41:40+00:00","dateModified":"2019-09-10T12:42:16+00:00","mainEntityOfPage":{"@id":"https:\/\/www.budokampsport.se\/2019\/09\/10\/ar-ni-nojda-med-er-lokal\/"},"wordCount":254,"commentCount":0,"image":{"@id":"https:\/\/www.budokampsport.se\/2019\/09\/10\/ar-ni-nojda-med-er-lokal\/#primaryimage"},"thumbnailUrl":"https:\/\/www.budokampsport.se\/wp-content\/uploads\/2019\/09\/Foto-Stockholmsidrotten-e1625212082566.jpg","articleSection":["Distrikt"],"inLanguage":"sv-SE","potentialAction":[{"@type":"CommentAction","name":"Comment","target":["https:\/\/www.budokampsport.se\/2019\/09\/10\/ar-ni-nojda-med-er-lokal\/#respond"]}]},{"@type":"WebPage","@id":"https:\/\/www.budokampsport.se\/2019\/09\/10\/ar-ni-nojda-med-er-lokal\/","url":"https:\/\/www.budokampsport.se\/2019\/09\/10\/ar-ni-nojda-med-er-lokal\/","name":"\u00c4r ni n\u00f6jda med er lokal? - Svenska Budo &amp; Kampsportsf\u00f6rbundet","isPartOf":{"@id":"https:\/\/www.budokampsport.se\/#website"},"primaryImageOfPage":{"@id":"https:\/\/www.budokampsport.se\/2019\/09\/10\/ar-ni-nojda-med-er-lokal\/#primaryimage"},"image":{"@id":"https:\/\/www.budokampsport.se\/2019\/09\/10\/ar-ni-nojda-med-er-lokal\/#primaryimage"},"thumbnailUrl":"https:\/\/www.budokampsport.se\/wp-content\/uploads\/2019\/09\/Foto-Stockholmsidrotten-e1625212082566.jpg","datePublished":"2019-09-10T12:41:40+00:00","dateModified":"2019-09-10T12:42:16+00:00","author":{"@id":"https:\/\/www.budokampsport.se\/#\/schema\/person\/666f754cfbc6f9a83a8c253cd24ad660"},"description":"Stockholms Idrottsf\u00f6rbund\u00a0 g\u00f6r en kartl\u00e4ggning av kampsporternas anl\u00e4ggningssituation i Stockholmsdistriktet och har d\u00e4rf\u00f6r anlitat konsultf\u00f6retaget Sweco","breadcrumb":{"@id":"https:\/\/www.budokampsport.se\/2019\/09\/10\/ar-ni-nojda-med-er-lokal\/#breadcrumb"},"inLanguage":"sv-SE","potentialAction":[{"@type":"ReadAction","target":["https:\/\/www.budokampsport.se\/2019\/09\/10\/ar-ni-nojda-med-er-lokal\/"]}]},{"@type":"ImageObject","inLanguage":"sv-SE","@id":"https:\/\/www.budokampsport.se\/2019\/09\/10\/ar-ni-nojda-med-er-lokal\/#primaryimage","url":"https:\/\/www.budokampsport.se\/wp-content\/uploads\/2019\/09\/Foto-Stockholmsidrotten-e1625212082566.jpg","contentUrl":"https:\/\/www.budokampsport.se\/wp-content\/uploads\/2019\/09\/Foto-Stockholmsidrotten-e1625212082566.jpg","width":850,"height":493},{"@type":"BreadcrumbList","@id":"https:\/\/www.budokampsport.se\/2019\/09\/10\/ar-ni-nojda-med-er-lokal\/#breadcrumb","itemListElement":[{"@type":"ListItem","position":1,"name":"Hem","item":"https:\/\/www.budokampsport.se\/"},{"@type":"ListItem","position":2,"name":"\u00c4r ni n\u00f6jda med er lokal?"}]},{"@type":"WebSite","@id":"https:\/\/www.budokampsport.se\/#website","url":"https:\/\/www.budokampsport.se\/","name":"Svenska Budo &amp; Kampsportsf\u00f6rbundet","description":"T\u00e4vling, Tr\u00e4ning, Tradition","potentialAction":[{"@type":"SearchAction","target":{"@type":"EntryPoint","urlTemplate":"https:\/\/www.budokampsport.se\/?s={search_term_string}"},"query-input":{"@type":"PropertyValueSpecification","valueRequired":true,"valueName":"search_term_string"}}],"inLanguage":"sv-SE"},{"@type":"Person","@id":"https:\/\/www.budokampsport.se\/#\/schema\/person\/666f754cfbc6f9a83a8c253cd24ad660","name":"Sofia Arnbom","image":{"@type":"ImageObject","inLanguage":"sv-SE","@id":"https:\/\/www.budokampsport.se\/#\/schema\/person\/image\/","url":"https:\/\/secure.gravatar.com\/avatar\/a69f673c99635f06ea6cb1eb10ca7e92?s=96&d=blank&r=g","contentUrl":"https:\/\/secure.gravatar.com\/avatar\/a69f673c99635f06ea6cb1eb10ca7e92?s=96&d=blank&r=g","caption":"Sofia Arnbom"},"url":"https:\/\/www.budokampsport.se\/author\/sofia-arnbom\/"}]}},"_links":{"self":[{"href":"https:\/\/www.budokampsport.se\/api\/wp\/v2\/posts\/106465","targetHints":{"allow":["GET"]}}],"collection":[{"href":"https:\/\/www.budokampsport.se\/api\/wp\/v2\/posts"}],"about":[{"href":"https:\/\/www.budokampsport.se\/api\/wp\/v2\/types\/post"}],"author":[{"embeddable":true,"href":"https:\/\/www.budokampsport.se\/api\/wp\/v2\/users\/47"}],"replies":[{"embeddable":true,"href":"https:\/\/www.budokampsport.se\/api\/wp\/v2\/comments?post=106465"}],"version-history":[{"count":0,"href":"https:\/\/www.budokampsport.se\/api\/wp\/v2\/posts\/106465\/revisions"}],"wp:featuredmedia":[{"embeddable":true,"href":"https:\/\/www.budokampsport.se\/api\/wp\/v2\/media\/106466"}],"wp:attachment":[{"href":"https:\/\/www.budokampsport.se\/api\/wp\/v2\/media?parent=106465"}],"wp:term":[{"taxonomy":"category","embeddable":true,"href":"https:\/\/www.budokampsport.se\/api\/wp\/v2\/categories?post=106465"},{"taxonomy":"post_tag","embeddable":true,"href":"https:\/\/www.budokampsport.se\/api\/wp\/v2\/tags?post=106465"}],"curies":[{"name":"wp","href":"https:\/\/api.w.org\/{rel}","templated":true}]}}