{"id":106642,"date":"2019-09-12T11:17:37","date_gmt":"2019-09-12T09:17:37","guid":{"rendered":"https:\/\/www.budokampsport.se\/?p=106642"},"modified":"2020-02-10T11:10:16","modified_gmt":"2020-02-10T10:10:16","slug":"motoriq-pa-the-international-physical-literacy-conference","status":"publish","type":"post","link":"https:\/\/www.budokampsport.se\/2019\/09\/12\/motoriq-pa-the-international-physical-literacy-conference\/","title":{"rendered":"MotoriQ p\u00e5 The International Physical Literacy Conference"},"content":{"rendered":"\r\n<p>Flertalet organisationer anordnade f\u00f6redrag och workshops n\u00e4r The International Physical Literacy Conference Europe arrangerades i Ume\u00e5 i mitten av september. Internationella ledare i \u00e4mnet delade sina best practise och ber\u00e4ttade hur arbetet med physical literacy utvecklats v\u00e4rlden \u00f6ver.<\/p>\r\n<p>Representanter fr\u00e5n MotoriQ var p\u00e5 plats f\u00f6r att h\u00e5lla f\u00f6redrag och presentera ett kommande projekt.\u00a0<\/p>\r\n","protected":false},"excerpt":{"rendered":"<p>Flertalet organisationer anordnade f\u00f6redrag och workshops n\u00e4r The International Physical [&#8230;]<\/p><br>","protected":false},"author":120,"featured_media":117300,"comment_status":"open","ping_status":"open","sticky":false,"template":"","format":"standard","meta":{"_acf_changed":false,"footnotes":""},"categories":[461,413],"tags":[],"class_list":["post-106642","post","type-post","status-publish","format-standard","has-post-thumbnail","hentry","category-budokampsport-tv","category-motoriq"],"acf":[],"yoast_head":"<!-- This site is optimized with the Yoast SEO plugin v26.8 - https:\/\/yoast.com\/product\/yoast-seo-wordpress\/ -->\n<title>MotoriQ p\u00e5 The International Physical Literacy Conference - Svenska Budo &amp; Kampsportsf\u00f6rbundet<\/title>\n<meta name=\"description\" content=\"Flertalet organisationer anordnade f\u00f6redrag och workshops n\u00e4r The International Physical Literacy Conference Europe arrangerades i Ume\u00e5 i mitten av\" \/>\n<meta name=\"robots\" content=\"index, follow, max-snippet:-1, max-image-preview:large, max-video-preview:-1\" \/>\n<link rel=\"canonical\" href=\"https:\/\/www.budokampsport.se\/2019\/09\/12\/motoriq-pa-the-international-physical-literacy-conference\/\" \/>\n<meta property=\"og:locale\" content=\"sv_SE\" \/>\n<meta property=\"og:type\" content=\"article\" \/>\n<meta property=\"og:title\" content=\"MotoriQ p\u00e5 The International Physical Literacy Conference - Svenska Budo &amp; Kampsportsf\u00f6rbundet\" \/>\n<meta property=\"og:description\" content=\"Flertalet organisationer anordnade f\u00f6redrag och workshops n\u00e4r The International Physical Literacy Conference Europe arrangerades i Ume\u00e5 i mitten av\" \/>\n<meta property=\"og:url\" content=\"https:\/\/www.budokampsport.se\/2019\/09\/12\/motoriq-pa-the-international-physical-literacy-conference\/\" \/>\n<meta property=\"og:site_name\" content=\"Svenska Budo &amp; Kampsportsf\u00f6rbundet\" \/>\n<meta property=\"article:published_time\" content=\"2019-09-12T09:17:37+00:00\" \/>\n<meta property=\"article:modified_time\" content=\"2020-02-10T10:10:16+00:00\" \/>\n<meta property=\"og:image\" content=\"https:\/\/www.budokampsport.se\/wp-content\/uploads\/2020\/02\/Bild-med-sjal-scaled-e1625212616314.jpg\" \/>\n\t<meta property=\"og:image:width\" content=\"850\" \/>\n\t<meta property=\"og:image:height\" content=\"638\" \/>\n\t<meta property=\"og:image:type\" content=\"image\/jpeg\" \/>\n<meta name=\"author\" content=\"Annie Carriage\" \/>\n<meta name=\"twitter:card\" content=\"summary_large_image\" \/>\n<meta name=\"twitter:label1\" content=\"Skriven av\" \/>\n\t<meta name=\"twitter:data1\" content=\"Annie Carriage\" \/>\n<script type=\"application\/ld+json\" class=\"yoast-schema-graph\">{\"@context\":\"https:\/\/schema.org\",\"@graph\":[{\"@type\":\"Article\",\"@id\":\"https:\/\/www.budokampsport.se\/2019\/09\/12\/motoriq-pa-the-international-physical-literacy-conference\/#article\",\"isPartOf\":{\"@id\":\"https:\/\/www.budokampsport.se\/2019\/09\/12\/motoriq-pa-the-international-physical-literacy-conference\/\"},\"author\":{\"name\":\"Annie Carriage\",\"@id\":\"https:\/\/www.budokampsport.se\/#\/schema\/person\/c838cace8171f692e363fde3f38f208b\"},\"headline\":\"MotoriQ p\u00e5 The International Physical Literacy Conference\",\"datePublished\":\"2019-09-12T09:17:37+00:00\",\"dateModified\":\"2020-02-10T10:10:16+00:00\",\"mainEntityOfPage\":{\"@id\":\"https:\/\/www.budokampsport.se\/2019\/09\/12\/motoriq-pa-the-international-physical-literacy-conference\/\"},\"wordCount\":68,\"commentCount\":0,\"image\":{\"@id\":\"https:\/\/www.budokampsport.se\/2019\/09\/12\/motoriq-pa-the-international-physical-literacy-conference\/#primaryimage\"},\"thumbnailUrl\":\"https:\/\/www.budokampsport.se\/wp-content\/uploads\/2020\/02\/Bild-med-sjal-scaled-e1625212616314.jpg\",\"articleSection\":[\"Budokampsport-TV\",\"MotoriQ\"],\"inLanguage\":\"sv-SE\",\"potentialAction\":[{\"@type\":\"CommentAction\",\"name\":\"Comment\",\"target\":[\"https:\/\/www.budokampsport.se\/2019\/09\/12\/motoriq-pa-the-international-physical-literacy-conference\/#respond\"]}]},{\"@type\":\"WebPage\",\"@id\":\"https:\/\/www.budokampsport.se\/2019\/09\/12\/motoriq-pa-the-international-physical-literacy-conference\/\",\"url\":\"https:\/\/www.budokampsport.se\/2019\/09\/12\/motoriq-pa-the-international-physical-literacy-conference\/\",\"name\":\"MotoriQ p\u00e5 The International Physical Literacy Conference - Svenska Budo &amp; Kampsportsf\u00f6rbundet\",\"isPartOf\":{\"@id\":\"https:\/\/www.budokampsport.se\/#website\"},\"primaryImageOfPage\":{\"@id\":\"https:\/\/www.budokampsport.se\/2019\/09\/12\/motoriq-pa-the-international-physical-literacy-conference\/#primaryimage\"},\"image\":{\"@id\":\"https:\/\/www.budokampsport.se\/2019\/09\/12\/motoriq-pa-the-international-physical-literacy-conference\/#primaryimage\"},\"thumbnailUrl\":\"https:\/\/www.budokampsport.se\/wp-content\/uploads\/2020\/02\/Bild-med-sjal-scaled-e1625212616314.jpg\",\"datePublished\":\"2019-09-12T09:17:37+00:00\",\"dateModified\":\"2020-02-10T10:10:16+00:00\",\"author\":{\"@id\":\"https:\/\/www.budokampsport.se\/#\/schema\/person\/c838cace8171f692e363fde3f38f208b\"},\"description\":\"Flertalet organisationer anordnade f\u00f6redrag och workshops n\u00e4r The International Physical Literacy Conference Europe arrangerades i Ume\u00e5 i mitten av\",\"breadcrumb\":{\"@id\":\"https:\/\/www.budokampsport.se\/2019\/09\/12\/motoriq-pa-the-international-physical-literacy-conference\/#breadcrumb\"},\"inLanguage\":\"sv-SE\",\"potentialAction\":[{\"@type\":\"ReadAction\",\"target\":[\"https:\/\/www.budokampsport.se\/2019\/09\/12\/motoriq-pa-the-international-physical-literacy-conference\/\"]}]},{\"@type\":\"ImageObject\",\"inLanguage\":\"sv-SE\",\"@id\":\"https:\/\/www.budokampsport.se\/2019\/09\/12\/motoriq-pa-the-international-physical-literacy-conference\/#primaryimage\",\"url\":\"https:\/\/www.budokampsport.se\/wp-content\/uploads\/2020\/02\/Bild-med-sjal-scaled-e1625212616314.jpg\",\"contentUrl\":\"https:\/\/www.budokampsport.se\/wp-content\/uploads\/2020\/02\/Bild-med-sjal-scaled-e1625212616314.jpg\",\"width\":850,\"height\":638,\"caption\":\"OLYMPUS DIGITAL CAMERA\"},{\"@type\":\"BreadcrumbList\",\"@id\":\"https:\/\/www.budokampsport.se\/2019\/09\/12\/motoriq-pa-the-international-physical-literacy-conference\/#breadcrumb\",\"itemListElement\":[{\"@type\":\"ListItem\",\"position\":1,\"name\":\"Hem\",\"item\":\"https:\/\/www.budokampsport.se\/\"},{\"@type\":\"ListItem\",\"position\":2,\"name\":\"MotoriQ p\u00e5 The International Physical Literacy Conference\"}]},{\"@type\":\"WebSite\",\"@id\":\"https:\/\/www.budokampsport.se\/#website\",\"url\":\"https:\/\/www.budokampsport.se\/\",\"name\":\"Svenska Budo &amp; Kampsportsf\u00f6rbundet\",\"description\":\"T\u00e4vling, Tr\u00e4ning, Tradition\",\"potentialAction\":[{\"@type\":\"SearchAction\",\"target\":{\"@type\":\"EntryPoint\",\"urlTemplate\":\"https:\/\/www.budokampsport.se\/?s={search_term_string}\"},\"query-input\":{\"@type\":\"PropertyValueSpecification\",\"valueRequired\":true,\"valueName\":\"search_term_string\"}}],\"inLanguage\":\"sv-SE\"},{\"@type\":\"Person\",\"@id\":\"https:\/\/www.budokampsport.se\/#\/schema\/person\/c838cace8171f692e363fde3f38f208b\",\"name\":\"Annie Carriage\",\"image\":{\"@type\":\"ImageObject\",\"inLanguage\":\"sv-SE\",\"@id\":\"https:\/\/www.budokampsport.se\/#\/schema\/person\/image\/\",\"url\":\"https:\/\/secure.gravatar.com\/avatar\/9311295560bdfbdf78365a26f7df1876?s=96&d=blank&r=g\",\"contentUrl\":\"https:\/\/secure.gravatar.com\/avatar\/9311295560bdfbdf78365a26f7df1876?s=96&d=blank&r=g\",\"caption\":\"Annie Carriage\"},\"url\":\"https:\/\/www.budokampsport.se\/author\/annie-bondefelt\/\"}]}<\/script>\n<!-- \/ Yoast SEO plugin. -->","yoast_head_json":{"title":"MotoriQ p\u00e5 The International Physical Literacy Conference - Svenska Budo &amp; Kampsportsf\u00f6rbundet","description":"Flertalet organisationer anordnade f\u00f6redrag och workshops n\u00e4r The International Physical Literacy Conference Europe arrangerades i Ume\u00e5 i mitten av","robots":{"index":"index","follow":"follow","max-snippet":"max-snippet:-1","max-image-preview":"max-image-preview:large","max-video-preview":"max-video-preview:-1"},"canonical":"https:\/\/www.budokampsport.se\/2019\/09\/12\/motoriq-pa-the-international-physical-literacy-conference\/","og_locale":"sv_SE","og_type":"article","og_title":"MotoriQ p\u00e5 The International Physical Literacy Conference - Svenska Budo &amp; Kampsportsf\u00f6rbundet","og_description":"Flertalet organisationer anordnade f\u00f6redrag och workshops n\u00e4r The International Physical Literacy Conference Europe arrangerades i Ume\u00e5 i mitten av","og_url":"https:\/\/www.budokampsport.se\/2019\/09\/12\/motoriq-pa-the-international-physical-literacy-conference\/","og_site_name":"Svenska Budo &amp; Kampsportsf\u00f6rbundet","article_published_time":"2019-09-12T09:17:37+00:00","article_modified_time":"2020-02-10T10:10:16+00:00","og_image":[{"width":850,"height":638,"url":"https:\/\/www.budokampsport.se\/wp-content\/uploads\/2020\/02\/Bild-med-sjal-scaled-e1625212616314.jpg","type":"image\/jpeg"}],"author":"Annie Carriage","twitter_card":"summary_large_image","twitter_misc":{"Skriven av":"Annie Carriage"},"schema":{"@context":"https:\/\/schema.org","@graph":[{"@type":"Article","@id":"https:\/\/www.budokampsport.se\/2019\/09\/12\/motoriq-pa-the-international-physical-literacy-conference\/#article","isPartOf":{"@id":"https:\/\/www.budokampsport.se\/2019\/09\/12\/motoriq-pa-the-international-physical-literacy-conference\/"},"author":{"name":"Annie Carriage","@id":"https:\/\/www.budokampsport.se\/#\/schema\/person\/c838cace8171f692e363fde3f38f208b"},"headline":"MotoriQ p\u00e5 The International Physical Literacy Conference","datePublished":"2019-09-12T09:17:37+00:00","dateModified":"2020-02-10T10:10:16+00:00","mainEntityOfPage":{"@id":"https:\/\/www.budokampsport.se\/2019\/09\/12\/motoriq-pa-the-international-physical-literacy-conference\/"},"wordCount":68,"commentCount":0,"image":{"@id":"https:\/\/www.budokampsport.se\/2019\/09\/12\/motoriq-pa-the-international-physical-literacy-conference\/#primaryimage"},"thumbnailUrl":"https:\/\/www.budokampsport.se\/wp-content\/uploads\/2020\/02\/Bild-med-sjal-scaled-e1625212616314.jpg","articleSection":["Budokampsport-TV","MotoriQ"],"inLanguage":"sv-SE","potentialAction":[{"@type":"CommentAction","name":"Comment","target":["https:\/\/www.budokampsport.se\/2019\/09\/12\/motoriq-pa-the-international-physical-literacy-conference\/#respond"]}]},{"@type":"WebPage","@id":"https:\/\/www.budokampsport.se\/2019\/09\/12\/motoriq-pa-the-international-physical-literacy-conference\/","url":"https:\/\/www.budokampsport.se\/2019\/09\/12\/motoriq-pa-the-international-physical-literacy-conference\/","name":"MotoriQ p\u00e5 The International Physical Literacy Conference - Svenska Budo &amp; Kampsportsf\u00f6rbundet","isPartOf":{"@id":"https:\/\/www.budokampsport.se\/#website"},"primaryImageOfPage":{"@id":"https:\/\/www.budokampsport.se\/2019\/09\/12\/motoriq-pa-the-international-physical-literacy-conference\/#primaryimage"},"image":{"@id":"https:\/\/www.budokampsport.se\/2019\/09\/12\/motoriq-pa-the-international-physical-literacy-conference\/#primaryimage"},"thumbnailUrl":"https:\/\/www.budokampsport.se\/wp-content\/uploads\/2020\/02\/Bild-med-sjal-scaled-e1625212616314.jpg","datePublished":"2019-09-12T09:17:37+00:00","dateModified":"2020-02-10T10:10:16+00:00","author":{"@id":"https:\/\/www.budokampsport.se\/#\/schema\/person\/c838cace8171f692e363fde3f38f208b"},"description":"Flertalet organisationer anordnade f\u00f6redrag och workshops n\u00e4r The International Physical Literacy Conference Europe arrangerades i Ume\u00e5 i mitten av","breadcrumb":{"@id":"https:\/\/www.budokampsport.se\/2019\/09\/12\/motoriq-pa-the-international-physical-literacy-conference\/#breadcrumb"},"inLanguage":"sv-SE","potentialAction":[{"@type":"ReadAction","target":["https:\/\/www.budokampsport.se\/2019\/09\/12\/motoriq-pa-the-international-physical-literacy-conference\/"]}]},{"@type":"ImageObject","inLanguage":"sv-SE","@id":"https:\/\/www.budokampsport.se\/2019\/09\/12\/motoriq-pa-the-international-physical-literacy-conference\/#primaryimage","url":"https:\/\/www.budokampsport.se\/wp-content\/uploads\/2020\/02\/Bild-med-sjal-scaled-e1625212616314.jpg","contentUrl":"https:\/\/www.budokampsport.se\/wp-content\/uploads\/2020\/02\/Bild-med-sjal-scaled-e1625212616314.jpg","width":850,"height":638,"caption":"OLYMPUS DIGITAL CAMERA"},{"@type":"BreadcrumbList","@id":"https:\/\/www.budokampsport.se\/2019\/09\/12\/motoriq-pa-the-international-physical-literacy-conference\/#breadcrumb","itemListElement":[{"@type":"ListItem","position":1,"name":"Hem","item":"https:\/\/www.budokampsport.se\/"},{"@type":"ListItem","position":2,"name":"MotoriQ p\u00e5 The International Physical Literacy Conference"}]},{"@type":"WebSite","@id":"https:\/\/www.budokampsport.se\/#website","url":"https:\/\/www.budokampsport.se\/","name":"Svenska Budo &amp; Kampsportsf\u00f6rbundet","description":"T\u00e4vling, Tr\u00e4ning, Tradition","potentialAction":[{"@type":"SearchAction","target":{"@type":"EntryPoint","urlTemplate":"https:\/\/www.budokampsport.se\/?s={search_term_string}"},"query-input":{"@type":"PropertyValueSpecification","valueRequired":true,"valueName":"search_term_string"}}],"inLanguage":"sv-SE"},{"@type":"Person","@id":"https:\/\/www.budokampsport.se\/#\/schema\/person\/c838cace8171f692e363fde3f38f208b","name":"Annie Carriage","image":{"@type":"ImageObject","inLanguage":"sv-SE","@id":"https:\/\/www.budokampsport.se\/#\/schema\/person\/image\/","url":"https:\/\/secure.gravatar.com\/avatar\/9311295560bdfbdf78365a26f7df1876?s=96&d=blank&r=g","contentUrl":"https:\/\/secure.gravatar.com\/avatar\/9311295560bdfbdf78365a26f7df1876?s=96&d=blank&r=g","caption":"Annie Carriage"},"url":"https:\/\/www.budokampsport.se\/author\/annie-bondefelt\/"}]}},"_links":{"self":[{"href":"https:\/\/www.budokampsport.se\/api\/wp\/v2\/posts\/106642","targetHints":{"allow":["GET"]}}],"collection":[{"href":"https:\/\/www.budokampsport.se\/api\/wp\/v2\/posts"}],"about":[{"href":"https:\/\/www.budokampsport.se\/api\/wp\/v2\/types\/post"}],"author":[{"embeddable":true,"href":"https:\/\/www.budokampsport.se\/api\/wp\/v2\/users\/120"}],"replies":[{"embeddable":true,"href":"https:\/\/www.budokampsport.se\/api\/wp\/v2\/comments?post=106642"}],"version-history":[{"count":0,"href":"https:\/\/www.budokampsport.se\/api\/wp\/v2\/posts\/106642\/revisions"}],"wp:featuredmedia":[{"embeddable":true,"href":"https:\/\/www.budokampsport.se\/api\/wp\/v2\/media\/117300"}],"wp:attachment":[{"href":"https:\/\/www.budokampsport.se\/api\/wp\/v2\/media?parent=106642"}],"wp:term":[{"taxonomy":"category","embeddable":true,"href":"https:\/\/www.budokampsport.se\/api\/wp\/v2\/categories?post=106642"},{"taxonomy":"post_tag","embeddable":true,"href":"https:\/\/www.budokampsport.se\/api\/wp\/v2\/tags?post=106642"}],"curies":[{"name":"wp","href":"https:\/\/api.w.org\/{rel}","templated":true}]}}