{"id":106810,"date":"2019-09-13T11:24:36","date_gmt":"2019-09-13T09:24:36","guid":{"rendered":"https:\/\/www.budokampsport.se\/?p=106810"},"modified":"2019-09-13T11:24:40","modified_gmt":"2019-09-13T09:24:40","slug":"erica-bjornestrand-ser-fram-emot-galan-pa-maximteatern","status":"publish","type":"post","link":"https:\/\/www.budokampsport.se\/2019\/09\/13\/erica-bjornestrand-ser-fram-emot-galan-pa-maximteatern\/","title":{"rendered":"Erica Bj\u00f6rnestrand ser fram emot galan p\u00e5 Maximteatern"},"content":{"rendered":"\n<p>Att idrott ocks\u00e5 kan vara kultur vet alla som h\u00e5ller p\u00e5 med budo och kampsport. <br \/><br \/>Det kommer ocks\u00e5 att tydligg\u00f6ras n\u00e4r thaiboxningsgalan Empire Fighting Series: The Awakening intar Maximteatern i Stockholm imorgon kv\u00e4ll.<\/p>\n\n\n\n<h2 class=\"wp-block-heading\">&#8220;Alltid kul med turnering&#8221;<\/h2>\n\n\n\n<p>En av galans huvudroller kommer Erica Bj\u00f6rnestrand fr\u00e5n \u00d6resunds Muya Thai att ha. Hon kommer att vara en av fyra som g\u00f6r upp i en turnering och f\u00f6r motst\u00e5ndet st\u00e5r Carolina Bergman, Sara Herold och Emma Stoneg\u00e5rd Abrahamsson.<br \/>&#8211; Mina f\u00f6rberedelser har mer eller mindre sett ut som vanligt, det \u00e4r ingen st\u00f6rre skillnad fr\u00e5n match till match.<br \/>&#8211; Ja, det blir sp\u00e4nnande. Det \u00e4r alltid kul med turnering. Min tanke \u00e4r att g\u00e5 tv\u00e5 matcher.<br \/><br \/>Och hon ser fram emot morgondagen.<br \/>&#8211; K\u00e4nslan \u00e4r bra och det ska bli riktigt kul att g\u00e5 in i ringen p\u00e5 en ny grym gala.<br \/><br \/><strong>Erica, vad ska bli roligast?<\/strong><br \/>&#8211; Att ta hem pokalen till Malm\u00f6.<br \/><br \/>Text: Jonathan Broberg<br \/>Foto: Benjamin Bayard<\/p>\n","protected":false},"excerpt":{"rendered":"<p>Imorgon \u00e4r det dags f\u00f6r Empire Fighting Series, som \u00e5terkommer med galan som kallas The Awakening, p\u00e5 Maximteatern n\u00e4ra Karlaplan i Stockholm imorgon. En av galans mest meriterade \u00e4r flerfaldige EM- och VM-medalj\u00f6ren Erica Bj\u00f6rnestrand.<br \/><br>&#8211; Det ska bli riktigt kul att g\u00e5 in i ringen p\u00e5 en ny grym gala, s\u00e4ger hon till budokampsport.se.<\/p><br>","protected":false},"author":7,"featured_media":67201,"comment_status":"open","ping_status":"open","sticky":false,"template":"","format":"standard","meta":{"_acf_changed":false,"footnotes":""},"categories":[1],"tags":[],"class_list":["post-106810","post","type-post","status-publish","format-standard","has-post-thumbnail","hentry","category-okategoriserade"],"acf":[],"yoast_head":"<!-- This site is optimized with the Yoast SEO plugin v26.8 - https:\/\/yoast.com\/product\/yoast-seo-wordpress\/ -->\n<title>Erica Bj\u00f6rnestrand ser fram emot galan p\u00e5 Maximteatern - Svenska Budo &amp; Kampsportsf\u00f6rbundet<\/title>\n<meta name=\"description\" content=\"Imorgon \u00e4r det dags f\u00f6r Empire Fighting Series, som \u00e5terkommer med galan som kallas The Awakening, p\u00e5 Maximteatern n\u00e4ra Karlaplan i Stockholm imorgon. En av galans mest meriterade \u00e4r flerfaldige EM- och VM-medalj\u00f6ren Erica Bj\u00f6rnestrand. - Det ska bli riktigt kul att g\u00e5 in i ringen p\u00e5 en ny grym gala, s\u00e4ger hon till budokampsport.se.\" \/>\n<meta name=\"robots\" content=\"index, follow, max-snippet:-1, max-image-preview:large, max-video-preview:-1\" \/>\n<link rel=\"canonical\" href=\"https:\/\/www.budokampsport.se\/2019\/09\/13\/erica-bjornestrand-ser-fram-emot-galan-pa-maximteatern\/\" \/>\n<meta property=\"og:locale\" content=\"sv_SE\" \/>\n<meta property=\"og:type\" content=\"article\" \/>\n<meta property=\"og:title\" content=\"Erica Bj\u00f6rnestrand ser fram emot galan p\u00e5 Maximteatern - Svenska Budo &amp; Kampsportsf\u00f6rbundet\" \/>\n<meta property=\"og:description\" content=\"Imorgon \u00e4r det dags f\u00f6r Empire Fighting Series, som \u00e5terkommer med galan som kallas The Awakening, p\u00e5 Maximteatern n\u00e4ra Karlaplan i Stockholm imorgon. En av galans mest meriterade \u00e4r flerfaldige EM- och VM-medalj\u00f6ren Erica Bj\u00f6rnestrand. - Det ska bli riktigt kul att g\u00e5 in i ringen p\u00e5 en ny grym gala, s\u00e4ger hon till budokampsport.se.\" \/>\n<meta property=\"og:url\" content=\"https:\/\/www.budokampsport.se\/2019\/09\/13\/erica-bjornestrand-ser-fram-emot-galan-pa-maximteatern\/\" \/>\n<meta property=\"og:site_name\" content=\"Svenska Budo &amp; Kampsportsf\u00f6rbundet\" \/>\n<meta property=\"article:author\" content=\"https:\/\/www.facebook.com\/jonathan.broberg.7\" \/>\n<meta property=\"article:published_time\" content=\"2019-09-13T09:24:36+00:00\" \/>\n<meta property=\"article:modified_time\" content=\"2019-09-13T09:24:40+00:00\" \/>\n<meta property=\"og:image\" content=\"https:\/\/www.budokampsport.se\/wp-content\/uploads\/2018\/03\/erica-e1624886569710.jpg\" \/>\n\t<meta property=\"og:image:width\" content=\"850\" \/>\n\t<meta property=\"og:image:height\" content=\"563\" \/>\n\t<meta property=\"og:image:type\" content=\"image\/jpeg\" \/>\n<meta name=\"author\" content=\"Jonathan Broberg\" \/>\n<meta name=\"twitter:card\" content=\"summary_large_image\" \/>\n<meta name=\"twitter:label1\" content=\"Skriven av\" \/>\n\t<meta name=\"twitter:data1\" content=\"Jonathan Broberg\" \/>\n\t<meta name=\"twitter:label2\" content=\"Ber\u00e4knad l\u00e4stid\" \/>\n\t<meta name=\"twitter:data2\" content=\"1 minut\" \/>\n<script type=\"application\/ld+json\" class=\"yoast-schema-graph\">{\"@context\":\"https:\/\/schema.org\",\"@graph\":[{\"@type\":\"Article\",\"@id\":\"https:\/\/www.budokampsport.se\/2019\/09\/13\/erica-bjornestrand-ser-fram-emot-galan-pa-maximteatern\/#article\",\"isPartOf\":{\"@id\":\"https:\/\/www.budokampsport.se\/2019\/09\/13\/erica-bjornestrand-ser-fram-emot-galan-pa-maximteatern\/\"},\"author\":{\"name\":\"Jonathan Broberg\",\"@id\":\"https:\/\/www.budokampsport.se\/#\/schema\/person\/5c06d81d14850e2a8ce5493386560145\"},\"headline\":\"Erica Bj\u00f6rnestrand ser fram emot galan p\u00e5 Maximteatern\",\"datePublished\":\"2019-09-13T09:24:36+00:00\",\"dateModified\":\"2019-09-13T09:24:40+00:00\",\"mainEntityOfPage\":{\"@id\":\"https:\/\/www.budokampsport.se\/2019\/09\/13\/erica-bjornestrand-ser-fram-emot-galan-pa-maximteatern\/\"},\"wordCount\":181,\"commentCount\":1,\"image\":{\"@id\":\"https:\/\/www.budokampsport.se\/2019\/09\/13\/erica-bjornestrand-ser-fram-emot-galan-pa-maximteatern\/#primaryimage\"},\"thumbnailUrl\":\"https:\/\/www.budokampsport.se\/wp-content\/uploads\/2018\/03\/erica-e1624886569710.jpg\",\"inLanguage\":\"sv-SE\",\"potentialAction\":[{\"@type\":\"CommentAction\",\"name\":\"Comment\",\"target\":[\"https:\/\/www.budokampsport.se\/2019\/09\/13\/erica-bjornestrand-ser-fram-emot-galan-pa-maximteatern\/#respond\"]}]},{\"@type\":\"WebPage\",\"@id\":\"https:\/\/www.budokampsport.se\/2019\/09\/13\/erica-bjornestrand-ser-fram-emot-galan-pa-maximteatern\/\",\"url\":\"https:\/\/www.budokampsport.se\/2019\/09\/13\/erica-bjornestrand-ser-fram-emot-galan-pa-maximteatern\/\",\"name\":\"Erica Bj\u00f6rnestrand ser fram emot galan p\u00e5 Maximteatern - Svenska Budo &amp; Kampsportsf\u00f6rbundet\",\"isPartOf\":{\"@id\":\"https:\/\/www.budokampsport.se\/#website\"},\"primaryImageOfPage\":{\"@id\":\"https:\/\/www.budokampsport.se\/2019\/09\/13\/erica-bjornestrand-ser-fram-emot-galan-pa-maximteatern\/#primaryimage\"},\"image\":{\"@id\":\"https:\/\/www.budokampsport.se\/2019\/09\/13\/erica-bjornestrand-ser-fram-emot-galan-pa-maximteatern\/#primaryimage\"},\"thumbnailUrl\":\"https:\/\/www.budokampsport.se\/wp-content\/uploads\/2018\/03\/erica-e1624886569710.jpg\",\"datePublished\":\"2019-09-13T09:24:36+00:00\",\"dateModified\":\"2019-09-13T09:24:40+00:00\",\"author\":{\"@id\":\"https:\/\/www.budokampsport.se\/#\/schema\/person\/5c06d81d14850e2a8ce5493386560145\"},\"description\":\"Imorgon \u00e4r det dags f\u00f6r Empire Fighting Series, som \u00e5terkommer med galan som kallas The Awakening, p\u00e5 Maximteatern n\u00e4ra Karlaplan i Stockholm imorgon. En av galans mest meriterade \u00e4r flerfaldige EM- och VM-medalj\u00f6ren Erica Bj\u00f6rnestrand. - Det ska bli riktigt kul att g\u00e5 in i ringen p\u00e5 en ny grym gala, s\u00e4ger hon till budokampsport.se.\",\"breadcrumb\":{\"@id\":\"https:\/\/www.budokampsport.se\/2019\/09\/13\/erica-bjornestrand-ser-fram-emot-galan-pa-maximteatern\/#breadcrumb\"},\"inLanguage\":\"sv-SE\",\"potentialAction\":[{\"@type\":\"ReadAction\",\"target\":[\"https:\/\/www.budokampsport.se\/2019\/09\/13\/erica-bjornestrand-ser-fram-emot-galan-pa-maximteatern\/\"]}]},{\"@type\":\"ImageObject\",\"inLanguage\":\"sv-SE\",\"@id\":\"https:\/\/www.budokampsport.se\/2019\/09\/13\/erica-bjornestrand-ser-fram-emot-galan-pa-maximteatern\/#primaryimage\",\"url\":\"https:\/\/www.budokampsport.se\/wp-content\/uploads\/2018\/03\/erica-e1624886569710.jpg\",\"contentUrl\":\"https:\/\/www.budokampsport.se\/wp-content\/uploads\/2018\/03\/erica-e1624886569710.jpg\",\"width\":850,\"height\":563,\"caption\":\"Foto: Benjamin Bayard\"},{\"@type\":\"BreadcrumbList\",\"@id\":\"https:\/\/www.budokampsport.se\/2019\/09\/13\/erica-bjornestrand-ser-fram-emot-galan-pa-maximteatern\/#breadcrumb\",\"itemListElement\":[{\"@type\":\"ListItem\",\"position\":1,\"name\":\"Hem\",\"item\":\"https:\/\/www.budokampsport.se\/\"},{\"@type\":\"ListItem\",\"position\":2,\"name\":\"Erica Bj\u00f6rnestrand ser fram emot galan p\u00e5 Maximteatern\"}]},{\"@type\":\"WebSite\",\"@id\":\"https:\/\/www.budokampsport.se\/#website\",\"url\":\"https:\/\/www.budokampsport.se\/\",\"name\":\"Svenska Budo &amp; Kampsportsf\u00f6rbundet\",\"description\":\"T\u00e4vling, Tr\u00e4ning, Tradition\",\"potentialAction\":[{\"@type\":\"SearchAction\",\"target\":{\"@type\":\"EntryPoint\",\"urlTemplate\":\"https:\/\/www.budokampsport.se\/?s={search_term_string}\"},\"query-input\":{\"@type\":\"PropertyValueSpecification\",\"valueRequired\":true,\"valueName\":\"search_term_string\"}}],\"inLanguage\":\"sv-SE\"},{\"@type\":\"Person\",\"@id\":\"https:\/\/www.budokampsport.se\/#\/schema\/person\/5c06d81d14850e2a8ce5493386560145\",\"name\":\"Jonathan Broberg\",\"image\":{\"@type\":\"ImageObject\",\"inLanguage\":\"sv-SE\",\"@id\":\"https:\/\/www.budokampsport.se\/#\/schema\/person\/image\/\",\"url\":\"https:\/\/secure.gravatar.com\/avatar\/a58041c6cea9128bd9c40ee2f26d4136?s=96&d=blank&r=g\",\"contentUrl\":\"https:\/\/secure.gravatar.com\/avatar\/a58041c6cea9128bd9c40ee2f26d4136?s=96&d=blank&r=g\",\"caption\":\"Jonathan Broberg\"},\"sameAs\":[\"https:\/\/www.facebook.com\/jonathan.broberg.7\"],\"url\":\"https:\/\/www.budokampsport.se\/author\/jonathan\/\"}]}<\/script>\n<!-- \/ Yoast SEO plugin. -->","yoast_head_json":{"title":"Erica Bj\u00f6rnestrand ser fram emot galan p\u00e5 Maximteatern - Svenska Budo &amp; Kampsportsf\u00f6rbundet","description":"Imorgon \u00e4r det dags f\u00f6r Empire Fighting Series, som \u00e5terkommer med galan som kallas The Awakening, p\u00e5 Maximteatern n\u00e4ra Karlaplan i Stockholm imorgon. En av galans mest meriterade \u00e4r flerfaldige EM- och VM-medalj\u00f6ren Erica Bj\u00f6rnestrand. - Det ska bli riktigt kul att g\u00e5 in i ringen p\u00e5 en ny grym gala, s\u00e4ger hon till budokampsport.se.","robots":{"index":"index","follow":"follow","max-snippet":"max-snippet:-1","max-image-preview":"max-image-preview:large","max-video-preview":"max-video-preview:-1"},"canonical":"https:\/\/www.budokampsport.se\/2019\/09\/13\/erica-bjornestrand-ser-fram-emot-galan-pa-maximteatern\/","og_locale":"sv_SE","og_type":"article","og_title":"Erica Bj\u00f6rnestrand ser fram emot galan p\u00e5 Maximteatern - Svenska Budo &amp; Kampsportsf\u00f6rbundet","og_description":"Imorgon \u00e4r det dags f\u00f6r Empire Fighting Series, som \u00e5terkommer med galan som kallas The Awakening, p\u00e5 Maximteatern n\u00e4ra Karlaplan i Stockholm imorgon. En av galans mest meriterade \u00e4r flerfaldige EM- och VM-medalj\u00f6ren Erica Bj\u00f6rnestrand. - Det ska bli riktigt kul att g\u00e5 in i ringen p\u00e5 en ny grym gala, s\u00e4ger hon till budokampsport.se.","og_url":"https:\/\/www.budokampsport.se\/2019\/09\/13\/erica-bjornestrand-ser-fram-emot-galan-pa-maximteatern\/","og_site_name":"Svenska Budo &amp; Kampsportsf\u00f6rbundet","article_author":"https:\/\/www.facebook.com\/jonathan.broberg.7","article_published_time":"2019-09-13T09:24:36+00:00","article_modified_time":"2019-09-13T09:24:40+00:00","og_image":[{"width":850,"height":563,"url":"https:\/\/www.budokampsport.se\/wp-content\/uploads\/2018\/03\/erica-e1624886569710.jpg","type":"image\/jpeg"}],"author":"Jonathan Broberg","twitter_card":"summary_large_image","twitter_misc":{"Skriven av":"Jonathan Broberg","Ber\u00e4knad l\u00e4stid":"1 minut"},"schema":{"@context":"https:\/\/schema.org","@graph":[{"@type":"Article","@id":"https:\/\/www.budokampsport.se\/2019\/09\/13\/erica-bjornestrand-ser-fram-emot-galan-pa-maximteatern\/#article","isPartOf":{"@id":"https:\/\/www.budokampsport.se\/2019\/09\/13\/erica-bjornestrand-ser-fram-emot-galan-pa-maximteatern\/"},"author":{"name":"Jonathan Broberg","@id":"https:\/\/www.budokampsport.se\/#\/schema\/person\/5c06d81d14850e2a8ce5493386560145"},"headline":"Erica Bj\u00f6rnestrand ser fram emot galan p\u00e5 Maximteatern","datePublished":"2019-09-13T09:24:36+00:00","dateModified":"2019-09-13T09:24:40+00:00","mainEntityOfPage":{"@id":"https:\/\/www.budokampsport.se\/2019\/09\/13\/erica-bjornestrand-ser-fram-emot-galan-pa-maximteatern\/"},"wordCount":181,"commentCount":1,"image":{"@id":"https:\/\/www.budokampsport.se\/2019\/09\/13\/erica-bjornestrand-ser-fram-emot-galan-pa-maximteatern\/#primaryimage"},"thumbnailUrl":"https:\/\/www.budokampsport.se\/wp-content\/uploads\/2018\/03\/erica-e1624886569710.jpg","inLanguage":"sv-SE","potentialAction":[{"@type":"CommentAction","name":"Comment","target":["https:\/\/www.budokampsport.se\/2019\/09\/13\/erica-bjornestrand-ser-fram-emot-galan-pa-maximteatern\/#respond"]}]},{"@type":"WebPage","@id":"https:\/\/www.budokampsport.se\/2019\/09\/13\/erica-bjornestrand-ser-fram-emot-galan-pa-maximteatern\/","url":"https:\/\/www.budokampsport.se\/2019\/09\/13\/erica-bjornestrand-ser-fram-emot-galan-pa-maximteatern\/","name":"Erica Bj\u00f6rnestrand ser fram emot galan p\u00e5 Maximteatern - Svenska Budo &amp; Kampsportsf\u00f6rbundet","isPartOf":{"@id":"https:\/\/www.budokampsport.se\/#website"},"primaryImageOfPage":{"@id":"https:\/\/www.budokampsport.se\/2019\/09\/13\/erica-bjornestrand-ser-fram-emot-galan-pa-maximteatern\/#primaryimage"},"image":{"@id":"https:\/\/www.budokampsport.se\/2019\/09\/13\/erica-bjornestrand-ser-fram-emot-galan-pa-maximteatern\/#primaryimage"},"thumbnailUrl":"https:\/\/www.budokampsport.se\/wp-content\/uploads\/2018\/03\/erica-e1624886569710.jpg","datePublished":"2019-09-13T09:24:36+00:00","dateModified":"2019-09-13T09:24:40+00:00","author":{"@id":"https:\/\/www.budokampsport.se\/#\/schema\/person\/5c06d81d14850e2a8ce5493386560145"},"description":"Imorgon \u00e4r det dags f\u00f6r Empire Fighting Series, som \u00e5terkommer med galan som kallas The Awakening, p\u00e5 Maximteatern n\u00e4ra Karlaplan i Stockholm imorgon. En av galans mest meriterade \u00e4r flerfaldige EM- och VM-medalj\u00f6ren Erica Bj\u00f6rnestrand. - Det ska bli riktigt kul att g\u00e5 in i ringen p\u00e5 en ny grym gala, s\u00e4ger hon till budokampsport.se.","breadcrumb":{"@id":"https:\/\/www.budokampsport.se\/2019\/09\/13\/erica-bjornestrand-ser-fram-emot-galan-pa-maximteatern\/#breadcrumb"},"inLanguage":"sv-SE","potentialAction":[{"@type":"ReadAction","target":["https:\/\/www.budokampsport.se\/2019\/09\/13\/erica-bjornestrand-ser-fram-emot-galan-pa-maximteatern\/"]}]},{"@type":"ImageObject","inLanguage":"sv-SE","@id":"https:\/\/www.budokampsport.se\/2019\/09\/13\/erica-bjornestrand-ser-fram-emot-galan-pa-maximteatern\/#primaryimage","url":"https:\/\/www.budokampsport.se\/wp-content\/uploads\/2018\/03\/erica-e1624886569710.jpg","contentUrl":"https:\/\/www.budokampsport.se\/wp-content\/uploads\/2018\/03\/erica-e1624886569710.jpg","width":850,"height":563,"caption":"Foto: Benjamin Bayard"},{"@type":"BreadcrumbList","@id":"https:\/\/www.budokampsport.se\/2019\/09\/13\/erica-bjornestrand-ser-fram-emot-galan-pa-maximteatern\/#breadcrumb","itemListElement":[{"@type":"ListItem","position":1,"name":"Hem","item":"https:\/\/www.budokampsport.se\/"},{"@type":"ListItem","position":2,"name":"Erica Bj\u00f6rnestrand ser fram emot galan p\u00e5 Maximteatern"}]},{"@type":"WebSite","@id":"https:\/\/www.budokampsport.se\/#website","url":"https:\/\/www.budokampsport.se\/","name":"Svenska Budo &amp; Kampsportsf\u00f6rbundet","description":"T\u00e4vling, Tr\u00e4ning, Tradition","potentialAction":[{"@type":"SearchAction","target":{"@type":"EntryPoint","urlTemplate":"https:\/\/www.budokampsport.se\/?s={search_term_string}"},"query-input":{"@type":"PropertyValueSpecification","valueRequired":true,"valueName":"search_term_string"}}],"inLanguage":"sv-SE"},{"@type":"Person","@id":"https:\/\/www.budokampsport.se\/#\/schema\/person\/5c06d81d14850e2a8ce5493386560145","name":"Jonathan Broberg","image":{"@type":"ImageObject","inLanguage":"sv-SE","@id":"https:\/\/www.budokampsport.se\/#\/schema\/person\/image\/","url":"https:\/\/secure.gravatar.com\/avatar\/a58041c6cea9128bd9c40ee2f26d4136?s=96&d=blank&r=g","contentUrl":"https:\/\/secure.gravatar.com\/avatar\/a58041c6cea9128bd9c40ee2f26d4136?s=96&d=blank&r=g","caption":"Jonathan Broberg"},"sameAs":["https:\/\/www.facebook.com\/jonathan.broberg.7"],"url":"https:\/\/www.budokampsport.se\/author\/jonathan\/"}]}},"_links":{"self":[{"href":"https:\/\/www.budokampsport.se\/api\/wp\/v2\/posts\/106810","targetHints":{"allow":["GET"]}}],"collection":[{"href":"https:\/\/www.budokampsport.se\/api\/wp\/v2\/posts"}],"about":[{"href":"https:\/\/www.budokampsport.se\/api\/wp\/v2\/types\/post"}],"author":[{"embeddable":true,"href":"https:\/\/www.budokampsport.se\/api\/wp\/v2\/users\/7"}],"replies":[{"embeddable":true,"href":"https:\/\/www.budokampsport.se\/api\/wp\/v2\/comments?post=106810"}],"version-history":[{"count":0,"href":"https:\/\/www.budokampsport.se\/api\/wp\/v2\/posts\/106810\/revisions"}],"wp:featuredmedia":[{"embeddable":true,"href":"https:\/\/www.budokampsport.se\/api\/wp\/v2\/media\/67201"}],"wp:attachment":[{"href":"https:\/\/www.budokampsport.se\/api\/wp\/v2\/media?parent=106810"}],"wp:term":[{"taxonomy":"category","embeddable":true,"href":"https:\/\/www.budokampsport.se\/api\/wp\/v2\/categories?post=106810"},{"taxonomy":"post_tag","embeddable":true,"href":"https:\/\/www.budokampsport.se\/api\/wp\/v2\/tags?post=106810"}],"curies":[{"name":"wp","href":"https:\/\/api.w.org\/{rel}","templated":true}]}}