{"id":108056,"date":"2019-10-01T10:47:37","date_gmt":"2019-10-01T08:47:37","guid":{"rendered":"https:\/\/www.budokampsport.se\/?p=108056"},"modified":"2024-07-04T11:11:44","modified_gmt":"2024-07-04T09:11:44","slug":"ivar-salomonson-ser-fram-emot-em-i-padded-solo-baston","status":"publish","type":"post","link":"https:\/\/www.budokampsport.se\/2019\/10\/01\/ivar-salomonson-ser-fram-emot-em-i-padded-solo-baston\/","title":{"rendered":"Ivar Salomonson ser fram emot EM i Padded Solo Baston"},"content":{"rendered":"\r\n<p>Padded Solo Baston \u00e4r en gren i FMA, som \u00e4r samlingstermen f\u00f6r filippinska kamparter. <br \/>\r\n<br \/>\r\nOm knappa tv\u00e5 veckor \u00e4r det EM i M\u00f6lndal. Ivar Salomonson, 29, fr\u00e5n G\u00f6teborg kommer att t\u00e4vla i Male division under m\u00e4sterskapet. Och han \u00e4r positiv till att det h\u00e5lls p\u00e5 svensk mark.<br \/>\r\n&#8211; Det ska bli v\u00e4ldigt roligt. Jag har varit lite sjuk ett tag s\u00e5 jag hoppas att jag \u00e4r fullt frisk n\u00e4r EM \u00e4r. Jag ser mycket fram emot det h\u00e4r. Det \u00e4r en r\u00e4tt ny t\u00e4vlingsform och en ganska liten idrott, men det \u00e4r j\u00e4tteroligt att det h\u00e5lls i Sverige.<\/p>\r\n\r\n\r\n<h2 class=\"wp-block-heading\">&#8220;Medalj hade ju varit kul&#8221;<\/h2>\r\n\r\n\r\n<p>N\u00e4r m\u00e4sterskapet nu \u00e4r bara ett par veckor bort b\u00f6rjar uppladdningen p\u00e5 allvar ta form. Salomonson, som ifjol \u00e4ven t\u00e4vlade under VM i Finland, tar det hela med ro.<br \/>\r\n&#8211; De h\u00e4r dagarna som \u00e4r kvar kommer jag tr\u00e4na s\u00e5 mycket som m\u00f6jligt och jag kommer att slipa p\u00e5 min strategi. Det \u00e4r viktigt att vara mentalt f\u00f6rberedd.<br \/>\r\n<br \/>\r\nDu var ju med i VM i Finland, hj\u00e4lper det till n\u00e5got i den mentala f\u00f6rberedelsen?<br \/>\r\n&#8211; Ja, det tror jag att jag har nytta av. Jag vet lite vad jag kan f\u00f6rv\u00e4nta mig.<br \/>\r\n&#8211; Jag vill g\u00e5 in och g\u00f6ra s\u00e5 bra ifr\u00e5n mig som jag kan. Jag har inga h\u00f6ga krav p\u00e5 mig sj\u00e4lv. Jag g\u00e5r in och k\u00e4nner p\u00e5 det men det \u00e4r klart att medalj hade ju varit kul.<\/p>\r\n\r\n\r\n<h2 class=\"wp-block-heading\">Fakta, Ivar Salomonson<\/h2>\r\n\r\n\r\n<p><strong>\u00c5lder:<\/strong>\u00a029\u00a0<br \/>\r\n<strong>Bor:<\/strong>\u00a0G\u00f6teborg<br \/>\r\n<strong>Klubb:<\/strong>\u00a0Kombatan G\u00f6teborg IF<br \/>\r\n<strong>Division under EM:<\/strong>\u00a0Male<br \/>\r\n<strong>Beskrivning:<\/strong>\u00a0Var, som ende svensk, med i VM i Finland 2018 och gjorde bra ifr\u00e5n sig. \u00c4r beslutsam, lugn och strategisk.<br \/>\r\n<br \/>\r\nText: Jonathan Broberg<br \/>\r\nFoto: Ivar Salomonsson<\/p>\r\n","protected":false},"excerpt":{"rendered":"<p>Den 5:e oktober, l\u00f6rdag, \u00e4r det dags f\u00f6r EM i Padded Solo Baston i Aktiviteten i M\u00f6lndal. M\u00e4sterskapet blir Ivar Salomonsons f\u00f6rsta EM, men han var med i VM i Finland f\u00f6rra \u00e5ret.<br \/><br>&#8211; Det ska bli v\u00e4ldigt roligt, s\u00e4ger han till budokampsport.se.<\/p><br>","protected":false},"author":7,"featured_media":108548,"comment_status":"open","ping_status":"open","sticky":false,"template":"","format":"standard","meta":{"_acf_changed":false,"footnotes":""},"categories":[545],"tags":[],"class_list":["post-108056","post","type-post","status-publish","format-standard","has-post-thumbnail","hentry","category-fma"],"acf":[],"yoast_head":"<!-- This site is optimized with the Yoast SEO plugin v26.8 - https:\/\/yoast.com\/product\/yoast-seo-wordpress\/ -->\n<title>Ivar Salomonson ser fram emot EM i Padded Solo Baston - Svenska Budo &amp; Kampsportsf\u00f6rbundet<\/title>\n<meta name=\"description\" content=\"Den 5:e oktober, l\u00f6rdag, \u00e4r det dags f\u00f6r EM i Padded Solo Baston i Aktiviteten i M\u00f6lndal. M\u00e4sterskapet blir Ivar Salomonsons f\u00f6rsta EM, men han var med i VM i Finland f\u00f6rra \u00e5ret. - Det ska bli v\u00e4ldigt roligt, s\u00e4ger han till budokampsport.se.\" \/>\n<meta name=\"robots\" content=\"index, follow, max-snippet:-1, max-image-preview:large, max-video-preview:-1\" \/>\n<link rel=\"canonical\" href=\"https:\/\/www.budokampsport.se\/2019\/10\/01\/ivar-salomonson-ser-fram-emot-em-i-padded-solo-baston\/\" \/>\n<meta property=\"og:locale\" content=\"sv_SE\" \/>\n<meta property=\"og:type\" content=\"article\" \/>\n<meta property=\"og:title\" content=\"Ivar Salomonson ser fram emot EM i Padded Solo Baston - Svenska Budo &amp; Kampsportsf\u00f6rbundet\" \/>\n<meta property=\"og:description\" content=\"Den 5:e oktober, l\u00f6rdag, \u00e4r det dags f\u00f6r EM i Padded Solo Baston i Aktiviteten i M\u00f6lndal. M\u00e4sterskapet blir Ivar Salomonsons f\u00f6rsta EM, men han var med i VM i Finland f\u00f6rra \u00e5ret. - Det ska bli v\u00e4ldigt roligt, s\u00e4ger han till budokampsport.se.\" \/>\n<meta property=\"og:url\" content=\"https:\/\/www.budokampsport.se\/2019\/10\/01\/ivar-salomonson-ser-fram-emot-em-i-padded-solo-baston\/\" \/>\n<meta property=\"og:site_name\" content=\"Svenska Budo &amp; Kampsportsf\u00f6rbundet\" \/>\n<meta property=\"article:author\" content=\"https:\/\/www.facebook.com\/jonathan.broberg.7\" \/>\n<meta property=\"article:published_time\" content=\"2019-10-01T08:47:37+00:00\" \/>\n<meta property=\"article:modified_time\" content=\"2024-07-04T09:11:44+00:00\" \/>\n<meta property=\"og:image\" content=\"https:\/\/www.budokampsport.se\/wp-content\/uploads\/2019\/09\/Ivar_-Salomonsson.jpg\" \/>\n\t<meta property=\"og:image:width\" content=\"850\" \/>\n\t<meta property=\"og:image:height\" content=\"578\" \/>\n\t<meta property=\"og:image:type\" content=\"image\/jpeg\" \/>\n<meta name=\"author\" content=\"Jonathan Broberg\" \/>\n<meta name=\"twitter:card\" content=\"summary_large_image\" \/>\n<meta name=\"twitter:label1\" content=\"Skriven av\" \/>\n\t<meta name=\"twitter:data1\" content=\"Jonathan Broberg\" \/>\n\t<meta name=\"twitter:label2\" content=\"Ber\u00e4knad l\u00e4stid\" \/>\n\t<meta name=\"twitter:data2\" content=\"2 minuter\" \/>\n<script type=\"application\/ld+json\" class=\"yoast-schema-graph\">{\"@context\":\"https:\/\/schema.org\",\"@graph\":[{\"@type\":\"Article\",\"@id\":\"https:\/\/www.budokampsport.se\/2019\/10\/01\/ivar-salomonson-ser-fram-emot-em-i-padded-solo-baston\/#article\",\"isPartOf\":{\"@id\":\"https:\/\/www.budokampsport.se\/2019\/10\/01\/ivar-salomonson-ser-fram-emot-em-i-padded-solo-baston\/\"},\"author\":{\"name\":\"Jonathan Broberg\",\"@id\":\"https:\/\/www.budokampsport.se\/#\/schema\/person\/5c06d81d14850e2a8ce5493386560145\"},\"headline\":\"Ivar Salomonson ser fram emot EM i Padded Solo Baston\",\"datePublished\":\"2019-10-01T08:47:37+00:00\",\"dateModified\":\"2024-07-04T09:11:44+00:00\",\"mainEntityOfPage\":{\"@id\":\"https:\/\/www.budokampsport.se\/2019\/10\/01\/ivar-salomonson-ser-fram-emot-em-i-padded-solo-baston\/\"},\"wordCount\":319,\"commentCount\":0,\"image\":{\"@id\":\"https:\/\/www.budokampsport.se\/2019\/10\/01\/ivar-salomonson-ser-fram-emot-em-i-padded-solo-baston\/#primaryimage\"},\"thumbnailUrl\":\"https:\/\/www.budokampsport.se\/wp-content\/uploads\/2019\/09\/Ivar_-Salomonsson.jpg\",\"articleSection\":[\"FMA\"],\"inLanguage\":\"sv-SE\",\"potentialAction\":[{\"@type\":\"CommentAction\",\"name\":\"Comment\",\"target\":[\"https:\/\/www.budokampsport.se\/2019\/10\/01\/ivar-salomonson-ser-fram-emot-em-i-padded-solo-baston\/#respond\"]}]},{\"@type\":\"WebPage\",\"@id\":\"https:\/\/www.budokampsport.se\/2019\/10\/01\/ivar-salomonson-ser-fram-emot-em-i-padded-solo-baston\/\",\"url\":\"https:\/\/www.budokampsport.se\/2019\/10\/01\/ivar-salomonson-ser-fram-emot-em-i-padded-solo-baston\/\",\"name\":\"Ivar Salomonson ser fram emot EM i Padded Solo Baston - Svenska Budo &amp; Kampsportsf\u00f6rbundet\",\"isPartOf\":{\"@id\":\"https:\/\/www.budokampsport.se\/#website\"},\"primaryImageOfPage\":{\"@id\":\"https:\/\/www.budokampsport.se\/2019\/10\/01\/ivar-salomonson-ser-fram-emot-em-i-padded-solo-baston\/#primaryimage\"},\"image\":{\"@id\":\"https:\/\/www.budokampsport.se\/2019\/10\/01\/ivar-salomonson-ser-fram-emot-em-i-padded-solo-baston\/#primaryimage\"},\"thumbnailUrl\":\"https:\/\/www.budokampsport.se\/wp-content\/uploads\/2019\/09\/Ivar_-Salomonsson.jpg\",\"datePublished\":\"2019-10-01T08:47:37+00:00\",\"dateModified\":\"2024-07-04T09:11:44+00:00\",\"author\":{\"@id\":\"https:\/\/www.budokampsport.se\/#\/schema\/person\/5c06d81d14850e2a8ce5493386560145\"},\"description\":\"Den 5:e oktober, l\u00f6rdag, \u00e4r det dags f\u00f6r EM i Padded Solo Baston i Aktiviteten i M\u00f6lndal. M\u00e4sterskapet blir Ivar Salomonsons f\u00f6rsta EM, men han var med i VM i Finland f\u00f6rra \u00e5ret. - Det ska bli v\u00e4ldigt roligt, s\u00e4ger han till budokampsport.se.\",\"breadcrumb\":{\"@id\":\"https:\/\/www.budokampsport.se\/2019\/10\/01\/ivar-salomonson-ser-fram-emot-em-i-padded-solo-baston\/#breadcrumb\"},\"inLanguage\":\"sv-SE\",\"potentialAction\":[{\"@type\":\"ReadAction\",\"target\":[\"https:\/\/www.budokampsport.se\/2019\/10\/01\/ivar-salomonson-ser-fram-emot-em-i-padded-solo-baston\/\"]}]},{\"@type\":\"ImageObject\",\"inLanguage\":\"sv-SE\",\"@id\":\"https:\/\/www.budokampsport.se\/2019\/10\/01\/ivar-salomonson-ser-fram-emot-em-i-padded-solo-baston\/#primaryimage\",\"url\":\"https:\/\/www.budokampsport.se\/wp-content\/uploads\/2019\/09\/Ivar_-Salomonsson.jpg\",\"contentUrl\":\"https:\/\/www.budokampsport.se\/wp-content\/uploads\/2019\/09\/Ivar_-Salomonsson.jpg\",\"width\":850,\"height\":578},{\"@type\":\"BreadcrumbList\",\"@id\":\"https:\/\/www.budokampsport.se\/2019\/10\/01\/ivar-salomonson-ser-fram-emot-em-i-padded-solo-baston\/#breadcrumb\",\"itemListElement\":[{\"@type\":\"ListItem\",\"position\":1,\"name\":\"Hem\",\"item\":\"https:\/\/www.budokampsport.se\/\"},{\"@type\":\"ListItem\",\"position\":2,\"name\":\"Ivar Salomonson ser fram emot EM i Padded Solo Baston\"}]},{\"@type\":\"WebSite\",\"@id\":\"https:\/\/www.budokampsport.se\/#website\",\"url\":\"https:\/\/www.budokampsport.se\/\",\"name\":\"Svenska Budo &amp; Kampsportsf\u00f6rbundet\",\"description\":\"T\u00e4vling, Tr\u00e4ning, Tradition\",\"potentialAction\":[{\"@type\":\"SearchAction\",\"target\":{\"@type\":\"EntryPoint\",\"urlTemplate\":\"https:\/\/www.budokampsport.se\/?s={search_term_string}\"},\"query-input\":{\"@type\":\"PropertyValueSpecification\",\"valueRequired\":true,\"valueName\":\"search_term_string\"}}],\"inLanguage\":\"sv-SE\"},{\"@type\":\"Person\",\"@id\":\"https:\/\/www.budokampsport.se\/#\/schema\/person\/5c06d81d14850e2a8ce5493386560145\",\"name\":\"Jonathan Broberg\",\"image\":{\"@type\":\"ImageObject\",\"inLanguage\":\"sv-SE\",\"@id\":\"https:\/\/www.budokampsport.se\/#\/schema\/person\/image\/\",\"url\":\"https:\/\/secure.gravatar.com\/avatar\/a58041c6cea9128bd9c40ee2f26d4136?s=96&d=blank&r=g\",\"contentUrl\":\"https:\/\/secure.gravatar.com\/avatar\/a58041c6cea9128bd9c40ee2f26d4136?s=96&d=blank&r=g\",\"caption\":\"Jonathan Broberg\"},\"sameAs\":[\"https:\/\/www.facebook.com\/jonathan.broberg.7\"],\"url\":\"https:\/\/www.budokampsport.se\/author\/jonathan\/\"}]}<\/script>\n<!-- \/ Yoast SEO plugin. -->","yoast_head_json":{"title":"Ivar Salomonson ser fram emot EM i Padded Solo Baston - Svenska Budo &amp; Kampsportsf\u00f6rbundet","description":"Den 5:e oktober, l\u00f6rdag, \u00e4r det dags f\u00f6r EM i Padded Solo Baston i Aktiviteten i M\u00f6lndal. M\u00e4sterskapet blir Ivar Salomonsons f\u00f6rsta EM, men han var med i VM i Finland f\u00f6rra \u00e5ret. - Det ska bli v\u00e4ldigt roligt, s\u00e4ger han till budokampsport.se.","robots":{"index":"index","follow":"follow","max-snippet":"max-snippet:-1","max-image-preview":"max-image-preview:large","max-video-preview":"max-video-preview:-1"},"canonical":"https:\/\/www.budokampsport.se\/2019\/10\/01\/ivar-salomonson-ser-fram-emot-em-i-padded-solo-baston\/","og_locale":"sv_SE","og_type":"article","og_title":"Ivar Salomonson ser fram emot EM i Padded Solo Baston - Svenska Budo &amp; Kampsportsf\u00f6rbundet","og_description":"Den 5:e oktober, l\u00f6rdag, \u00e4r det dags f\u00f6r EM i Padded Solo Baston i Aktiviteten i M\u00f6lndal. M\u00e4sterskapet blir Ivar Salomonsons f\u00f6rsta EM, men han var med i VM i Finland f\u00f6rra \u00e5ret. - Det ska bli v\u00e4ldigt roligt, s\u00e4ger han till budokampsport.se.","og_url":"https:\/\/www.budokampsport.se\/2019\/10\/01\/ivar-salomonson-ser-fram-emot-em-i-padded-solo-baston\/","og_site_name":"Svenska Budo &amp; Kampsportsf\u00f6rbundet","article_author":"https:\/\/www.facebook.com\/jonathan.broberg.7","article_published_time":"2019-10-01T08:47:37+00:00","article_modified_time":"2024-07-04T09:11:44+00:00","og_image":[{"width":850,"height":578,"url":"https:\/\/www.budokampsport.se\/wp-content\/uploads\/2019\/09\/Ivar_-Salomonsson.jpg","type":"image\/jpeg"}],"author":"Jonathan Broberg","twitter_card":"summary_large_image","twitter_misc":{"Skriven av":"Jonathan Broberg","Ber\u00e4knad l\u00e4stid":"2 minuter"},"schema":{"@context":"https:\/\/schema.org","@graph":[{"@type":"Article","@id":"https:\/\/www.budokampsport.se\/2019\/10\/01\/ivar-salomonson-ser-fram-emot-em-i-padded-solo-baston\/#article","isPartOf":{"@id":"https:\/\/www.budokampsport.se\/2019\/10\/01\/ivar-salomonson-ser-fram-emot-em-i-padded-solo-baston\/"},"author":{"name":"Jonathan Broberg","@id":"https:\/\/www.budokampsport.se\/#\/schema\/person\/5c06d81d14850e2a8ce5493386560145"},"headline":"Ivar Salomonson ser fram emot EM i Padded Solo Baston","datePublished":"2019-10-01T08:47:37+00:00","dateModified":"2024-07-04T09:11:44+00:00","mainEntityOfPage":{"@id":"https:\/\/www.budokampsport.se\/2019\/10\/01\/ivar-salomonson-ser-fram-emot-em-i-padded-solo-baston\/"},"wordCount":319,"commentCount":0,"image":{"@id":"https:\/\/www.budokampsport.se\/2019\/10\/01\/ivar-salomonson-ser-fram-emot-em-i-padded-solo-baston\/#primaryimage"},"thumbnailUrl":"https:\/\/www.budokampsport.se\/wp-content\/uploads\/2019\/09\/Ivar_-Salomonsson.jpg","articleSection":["FMA"],"inLanguage":"sv-SE","potentialAction":[{"@type":"CommentAction","name":"Comment","target":["https:\/\/www.budokampsport.se\/2019\/10\/01\/ivar-salomonson-ser-fram-emot-em-i-padded-solo-baston\/#respond"]}]},{"@type":"WebPage","@id":"https:\/\/www.budokampsport.se\/2019\/10\/01\/ivar-salomonson-ser-fram-emot-em-i-padded-solo-baston\/","url":"https:\/\/www.budokampsport.se\/2019\/10\/01\/ivar-salomonson-ser-fram-emot-em-i-padded-solo-baston\/","name":"Ivar Salomonson ser fram emot EM i Padded Solo Baston - Svenska Budo &amp; Kampsportsf\u00f6rbundet","isPartOf":{"@id":"https:\/\/www.budokampsport.se\/#website"},"primaryImageOfPage":{"@id":"https:\/\/www.budokampsport.se\/2019\/10\/01\/ivar-salomonson-ser-fram-emot-em-i-padded-solo-baston\/#primaryimage"},"image":{"@id":"https:\/\/www.budokampsport.se\/2019\/10\/01\/ivar-salomonson-ser-fram-emot-em-i-padded-solo-baston\/#primaryimage"},"thumbnailUrl":"https:\/\/www.budokampsport.se\/wp-content\/uploads\/2019\/09\/Ivar_-Salomonsson.jpg","datePublished":"2019-10-01T08:47:37+00:00","dateModified":"2024-07-04T09:11:44+00:00","author":{"@id":"https:\/\/www.budokampsport.se\/#\/schema\/person\/5c06d81d14850e2a8ce5493386560145"},"description":"Den 5:e oktober, l\u00f6rdag, \u00e4r det dags f\u00f6r EM i Padded Solo Baston i Aktiviteten i M\u00f6lndal. M\u00e4sterskapet blir Ivar Salomonsons f\u00f6rsta EM, men han var med i VM i Finland f\u00f6rra \u00e5ret. - Det ska bli v\u00e4ldigt roligt, s\u00e4ger han till budokampsport.se.","breadcrumb":{"@id":"https:\/\/www.budokampsport.se\/2019\/10\/01\/ivar-salomonson-ser-fram-emot-em-i-padded-solo-baston\/#breadcrumb"},"inLanguage":"sv-SE","potentialAction":[{"@type":"ReadAction","target":["https:\/\/www.budokampsport.se\/2019\/10\/01\/ivar-salomonson-ser-fram-emot-em-i-padded-solo-baston\/"]}]},{"@type":"ImageObject","inLanguage":"sv-SE","@id":"https:\/\/www.budokampsport.se\/2019\/10\/01\/ivar-salomonson-ser-fram-emot-em-i-padded-solo-baston\/#primaryimage","url":"https:\/\/www.budokampsport.se\/wp-content\/uploads\/2019\/09\/Ivar_-Salomonsson.jpg","contentUrl":"https:\/\/www.budokampsport.se\/wp-content\/uploads\/2019\/09\/Ivar_-Salomonsson.jpg","width":850,"height":578},{"@type":"BreadcrumbList","@id":"https:\/\/www.budokampsport.se\/2019\/10\/01\/ivar-salomonson-ser-fram-emot-em-i-padded-solo-baston\/#breadcrumb","itemListElement":[{"@type":"ListItem","position":1,"name":"Hem","item":"https:\/\/www.budokampsport.se\/"},{"@type":"ListItem","position":2,"name":"Ivar Salomonson ser fram emot EM i Padded Solo Baston"}]},{"@type":"WebSite","@id":"https:\/\/www.budokampsport.se\/#website","url":"https:\/\/www.budokampsport.se\/","name":"Svenska Budo &amp; Kampsportsf\u00f6rbundet","description":"T\u00e4vling, Tr\u00e4ning, Tradition","potentialAction":[{"@type":"SearchAction","target":{"@type":"EntryPoint","urlTemplate":"https:\/\/www.budokampsport.se\/?s={search_term_string}"},"query-input":{"@type":"PropertyValueSpecification","valueRequired":true,"valueName":"search_term_string"}}],"inLanguage":"sv-SE"},{"@type":"Person","@id":"https:\/\/www.budokampsport.se\/#\/schema\/person\/5c06d81d14850e2a8ce5493386560145","name":"Jonathan Broberg","image":{"@type":"ImageObject","inLanguage":"sv-SE","@id":"https:\/\/www.budokampsport.se\/#\/schema\/person\/image\/","url":"https:\/\/secure.gravatar.com\/avatar\/a58041c6cea9128bd9c40ee2f26d4136?s=96&d=blank&r=g","contentUrl":"https:\/\/secure.gravatar.com\/avatar\/a58041c6cea9128bd9c40ee2f26d4136?s=96&d=blank&r=g","caption":"Jonathan Broberg"},"sameAs":["https:\/\/www.facebook.com\/jonathan.broberg.7"],"url":"https:\/\/www.budokampsport.se\/author\/jonathan\/"}]}},"_links":{"self":[{"href":"https:\/\/www.budokampsport.se\/api\/wp\/v2\/posts\/108056","targetHints":{"allow":["GET"]}}],"collection":[{"href":"https:\/\/www.budokampsport.se\/api\/wp\/v2\/posts"}],"about":[{"href":"https:\/\/www.budokampsport.se\/api\/wp\/v2\/types\/post"}],"author":[{"embeddable":true,"href":"https:\/\/www.budokampsport.se\/api\/wp\/v2\/users\/7"}],"replies":[{"embeddable":true,"href":"https:\/\/www.budokampsport.se\/api\/wp\/v2\/comments?post=108056"}],"version-history":[{"count":0,"href":"https:\/\/www.budokampsport.se\/api\/wp\/v2\/posts\/108056\/revisions"}],"wp:featuredmedia":[{"embeddable":true,"href":"https:\/\/www.budokampsport.se\/api\/wp\/v2\/media\/108548"}],"wp:attachment":[{"href":"https:\/\/www.budokampsport.se\/api\/wp\/v2\/media?parent=108056"}],"wp:term":[{"taxonomy":"category","embeddable":true,"href":"https:\/\/www.budokampsport.se\/api\/wp\/v2\/categories?post=108056"},{"taxonomy":"post_tag","embeddable":true,"href":"https:\/\/www.budokampsport.se\/api\/wp\/v2\/tags?post=108056"}],"curies":[{"name":"wp","href":"https:\/\/api.w.org\/{rel}","templated":true}]}}