{"id":108704,"date":"2019-10-04T11:55:13","date_gmt":"2019-10-04T09:55:13","guid":{"rendered":"https:\/\/www.budokampsport.se\/?p=108704"},"modified":"2019-10-04T11:55:15","modified_gmt":"2019-10-04T09:55:15","slug":"jag-langtar-ge-mig-i-morgon-och-molndal","status":"publish","type":"post","link":"https:\/\/www.budokampsport.se\/2019\/10\/04\/jag-langtar-ge-mig-i-morgon-och-molndal\/","title":{"rendered":"Jag l\u00e4ngtar, ge mig i morgon och M\u00f6lndal"},"content":{"rendered":"\n<p>Ni vet hur det \u00e4r i dessa tidender. Shortsen och linnena packas ned i l\u00e5dor och st\u00e4lls i k\u00e4llarutrymmet, p\u00e5 den plats d\u00e4r vinterkl\u00e4derna vilat under v\u00e5ren och sommaren.<br \/>Jag \u00e4r inte l\u00e4ngre nedst\u00e4md, \u00e4ven om s\u00e5 kan tyckas, f\u00f6r vinterns ankomst. Tv\u00e4rtom. Jag har b\u00f6rjat \u00e4lska isiga n\u00e4tter i molnljus och skidbackar och stickade m\u00f6ssor.<br \/><br \/>Jag antar att det har med \u00e5ldern att g\u00f6ra.<br \/><br \/>Men innan vintern helt griper taget om v\u00e5r syn l\u00e4ngtar jag till l\u00f6rdag. <br \/>Inte f\u00f6r att det \u00e4r en ledig dag (f\u00f6r de flesta).<br \/>Nej, jag ser s\u00e5 mycket fram emot EM i Padded Solo Baston.<\/p>\n\n\n\n<h2 class=\"wp-block-heading\">&#8220;Och t\u00e4nk att jag fortfarande, efter tio \u00e5r i det h\u00e4r f\u00f6rbundet, kan st\u00f6ta p\u00e5 nya idrotter, nya m\u00e4nniskor, nya idrottare&#8221;<\/h2>\n\n\n\n<p>FMA-grenens europeiska m\u00e4sterskap kommer till Sverige. Till M\u00f6lndal. Till Aktiviteten.<br \/>Det blir min f\u00f6rsta kontakt med Padded Solo Baston.<br \/>Och t\u00e4nk att jag fortfarande, efter tio \u00e5r i det h\u00e4r f\u00f6rbundet, kan st\u00f6ta p\u00e5 nya idrotter, nya m\u00e4nniskor, nya idrottare.<br \/><br \/>Jag har, som ni kanske har sett, gjort en hel del intervjuer med landslagsmedlemmarna till hemsidan inf\u00f6r m\u00e4sterskapet och dessa kontakter har f\u00e5tt mitt sug f\u00f6r m\u00e4sterskapet att h\u00f6jas \u00e4n mer.<br \/><br \/>Marina Regn\u00e9r g\u00f6r comeback. Ozzy Andersson \u00e4r ny inom idrotten, men efter bara n\u00e5gra m\u00e5nader i densamma \u00e4r han uttagen till EM. Ivar Salomonson var med under VM ifjol, och har f\u00e5tt nyttig m\u00e4sterskapserfarenhet. Kristoffer Sundh blir ocks\u00e5 sp\u00e4nnande att f\u00f6lja och Andreas Johansson ska f\u00f6rs\u00f6ka dra nytta av sin bakgrund som f\u00e4ktare.<br \/><br \/>Ja, ni h\u00f6r. Det \u00e4r upplagt f\u00f6r en kanondag i Aktiviteten.<br \/>Ge mig morgondagen.\u00a0<br \/>Nu.<br \/><br \/><em>Foto: Hamid Ershad Sarabi<\/em><\/p>\n","protected":false},"excerpt":{"rendered":"<p>Jo, h\u00f6sten kom s\u00e5 tillslut i \u00e5r ocks\u00e5. Jag sneglar i skrivandets stund ut \u00f6ver ett gr\u00e5mulet och sjugradigt Stockholm men i sj\u00e4len \u00e4r jag fortfarande kvar i sommarsolen vid Gotlands sydostspets. Men min blick \u00e4r riktad mot\u2026M\u00f6lndal.<\/p><br>","protected":false},"author":7,"featured_media":36105,"comment_status":"open","ping_status":"open","sticky":false,"template":"","format":"standard","meta":{"_acf_changed":false,"footnotes":""},"categories":[179],"tags":[],"class_list":["post-108704","post","type-post","status-publish","format-standard","has-post-thumbnail","hentry","category-kronika"],"acf":[],"yoast_head":"<!-- This site is optimized with the Yoast SEO plugin v26.8 - https:\/\/yoast.com\/product\/yoast-seo-wordpress\/ -->\n<title>Jag l\u00e4ngtar, ge mig i morgon och M\u00f6lndal - Svenska Budo &amp; Kampsportsf\u00f6rbundet<\/title>\n<meta name=\"description\" content=\"Jo, h\u00f6sten kom s\u00e5 tillslut i \u00e5r ocks\u00e5. Jag sneglar i skrivandets stund ut \u00f6ver ett gr\u00e5mulet och sjugradigt Stockholm men i sj\u00e4len \u00e4r jag fortfarande kvar i sommarsolen vid Gotlands sydostspets. Men min blick \u00e4r riktad mot\u2026M\u00f6lndal.\" \/>\n<meta name=\"robots\" content=\"index, follow, max-snippet:-1, max-image-preview:large, max-video-preview:-1\" \/>\n<link rel=\"canonical\" href=\"https:\/\/www.budokampsport.se\/2019\/10\/04\/jag-langtar-ge-mig-i-morgon-och-molndal\/\" \/>\n<meta property=\"og:locale\" content=\"sv_SE\" \/>\n<meta property=\"og:type\" content=\"article\" \/>\n<meta property=\"og:title\" content=\"Jag l\u00e4ngtar, ge mig i morgon och M\u00f6lndal - Svenska Budo &amp; Kampsportsf\u00f6rbundet\" \/>\n<meta property=\"og:description\" content=\"Jo, h\u00f6sten kom s\u00e5 tillslut i \u00e5r ocks\u00e5. Jag sneglar i skrivandets stund ut \u00f6ver ett gr\u00e5mulet och sjugradigt Stockholm men i sj\u00e4len \u00e4r jag fortfarande kvar i sommarsolen vid Gotlands sydostspets. Men min blick \u00e4r riktad mot\u2026M\u00f6lndal.\" \/>\n<meta property=\"og:url\" content=\"https:\/\/www.budokampsport.se\/2019\/10\/04\/jag-langtar-ge-mig-i-morgon-och-molndal\/\" \/>\n<meta property=\"og:site_name\" content=\"Svenska Budo &amp; Kampsportsf\u00f6rbundet\" \/>\n<meta property=\"article:author\" content=\"https:\/\/www.facebook.com\/jonathan.broberg.7\" \/>\n<meta property=\"article:published_time\" content=\"2019-10-04T09:55:13+00:00\" \/>\n<meta property=\"article:modified_time\" content=\"2019-10-04T09:55:15+00:00\" \/>\n<meta property=\"og:image\" content=\"https:\/\/www.budokampsport.se\/wp-content\/uploads\/2016\/12\/jonathan.broberg-1.jpg\" \/>\n\t<meta property=\"og:image:width\" content=\"850\" \/>\n\t<meta property=\"og:image:height\" content=\"500\" \/>\n\t<meta property=\"og:image:type\" content=\"image\/jpeg\" \/>\n<meta name=\"author\" content=\"Jonathan Broberg\" \/>\n<meta name=\"twitter:card\" content=\"summary_large_image\" \/>\n<meta name=\"twitter:label1\" content=\"Skriven av\" \/>\n\t<meta name=\"twitter:data1\" content=\"Jonathan Broberg\" \/>\n\t<meta name=\"twitter:label2\" content=\"Ber\u00e4knad l\u00e4stid\" \/>\n\t<meta name=\"twitter:data2\" content=\"2 minuter\" \/>\n<script type=\"application\/ld+json\" class=\"yoast-schema-graph\">{\"@context\":\"https:\/\/schema.org\",\"@graph\":[{\"@type\":\"Article\",\"@id\":\"https:\/\/www.budokampsport.se\/2019\/10\/04\/jag-langtar-ge-mig-i-morgon-och-molndal\/#article\",\"isPartOf\":{\"@id\":\"https:\/\/www.budokampsport.se\/2019\/10\/04\/jag-langtar-ge-mig-i-morgon-och-molndal\/\"},\"author\":{\"name\":\"Jonathan Broberg\",\"@id\":\"https:\/\/www.budokampsport.se\/#\/schema\/person\/5c06d81d14850e2a8ce5493386560145\"},\"headline\":\"Jag l\u00e4ngtar, ge mig i morgon och M\u00f6lndal\",\"datePublished\":\"2019-10-04T09:55:13+00:00\",\"dateModified\":\"2019-10-04T09:55:15+00:00\",\"mainEntityOfPage\":{\"@id\":\"https:\/\/www.budokampsport.se\/2019\/10\/04\/jag-langtar-ge-mig-i-morgon-och-molndal\/\"},\"wordCount\":326,\"commentCount\":0,\"image\":{\"@id\":\"https:\/\/www.budokampsport.se\/2019\/10\/04\/jag-langtar-ge-mig-i-morgon-och-molndal\/#primaryimage\"},\"thumbnailUrl\":\"https:\/\/www.budokampsport.se\/wp-content\/uploads\/2016\/12\/jonathan.broberg-1.jpg\",\"articleSection\":[\"Kr\u00f6nika\"],\"inLanguage\":\"sv-SE\",\"potentialAction\":[{\"@type\":\"CommentAction\",\"name\":\"Comment\",\"target\":[\"https:\/\/www.budokampsport.se\/2019\/10\/04\/jag-langtar-ge-mig-i-morgon-och-molndal\/#respond\"]}]},{\"@type\":\"WebPage\",\"@id\":\"https:\/\/www.budokampsport.se\/2019\/10\/04\/jag-langtar-ge-mig-i-morgon-och-molndal\/\",\"url\":\"https:\/\/www.budokampsport.se\/2019\/10\/04\/jag-langtar-ge-mig-i-morgon-och-molndal\/\",\"name\":\"Jag l\u00e4ngtar, ge mig i morgon och M\u00f6lndal - Svenska Budo &amp; Kampsportsf\u00f6rbundet\",\"isPartOf\":{\"@id\":\"https:\/\/www.budokampsport.se\/#website\"},\"primaryImageOfPage\":{\"@id\":\"https:\/\/www.budokampsport.se\/2019\/10\/04\/jag-langtar-ge-mig-i-morgon-och-molndal\/#primaryimage\"},\"image\":{\"@id\":\"https:\/\/www.budokampsport.se\/2019\/10\/04\/jag-langtar-ge-mig-i-morgon-och-molndal\/#primaryimage\"},\"thumbnailUrl\":\"https:\/\/www.budokampsport.se\/wp-content\/uploads\/2016\/12\/jonathan.broberg-1.jpg\",\"datePublished\":\"2019-10-04T09:55:13+00:00\",\"dateModified\":\"2019-10-04T09:55:15+00:00\",\"author\":{\"@id\":\"https:\/\/www.budokampsport.se\/#\/schema\/person\/5c06d81d14850e2a8ce5493386560145\"},\"description\":\"Jo, h\u00f6sten kom s\u00e5 tillslut i \u00e5r ocks\u00e5. Jag sneglar i skrivandets stund ut \u00f6ver ett gr\u00e5mulet och sjugradigt Stockholm men i sj\u00e4len \u00e4r jag fortfarande kvar i sommarsolen vid Gotlands sydostspets. Men min blick \u00e4r riktad mot\u2026M\u00f6lndal.\",\"breadcrumb\":{\"@id\":\"https:\/\/www.budokampsport.se\/2019\/10\/04\/jag-langtar-ge-mig-i-morgon-och-molndal\/#breadcrumb\"},\"inLanguage\":\"sv-SE\",\"potentialAction\":[{\"@type\":\"ReadAction\",\"target\":[\"https:\/\/www.budokampsport.se\/2019\/10\/04\/jag-langtar-ge-mig-i-morgon-och-molndal\/\"]}]},{\"@type\":\"ImageObject\",\"inLanguage\":\"sv-SE\",\"@id\":\"https:\/\/www.budokampsport.se\/2019\/10\/04\/jag-langtar-ge-mig-i-morgon-och-molndal\/#primaryimage\",\"url\":\"https:\/\/www.budokampsport.se\/wp-content\/uploads\/2016\/12\/jonathan.broberg-1.jpg\",\"contentUrl\":\"https:\/\/www.budokampsport.se\/wp-content\/uploads\/2016\/12\/jonathan.broberg-1.jpg\",\"width\":850,\"height\":500,\"caption\":\"Foto: Hamid Ershad Sarabi\"},{\"@type\":\"BreadcrumbList\",\"@id\":\"https:\/\/www.budokampsport.se\/2019\/10\/04\/jag-langtar-ge-mig-i-morgon-och-molndal\/#breadcrumb\",\"itemListElement\":[{\"@type\":\"ListItem\",\"position\":1,\"name\":\"Hem\",\"item\":\"https:\/\/www.budokampsport.se\/\"},{\"@type\":\"ListItem\",\"position\":2,\"name\":\"Jag l\u00e4ngtar, ge mig i morgon och M\u00f6lndal\"}]},{\"@type\":\"WebSite\",\"@id\":\"https:\/\/www.budokampsport.se\/#website\",\"url\":\"https:\/\/www.budokampsport.se\/\",\"name\":\"Svenska Budo &amp; Kampsportsf\u00f6rbundet\",\"description\":\"T\u00e4vling, Tr\u00e4ning, Tradition\",\"potentialAction\":[{\"@type\":\"SearchAction\",\"target\":{\"@type\":\"EntryPoint\",\"urlTemplate\":\"https:\/\/www.budokampsport.se\/?s={search_term_string}\"},\"query-input\":{\"@type\":\"PropertyValueSpecification\",\"valueRequired\":true,\"valueName\":\"search_term_string\"}}],\"inLanguage\":\"sv-SE\"},{\"@type\":\"Person\",\"@id\":\"https:\/\/www.budokampsport.se\/#\/schema\/person\/5c06d81d14850e2a8ce5493386560145\",\"name\":\"Jonathan Broberg\",\"image\":{\"@type\":\"ImageObject\",\"inLanguage\":\"sv-SE\",\"@id\":\"https:\/\/www.budokampsport.se\/#\/schema\/person\/image\/\",\"url\":\"https:\/\/secure.gravatar.com\/avatar\/a58041c6cea9128bd9c40ee2f26d4136?s=96&d=blank&r=g\",\"contentUrl\":\"https:\/\/secure.gravatar.com\/avatar\/a58041c6cea9128bd9c40ee2f26d4136?s=96&d=blank&r=g\",\"caption\":\"Jonathan Broberg\"},\"sameAs\":[\"https:\/\/www.facebook.com\/jonathan.broberg.7\"],\"url\":\"https:\/\/www.budokampsport.se\/author\/jonathan\/\"}]}<\/script>\n<!-- \/ Yoast SEO plugin. -->","yoast_head_json":{"title":"Jag l\u00e4ngtar, ge mig i morgon och M\u00f6lndal - Svenska Budo &amp; Kampsportsf\u00f6rbundet","description":"Jo, h\u00f6sten kom s\u00e5 tillslut i \u00e5r ocks\u00e5. Jag sneglar i skrivandets stund ut \u00f6ver ett gr\u00e5mulet och sjugradigt Stockholm men i sj\u00e4len \u00e4r jag fortfarande kvar i sommarsolen vid Gotlands sydostspets. Men min blick \u00e4r riktad mot\u2026M\u00f6lndal.","robots":{"index":"index","follow":"follow","max-snippet":"max-snippet:-1","max-image-preview":"max-image-preview:large","max-video-preview":"max-video-preview:-1"},"canonical":"https:\/\/www.budokampsport.se\/2019\/10\/04\/jag-langtar-ge-mig-i-morgon-och-molndal\/","og_locale":"sv_SE","og_type":"article","og_title":"Jag l\u00e4ngtar, ge mig i morgon och M\u00f6lndal - Svenska Budo &amp; Kampsportsf\u00f6rbundet","og_description":"Jo, h\u00f6sten kom s\u00e5 tillslut i \u00e5r ocks\u00e5. Jag sneglar i skrivandets stund ut \u00f6ver ett gr\u00e5mulet och sjugradigt Stockholm men i sj\u00e4len \u00e4r jag fortfarande kvar i sommarsolen vid Gotlands sydostspets. Men min blick \u00e4r riktad mot\u2026M\u00f6lndal.","og_url":"https:\/\/www.budokampsport.se\/2019\/10\/04\/jag-langtar-ge-mig-i-morgon-och-molndal\/","og_site_name":"Svenska Budo &amp; Kampsportsf\u00f6rbundet","article_author":"https:\/\/www.facebook.com\/jonathan.broberg.7","article_published_time":"2019-10-04T09:55:13+00:00","article_modified_time":"2019-10-04T09:55:15+00:00","og_image":[{"width":850,"height":500,"url":"https:\/\/www.budokampsport.se\/wp-content\/uploads\/2016\/12\/jonathan.broberg-1.jpg","type":"image\/jpeg"}],"author":"Jonathan Broberg","twitter_card":"summary_large_image","twitter_misc":{"Skriven av":"Jonathan Broberg","Ber\u00e4knad l\u00e4stid":"2 minuter"},"schema":{"@context":"https:\/\/schema.org","@graph":[{"@type":"Article","@id":"https:\/\/www.budokampsport.se\/2019\/10\/04\/jag-langtar-ge-mig-i-morgon-och-molndal\/#article","isPartOf":{"@id":"https:\/\/www.budokampsport.se\/2019\/10\/04\/jag-langtar-ge-mig-i-morgon-och-molndal\/"},"author":{"name":"Jonathan Broberg","@id":"https:\/\/www.budokampsport.se\/#\/schema\/person\/5c06d81d14850e2a8ce5493386560145"},"headline":"Jag l\u00e4ngtar, ge mig i morgon och M\u00f6lndal","datePublished":"2019-10-04T09:55:13+00:00","dateModified":"2019-10-04T09:55:15+00:00","mainEntityOfPage":{"@id":"https:\/\/www.budokampsport.se\/2019\/10\/04\/jag-langtar-ge-mig-i-morgon-och-molndal\/"},"wordCount":326,"commentCount":0,"image":{"@id":"https:\/\/www.budokampsport.se\/2019\/10\/04\/jag-langtar-ge-mig-i-morgon-och-molndal\/#primaryimage"},"thumbnailUrl":"https:\/\/www.budokampsport.se\/wp-content\/uploads\/2016\/12\/jonathan.broberg-1.jpg","articleSection":["Kr\u00f6nika"],"inLanguage":"sv-SE","potentialAction":[{"@type":"CommentAction","name":"Comment","target":["https:\/\/www.budokampsport.se\/2019\/10\/04\/jag-langtar-ge-mig-i-morgon-och-molndal\/#respond"]}]},{"@type":"WebPage","@id":"https:\/\/www.budokampsport.se\/2019\/10\/04\/jag-langtar-ge-mig-i-morgon-och-molndal\/","url":"https:\/\/www.budokampsport.se\/2019\/10\/04\/jag-langtar-ge-mig-i-morgon-och-molndal\/","name":"Jag l\u00e4ngtar, ge mig i morgon och M\u00f6lndal - Svenska Budo &amp; Kampsportsf\u00f6rbundet","isPartOf":{"@id":"https:\/\/www.budokampsport.se\/#website"},"primaryImageOfPage":{"@id":"https:\/\/www.budokampsport.se\/2019\/10\/04\/jag-langtar-ge-mig-i-morgon-och-molndal\/#primaryimage"},"image":{"@id":"https:\/\/www.budokampsport.se\/2019\/10\/04\/jag-langtar-ge-mig-i-morgon-och-molndal\/#primaryimage"},"thumbnailUrl":"https:\/\/www.budokampsport.se\/wp-content\/uploads\/2016\/12\/jonathan.broberg-1.jpg","datePublished":"2019-10-04T09:55:13+00:00","dateModified":"2019-10-04T09:55:15+00:00","author":{"@id":"https:\/\/www.budokampsport.se\/#\/schema\/person\/5c06d81d14850e2a8ce5493386560145"},"description":"Jo, h\u00f6sten kom s\u00e5 tillslut i \u00e5r ocks\u00e5. Jag sneglar i skrivandets stund ut \u00f6ver ett gr\u00e5mulet och sjugradigt Stockholm men i sj\u00e4len \u00e4r jag fortfarande kvar i sommarsolen vid Gotlands sydostspets. Men min blick \u00e4r riktad mot\u2026M\u00f6lndal.","breadcrumb":{"@id":"https:\/\/www.budokampsport.se\/2019\/10\/04\/jag-langtar-ge-mig-i-morgon-och-molndal\/#breadcrumb"},"inLanguage":"sv-SE","potentialAction":[{"@type":"ReadAction","target":["https:\/\/www.budokampsport.se\/2019\/10\/04\/jag-langtar-ge-mig-i-morgon-och-molndal\/"]}]},{"@type":"ImageObject","inLanguage":"sv-SE","@id":"https:\/\/www.budokampsport.se\/2019\/10\/04\/jag-langtar-ge-mig-i-morgon-och-molndal\/#primaryimage","url":"https:\/\/www.budokampsport.se\/wp-content\/uploads\/2016\/12\/jonathan.broberg-1.jpg","contentUrl":"https:\/\/www.budokampsport.se\/wp-content\/uploads\/2016\/12\/jonathan.broberg-1.jpg","width":850,"height":500,"caption":"Foto: Hamid Ershad Sarabi"},{"@type":"BreadcrumbList","@id":"https:\/\/www.budokampsport.se\/2019\/10\/04\/jag-langtar-ge-mig-i-morgon-och-molndal\/#breadcrumb","itemListElement":[{"@type":"ListItem","position":1,"name":"Hem","item":"https:\/\/www.budokampsport.se\/"},{"@type":"ListItem","position":2,"name":"Jag l\u00e4ngtar, ge mig i morgon och M\u00f6lndal"}]},{"@type":"WebSite","@id":"https:\/\/www.budokampsport.se\/#website","url":"https:\/\/www.budokampsport.se\/","name":"Svenska Budo &amp; Kampsportsf\u00f6rbundet","description":"T\u00e4vling, Tr\u00e4ning, Tradition","potentialAction":[{"@type":"SearchAction","target":{"@type":"EntryPoint","urlTemplate":"https:\/\/www.budokampsport.se\/?s={search_term_string}"},"query-input":{"@type":"PropertyValueSpecification","valueRequired":true,"valueName":"search_term_string"}}],"inLanguage":"sv-SE"},{"@type":"Person","@id":"https:\/\/www.budokampsport.se\/#\/schema\/person\/5c06d81d14850e2a8ce5493386560145","name":"Jonathan Broberg","image":{"@type":"ImageObject","inLanguage":"sv-SE","@id":"https:\/\/www.budokampsport.se\/#\/schema\/person\/image\/","url":"https:\/\/secure.gravatar.com\/avatar\/a58041c6cea9128bd9c40ee2f26d4136?s=96&d=blank&r=g","contentUrl":"https:\/\/secure.gravatar.com\/avatar\/a58041c6cea9128bd9c40ee2f26d4136?s=96&d=blank&r=g","caption":"Jonathan Broberg"},"sameAs":["https:\/\/www.facebook.com\/jonathan.broberg.7"],"url":"https:\/\/www.budokampsport.se\/author\/jonathan\/"}]}},"_links":{"self":[{"href":"https:\/\/www.budokampsport.se\/api\/wp\/v2\/posts\/108704","targetHints":{"allow":["GET"]}}],"collection":[{"href":"https:\/\/www.budokampsport.se\/api\/wp\/v2\/posts"}],"about":[{"href":"https:\/\/www.budokampsport.se\/api\/wp\/v2\/types\/post"}],"author":[{"embeddable":true,"href":"https:\/\/www.budokampsport.se\/api\/wp\/v2\/users\/7"}],"replies":[{"embeddable":true,"href":"https:\/\/www.budokampsport.se\/api\/wp\/v2\/comments?post=108704"}],"version-history":[{"count":0,"href":"https:\/\/www.budokampsport.se\/api\/wp\/v2\/posts\/108704\/revisions"}],"wp:featuredmedia":[{"embeddable":true,"href":"https:\/\/www.budokampsport.se\/api\/wp\/v2\/media\/36105"}],"wp:attachment":[{"href":"https:\/\/www.budokampsport.se\/api\/wp\/v2\/media?parent=108704"}],"wp:term":[{"taxonomy":"category","embeddable":true,"href":"https:\/\/www.budokampsport.se\/api\/wp\/v2\/categories?post=108704"},{"taxonomy":"post_tag","embeddable":true,"href":"https:\/\/www.budokampsport.se\/api\/wp\/v2\/tags?post=108704"}],"curies":[{"name":"wp","href":"https:\/\/api.w.org\/{rel}","templated":true}]}}