{"id":108713,"date":"2019-10-02T14:32:33","date_gmt":"2019-10-02T12:32:33","guid":{"rendered":"https:\/\/www.budokampsport.se\/?p=108713"},"modified":"2019-10-02T14:32:35","modified_gmt":"2019-10-02T12:32:35","slug":"arsmote-sbk-2020-2","status":"publish","type":"post","link":"https:\/\/www.budokampsport.se\/2019\/10\/02\/arsmote-sbk-2020-2\/","title":{"rendered":"\u00c5rsm\u00f6te SB&#038;K 2020"},"content":{"rendered":"\n<p>Svenska Budo &amp; Kampsportsf\u00f6rbundet (SB&amp;K) genomf\u00f6r \u00e5rsm\u00f6te, i stadgarna kallat f\u00f6rbundsst\u00e4mma, l\u00f6rdag den 21 mars 2020 kl. 13.30 p\u00e5 <a href=\"http:\/\/www.wtc.se\" target=\"_blank\" rel=\"noopener noreferrer\">World Trade Center<\/a> i Stockholm. <br \/><br \/><strong>Kallelse<\/strong><br \/>Kallelse med information om hur m\u00e5nga av de 17 underf\u00f6rbunden som genomf\u00f6r sina \u00e5rsm\u00f6ten p\u00e5 samma dag och plats ska enligt stadgarna publiceras p\u00e5 f\u00f6rbundets hemsida senast 30 dagar f\u00f6re \u00e5rsm\u00f6tet.<\/p>\n<p><strong>Motioner \u2013 15 januari<\/strong><br \/>F\u00f6rslag till \u00e4renden att behandlas vid \u00e5rsm\u00f6tet (motioner) f\u00e5r skickas in av f\u00f6reningar anslutna till Svenska Budo &amp; Kampsportsf\u00f6rbundet, underf\u00f6rbunds styrelse samt distriktsf\u00f6rbunds styrelse. Motion ska skriftligen ha inkommit till f\u00f6rbundet senast den 15 januari.<br \/>-&gt; <a href=\"https:\/\/www.budokampsport.se\/2019\/10\/02\/att-skriva-en-motion\/\" target=\"_blank\" rel=\"noopener noreferrer\">Motionsmall<\/a><\/p>\n<p><strong>Valberedningen \u2013 15 januari<br \/><\/strong>Valberedningens uppdrag best\u00e5r av tv\u00e5 delar. Det ena handlar om att analysera och granska den sittande styrelsens arbete, den andra att presentera ett v\u00e4l genomt\u00e4nkt f\u00f6rslag p\u00e5 ny styrelse f\u00f6r medlemmarna p\u00e5 \u00e5rsm\u00f6tet. B\u00e5da delarna i uppdraget kr\u00e4ver att valberedningen f\u00f6ljer verksamheten, dess styrelse och hela tiden s\u00f6ker efter personer som vill engagera sig i verksamheten. <br \/><br \/>Vill du hj\u00e4lpa till att nominera n\u00e5gon f\u00f6r uppdrag i f\u00f6rbundsstyrelsen g\u00f6r du det till valberedningen senast den 15 januari. Uppge namn, klubbtillh\u00f6righet och kontaktuppgifter till den som nomineras. Valberedningens arbete underl\u00e4ttas om den som nominerar ocks\u00e5 skriver en kort motivering. Nomineringar skickas till <a href=\"mailto:valberedning@budo.se\">valberedning@budo.se<\/a><\/p>\n<p><strong>R\u00f6str\u00e4tt \u2013 31 januari<\/strong><br \/>R\u00f6str\u00e4tt p\u00e5 \u00e5rsm\u00f6tet har de f\u00f6reningar som rapporterat antalet medlemmar samt betalat medlems- och f\u00f6rs\u00e4kringsavgifter enligt f\u00f6rbundets anvisningar senast den 31 januari. Information om rapportering och betalning skickas innan \u00e5rets slut till den kontakt f\u00f6reningen angett i klubbregistret.\u00a0<br \/>-&gt; <a href=\"https:\/\/www.budokampsport.se\/2019\/09\/18\/ratt-kontaktuppgifter-till-foreningen\/\">R\u00e4tt kontaktuppgifter?<\/a><\/p>\n<p><strong>\u00c5rsm\u00f6teshandlingar<\/strong><br \/>\u00c5rsm\u00f6teshandlingar: f\u00f6redragningslista, verksamhets- och f\u00f6rvaltningsber\u00e4ttelser, samt eventuella propositioner (styrelsens f\u00f6rslag) och motioner (medlemmarnas f\u00f6rslag) ska enligt stadgarna publiceras p\u00e5 f\u00f6rbundets hemsida senast 14 dagar f\u00f6re \u00e5rsm\u00f6tet. \u00c5rsm\u00f6teshandlingar publiceras h\u00e4r: F\u00f6rbund -&gt; <a href=\"https:\/\/www.budokampsport.se\/forbund\/arsmoten\/\">\u00c5rsm\u00f6ten<\/a><br \/><br \/><br \/>Text: Sofia Arnbom<br \/>Foto: Bildbyr\u00e5n<\/p>\n","protected":false},"excerpt":{"rendered":"<p>Svenska Budo &amp; Kampsportsf\u00f6rbundet (SB&amp;K) genomf\u00f6r \u00e5rsm\u00f6te, i stadgarna kallat [&#8230;]<\/p><br>","protected":false},"author":47,"featured_media":94914,"comment_status":"open","ping_status":"open","sticky":false,"template":"","format":"standard","meta":{"_acf_changed":false,"footnotes":""},"categories":[410],"tags":[469,471,474,473,472,470],"class_list":["post-108713","post","type-post","status-publish","format-standard","has-post-thumbnail","hentry","category-arsmote","tag-arsmote","tag-motion","tag-rostlangd","tag-rostratt","tag-sbk","tag-valberedning"],"acf":[],"yoast_head":"<!-- This site is optimized with the Yoast SEO plugin v26.8 - https:\/\/yoast.com\/product\/yoast-seo-wordpress\/ -->\n<title>\u00c5rsm\u00f6te SB&amp;K 2020 - Svenska Budo &amp; Kampsportsf\u00f6rbundet<\/title>\n<meta name=\"description\" content=\"Svenska Budo &amp; Kampsportsf\u00f6rbundet (SB&amp;K) genomf\u00f6r \u00e5rsm\u00f6te, i stadgarna kallat f\u00f6rbundsst\u00e4mma, l\u00f6rdag den 21 mars 2020 kl. 13.30 p\u00e5 World Trade\" \/>\n<meta name=\"robots\" content=\"index, follow, max-snippet:-1, max-image-preview:large, max-video-preview:-1\" \/>\n<link rel=\"canonical\" href=\"https:\/\/www.budokampsport.se\/2019\/10\/02\/arsmote-sbk-2020-2\/\" \/>\n<meta property=\"og:locale\" content=\"sv_SE\" \/>\n<meta property=\"og:type\" content=\"article\" \/>\n<meta property=\"og:title\" content=\"\u00c5rsm\u00f6te SB&amp;K 2020 - Svenska Budo &amp; Kampsportsf\u00f6rbundet\" \/>\n<meta property=\"og:description\" content=\"Svenska Budo &amp; Kampsportsf\u00f6rbundet (SB&amp;K) genomf\u00f6r \u00e5rsm\u00f6te, i stadgarna kallat f\u00f6rbundsst\u00e4mma, l\u00f6rdag den 21 mars 2020 kl. 13.30 p\u00e5 World Trade\" \/>\n<meta property=\"og:url\" content=\"https:\/\/www.budokampsport.se\/2019\/10\/02\/arsmote-sbk-2020-2\/\" \/>\n<meta property=\"og:site_name\" content=\"Svenska Budo &amp; Kampsportsf\u00f6rbundet\" \/>\n<meta property=\"article:published_time\" content=\"2019-10-02T12:32:33+00:00\" \/>\n<meta property=\"article:modified_time\" content=\"2019-10-02T12:32:35+00:00\" \/>\n<meta property=\"og:image\" content=\"https:\/\/www.budokampsport.se\/wp-content\/uploads\/2019\/03\/Bildbyran-Nils-Jakobsson-e1625211016786.jpg\" \/>\n\t<meta property=\"og:image:width\" content=\"850\" \/>\n\t<meta property=\"og:image:height\" content=\"566\" \/>\n\t<meta property=\"og:image:type\" content=\"image\/jpeg\" \/>\n<meta name=\"author\" content=\"Sofia Arnbom\" \/>\n<meta name=\"twitter:card\" content=\"summary_large_image\" \/>\n<meta name=\"twitter:label1\" content=\"Skriven av\" \/>\n\t<meta name=\"twitter:data1\" content=\"Sofia Arnbom\" \/>\n\t<meta name=\"twitter:label2\" content=\"Ber\u00e4knad l\u00e4stid\" \/>\n\t<meta name=\"twitter:data2\" content=\"2 minuter\" \/>\n<script type=\"application\/ld+json\" class=\"yoast-schema-graph\">{\"@context\":\"https:\/\/schema.org\",\"@graph\":[{\"@type\":\"Article\",\"@id\":\"https:\/\/www.budokampsport.se\/2019\/10\/02\/arsmote-sbk-2020-2\/#article\",\"isPartOf\":{\"@id\":\"https:\/\/www.budokampsport.se\/2019\/10\/02\/arsmote-sbk-2020-2\/\"},\"author\":{\"name\":\"Sofia Arnbom\",\"@id\":\"https:\/\/www.budokampsport.se\/#\/schema\/person\/666f754cfbc6f9a83a8c253cd24ad660\"},\"headline\":\"\u00c5rsm\u00f6te SB&#038;K 2020\",\"datePublished\":\"2019-10-02T12:32:33+00:00\",\"dateModified\":\"2019-10-02T12:32:35+00:00\",\"mainEntityOfPage\":{\"@id\":\"https:\/\/www.budokampsport.se\/2019\/10\/02\/arsmote-sbk-2020-2\/\"},\"wordCount\":344,\"commentCount\":0,\"image\":{\"@id\":\"https:\/\/www.budokampsport.se\/2019\/10\/02\/arsmote-sbk-2020-2\/#primaryimage\"},\"thumbnailUrl\":\"https:\/\/www.budokampsport.se\/wp-content\/uploads\/2019\/03\/Bildbyran-Nils-Jakobsson-e1625211016786.jpg\",\"keywords\":[\"\u00e5rsm\u00f6te\",\"motion\",\"r\u00f6stl\u00e4ngd\",\"r\u00f6str\u00e4tt\",\"SB&amp;K\",\"valberedning\"],\"articleSection\":[\"\u00c5rsm\u00f6te\"],\"inLanguage\":\"sv-SE\",\"potentialAction\":[{\"@type\":\"CommentAction\",\"name\":\"Comment\",\"target\":[\"https:\/\/www.budokampsport.se\/2019\/10\/02\/arsmote-sbk-2020-2\/#respond\"]}]},{\"@type\":\"WebPage\",\"@id\":\"https:\/\/www.budokampsport.se\/2019\/10\/02\/arsmote-sbk-2020-2\/\",\"url\":\"https:\/\/www.budokampsport.se\/2019\/10\/02\/arsmote-sbk-2020-2\/\",\"name\":\"\u00c5rsm\u00f6te SB&K 2020 - Svenska Budo &amp; Kampsportsf\u00f6rbundet\",\"isPartOf\":{\"@id\":\"https:\/\/www.budokampsport.se\/#website\"},\"primaryImageOfPage\":{\"@id\":\"https:\/\/www.budokampsport.se\/2019\/10\/02\/arsmote-sbk-2020-2\/#primaryimage\"},\"image\":{\"@id\":\"https:\/\/www.budokampsport.se\/2019\/10\/02\/arsmote-sbk-2020-2\/#primaryimage\"},\"thumbnailUrl\":\"https:\/\/www.budokampsport.se\/wp-content\/uploads\/2019\/03\/Bildbyran-Nils-Jakobsson-e1625211016786.jpg\",\"datePublished\":\"2019-10-02T12:32:33+00:00\",\"dateModified\":\"2019-10-02T12:32:35+00:00\",\"author\":{\"@id\":\"https:\/\/www.budokampsport.se\/#\/schema\/person\/666f754cfbc6f9a83a8c253cd24ad660\"},\"description\":\"Svenska Budo &amp; Kampsportsf\u00f6rbundet (SB&amp;K) genomf\u00f6r \u00e5rsm\u00f6te, i stadgarna kallat f\u00f6rbundsst\u00e4mma, l\u00f6rdag den 21 mars 2020 kl. 13.30 p\u00e5 World Trade\",\"breadcrumb\":{\"@id\":\"https:\/\/www.budokampsport.se\/2019\/10\/02\/arsmote-sbk-2020-2\/#breadcrumb\"},\"inLanguage\":\"sv-SE\",\"potentialAction\":[{\"@type\":\"ReadAction\",\"target\":[\"https:\/\/www.budokampsport.se\/2019\/10\/02\/arsmote-sbk-2020-2\/\"]}]},{\"@type\":\"ImageObject\",\"inLanguage\":\"sv-SE\",\"@id\":\"https:\/\/www.budokampsport.se\/2019\/10\/02\/arsmote-sbk-2020-2\/#primaryimage\",\"url\":\"https:\/\/www.budokampsport.se\/wp-content\/uploads\/2019\/03\/Bildbyran-Nils-Jakobsson-e1625211016786.jpg\",\"contentUrl\":\"https:\/\/www.budokampsport.se\/wp-content\/uploads\/2019\/03\/Bildbyran-Nils-Jakobsson-e1625211016786.jpg\",\"width\":850,\"height\":566,\"caption\":\"180829 Eb ordf\u00f6randeklubba den 29 september 2018 i H\u00e4rn\u00f6sand. Foto: Nils Jakobsson \/ BILDBYR\u00c5N \/ kod NJ \/74291\"},{\"@type\":\"BreadcrumbList\",\"@id\":\"https:\/\/www.budokampsport.se\/2019\/10\/02\/arsmote-sbk-2020-2\/#breadcrumb\",\"itemListElement\":[{\"@type\":\"ListItem\",\"position\":1,\"name\":\"Hem\",\"item\":\"https:\/\/www.budokampsport.se\/\"},{\"@type\":\"ListItem\",\"position\":2,\"name\":\"\u00c5rsm\u00f6te SB&#038;K 2020\"}]},{\"@type\":\"WebSite\",\"@id\":\"https:\/\/www.budokampsport.se\/#website\",\"url\":\"https:\/\/www.budokampsport.se\/\",\"name\":\"Svenska Budo &amp; Kampsportsf\u00f6rbundet\",\"description\":\"T\u00e4vling, Tr\u00e4ning, Tradition\",\"potentialAction\":[{\"@type\":\"SearchAction\",\"target\":{\"@type\":\"EntryPoint\",\"urlTemplate\":\"https:\/\/www.budokampsport.se\/?s={search_term_string}\"},\"query-input\":{\"@type\":\"PropertyValueSpecification\",\"valueRequired\":true,\"valueName\":\"search_term_string\"}}],\"inLanguage\":\"sv-SE\"},{\"@type\":\"Person\",\"@id\":\"https:\/\/www.budokampsport.se\/#\/schema\/person\/666f754cfbc6f9a83a8c253cd24ad660\",\"name\":\"Sofia Arnbom\",\"image\":{\"@type\":\"ImageObject\",\"inLanguage\":\"sv-SE\",\"@id\":\"https:\/\/www.budokampsport.se\/#\/schema\/person\/image\/\",\"url\":\"https:\/\/secure.gravatar.com\/avatar\/a69f673c99635f06ea6cb1eb10ca7e92?s=96&d=blank&r=g\",\"contentUrl\":\"https:\/\/secure.gravatar.com\/avatar\/a69f673c99635f06ea6cb1eb10ca7e92?s=96&d=blank&r=g\",\"caption\":\"Sofia Arnbom\"},\"url\":\"https:\/\/www.budokampsport.se\/author\/sofia-arnbom\/\"}]}<\/script>\n<!-- \/ Yoast SEO plugin. -->","yoast_head_json":{"title":"\u00c5rsm\u00f6te SB&K 2020 - Svenska Budo &amp; Kampsportsf\u00f6rbundet","description":"Svenska Budo &amp; Kampsportsf\u00f6rbundet (SB&amp;K) genomf\u00f6r \u00e5rsm\u00f6te, i stadgarna kallat f\u00f6rbundsst\u00e4mma, l\u00f6rdag den 21 mars 2020 kl. 13.30 p\u00e5 World Trade","robots":{"index":"index","follow":"follow","max-snippet":"max-snippet:-1","max-image-preview":"max-image-preview:large","max-video-preview":"max-video-preview:-1"},"canonical":"https:\/\/www.budokampsport.se\/2019\/10\/02\/arsmote-sbk-2020-2\/","og_locale":"sv_SE","og_type":"article","og_title":"\u00c5rsm\u00f6te SB&K 2020 - Svenska Budo &amp; Kampsportsf\u00f6rbundet","og_description":"Svenska Budo &amp; Kampsportsf\u00f6rbundet (SB&amp;K) genomf\u00f6r \u00e5rsm\u00f6te, i stadgarna kallat f\u00f6rbundsst\u00e4mma, l\u00f6rdag den 21 mars 2020 kl. 13.30 p\u00e5 World Trade","og_url":"https:\/\/www.budokampsport.se\/2019\/10\/02\/arsmote-sbk-2020-2\/","og_site_name":"Svenska Budo &amp; Kampsportsf\u00f6rbundet","article_published_time":"2019-10-02T12:32:33+00:00","article_modified_time":"2019-10-02T12:32:35+00:00","og_image":[{"width":850,"height":566,"url":"https:\/\/www.budokampsport.se\/wp-content\/uploads\/2019\/03\/Bildbyran-Nils-Jakobsson-e1625211016786.jpg","type":"image\/jpeg"}],"author":"Sofia Arnbom","twitter_card":"summary_large_image","twitter_misc":{"Skriven av":"Sofia Arnbom","Ber\u00e4knad l\u00e4stid":"2 minuter"},"schema":{"@context":"https:\/\/schema.org","@graph":[{"@type":"Article","@id":"https:\/\/www.budokampsport.se\/2019\/10\/02\/arsmote-sbk-2020-2\/#article","isPartOf":{"@id":"https:\/\/www.budokampsport.se\/2019\/10\/02\/arsmote-sbk-2020-2\/"},"author":{"name":"Sofia Arnbom","@id":"https:\/\/www.budokampsport.se\/#\/schema\/person\/666f754cfbc6f9a83a8c253cd24ad660"},"headline":"\u00c5rsm\u00f6te SB&#038;K 2020","datePublished":"2019-10-02T12:32:33+00:00","dateModified":"2019-10-02T12:32:35+00:00","mainEntityOfPage":{"@id":"https:\/\/www.budokampsport.se\/2019\/10\/02\/arsmote-sbk-2020-2\/"},"wordCount":344,"commentCount":0,"image":{"@id":"https:\/\/www.budokampsport.se\/2019\/10\/02\/arsmote-sbk-2020-2\/#primaryimage"},"thumbnailUrl":"https:\/\/www.budokampsport.se\/wp-content\/uploads\/2019\/03\/Bildbyran-Nils-Jakobsson-e1625211016786.jpg","keywords":["\u00e5rsm\u00f6te","motion","r\u00f6stl\u00e4ngd","r\u00f6str\u00e4tt","SB&amp;K","valberedning"],"articleSection":["\u00c5rsm\u00f6te"],"inLanguage":"sv-SE","potentialAction":[{"@type":"CommentAction","name":"Comment","target":["https:\/\/www.budokampsport.se\/2019\/10\/02\/arsmote-sbk-2020-2\/#respond"]}]},{"@type":"WebPage","@id":"https:\/\/www.budokampsport.se\/2019\/10\/02\/arsmote-sbk-2020-2\/","url":"https:\/\/www.budokampsport.se\/2019\/10\/02\/arsmote-sbk-2020-2\/","name":"\u00c5rsm\u00f6te SB&K 2020 - Svenska Budo &amp; Kampsportsf\u00f6rbundet","isPartOf":{"@id":"https:\/\/www.budokampsport.se\/#website"},"primaryImageOfPage":{"@id":"https:\/\/www.budokampsport.se\/2019\/10\/02\/arsmote-sbk-2020-2\/#primaryimage"},"image":{"@id":"https:\/\/www.budokampsport.se\/2019\/10\/02\/arsmote-sbk-2020-2\/#primaryimage"},"thumbnailUrl":"https:\/\/www.budokampsport.se\/wp-content\/uploads\/2019\/03\/Bildbyran-Nils-Jakobsson-e1625211016786.jpg","datePublished":"2019-10-02T12:32:33+00:00","dateModified":"2019-10-02T12:32:35+00:00","author":{"@id":"https:\/\/www.budokampsport.se\/#\/schema\/person\/666f754cfbc6f9a83a8c253cd24ad660"},"description":"Svenska Budo &amp; Kampsportsf\u00f6rbundet (SB&amp;K) genomf\u00f6r \u00e5rsm\u00f6te, i stadgarna kallat f\u00f6rbundsst\u00e4mma, l\u00f6rdag den 21 mars 2020 kl. 13.30 p\u00e5 World Trade","breadcrumb":{"@id":"https:\/\/www.budokampsport.se\/2019\/10\/02\/arsmote-sbk-2020-2\/#breadcrumb"},"inLanguage":"sv-SE","potentialAction":[{"@type":"ReadAction","target":["https:\/\/www.budokampsport.se\/2019\/10\/02\/arsmote-sbk-2020-2\/"]}]},{"@type":"ImageObject","inLanguage":"sv-SE","@id":"https:\/\/www.budokampsport.se\/2019\/10\/02\/arsmote-sbk-2020-2\/#primaryimage","url":"https:\/\/www.budokampsport.se\/wp-content\/uploads\/2019\/03\/Bildbyran-Nils-Jakobsson-e1625211016786.jpg","contentUrl":"https:\/\/www.budokampsport.se\/wp-content\/uploads\/2019\/03\/Bildbyran-Nils-Jakobsson-e1625211016786.jpg","width":850,"height":566,"caption":"180829 Eb ordf\u00f6randeklubba den 29 september 2018 i H\u00e4rn\u00f6sand. Foto: Nils Jakobsson \/ BILDBYR\u00c5N \/ kod NJ \/74291"},{"@type":"BreadcrumbList","@id":"https:\/\/www.budokampsport.se\/2019\/10\/02\/arsmote-sbk-2020-2\/#breadcrumb","itemListElement":[{"@type":"ListItem","position":1,"name":"Hem","item":"https:\/\/www.budokampsport.se\/"},{"@type":"ListItem","position":2,"name":"\u00c5rsm\u00f6te SB&#038;K 2020"}]},{"@type":"WebSite","@id":"https:\/\/www.budokampsport.se\/#website","url":"https:\/\/www.budokampsport.se\/","name":"Svenska Budo &amp; Kampsportsf\u00f6rbundet","description":"T\u00e4vling, Tr\u00e4ning, Tradition","potentialAction":[{"@type":"SearchAction","target":{"@type":"EntryPoint","urlTemplate":"https:\/\/www.budokampsport.se\/?s={search_term_string}"},"query-input":{"@type":"PropertyValueSpecification","valueRequired":true,"valueName":"search_term_string"}}],"inLanguage":"sv-SE"},{"@type":"Person","@id":"https:\/\/www.budokampsport.se\/#\/schema\/person\/666f754cfbc6f9a83a8c253cd24ad660","name":"Sofia Arnbom","image":{"@type":"ImageObject","inLanguage":"sv-SE","@id":"https:\/\/www.budokampsport.se\/#\/schema\/person\/image\/","url":"https:\/\/secure.gravatar.com\/avatar\/a69f673c99635f06ea6cb1eb10ca7e92?s=96&d=blank&r=g","contentUrl":"https:\/\/secure.gravatar.com\/avatar\/a69f673c99635f06ea6cb1eb10ca7e92?s=96&d=blank&r=g","caption":"Sofia Arnbom"},"url":"https:\/\/www.budokampsport.se\/author\/sofia-arnbom\/"}]}},"_links":{"self":[{"href":"https:\/\/www.budokampsport.se\/api\/wp\/v2\/posts\/108713","targetHints":{"allow":["GET"]}}],"collection":[{"href":"https:\/\/www.budokampsport.se\/api\/wp\/v2\/posts"}],"about":[{"href":"https:\/\/www.budokampsport.se\/api\/wp\/v2\/types\/post"}],"author":[{"embeddable":true,"href":"https:\/\/www.budokampsport.se\/api\/wp\/v2\/users\/47"}],"replies":[{"embeddable":true,"href":"https:\/\/www.budokampsport.se\/api\/wp\/v2\/comments?post=108713"}],"version-history":[{"count":0,"href":"https:\/\/www.budokampsport.se\/api\/wp\/v2\/posts\/108713\/revisions"}],"wp:featuredmedia":[{"embeddable":true,"href":"https:\/\/www.budokampsport.se\/api\/wp\/v2\/media\/94914"}],"wp:attachment":[{"href":"https:\/\/www.budokampsport.se\/api\/wp\/v2\/media?parent=108713"}],"wp:term":[{"taxonomy":"category","embeddable":true,"href":"https:\/\/www.budokampsport.se\/api\/wp\/v2\/categories?post=108713"},{"taxonomy":"post_tag","embeddable":true,"href":"https:\/\/www.budokampsport.se\/api\/wp\/v2\/tags?post=108713"}],"curies":[{"name":"wp","href":"https:\/\/api.w.org\/{rel}","templated":true}]}}