{"id":108824,"date":"2019-10-03T10:47:44","date_gmt":"2019-10-03T08:47:44","guid":{"rendered":"https:\/\/www.budokampsport.se\/?p=108824"},"modified":"2019-10-03T23:55:30","modified_gmt":"2019-10-03T21:55:30","slug":"grattis-magnus-ledin","status":"publish","type":"post","link":"https:\/\/www.budokampsport.se\/2019\/10\/03\/grattis-magnus-ledin\/","title":{"rendered":"Magnus Ledin, 40 idag"},"content":{"rendered":"\n<p>Stort grattis Magnus!<\/p>\n","protected":false},"excerpt":{"rendered":"<p>Idag fyller v\u00e5r kollega och v\u00e4n p\u00e5 kansliet Magnus Ledin 40. Magnus kom till SB&#038;K redan 2008 och har varit en vital medarbetare sedan dess. Med hans alltid \u00f6dmjuka s\u00e4tt och glada hum\u00f6r \u00e4r han synnerligen uppskattad och vi \u00e4r alla glada \u00f6ver att ha honom hos oss.<\/p><br>","protected":false},"author":7,"featured_media":108825,"comment_status":"open","ping_status":"open","sticky":false,"template":"","format":"standard","meta":{"_acf_changed":false,"footnotes":""},"categories":[1],"tags":[],"class_list":["post-108824","post","type-post","status-publish","format-standard","has-post-thumbnail","hentry","category-okategoriserade"],"acf":[],"yoast_head":"<!-- This site is optimized with the Yoast SEO plugin v26.8 - https:\/\/yoast.com\/product\/yoast-seo-wordpress\/ -->\n<title>Magnus Ledin, 40 idag - Svenska Budo &amp; Kampsportsf\u00f6rbundet<\/title>\n<meta name=\"description\" content=\"Idag fyller v\u00e5r kollega och v\u00e4n p\u00e5 kansliet Magnus Ledin 40. Magnus kom till SB&amp;K redan 2008 och har varit en vital medarbetare sedan dess. Med hans alltid \u00f6dmjuka s\u00e4tt och glada hum\u00f6r \u00e4r han synnerligen uppskattad och vi \u00e4r alla glada \u00f6ver att ha honom hos oss.\" \/>\n<meta name=\"robots\" content=\"index, follow, max-snippet:-1, max-image-preview:large, max-video-preview:-1\" \/>\n<link rel=\"canonical\" href=\"https:\/\/www.budokampsport.se\/2019\/10\/03\/grattis-magnus-ledin\/\" \/>\n<meta property=\"og:locale\" content=\"sv_SE\" \/>\n<meta property=\"og:type\" content=\"article\" \/>\n<meta property=\"og:title\" content=\"Magnus Ledin, 40 idag - Svenska Budo &amp; Kampsportsf\u00f6rbundet\" \/>\n<meta property=\"og:description\" content=\"Idag fyller v\u00e5r kollega och v\u00e4n p\u00e5 kansliet Magnus Ledin 40. Magnus kom till SB&amp;K redan 2008 och har varit en vital medarbetare sedan dess. Med hans alltid \u00f6dmjuka s\u00e4tt och glada hum\u00f6r \u00e4r han synnerligen uppskattad och vi \u00e4r alla glada \u00f6ver att ha honom hos oss.\" \/>\n<meta property=\"og:url\" content=\"https:\/\/www.budokampsport.se\/2019\/10\/03\/grattis-magnus-ledin\/\" \/>\n<meta property=\"og:site_name\" content=\"Svenska Budo &amp; Kampsportsf\u00f6rbundet\" \/>\n<meta property=\"article:author\" content=\"https:\/\/www.facebook.com\/jonathan.broberg.7\" \/>\n<meta property=\"article:published_time\" content=\"2019-10-03T08:47:44+00:00\" \/>\n<meta property=\"article:modified_time\" content=\"2019-10-03T21:55:30+00:00\" \/>\n<meta property=\"og:image\" content=\"https:\/\/www.budokampsport.se\/wp-content\/uploads\/2019\/10\/magnus.jpg\" \/>\n\t<meta property=\"og:image:width\" content=\"850\" \/>\n\t<meta property=\"og:image:height\" content=\"565\" \/>\n\t<meta property=\"og:image:type\" content=\"image\/jpeg\" \/>\n<meta name=\"author\" content=\"Jonathan Broberg\" \/>\n<meta name=\"twitter:card\" content=\"summary_large_image\" \/>\n<meta name=\"twitter:label1\" content=\"Skriven av\" \/>\n\t<meta name=\"twitter:data1\" content=\"Jonathan Broberg\" \/>\n<script type=\"application\/ld+json\" class=\"yoast-schema-graph\">{\"@context\":\"https:\/\/schema.org\",\"@graph\":[{\"@type\":\"Article\",\"@id\":\"https:\/\/www.budokampsport.se\/2019\/10\/03\/grattis-magnus-ledin\/#article\",\"isPartOf\":{\"@id\":\"https:\/\/www.budokampsport.se\/2019\/10\/03\/grattis-magnus-ledin\/\"},\"author\":{\"name\":\"Jonathan Broberg\",\"@id\":\"https:\/\/www.budokampsport.se\/#\/schema\/person\/5c06d81d14850e2a8ce5493386560145\"},\"headline\":\"Magnus Ledin, 40 idag\",\"datePublished\":\"2019-10-03T08:47:44+00:00\",\"dateModified\":\"2019-10-03T21:55:30+00:00\",\"mainEntityOfPage\":{\"@id\":\"https:\/\/www.budokampsport.se\/2019\/10\/03\/grattis-magnus-ledin\/\"},\"wordCount\":6,\"commentCount\":0,\"image\":{\"@id\":\"https:\/\/www.budokampsport.se\/2019\/10\/03\/grattis-magnus-ledin\/#primaryimage\"},\"thumbnailUrl\":\"https:\/\/www.budokampsport.se\/wp-content\/uploads\/2019\/10\/magnus.jpg\",\"inLanguage\":\"sv-SE\",\"potentialAction\":[{\"@type\":\"CommentAction\",\"name\":\"Comment\",\"target\":[\"https:\/\/www.budokampsport.se\/2019\/10\/03\/grattis-magnus-ledin\/#respond\"]}]},{\"@type\":\"WebPage\",\"@id\":\"https:\/\/www.budokampsport.se\/2019\/10\/03\/grattis-magnus-ledin\/\",\"url\":\"https:\/\/www.budokampsport.se\/2019\/10\/03\/grattis-magnus-ledin\/\",\"name\":\"Magnus Ledin, 40 idag - Svenska Budo &amp; Kampsportsf\u00f6rbundet\",\"isPartOf\":{\"@id\":\"https:\/\/www.budokampsport.se\/#website\"},\"primaryImageOfPage\":{\"@id\":\"https:\/\/www.budokampsport.se\/2019\/10\/03\/grattis-magnus-ledin\/#primaryimage\"},\"image\":{\"@id\":\"https:\/\/www.budokampsport.se\/2019\/10\/03\/grattis-magnus-ledin\/#primaryimage\"},\"thumbnailUrl\":\"https:\/\/www.budokampsport.se\/wp-content\/uploads\/2019\/10\/magnus.jpg\",\"datePublished\":\"2019-10-03T08:47:44+00:00\",\"dateModified\":\"2019-10-03T21:55:30+00:00\",\"author\":{\"@id\":\"https:\/\/www.budokampsport.se\/#\/schema\/person\/5c06d81d14850e2a8ce5493386560145\"},\"description\":\"Idag fyller v\u00e5r kollega och v\u00e4n p\u00e5 kansliet Magnus Ledin 40. Magnus kom till SB&K redan 2008 och har varit en vital medarbetare sedan dess. Med hans alltid \u00f6dmjuka s\u00e4tt och glada hum\u00f6r \u00e4r han synnerligen uppskattad och vi \u00e4r alla glada \u00f6ver att ha honom hos oss.\",\"breadcrumb\":{\"@id\":\"https:\/\/www.budokampsport.se\/2019\/10\/03\/grattis-magnus-ledin\/#breadcrumb\"},\"inLanguage\":\"sv-SE\",\"potentialAction\":[{\"@type\":\"ReadAction\",\"target\":[\"https:\/\/www.budokampsport.se\/2019\/10\/03\/grattis-magnus-ledin\/\"]}]},{\"@type\":\"ImageObject\",\"inLanguage\":\"sv-SE\",\"@id\":\"https:\/\/www.budokampsport.se\/2019\/10\/03\/grattis-magnus-ledin\/#primaryimage\",\"url\":\"https:\/\/www.budokampsport.se\/wp-content\/uploads\/2019\/10\/magnus.jpg\",\"contentUrl\":\"https:\/\/www.budokampsport.se\/wp-content\/uploads\/2019\/10\/magnus.jpg\",\"width\":850,\"height\":565},{\"@type\":\"BreadcrumbList\",\"@id\":\"https:\/\/www.budokampsport.se\/2019\/10\/03\/grattis-magnus-ledin\/#breadcrumb\",\"itemListElement\":[{\"@type\":\"ListItem\",\"position\":1,\"name\":\"Hem\",\"item\":\"https:\/\/www.budokampsport.se\/\"},{\"@type\":\"ListItem\",\"position\":2,\"name\":\"Magnus Ledin, 40 idag\"}]},{\"@type\":\"WebSite\",\"@id\":\"https:\/\/www.budokampsport.se\/#website\",\"url\":\"https:\/\/www.budokampsport.se\/\",\"name\":\"Svenska Budo &amp; Kampsportsf\u00f6rbundet\",\"description\":\"T\u00e4vling, Tr\u00e4ning, Tradition\",\"potentialAction\":[{\"@type\":\"SearchAction\",\"target\":{\"@type\":\"EntryPoint\",\"urlTemplate\":\"https:\/\/www.budokampsport.se\/?s={search_term_string}\"},\"query-input\":{\"@type\":\"PropertyValueSpecification\",\"valueRequired\":true,\"valueName\":\"search_term_string\"}}],\"inLanguage\":\"sv-SE\"},{\"@type\":\"Person\",\"@id\":\"https:\/\/www.budokampsport.se\/#\/schema\/person\/5c06d81d14850e2a8ce5493386560145\",\"name\":\"Jonathan Broberg\",\"image\":{\"@type\":\"ImageObject\",\"inLanguage\":\"sv-SE\",\"@id\":\"https:\/\/www.budokampsport.se\/#\/schema\/person\/image\/\",\"url\":\"https:\/\/secure.gravatar.com\/avatar\/a58041c6cea9128bd9c40ee2f26d4136?s=96&d=blank&r=g\",\"contentUrl\":\"https:\/\/secure.gravatar.com\/avatar\/a58041c6cea9128bd9c40ee2f26d4136?s=96&d=blank&r=g\",\"caption\":\"Jonathan Broberg\"},\"sameAs\":[\"https:\/\/www.facebook.com\/jonathan.broberg.7\"],\"url\":\"https:\/\/www.budokampsport.se\/author\/jonathan\/\"}]}<\/script>\n<!-- \/ Yoast SEO plugin. -->","yoast_head_json":{"title":"Magnus Ledin, 40 idag - Svenska Budo &amp; Kampsportsf\u00f6rbundet","description":"Idag fyller v\u00e5r kollega och v\u00e4n p\u00e5 kansliet Magnus Ledin 40. Magnus kom till SB&K redan 2008 och har varit en vital medarbetare sedan dess. Med hans alltid \u00f6dmjuka s\u00e4tt och glada hum\u00f6r \u00e4r han synnerligen uppskattad och vi \u00e4r alla glada \u00f6ver att ha honom hos oss.","robots":{"index":"index","follow":"follow","max-snippet":"max-snippet:-1","max-image-preview":"max-image-preview:large","max-video-preview":"max-video-preview:-1"},"canonical":"https:\/\/www.budokampsport.se\/2019\/10\/03\/grattis-magnus-ledin\/","og_locale":"sv_SE","og_type":"article","og_title":"Magnus Ledin, 40 idag - Svenska Budo &amp; Kampsportsf\u00f6rbundet","og_description":"Idag fyller v\u00e5r kollega och v\u00e4n p\u00e5 kansliet Magnus Ledin 40. Magnus kom till SB&K redan 2008 och har varit en vital medarbetare sedan dess. Med hans alltid \u00f6dmjuka s\u00e4tt och glada hum\u00f6r \u00e4r han synnerligen uppskattad och vi \u00e4r alla glada \u00f6ver att ha honom hos oss.","og_url":"https:\/\/www.budokampsport.se\/2019\/10\/03\/grattis-magnus-ledin\/","og_site_name":"Svenska Budo &amp; Kampsportsf\u00f6rbundet","article_author":"https:\/\/www.facebook.com\/jonathan.broberg.7","article_published_time":"2019-10-03T08:47:44+00:00","article_modified_time":"2019-10-03T21:55:30+00:00","og_image":[{"width":850,"height":565,"url":"https:\/\/www.budokampsport.se\/wp-content\/uploads\/2019\/10\/magnus.jpg","type":"image\/jpeg"}],"author":"Jonathan Broberg","twitter_card":"summary_large_image","twitter_misc":{"Skriven av":"Jonathan Broberg"},"schema":{"@context":"https:\/\/schema.org","@graph":[{"@type":"Article","@id":"https:\/\/www.budokampsport.se\/2019\/10\/03\/grattis-magnus-ledin\/#article","isPartOf":{"@id":"https:\/\/www.budokampsport.se\/2019\/10\/03\/grattis-magnus-ledin\/"},"author":{"name":"Jonathan Broberg","@id":"https:\/\/www.budokampsport.se\/#\/schema\/person\/5c06d81d14850e2a8ce5493386560145"},"headline":"Magnus Ledin, 40 idag","datePublished":"2019-10-03T08:47:44+00:00","dateModified":"2019-10-03T21:55:30+00:00","mainEntityOfPage":{"@id":"https:\/\/www.budokampsport.se\/2019\/10\/03\/grattis-magnus-ledin\/"},"wordCount":6,"commentCount":0,"image":{"@id":"https:\/\/www.budokampsport.se\/2019\/10\/03\/grattis-magnus-ledin\/#primaryimage"},"thumbnailUrl":"https:\/\/www.budokampsport.se\/wp-content\/uploads\/2019\/10\/magnus.jpg","inLanguage":"sv-SE","potentialAction":[{"@type":"CommentAction","name":"Comment","target":["https:\/\/www.budokampsport.se\/2019\/10\/03\/grattis-magnus-ledin\/#respond"]}]},{"@type":"WebPage","@id":"https:\/\/www.budokampsport.se\/2019\/10\/03\/grattis-magnus-ledin\/","url":"https:\/\/www.budokampsport.se\/2019\/10\/03\/grattis-magnus-ledin\/","name":"Magnus Ledin, 40 idag - Svenska Budo &amp; Kampsportsf\u00f6rbundet","isPartOf":{"@id":"https:\/\/www.budokampsport.se\/#website"},"primaryImageOfPage":{"@id":"https:\/\/www.budokampsport.se\/2019\/10\/03\/grattis-magnus-ledin\/#primaryimage"},"image":{"@id":"https:\/\/www.budokampsport.se\/2019\/10\/03\/grattis-magnus-ledin\/#primaryimage"},"thumbnailUrl":"https:\/\/www.budokampsport.se\/wp-content\/uploads\/2019\/10\/magnus.jpg","datePublished":"2019-10-03T08:47:44+00:00","dateModified":"2019-10-03T21:55:30+00:00","author":{"@id":"https:\/\/www.budokampsport.se\/#\/schema\/person\/5c06d81d14850e2a8ce5493386560145"},"description":"Idag fyller v\u00e5r kollega och v\u00e4n p\u00e5 kansliet Magnus Ledin 40. Magnus kom till SB&K redan 2008 och har varit en vital medarbetare sedan dess. Med hans alltid \u00f6dmjuka s\u00e4tt och glada hum\u00f6r \u00e4r han synnerligen uppskattad och vi \u00e4r alla glada \u00f6ver att ha honom hos oss.","breadcrumb":{"@id":"https:\/\/www.budokampsport.se\/2019\/10\/03\/grattis-magnus-ledin\/#breadcrumb"},"inLanguage":"sv-SE","potentialAction":[{"@type":"ReadAction","target":["https:\/\/www.budokampsport.se\/2019\/10\/03\/grattis-magnus-ledin\/"]}]},{"@type":"ImageObject","inLanguage":"sv-SE","@id":"https:\/\/www.budokampsport.se\/2019\/10\/03\/grattis-magnus-ledin\/#primaryimage","url":"https:\/\/www.budokampsport.se\/wp-content\/uploads\/2019\/10\/magnus.jpg","contentUrl":"https:\/\/www.budokampsport.se\/wp-content\/uploads\/2019\/10\/magnus.jpg","width":850,"height":565},{"@type":"BreadcrumbList","@id":"https:\/\/www.budokampsport.se\/2019\/10\/03\/grattis-magnus-ledin\/#breadcrumb","itemListElement":[{"@type":"ListItem","position":1,"name":"Hem","item":"https:\/\/www.budokampsport.se\/"},{"@type":"ListItem","position":2,"name":"Magnus Ledin, 40 idag"}]},{"@type":"WebSite","@id":"https:\/\/www.budokampsport.se\/#website","url":"https:\/\/www.budokampsport.se\/","name":"Svenska Budo &amp; Kampsportsf\u00f6rbundet","description":"T\u00e4vling, Tr\u00e4ning, Tradition","potentialAction":[{"@type":"SearchAction","target":{"@type":"EntryPoint","urlTemplate":"https:\/\/www.budokampsport.se\/?s={search_term_string}"},"query-input":{"@type":"PropertyValueSpecification","valueRequired":true,"valueName":"search_term_string"}}],"inLanguage":"sv-SE"},{"@type":"Person","@id":"https:\/\/www.budokampsport.se\/#\/schema\/person\/5c06d81d14850e2a8ce5493386560145","name":"Jonathan Broberg","image":{"@type":"ImageObject","inLanguage":"sv-SE","@id":"https:\/\/www.budokampsport.se\/#\/schema\/person\/image\/","url":"https:\/\/secure.gravatar.com\/avatar\/a58041c6cea9128bd9c40ee2f26d4136?s=96&d=blank&r=g","contentUrl":"https:\/\/secure.gravatar.com\/avatar\/a58041c6cea9128bd9c40ee2f26d4136?s=96&d=blank&r=g","caption":"Jonathan Broberg"},"sameAs":["https:\/\/www.facebook.com\/jonathan.broberg.7"],"url":"https:\/\/www.budokampsport.se\/author\/jonathan\/"}]}},"_links":{"self":[{"href":"https:\/\/www.budokampsport.se\/api\/wp\/v2\/posts\/108824","targetHints":{"allow":["GET"]}}],"collection":[{"href":"https:\/\/www.budokampsport.se\/api\/wp\/v2\/posts"}],"about":[{"href":"https:\/\/www.budokampsport.se\/api\/wp\/v2\/types\/post"}],"author":[{"embeddable":true,"href":"https:\/\/www.budokampsport.se\/api\/wp\/v2\/users\/7"}],"replies":[{"embeddable":true,"href":"https:\/\/www.budokampsport.se\/api\/wp\/v2\/comments?post=108824"}],"version-history":[{"count":0,"href":"https:\/\/www.budokampsport.se\/api\/wp\/v2\/posts\/108824\/revisions"}],"wp:featuredmedia":[{"embeddable":true,"href":"https:\/\/www.budokampsport.se\/api\/wp\/v2\/media\/108825"}],"wp:attachment":[{"href":"https:\/\/www.budokampsport.se\/api\/wp\/v2\/media?parent=108824"}],"wp:term":[{"taxonomy":"category","embeddable":true,"href":"https:\/\/www.budokampsport.se\/api\/wp\/v2\/categories?post=108824"},{"taxonomy":"post_tag","embeddable":true,"href":"https:\/\/www.budokampsport.se\/api\/wp\/v2\/tags?post=108824"}],"curies":[{"name":"wp","href":"https:\/\/api.w.org\/{rel}","templated":true}]}}