{"id":109475,"date":"2019-10-08T13:00:20","date_gmt":"2019-10-08T11:00:20","guid":{"rendered":"https:\/\/www.budokampsport.se\/?p=109475"},"modified":"2024-06-19T15:53:20","modified_gmt":"2024-06-19T13:53:20","slug":"natverkstraff-kampsport","status":"publish","type":"post","link":"https:\/\/www.budokampsport.se\/2019\/10\/08\/natverkstraff-kampsport\/","title":{"rendered":"N\u00e4tverkstr\u00e4ff kampsport"},"content":{"rendered":"\n<p>Riksidrottsf\u00f6rbundets Elitidrottsst\u00f6d bjuder in till n\u00e4tverkstr\u00e4ff f\u00f6r kampsporter 8 november 2019.\u00a0<br \/><br \/><strong>M\u00e5lgrupp<\/strong><br \/>Landslags- och elittr\u00e4nare p\u00e5 junior- och seniorniv\u00e5 inom RF:s idrotter samt tr\u00e4nare p\u00e5 RIG eller NIU.<br \/><br \/><strong>Inneh\u00e5ll <\/strong>(programmet kan komma att ut\u00f6kas)<br \/>\u00bb Viktreglering och kroppssammans\u00e4ttning, <em>Emma Lindblom, RF<\/em><br \/>\u00bb Krav eller prestation? <em>Robert Eriksson, Landslagschef Judo<\/em><br \/>\u00bb M\u00e4tplatstr\u00e4ning, vad \u00e4r det? <em>Thomas Lindberg och Juan Alonso, RF<br \/><br \/><\/em><strong>Inbjudan<\/strong><br \/>Injudan och anm\u00e4lningsl\u00e4nk publiceras p\u00e5 <a href=\"https:\/\/www.boson2025.se\/Utbildning\/motesplatserochnatverkstraffar\/elitidrottsstod-natverk\/\" target=\"_blank\" rel=\"noopener noreferrer\">boson.se<\/a><br \/><br \/><strong>Fler n\u00e4tverkstr\u00e4ffar<br \/><\/strong>F\u00f6r inbjudan till\u00a0 andra n\u00e4tverkstr\u00e4ffar, seminarier och kurser arrangerade av RF Elitidrottsst\u00f6d bes\u00f6k <a href=\"https:\/\/www.boson2025.se\/Utbildning\/\" target=\"_blank\" rel=\"noopener noreferrer\">boson2025.se\/Utbildning<\/a><\/p>\n<p><br \/>Text: Sofia Arnbom<br \/>Foto: Nils Jakobsson, Bildbyr\u00e5n<\/p>\n","protected":false},"excerpt":{"rendered":"<p>N\u00e4tverkstr\u00e4ffen syftar till kompetensutveckling och erfarenhetsutbyte mellan olika individer och grupper inom elitidrott.<\/p><br>","protected":false},"author":47,"featured_media":105799,"comment_status":"open","ping_status":"open","sticky":false,"template":"","format":"standard","meta":{"_acf_changed":false,"footnotes":""},"categories":[451,273],"tags":[],"class_list":["post-109475","post","type-post","status-publish","format-standard","has-post-thumbnail","hentry","category-elit","category-utbildning"],"acf":[],"yoast_head":"<!-- This site is optimized with the Yoast SEO plugin v26.8 - https:\/\/yoast.com\/product\/yoast-seo-wordpress\/ -->\n<title>N\u00e4tverkstr\u00e4ff kampsport - Svenska Budo &amp; Kampsportsf\u00f6rbundet<\/title>\n<meta name=\"description\" content=\"N\u00e4tverkstr\u00e4ffen syftar till kompetensutveckling och erfarenhetsutbyte mellan olika individer och grupper inom elitidrott.\" \/>\n<meta name=\"robots\" content=\"index, follow, max-snippet:-1, max-image-preview:large, max-video-preview:-1\" \/>\n<link rel=\"canonical\" href=\"https:\/\/www.budokampsport.se\/2019\/10\/08\/natverkstraff-kampsport\/\" \/>\n<meta property=\"og:locale\" content=\"sv_SE\" \/>\n<meta property=\"og:type\" content=\"article\" \/>\n<meta property=\"og:title\" content=\"N\u00e4tverkstr\u00e4ff kampsport - Svenska Budo &amp; Kampsportsf\u00f6rbundet\" \/>\n<meta property=\"og:description\" content=\"N\u00e4tverkstr\u00e4ffen syftar till kompetensutveckling och erfarenhetsutbyte mellan olika individer och grupper inom elitidrott.\" \/>\n<meta property=\"og:url\" content=\"https:\/\/www.budokampsport.se\/2019\/10\/08\/natverkstraff-kampsport\/\" \/>\n<meta property=\"og:site_name\" content=\"Svenska Budo &amp; Kampsportsf\u00f6rbundet\" \/>\n<meta property=\"article:published_time\" content=\"2019-10-08T11:00:20+00:00\" \/>\n<meta property=\"article:modified_time\" content=\"2024-06-19T13:53:20+00:00\" \/>\n<meta property=\"og:image\" content=\"https:\/\/www.budokampsport.se\/wp-content\/uploads\/2019\/09\/Kvinnor-i-landslagsledning-Nils-Joakobsson-Bildbyran-e1625212069895.jpg\" \/>\n\t<meta property=\"og:image:width\" content=\"850\" \/>\n\t<meta property=\"og:image:height\" content=\"556\" \/>\n\t<meta property=\"og:image:type\" content=\"image\/jpeg\" \/>\n<meta name=\"author\" content=\"Sofia Arnbom\" \/>\n<meta name=\"twitter:card\" content=\"summary_large_image\" \/>\n<meta name=\"twitter:label1\" content=\"Skriven av\" \/>\n\t<meta name=\"twitter:data1\" content=\"Sofia Arnbom\" \/>\n\t<meta name=\"twitter:label2\" content=\"Ber\u00e4knad l\u00e4stid\" \/>\n\t<meta name=\"twitter:data2\" content=\"1 minut\" \/>\n<script type=\"application\/ld+json\" class=\"yoast-schema-graph\">{\"@context\":\"https:\/\/schema.org\",\"@graph\":[{\"@type\":\"Article\",\"@id\":\"https:\/\/www.budokampsport.se\/2019\/10\/08\/natverkstraff-kampsport\/#article\",\"isPartOf\":{\"@id\":\"https:\/\/www.budokampsport.se\/2019\/10\/08\/natverkstraff-kampsport\/\"},\"author\":{\"name\":\"Sofia Arnbom\",\"@id\":\"https:\/\/www.budokampsport.se\/#\/schema\/person\/666f754cfbc6f9a83a8c253cd24ad660\"},\"headline\":\"N\u00e4tverkstr\u00e4ff kampsport\",\"datePublished\":\"2019-10-08T11:00:20+00:00\",\"dateModified\":\"2024-06-19T13:53:20+00:00\",\"mainEntityOfPage\":{\"@id\":\"https:\/\/www.budokampsport.se\/2019\/10\/08\/natverkstraff-kampsport\/\"},\"wordCount\":115,\"commentCount\":0,\"image\":{\"@id\":\"https:\/\/www.budokampsport.se\/2019\/10\/08\/natverkstraff-kampsport\/#primaryimage\"},\"thumbnailUrl\":\"https:\/\/www.budokampsport.se\/wp-content\/uploads\/2019\/09\/Kvinnor-i-landslagsledning-Nils-Joakobsson-Bildbyran-e1625212069895.jpg\",\"articleSection\":[\"Elit\",\"Utbildning\"],\"inLanguage\":\"sv-SE\",\"potentialAction\":[{\"@type\":\"CommentAction\",\"name\":\"Comment\",\"target\":[\"https:\/\/www.budokampsport.se\/2019\/10\/08\/natverkstraff-kampsport\/#respond\"]}]},{\"@type\":\"WebPage\",\"@id\":\"https:\/\/www.budokampsport.se\/2019\/10\/08\/natverkstraff-kampsport\/\",\"url\":\"https:\/\/www.budokampsport.se\/2019\/10\/08\/natverkstraff-kampsport\/\",\"name\":\"N\u00e4tverkstr\u00e4ff kampsport - Svenska Budo &amp; Kampsportsf\u00f6rbundet\",\"isPartOf\":{\"@id\":\"https:\/\/www.budokampsport.se\/#website\"},\"primaryImageOfPage\":{\"@id\":\"https:\/\/www.budokampsport.se\/2019\/10\/08\/natverkstraff-kampsport\/#primaryimage\"},\"image\":{\"@id\":\"https:\/\/www.budokampsport.se\/2019\/10\/08\/natverkstraff-kampsport\/#primaryimage\"},\"thumbnailUrl\":\"https:\/\/www.budokampsport.se\/wp-content\/uploads\/2019\/09\/Kvinnor-i-landslagsledning-Nils-Joakobsson-Bildbyran-e1625212069895.jpg\",\"datePublished\":\"2019-10-08T11:00:20+00:00\",\"dateModified\":\"2024-06-19T13:53:20+00:00\",\"author\":{\"@id\":\"https:\/\/www.budokampsport.se\/#\/schema\/person\/666f754cfbc6f9a83a8c253cd24ad660\"},\"description\":\"N\u00e4tverkstr\u00e4ffen syftar till kompetensutveckling och erfarenhetsutbyte mellan olika individer och grupper inom elitidrott.\",\"breadcrumb\":{\"@id\":\"https:\/\/www.budokampsport.se\/2019\/10\/08\/natverkstraff-kampsport\/#breadcrumb\"},\"inLanguage\":\"sv-SE\",\"potentialAction\":[{\"@type\":\"ReadAction\",\"target\":[\"https:\/\/www.budokampsport.se\/2019\/10\/08\/natverkstraff-kampsport\/\"]}]},{\"@type\":\"ImageObject\",\"inLanguage\":\"sv-SE\",\"@id\":\"https:\/\/www.budokampsport.se\/2019\/10\/08\/natverkstraff-kampsport\/#primaryimage\",\"url\":\"https:\/\/www.budokampsport.se\/wp-content\/uploads\/2019\/09\/Kvinnor-i-landslagsledning-Nils-Joakobsson-Bildbyran-e1625212069895.jpg\",\"contentUrl\":\"https:\/\/www.budokampsport.se\/wp-content\/uploads\/2019\/09\/Kvinnor-i-landslagsledning-Nils-Joakobsson-Bildbyran-e1625212069895.jpg\",\"width\":850,\"height\":556,\"caption\":\"131109 Uppvisning av kickboxning den 9 november 2013 i Malm\u00f6. Foto: NILS JAKOBSSON \/ BILDBYR\u00c5N \/ kod NJ \/ 73872\"},{\"@type\":\"BreadcrumbList\",\"@id\":\"https:\/\/www.budokampsport.se\/2019\/10\/08\/natverkstraff-kampsport\/#breadcrumb\",\"itemListElement\":[{\"@type\":\"ListItem\",\"position\":1,\"name\":\"Hem\",\"item\":\"https:\/\/www.budokampsport.se\/\"},{\"@type\":\"ListItem\",\"position\":2,\"name\":\"N\u00e4tverkstr\u00e4ff kampsport\"}]},{\"@type\":\"WebSite\",\"@id\":\"https:\/\/www.budokampsport.se\/#website\",\"url\":\"https:\/\/www.budokampsport.se\/\",\"name\":\"Svenska Budo &amp; Kampsportsf\u00f6rbundet\",\"description\":\"T\u00e4vling, Tr\u00e4ning, Tradition\",\"potentialAction\":[{\"@type\":\"SearchAction\",\"target\":{\"@type\":\"EntryPoint\",\"urlTemplate\":\"https:\/\/www.budokampsport.se\/?s={search_term_string}\"},\"query-input\":{\"@type\":\"PropertyValueSpecification\",\"valueRequired\":true,\"valueName\":\"search_term_string\"}}],\"inLanguage\":\"sv-SE\"},{\"@type\":\"Person\",\"@id\":\"https:\/\/www.budokampsport.se\/#\/schema\/person\/666f754cfbc6f9a83a8c253cd24ad660\",\"name\":\"Sofia Arnbom\",\"image\":{\"@type\":\"ImageObject\",\"inLanguage\":\"sv-SE\",\"@id\":\"https:\/\/www.budokampsport.se\/#\/schema\/person\/image\/\",\"url\":\"https:\/\/secure.gravatar.com\/avatar\/a69f673c99635f06ea6cb1eb10ca7e92?s=96&d=blank&r=g\",\"contentUrl\":\"https:\/\/secure.gravatar.com\/avatar\/a69f673c99635f06ea6cb1eb10ca7e92?s=96&d=blank&r=g\",\"caption\":\"Sofia Arnbom\"},\"url\":\"https:\/\/www.budokampsport.se\/author\/sofia-arnbom\/\"}]}<\/script>\n<!-- \/ Yoast SEO plugin. -->","yoast_head_json":{"title":"N\u00e4tverkstr\u00e4ff kampsport - Svenska Budo &amp; Kampsportsf\u00f6rbundet","description":"N\u00e4tverkstr\u00e4ffen syftar till kompetensutveckling och erfarenhetsutbyte mellan olika individer och grupper inom elitidrott.","robots":{"index":"index","follow":"follow","max-snippet":"max-snippet:-1","max-image-preview":"max-image-preview:large","max-video-preview":"max-video-preview:-1"},"canonical":"https:\/\/www.budokampsport.se\/2019\/10\/08\/natverkstraff-kampsport\/","og_locale":"sv_SE","og_type":"article","og_title":"N\u00e4tverkstr\u00e4ff kampsport - Svenska Budo &amp; Kampsportsf\u00f6rbundet","og_description":"N\u00e4tverkstr\u00e4ffen syftar till kompetensutveckling och erfarenhetsutbyte mellan olika individer och grupper inom elitidrott.","og_url":"https:\/\/www.budokampsport.se\/2019\/10\/08\/natverkstraff-kampsport\/","og_site_name":"Svenska Budo &amp; Kampsportsf\u00f6rbundet","article_published_time":"2019-10-08T11:00:20+00:00","article_modified_time":"2024-06-19T13:53:20+00:00","og_image":[{"width":850,"height":556,"url":"https:\/\/www.budokampsport.se\/wp-content\/uploads\/2019\/09\/Kvinnor-i-landslagsledning-Nils-Joakobsson-Bildbyran-e1625212069895.jpg","type":"image\/jpeg"}],"author":"Sofia Arnbom","twitter_card":"summary_large_image","twitter_misc":{"Skriven av":"Sofia Arnbom","Ber\u00e4knad l\u00e4stid":"1 minut"},"schema":{"@context":"https:\/\/schema.org","@graph":[{"@type":"Article","@id":"https:\/\/www.budokampsport.se\/2019\/10\/08\/natverkstraff-kampsport\/#article","isPartOf":{"@id":"https:\/\/www.budokampsport.se\/2019\/10\/08\/natverkstraff-kampsport\/"},"author":{"name":"Sofia Arnbom","@id":"https:\/\/www.budokampsport.se\/#\/schema\/person\/666f754cfbc6f9a83a8c253cd24ad660"},"headline":"N\u00e4tverkstr\u00e4ff kampsport","datePublished":"2019-10-08T11:00:20+00:00","dateModified":"2024-06-19T13:53:20+00:00","mainEntityOfPage":{"@id":"https:\/\/www.budokampsport.se\/2019\/10\/08\/natverkstraff-kampsport\/"},"wordCount":115,"commentCount":0,"image":{"@id":"https:\/\/www.budokampsport.se\/2019\/10\/08\/natverkstraff-kampsport\/#primaryimage"},"thumbnailUrl":"https:\/\/www.budokampsport.se\/wp-content\/uploads\/2019\/09\/Kvinnor-i-landslagsledning-Nils-Joakobsson-Bildbyran-e1625212069895.jpg","articleSection":["Elit","Utbildning"],"inLanguage":"sv-SE","potentialAction":[{"@type":"CommentAction","name":"Comment","target":["https:\/\/www.budokampsport.se\/2019\/10\/08\/natverkstraff-kampsport\/#respond"]}]},{"@type":"WebPage","@id":"https:\/\/www.budokampsport.se\/2019\/10\/08\/natverkstraff-kampsport\/","url":"https:\/\/www.budokampsport.se\/2019\/10\/08\/natverkstraff-kampsport\/","name":"N\u00e4tverkstr\u00e4ff kampsport - Svenska Budo &amp; Kampsportsf\u00f6rbundet","isPartOf":{"@id":"https:\/\/www.budokampsport.se\/#website"},"primaryImageOfPage":{"@id":"https:\/\/www.budokampsport.se\/2019\/10\/08\/natverkstraff-kampsport\/#primaryimage"},"image":{"@id":"https:\/\/www.budokampsport.se\/2019\/10\/08\/natverkstraff-kampsport\/#primaryimage"},"thumbnailUrl":"https:\/\/www.budokampsport.se\/wp-content\/uploads\/2019\/09\/Kvinnor-i-landslagsledning-Nils-Joakobsson-Bildbyran-e1625212069895.jpg","datePublished":"2019-10-08T11:00:20+00:00","dateModified":"2024-06-19T13:53:20+00:00","author":{"@id":"https:\/\/www.budokampsport.se\/#\/schema\/person\/666f754cfbc6f9a83a8c253cd24ad660"},"description":"N\u00e4tverkstr\u00e4ffen syftar till kompetensutveckling och erfarenhetsutbyte mellan olika individer och grupper inom elitidrott.","breadcrumb":{"@id":"https:\/\/www.budokampsport.se\/2019\/10\/08\/natverkstraff-kampsport\/#breadcrumb"},"inLanguage":"sv-SE","potentialAction":[{"@type":"ReadAction","target":["https:\/\/www.budokampsport.se\/2019\/10\/08\/natverkstraff-kampsport\/"]}]},{"@type":"ImageObject","inLanguage":"sv-SE","@id":"https:\/\/www.budokampsport.se\/2019\/10\/08\/natverkstraff-kampsport\/#primaryimage","url":"https:\/\/www.budokampsport.se\/wp-content\/uploads\/2019\/09\/Kvinnor-i-landslagsledning-Nils-Joakobsson-Bildbyran-e1625212069895.jpg","contentUrl":"https:\/\/www.budokampsport.se\/wp-content\/uploads\/2019\/09\/Kvinnor-i-landslagsledning-Nils-Joakobsson-Bildbyran-e1625212069895.jpg","width":850,"height":556,"caption":"131109 Uppvisning av kickboxning den 9 november 2013 i Malm\u00f6. Foto: NILS JAKOBSSON \/ BILDBYR\u00c5N \/ kod NJ \/ 73872"},{"@type":"BreadcrumbList","@id":"https:\/\/www.budokampsport.se\/2019\/10\/08\/natverkstraff-kampsport\/#breadcrumb","itemListElement":[{"@type":"ListItem","position":1,"name":"Hem","item":"https:\/\/www.budokampsport.se\/"},{"@type":"ListItem","position":2,"name":"N\u00e4tverkstr\u00e4ff kampsport"}]},{"@type":"WebSite","@id":"https:\/\/www.budokampsport.se\/#website","url":"https:\/\/www.budokampsport.se\/","name":"Svenska Budo &amp; Kampsportsf\u00f6rbundet","description":"T\u00e4vling, Tr\u00e4ning, Tradition","potentialAction":[{"@type":"SearchAction","target":{"@type":"EntryPoint","urlTemplate":"https:\/\/www.budokampsport.se\/?s={search_term_string}"},"query-input":{"@type":"PropertyValueSpecification","valueRequired":true,"valueName":"search_term_string"}}],"inLanguage":"sv-SE"},{"@type":"Person","@id":"https:\/\/www.budokampsport.se\/#\/schema\/person\/666f754cfbc6f9a83a8c253cd24ad660","name":"Sofia Arnbom","image":{"@type":"ImageObject","inLanguage":"sv-SE","@id":"https:\/\/www.budokampsport.se\/#\/schema\/person\/image\/","url":"https:\/\/secure.gravatar.com\/avatar\/a69f673c99635f06ea6cb1eb10ca7e92?s=96&d=blank&r=g","contentUrl":"https:\/\/secure.gravatar.com\/avatar\/a69f673c99635f06ea6cb1eb10ca7e92?s=96&d=blank&r=g","caption":"Sofia Arnbom"},"url":"https:\/\/www.budokampsport.se\/author\/sofia-arnbom\/"}]}},"_links":{"self":[{"href":"https:\/\/www.budokampsport.se\/api\/wp\/v2\/posts\/109475","targetHints":{"allow":["GET"]}}],"collection":[{"href":"https:\/\/www.budokampsport.se\/api\/wp\/v2\/posts"}],"about":[{"href":"https:\/\/www.budokampsport.se\/api\/wp\/v2\/types\/post"}],"author":[{"embeddable":true,"href":"https:\/\/www.budokampsport.se\/api\/wp\/v2\/users\/47"}],"replies":[{"embeddable":true,"href":"https:\/\/www.budokampsport.se\/api\/wp\/v2\/comments?post=109475"}],"version-history":[{"count":0,"href":"https:\/\/www.budokampsport.se\/api\/wp\/v2\/posts\/109475\/revisions"}],"wp:featuredmedia":[{"embeddable":true,"href":"https:\/\/www.budokampsport.se\/api\/wp\/v2\/media\/105799"}],"wp:attachment":[{"href":"https:\/\/www.budokampsport.se\/api\/wp\/v2\/media?parent=109475"}],"wp:term":[{"taxonomy":"category","embeddable":true,"href":"https:\/\/www.budokampsport.se\/api\/wp\/v2\/categories?post=109475"},{"taxonomy":"post_tag","embeddable":true,"href":"https:\/\/www.budokampsport.se\/api\/wp\/v2\/tags?post=109475"}],"curies":[{"name":"wp","href":"https:\/\/api.w.org\/{rel}","templated":true}]}}