{"id":109849,"date":"2019-10-14T09:24:52","date_gmt":"2019-10-14T07:24:52","guid":{"rendered":"https:\/\/www.budokampsport.se\/?p=109849"},"modified":"2022-03-10T16:11:16","modified_gmt":"2022-03-10T15:11:16","slug":"anton-wall-vill-ha-revansch","status":"publish","type":"post","link":"https:\/\/www.budokampsport.se\/2019\/10\/14\/anton-wall-vill-ha-revansch\/","title":{"rendered":"Anton Wall vill ha revansch"},"content":{"rendered":"\r\n<p>Anton Wall debuterade i internationella sammanhang redan som 17-\u00e5ring d\u00e5 han representerade den svenska flaggan under VM i light kick i Budapest. Anton gick vidare men f\u00f6ll i kvartsfinalen och tog \u00e4nnu en kvartsfinalplats \u00e5ret efter under EM. I \u00e5rets VM blir det f\u00f6rsta g\u00e5ngen han fokuserar p\u00e5 K1.<\/p>\r\n\r\n\r\n<h4 class=\"wp-block-heading\"><strong>&#8220;Taggad&#8221;<\/strong><\/h4>\r\n\r\n\r\n<p>-Det ska bli riktigt roligt och \u00e4r \u00e4nnu mer taggad nu n\u00e4r jag \u00e4ntligen ska st\u00e4lla upp i K1, s\u00e4ger Anton till budokampsport.se<\/p>\r\n<p>Under \u00e5ret har Anton gjort en medveten satsning d\u00e4r han hoppas att m\u00e5let \u00e4r guld p\u00e5 kommande m\u00e4sterskap.<\/p>\r\n\r\n\r\n<h4 class=\"wp-block-heading\"><strong>&#8220;K1 i fokus&#8221;<\/strong><\/h4>\r\n\r\n\r\n<p>&#8211; Jag har f\u00f6rs\u00f6kt utveckla mig och har haft mer K1 i fokus. Jag har tr\u00e4nat h\u00e5rt som vanligt och g\u00e5tt en del matcher och \u00e4ven b\u00f6rjat styrketr\u00e4na. Jag siktar givetvis p\u00e5 VM-guld, s\u00e4ger Anton.<\/p>\r\n\r\n\r\n<h4 class=\"wp-block-heading\"><strong>Fakta<\/strong><\/h4>\r\n\r\n\r\n<p>Namn: Anton Wall<br \/>\r\nViktklass: &#8211; 81 kg<br \/>\r\n\u00c5lder: 19 \u00e5r<br \/>\r\nKlubb: Fight Club \u00c4ngelholm<br \/>\r\nTidigare meriter: Kvartfinal i VM och EM<\/p>\r\n<p>Text: Annie Bondefelt<br \/>\r\nFoto: Svenska Kickboxningsf\u00f6rbundet<\/p>\r\n","protected":false},"excerpt":{"rendered":"<p>Talang VM-debuterar i K1.<\/p><br>","protected":false},"author":120,"featured_media":79835,"comment_status":"open","ping_status":"open","sticky":false,"template":"","format":"standard","meta":{"_acf_changed":false,"footnotes":""},"categories":[1],"tags":[308,333],"class_list":["post-109849","post","type-post","status-publish","format-standard","has-post-thumbnail","hentry","category-okategoriserade","tag-kampsport","tag-kickboxning"],"acf":[],"yoast_head":"<!-- This site is optimized with the Yoast SEO plugin v26.8 - https:\/\/yoast.com\/product\/yoast-seo-wordpress\/ -->\n<title>Anton Wall vill ha revansch - Svenska Budo &amp; Kampsportsf\u00f6rbundet<\/title>\n<meta name=\"description\" content=\"Talang VM-debuterar i K1.\" \/>\n<meta name=\"robots\" content=\"index, follow, max-snippet:-1, max-image-preview:large, max-video-preview:-1\" \/>\n<link rel=\"canonical\" href=\"https:\/\/www.budokampsport.se\/2019\/10\/14\/anton-wall-vill-ha-revansch\/\" \/>\n<meta property=\"og:locale\" content=\"sv_SE\" \/>\n<meta property=\"og:type\" content=\"article\" \/>\n<meta property=\"og:title\" content=\"Anton Wall vill ha revansch - Svenska Budo &amp; Kampsportsf\u00f6rbundet\" \/>\n<meta property=\"og:description\" content=\"Talang VM-debuterar i K1.\" \/>\n<meta property=\"og:url\" content=\"https:\/\/www.budokampsport.se\/2019\/10\/14\/anton-wall-vill-ha-revansch\/\" \/>\n<meta property=\"og:site_name\" content=\"Svenska Budo &amp; Kampsportsf\u00f6rbundet\" \/>\n<meta property=\"article:published_time\" content=\"2019-10-14T07:24:52+00:00\" \/>\n<meta property=\"article:modified_time\" content=\"2022-03-10T15:11:16+00:00\" \/>\n<meta property=\"og:image\" content=\"https:\/\/www.budokampsport.se\/wp-content\/uploads\/2018\/10\/anton.jpg\" \/>\n\t<meta property=\"og:image:width\" content=\"359\" \/>\n\t<meta property=\"og:image:height\" content=\"283\" \/>\n\t<meta property=\"og:image:type\" content=\"image\/jpeg\" \/>\n<meta name=\"author\" content=\"Annie Carriage\" \/>\n<meta name=\"twitter:card\" content=\"summary_large_image\" \/>\n<meta name=\"twitter:label1\" content=\"Skriven av\" \/>\n\t<meta name=\"twitter:data1\" content=\"Annie Carriage\" \/>\n\t<meta name=\"twitter:label2\" content=\"Ber\u00e4knad l\u00e4stid\" \/>\n\t<meta name=\"twitter:data2\" content=\"1 minut\" \/>\n<script type=\"application\/ld+json\" class=\"yoast-schema-graph\">{\"@context\":\"https:\/\/schema.org\",\"@graph\":[{\"@type\":\"Article\",\"@id\":\"https:\/\/www.budokampsport.se\/2019\/10\/14\/anton-wall-vill-ha-revansch\/#article\",\"isPartOf\":{\"@id\":\"https:\/\/www.budokampsport.se\/2019\/10\/14\/anton-wall-vill-ha-revansch\/\"},\"author\":{\"name\":\"Annie Carriage\",\"@id\":\"https:\/\/www.budokampsport.se\/#\/schema\/person\/c838cace8171f692e363fde3f38f208b\"},\"headline\":\"Anton Wall vill ha revansch\",\"datePublished\":\"2019-10-14T07:24:52+00:00\",\"dateModified\":\"2022-03-10T15:11:16+00:00\",\"mainEntityOfPage\":{\"@id\":\"https:\/\/www.budokampsport.se\/2019\/10\/14\/anton-wall-vill-ha-revansch\/\"},\"wordCount\":180,\"commentCount\":0,\"image\":{\"@id\":\"https:\/\/www.budokampsport.se\/2019\/10\/14\/anton-wall-vill-ha-revansch\/#primaryimage\"},\"thumbnailUrl\":\"https:\/\/www.budokampsport.se\/wp-content\/uploads\/2018\/10\/anton.jpg\",\"keywords\":[\"kampsport\",\"kickboxning\"],\"inLanguage\":\"sv-SE\",\"potentialAction\":[{\"@type\":\"CommentAction\",\"name\":\"Comment\",\"target\":[\"https:\/\/www.budokampsport.se\/2019\/10\/14\/anton-wall-vill-ha-revansch\/#respond\"]}]},{\"@type\":\"WebPage\",\"@id\":\"https:\/\/www.budokampsport.se\/2019\/10\/14\/anton-wall-vill-ha-revansch\/\",\"url\":\"https:\/\/www.budokampsport.se\/2019\/10\/14\/anton-wall-vill-ha-revansch\/\",\"name\":\"Anton Wall vill ha revansch - Svenska Budo &amp; Kampsportsf\u00f6rbundet\",\"isPartOf\":{\"@id\":\"https:\/\/www.budokampsport.se\/#website\"},\"primaryImageOfPage\":{\"@id\":\"https:\/\/www.budokampsport.se\/2019\/10\/14\/anton-wall-vill-ha-revansch\/#primaryimage\"},\"image\":{\"@id\":\"https:\/\/www.budokampsport.se\/2019\/10\/14\/anton-wall-vill-ha-revansch\/#primaryimage\"},\"thumbnailUrl\":\"https:\/\/www.budokampsport.se\/wp-content\/uploads\/2018\/10\/anton.jpg\",\"datePublished\":\"2019-10-14T07:24:52+00:00\",\"dateModified\":\"2022-03-10T15:11:16+00:00\",\"author\":{\"@id\":\"https:\/\/www.budokampsport.se\/#\/schema\/person\/c838cace8171f692e363fde3f38f208b\"},\"description\":\"Talang VM-debuterar i K1.\",\"breadcrumb\":{\"@id\":\"https:\/\/www.budokampsport.se\/2019\/10\/14\/anton-wall-vill-ha-revansch\/#breadcrumb\"},\"inLanguage\":\"sv-SE\",\"potentialAction\":[{\"@type\":\"ReadAction\",\"target\":[\"https:\/\/www.budokampsport.se\/2019\/10\/14\/anton-wall-vill-ha-revansch\/\"]}]},{\"@type\":\"ImageObject\",\"inLanguage\":\"sv-SE\",\"@id\":\"https:\/\/www.budokampsport.se\/2019\/10\/14\/anton-wall-vill-ha-revansch\/#primaryimage\",\"url\":\"https:\/\/www.budokampsport.se\/wp-content\/uploads\/2018\/10\/anton.jpg\",\"contentUrl\":\"https:\/\/www.budokampsport.se\/wp-content\/uploads\/2018\/10\/anton.jpg\",\"width\":359,\"height\":283,\"caption\":\"Foto: Svenska Kickboxningsf\u00f6rbundet\"},{\"@type\":\"BreadcrumbList\",\"@id\":\"https:\/\/www.budokampsport.se\/2019\/10\/14\/anton-wall-vill-ha-revansch\/#breadcrumb\",\"itemListElement\":[{\"@type\":\"ListItem\",\"position\":1,\"name\":\"Hem\",\"item\":\"https:\/\/www.budokampsport.se\/\"},{\"@type\":\"ListItem\",\"position\":2,\"name\":\"Anton Wall vill ha revansch\"}]},{\"@type\":\"WebSite\",\"@id\":\"https:\/\/www.budokampsport.se\/#website\",\"url\":\"https:\/\/www.budokampsport.se\/\",\"name\":\"Svenska Budo &amp; Kampsportsf\u00f6rbundet\",\"description\":\"T\u00e4vling, Tr\u00e4ning, Tradition\",\"potentialAction\":[{\"@type\":\"SearchAction\",\"target\":{\"@type\":\"EntryPoint\",\"urlTemplate\":\"https:\/\/www.budokampsport.se\/?s={search_term_string}\"},\"query-input\":{\"@type\":\"PropertyValueSpecification\",\"valueRequired\":true,\"valueName\":\"search_term_string\"}}],\"inLanguage\":\"sv-SE\"},{\"@type\":\"Person\",\"@id\":\"https:\/\/www.budokampsport.se\/#\/schema\/person\/c838cace8171f692e363fde3f38f208b\",\"name\":\"Annie Carriage\",\"image\":{\"@type\":\"ImageObject\",\"inLanguage\":\"sv-SE\",\"@id\":\"https:\/\/www.budokampsport.se\/#\/schema\/person\/image\/\",\"url\":\"https:\/\/secure.gravatar.com\/avatar\/9311295560bdfbdf78365a26f7df1876?s=96&d=blank&r=g\",\"contentUrl\":\"https:\/\/secure.gravatar.com\/avatar\/9311295560bdfbdf78365a26f7df1876?s=96&d=blank&r=g\",\"caption\":\"Annie Carriage\"},\"url\":\"https:\/\/www.budokampsport.se\/author\/annie-bondefelt\/\"}]}<\/script>\n<!-- \/ Yoast SEO plugin. -->","yoast_head_json":{"title":"Anton Wall vill ha revansch - Svenska Budo &amp; Kampsportsf\u00f6rbundet","description":"Talang VM-debuterar i K1.","robots":{"index":"index","follow":"follow","max-snippet":"max-snippet:-1","max-image-preview":"max-image-preview:large","max-video-preview":"max-video-preview:-1"},"canonical":"https:\/\/www.budokampsport.se\/2019\/10\/14\/anton-wall-vill-ha-revansch\/","og_locale":"sv_SE","og_type":"article","og_title":"Anton Wall vill ha revansch - Svenska Budo &amp; Kampsportsf\u00f6rbundet","og_description":"Talang VM-debuterar i K1.","og_url":"https:\/\/www.budokampsport.se\/2019\/10\/14\/anton-wall-vill-ha-revansch\/","og_site_name":"Svenska Budo &amp; Kampsportsf\u00f6rbundet","article_published_time":"2019-10-14T07:24:52+00:00","article_modified_time":"2022-03-10T15:11:16+00:00","og_image":[{"width":359,"height":283,"url":"https:\/\/www.budokampsport.se\/wp-content\/uploads\/2018\/10\/anton.jpg","type":"image\/jpeg"}],"author":"Annie Carriage","twitter_card":"summary_large_image","twitter_misc":{"Skriven av":"Annie Carriage","Ber\u00e4knad l\u00e4stid":"1 minut"},"schema":{"@context":"https:\/\/schema.org","@graph":[{"@type":"Article","@id":"https:\/\/www.budokampsport.se\/2019\/10\/14\/anton-wall-vill-ha-revansch\/#article","isPartOf":{"@id":"https:\/\/www.budokampsport.se\/2019\/10\/14\/anton-wall-vill-ha-revansch\/"},"author":{"name":"Annie Carriage","@id":"https:\/\/www.budokampsport.se\/#\/schema\/person\/c838cace8171f692e363fde3f38f208b"},"headline":"Anton Wall vill ha revansch","datePublished":"2019-10-14T07:24:52+00:00","dateModified":"2022-03-10T15:11:16+00:00","mainEntityOfPage":{"@id":"https:\/\/www.budokampsport.se\/2019\/10\/14\/anton-wall-vill-ha-revansch\/"},"wordCount":180,"commentCount":0,"image":{"@id":"https:\/\/www.budokampsport.se\/2019\/10\/14\/anton-wall-vill-ha-revansch\/#primaryimage"},"thumbnailUrl":"https:\/\/www.budokampsport.se\/wp-content\/uploads\/2018\/10\/anton.jpg","keywords":["kampsport","kickboxning"],"inLanguage":"sv-SE","potentialAction":[{"@type":"CommentAction","name":"Comment","target":["https:\/\/www.budokampsport.se\/2019\/10\/14\/anton-wall-vill-ha-revansch\/#respond"]}]},{"@type":"WebPage","@id":"https:\/\/www.budokampsport.se\/2019\/10\/14\/anton-wall-vill-ha-revansch\/","url":"https:\/\/www.budokampsport.se\/2019\/10\/14\/anton-wall-vill-ha-revansch\/","name":"Anton Wall vill ha revansch - Svenska Budo &amp; Kampsportsf\u00f6rbundet","isPartOf":{"@id":"https:\/\/www.budokampsport.se\/#website"},"primaryImageOfPage":{"@id":"https:\/\/www.budokampsport.se\/2019\/10\/14\/anton-wall-vill-ha-revansch\/#primaryimage"},"image":{"@id":"https:\/\/www.budokampsport.se\/2019\/10\/14\/anton-wall-vill-ha-revansch\/#primaryimage"},"thumbnailUrl":"https:\/\/www.budokampsport.se\/wp-content\/uploads\/2018\/10\/anton.jpg","datePublished":"2019-10-14T07:24:52+00:00","dateModified":"2022-03-10T15:11:16+00:00","author":{"@id":"https:\/\/www.budokampsport.se\/#\/schema\/person\/c838cace8171f692e363fde3f38f208b"},"description":"Talang VM-debuterar i K1.","breadcrumb":{"@id":"https:\/\/www.budokampsport.se\/2019\/10\/14\/anton-wall-vill-ha-revansch\/#breadcrumb"},"inLanguage":"sv-SE","potentialAction":[{"@type":"ReadAction","target":["https:\/\/www.budokampsport.se\/2019\/10\/14\/anton-wall-vill-ha-revansch\/"]}]},{"@type":"ImageObject","inLanguage":"sv-SE","@id":"https:\/\/www.budokampsport.se\/2019\/10\/14\/anton-wall-vill-ha-revansch\/#primaryimage","url":"https:\/\/www.budokampsport.se\/wp-content\/uploads\/2018\/10\/anton.jpg","contentUrl":"https:\/\/www.budokampsport.se\/wp-content\/uploads\/2018\/10\/anton.jpg","width":359,"height":283,"caption":"Foto: Svenska Kickboxningsf\u00f6rbundet"},{"@type":"BreadcrumbList","@id":"https:\/\/www.budokampsport.se\/2019\/10\/14\/anton-wall-vill-ha-revansch\/#breadcrumb","itemListElement":[{"@type":"ListItem","position":1,"name":"Hem","item":"https:\/\/www.budokampsport.se\/"},{"@type":"ListItem","position":2,"name":"Anton Wall vill ha revansch"}]},{"@type":"WebSite","@id":"https:\/\/www.budokampsport.se\/#website","url":"https:\/\/www.budokampsport.se\/","name":"Svenska Budo &amp; Kampsportsf\u00f6rbundet","description":"T\u00e4vling, Tr\u00e4ning, Tradition","potentialAction":[{"@type":"SearchAction","target":{"@type":"EntryPoint","urlTemplate":"https:\/\/www.budokampsport.se\/?s={search_term_string}"},"query-input":{"@type":"PropertyValueSpecification","valueRequired":true,"valueName":"search_term_string"}}],"inLanguage":"sv-SE"},{"@type":"Person","@id":"https:\/\/www.budokampsport.se\/#\/schema\/person\/c838cace8171f692e363fde3f38f208b","name":"Annie Carriage","image":{"@type":"ImageObject","inLanguage":"sv-SE","@id":"https:\/\/www.budokampsport.se\/#\/schema\/person\/image\/","url":"https:\/\/secure.gravatar.com\/avatar\/9311295560bdfbdf78365a26f7df1876?s=96&d=blank&r=g","contentUrl":"https:\/\/secure.gravatar.com\/avatar\/9311295560bdfbdf78365a26f7df1876?s=96&d=blank&r=g","caption":"Annie Carriage"},"url":"https:\/\/www.budokampsport.se\/author\/annie-bondefelt\/"}]}},"_links":{"self":[{"href":"https:\/\/www.budokampsport.se\/api\/wp\/v2\/posts\/109849","targetHints":{"allow":["GET"]}}],"collection":[{"href":"https:\/\/www.budokampsport.se\/api\/wp\/v2\/posts"}],"about":[{"href":"https:\/\/www.budokampsport.se\/api\/wp\/v2\/types\/post"}],"author":[{"embeddable":true,"href":"https:\/\/www.budokampsport.se\/api\/wp\/v2\/users\/120"}],"replies":[{"embeddable":true,"href":"https:\/\/www.budokampsport.se\/api\/wp\/v2\/comments?post=109849"}],"version-history":[{"count":0,"href":"https:\/\/www.budokampsport.se\/api\/wp\/v2\/posts\/109849\/revisions"}],"wp:featuredmedia":[{"embeddable":true,"href":"https:\/\/www.budokampsport.se\/api\/wp\/v2\/media\/79835"}],"wp:attachment":[{"href":"https:\/\/www.budokampsport.se\/api\/wp\/v2\/media?parent=109849"}],"wp:term":[{"taxonomy":"category","embeddable":true,"href":"https:\/\/www.budokampsport.se\/api\/wp\/v2\/categories?post=109849"},{"taxonomy":"post_tag","embeddable":true,"href":"https:\/\/www.budokampsport.se\/api\/wp\/v2\/tags?post=109849"}],"curies":[{"name":"wp","href":"https:\/\/api.w.org\/{rel}","templated":true}]}}