{"id":109852,"date":"2019-10-15T09:51:50","date_gmt":"2019-10-15T07:51:50","guid":{"rendered":"https:\/\/www.budokampsport.se\/?p=109852"},"modified":"2019-10-15T09:51:51","modified_gmt":"2019-10-15T07:51:51","slug":"sofia-sjostrom-bedziri-vm-debuterar","status":"publish","type":"post","link":"https:\/\/www.budokampsport.se\/2019\/10\/15\/sofia-sjostrom-bedziri-vm-debuterar\/","title":{"rendered":"Sofia Sj\u00f6str\u00f6m Bedziri VM-debuterar"},"content":{"rendered":"\n<p>En av de som VM-debuterar i de svenska f\u00e4rgerna \u00e4r Sofia Sj\u00f6str\u00f6m Bedziri.<\/p>\n\n\n\n<h4 class=\"wp-block-heading\"><strong>&#8220;Jag \u00e4r laddad&#8221;<\/strong><\/h4>\n\n\n\n<p><\/p>\n\n\n\n<p>-Det k\u00e4nns oerh\u00f6rt roligt och sp\u00e4nnande, jag \u00e4r laddad. N\u00e4r jag t\u00e4nker p\u00e5 att jag har f\u00e5tt f\u00f6rtroendet och m\u00f6jligheten att representera Sverige g\u00f6r det mig stolt. Framf\u00f6rallt med tanke p\u00e5 att jag klev in genom d\u00f6rrarna p\u00e5 min klubb Masters Gym, som en fullkomlig nyb\u00f6rjare inom kampsport vintern 2017. Det k\u00e4nns fantastiskt att bara tv\u00e5 \u00e5r senare f\u00e5 chansen att representera sitt land i VM 2019, s\u00e4ger Sofia till budokampsport.se<\/p>\n\n\n\n<h4 class=\"wp-block-heading\"><strong>&#8220;Efter bara tv\u00e5 \u00e5r inom sporten har hon imponerat p\u00e5 sin omgivning och det mentala \u00e4r en av hennes starkaste sidor.&#8221;<\/strong><\/h4>\n\n\n\n<p><\/p>\n\n\n\n<p>-Det mentala \u00e4r min starka sida. Mina tr\u00e4nare s\u00e4ger att jag v\u00e4xer och ofta presterar b\u00e4ttre i ringen \u00e4n vad jag g\u00f6r utanf\u00f6r. Jag \u00e4r tacksam \u00f6ver det och f\u00f6rs\u00f6ker f\u00f6rlita mig p\u00e5 den f\u00f6rm\u00e5gan. Att delta i ett v\u00e4rldsm\u00e4sterskap har jag aldrig gjort f\u00f6rut och t\u00e4nker att det kan vara positivt, att jag g\u00e5r in utan f\u00f6rv\u00e4ntningar eller press som mer rutinerade fighters kan g\u00f6ra vilket kan stj\u00e4lpa en n\u00e4r det v\u00e4l g\u00e4ller, s\u00e4ger Sofia.<\/p>\n\n\n\n<h4 class=\"wp-block-heading\"><strong>F\u00f6rberedelserna under sommaren har varit i full g\u00e5ng och till VM hoppas hon kunna g\u00f6ra sig sj\u00e4lv stolt.<\/strong><\/h4>\n\n\n\n<p><\/p>\n\n\n\n<p>-Vi har fokuserat p\u00e5 att finslipa det tekniska, min timing och taktik. Ut\u00f6ver detta har vi jobbat med att utsatta mig f\u00f6r mentala p\u00e5frestningar under matchliknande situationer och sj\u00e4lvklart tuff fystr\u00e4ning. Sj\u00e4lvklart siktar jag p\u00e5 guld och g\u00e5r in f\u00f6r att vinna, men tar en match i taget. S\u00e5 l\u00e4nge jag g\u00f6r mitt b\u00e4sta \u00e4r jag n\u00f6jd \u00f6ver min prestation, s\u00e4ger Sofia.<\/p>\n\n\n\n<h4 class=\"wp-block-heading\"><strong>Fakta<\/strong><\/h4>\n\n\n\n<p>Namn: Sofia Sj\u00f6str\u00f6m Bedziri<br \/>Viktklass: -56 kg<br \/>\u00c5lder: 25 \u00e5r<br \/>Klubb: Masters Gym<br \/>Tidigare meriter: SM-guld<\/p>\n<p>Text: Annie Bondefelt<br \/>Foto: Joonas Tizihssane<\/p>\n","protected":false},"excerpt":{"rendered":"<p>VM i kickboxning K1 b\u00f6rjar n\u00e4rma sig, den 19-27:e oktober \u00e4r det dags f\u00f6r det svenska landslaget att ta sig ner till Sarajevo och Bosnien. <\/p><br>","protected":false},"author":120,"featured_media":109863,"comment_status":"open","ping_status":"open","sticky":false,"template":"","format":"standard","meta":{"_acf_changed":false,"footnotes":""},"categories":[1],"tags":[308,333],"class_list":["post-109852","post","type-post","status-publish","format-standard","has-post-thumbnail","hentry","category-okategoriserade","tag-kampsport","tag-kickboxning"],"acf":[],"yoast_head":"<!-- This site is optimized with the Yoast SEO plugin v26.8 - https:\/\/yoast.com\/product\/yoast-seo-wordpress\/ -->\n<title>Sofia Sj\u00f6str\u00f6m Bedziri VM-debuterar - Svenska Budo &amp; Kampsportsf\u00f6rbundet<\/title>\n<meta name=\"description\" content=\"VM i kickboxning K1 b\u00f6rjar n\u00e4rma sig, den 19-27:e oktober \u00e4r det dags f\u00f6r det svenska landslaget att ta sig ner till Sarajevo och Bosnien.\" \/>\n<meta name=\"robots\" content=\"index, follow, max-snippet:-1, max-image-preview:large, max-video-preview:-1\" \/>\n<link rel=\"canonical\" href=\"https:\/\/www.budokampsport.se\/2019\/10\/15\/sofia-sjostrom-bedziri-vm-debuterar\/\" \/>\n<meta property=\"og:locale\" content=\"sv_SE\" \/>\n<meta property=\"og:type\" content=\"article\" \/>\n<meta property=\"og:title\" content=\"Sofia Sj\u00f6str\u00f6m Bedziri VM-debuterar - Svenska Budo &amp; Kampsportsf\u00f6rbundet\" \/>\n<meta property=\"og:description\" content=\"VM i kickboxning K1 b\u00f6rjar n\u00e4rma sig, den 19-27:e oktober \u00e4r det dags f\u00f6r det svenska landslaget att ta sig ner till Sarajevo och Bosnien.\" \/>\n<meta property=\"og:url\" content=\"https:\/\/www.budokampsport.se\/2019\/10\/15\/sofia-sjostrom-bedziri-vm-debuterar\/\" \/>\n<meta property=\"og:site_name\" content=\"Svenska Budo &amp; Kampsportsf\u00f6rbundet\" \/>\n<meta property=\"article:published_time\" content=\"2019-10-15T07:51:50+00:00\" \/>\n<meta property=\"article:modified_time\" content=\"2019-10-15T07:51:51+00:00\" \/>\n<meta property=\"og:image\" content=\"https:\/\/www.budokampsport.se\/wp-content\/uploads\/2019\/10\/sofia.jpg\" \/>\n\t<meta property=\"og:image:width\" content=\"850\" \/>\n\t<meta property=\"og:image:height\" content=\"619\" \/>\n\t<meta property=\"og:image:type\" content=\"image\/jpeg\" \/>\n<meta name=\"author\" content=\"Annie Carriage\" \/>\n<meta name=\"twitter:card\" content=\"summary_large_image\" \/>\n<meta name=\"twitter:label1\" content=\"Skriven av\" \/>\n\t<meta name=\"twitter:data1\" content=\"Annie Carriage\" \/>\n\t<meta name=\"twitter:label2\" content=\"Ber\u00e4knad l\u00e4stid\" \/>\n\t<meta name=\"twitter:data2\" content=\"2 minuter\" \/>\n<script type=\"application\/ld+json\" class=\"yoast-schema-graph\">{\"@context\":\"https:\/\/schema.org\",\"@graph\":[{\"@type\":\"Article\",\"@id\":\"https:\/\/www.budokampsport.se\/2019\/10\/15\/sofia-sjostrom-bedziri-vm-debuterar\/#article\",\"isPartOf\":{\"@id\":\"https:\/\/www.budokampsport.se\/2019\/10\/15\/sofia-sjostrom-bedziri-vm-debuterar\/\"},\"author\":{\"name\":\"Annie Carriage\",\"@id\":\"https:\/\/www.budokampsport.se\/#\/schema\/person\/c838cace8171f692e363fde3f38f208b\"},\"headline\":\"Sofia Sj\u00f6str\u00f6m Bedziri VM-debuterar\",\"datePublished\":\"2019-10-15T07:51:50+00:00\",\"dateModified\":\"2019-10-15T07:51:51+00:00\",\"mainEntityOfPage\":{\"@id\":\"https:\/\/www.budokampsport.se\/2019\/10\/15\/sofia-sjostrom-bedziri-vm-debuterar\/\"},\"wordCount\":347,\"commentCount\":1,\"image\":{\"@id\":\"https:\/\/www.budokampsport.se\/2019\/10\/15\/sofia-sjostrom-bedziri-vm-debuterar\/#primaryimage\"},\"thumbnailUrl\":\"https:\/\/www.budokampsport.se\/wp-content\/uploads\/2019\/10\/sofia.jpg\",\"keywords\":[\"kampsport\",\"kickboxning\"],\"inLanguage\":\"sv-SE\",\"potentialAction\":[{\"@type\":\"CommentAction\",\"name\":\"Comment\",\"target\":[\"https:\/\/www.budokampsport.se\/2019\/10\/15\/sofia-sjostrom-bedziri-vm-debuterar\/#respond\"]}]},{\"@type\":\"WebPage\",\"@id\":\"https:\/\/www.budokampsport.se\/2019\/10\/15\/sofia-sjostrom-bedziri-vm-debuterar\/\",\"url\":\"https:\/\/www.budokampsport.se\/2019\/10\/15\/sofia-sjostrom-bedziri-vm-debuterar\/\",\"name\":\"Sofia Sj\u00f6str\u00f6m Bedziri VM-debuterar - Svenska Budo &amp; Kampsportsf\u00f6rbundet\",\"isPartOf\":{\"@id\":\"https:\/\/www.budokampsport.se\/#website\"},\"primaryImageOfPage\":{\"@id\":\"https:\/\/www.budokampsport.se\/2019\/10\/15\/sofia-sjostrom-bedziri-vm-debuterar\/#primaryimage\"},\"image\":{\"@id\":\"https:\/\/www.budokampsport.se\/2019\/10\/15\/sofia-sjostrom-bedziri-vm-debuterar\/#primaryimage\"},\"thumbnailUrl\":\"https:\/\/www.budokampsport.se\/wp-content\/uploads\/2019\/10\/sofia.jpg\",\"datePublished\":\"2019-10-15T07:51:50+00:00\",\"dateModified\":\"2019-10-15T07:51:51+00:00\",\"author\":{\"@id\":\"https:\/\/www.budokampsport.se\/#\/schema\/person\/c838cace8171f692e363fde3f38f208b\"},\"description\":\"VM i kickboxning K1 b\u00f6rjar n\u00e4rma sig, den 19-27:e oktober \u00e4r det dags f\u00f6r det svenska landslaget att ta sig ner till Sarajevo och Bosnien.\",\"breadcrumb\":{\"@id\":\"https:\/\/www.budokampsport.se\/2019\/10\/15\/sofia-sjostrom-bedziri-vm-debuterar\/#breadcrumb\"},\"inLanguage\":\"sv-SE\",\"potentialAction\":[{\"@type\":\"ReadAction\",\"target\":[\"https:\/\/www.budokampsport.se\/2019\/10\/15\/sofia-sjostrom-bedziri-vm-debuterar\/\"]}]},{\"@type\":\"ImageObject\",\"inLanguage\":\"sv-SE\",\"@id\":\"https:\/\/www.budokampsport.se\/2019\/10\/15\/sofia-sjostrom-bedziri-vm-debuterar\/#primaryimage\",\"url\":\"https:\/\/www.budokampsport.se\/wp-content\/uploads\/2019\/10\/sofia.jpg\",\"contentUrl\":\"https:\/\/www.budokampsport.se\/wp-content\/uploads\/2019\/10\/sofia.jpg\",\"width\":850,\"height\":619,\"caption\":\"Foto: Joonas Tizihssane\"},{\"@type\":\"BreadcrumbList\",\"@id\":\"https:\/\/www.budokampsport.se\/2019\/10\/15\/sofia-sjostrom-bedziri-vm-debuterar\/#breadcrumb\",\"itemListElement\":[{\"@type\":\"ListItem\",\"position\":1,\"name\":\"Hem\",\"item\":\"https:\/\/www.budokampsport.se\/\"},{\"@type\":\"ListItem\",\"position\":2,\"name\":\"Sofia Sj\u00f6str\u00f6m Bedziri VM-debuterar\"}]},{\"@type\":\"WebSite\",\"@id\":\"https:\/\/www.budokampsport.se\/#website\",\"url\":\"https:\/\/www.budokampsport.se\/\",\"name\":\"Svenska Budo &amp; Kampsportsf\u00f6rbundet\",\"description\":\"T\u00e4vling, Tr\u00e4ning, Tradition\",\"potentialAction\":[{\"@type\":\"SearchAction\",\"target\":{\"@type\":\"EntryPoint\",\"urlTemplate\":\"https:\/\/www.budokampsport.se\/?s={search_term_string}\"},\"query-input\":{\"@type\":\"PropertyValueSpecification\",\"valueRequired\":true,\"valueName\":\"search_term_string\"}}],\"inLanguage\":\"sv-SE\"},{\"@type\":\"Person\",\"@id\":\"https:\/\/www.budokampsport.se\/#\/schema\/person\/c838cace8171f692e363fde3f38f208b\",\"name\":\"Annie Carriage\",\"image\":{\"@type\":\"ImageObject\",\"inLanguage\":\"sv-SE\",\"@id\":\"https:\/\/www.budokampsport.se\/#\/schema\/person\/image\/\",\"url\":\"https:\/\/secure.gravatar.com\/avatar\/9311295560bdfbdf78365a26f7df1876?s=96&d=blank&r=g\",\"contentUrl\":\"https:\/\/secure.gravatar.com\/avatar\/9311295560bdfbdf78365a26f7df1876?s=96&d=blank&r=g\",\"caption\":\"Annie Carriage\"},\"url\":\"https:\/\/www.budokampsport.se\/author\/annie-bondefelt\/\"}]}<\/script>\n<!-- \/ Yoast SEO plugin. -->","yoast_head_json":{"title":"Sofia Sj\u00f6str\u00f6m Bedziri VM-debuterar - Svenska Budo &amp; Kampsportsf\u00f6rbundet","description":"VM i kickboxning K1 b\u00f6rjar n\u00e4rma sig, den 19-27:e oktober \u00e4r det dags f\u00f6r det svenska landslaget att ta sig ner till Sarajevo och Bosnien.","robots":{"index":"index","follow":"follow","max-snippet":"max-snippet:-1","max-image-preview":"max-image-preview:large","max-video-preview":"max-video-preview:-1"},"canonical":"https:\/\/www.budokampsport.se\/2019\/10\/15\/sofia-sjostrom-bedziri-vm-debuterar\/","og_locale":"sv_SE","og_type":"article","og_title":"Sofia Sj\u00f6str\u00f6m Bedziri VM-debuterar - Svenska Budo &amp; Kampsportsf\u00f6rbundet","og_description":"VM i kickboxning K1 b\u00f6rjar n\u00e4rma sig, den 19-27:e oktober \u00e4r det dags f\u00f6r det svenska landslaget att ta sig ner till Sarajevo och Bosnien.","og_url":"https:\/\/www.budokampsport.se\/2019\/10\/15\/sofia-sjostrom-bedziri-vm-debuterar\/","og_site_name":"Svenska Budo &amp; Kampsportsf\u00f6rbundet","article_published_time":"2019-10-15T07:51:50+00:00","article_modified_time":"2019-10-15T07:51:51+00:00","og_image":[{"width":850,"height":619,"url":"https:\/\/www.budokampsport.se\/wp-content\/uploads\/2019\/10\/sofia.jpg","type":"image\/jpeg"}],"author":"Annie Carriage","twitter_card":"summary_large_image","twitter_misc":{"Skriven av":"Annie Carriage","Ber\u00e4knad l\u00e4stid":"2 minuter"},"schema":{"@context":"https:\/\/schema.org","@graph":[{"@type":"Article","@id":"https:\/\/www.budokampsport.se\/2019\/10\/15\/sofia-sjostrom-bedziri-vm-debuterar\/#article","isPartOf":{"@id":"https:\/\/www.budokampsport.se\/2019\/10\/15\/sofia-sjostrom-bedziri-vm-debuterar\/"},"author":{"name":"Annie Carriage","@id":"https:\/\/www.budokampsport.se\/#\/schema\/person\/c838cace8171f692e363fde3f38f208b"},"headline":"Sofia Sj\u00f6str\u00f6m Bedziri VM-debuterar","datePublished":"2019-10-15T07:51:50+00:00","dateModified":"2019-10-15T07:51:51+00:00","mainEntityOfPage":{"@id":"https:\/\/www.budokampsport.se\/2019\/10\/15\/sofia-sjostrom-bedziri-vm-debuterar\/"},"wordCount":347,"commentCount":1,"image":{"@id":"https:\/\/www.budokampsport.se\/2019\/10\/15\/sofia-sjostrom-bedziri-vm-debuterar\/#primaryimage"},"thumbnailUrl":"https:\/\/www.budokampsport.se\/wp-content\/uploads\/2019\/10\/sofia.jpg","keywords":["kampsport","kickboxning"],"inLanguage":"sv-SE","potentialAction":[{"@type":"CommentAction","name":"Comment","target":["https:\/\/www.budokampsport.se\/2019\/10\/15\/sofia-sjostrom-bedziri-vm-debuterar\/#respond"]}]},{"@type":"WebPage","@id":"https:\/\/www.budokampsport.se\/2019\/10\/15\/sofia-sjostrom-bedziri-vm-debuterar\/","url":"https:\/\/www.budokampsport.se\/2019\/10\/15\/sofia-sjostrom-bedziri-vm-debuterar\/","name":"Sofia Sj\u00f6str\u00f6m Bedziri VM-debuterar - Svenska Budo &amp; Kampsportsf\u00f6rbundet","isPartOf":{"@id":"https:\/\/www.budokampsport.se\/#website"},"primaryImageOfPage":{"@id":"https:\/\/www.budokampsport.se\/2019\/10\/15\/sofia-sjostrom-bedziri-vm-debuterar\/#primaryimage"},"image":{"@id":"https:\/\/www.budokampsport.se\/2019\/10\/15\/sofia-sjostrom-bedziri-vm-debuterar\/#primaryimage"},"thumbnailUrl":"https:\/\/www.budokampsport.se\/wp-content\/uploads\/2019\/10\/sofia.jpg","datePublished":"2019-10-15T07:51:50+00:00","dateModified":"2019-10-15T07:51:51+00:00","author":{"@id":"https:\/\/www.budokampsport.se\/#\/schema\/person\/c838cace8171f692e363fde3f38f208b"},"description":"VM i kickboxning K1 b\u00f6rjar n\u00e4rma sig, den 19-27:e oktober \u00e4r det dags f\u00f6r det svenska landslaget att ta sig ner till Sarajevo och Bosnien.","breadcrumb":{"@id":"https:\/\/www.budokampsport.se\/2019\/10\/15\/sofia-sjostrom-bedziri-vm-debuterar\/#breadcrumb"},"inLanguage":"sv-SE","potentialAction":[{"@type":"ReadAction","target":["https:\/\/www.budokampsport.se\/2019\/10\/15\/sofia-sjostrom-bedziri-vm-debuterar\/"]}]},{"@type":"ImageObject","inLanguage":"sv-SE","@id":"https:\/\/www.budokampsport.se\/2019\/10\/15\/sofia-sjostrom-bedziri-vm-debuterar\/#primaryimage","url":"https:\/\/www.budokampsport.se\/wp-content\/uploads\/2019\/10\/sofia.jpg","contentUrl":"https:\/\/www.budokampsport.se\/wp-content\/uploads\/2019\/10\/sofia.jpg","width":850,"height":619,"caption":"Foto: Joonas Tizihssane"},{"@type":"BreadcrumbList","@id":"https:\/\/www.budokampsport.se\/2019\/10\/15\/sofia-sjostrom-bedziri-vm-debuterar\/#breadcrumb","itemListElement":[{"@type":"ListItem","position":1,"name":"Hem","item":"https:\/\/www.budokampsport.se\/"},{"@type":"ListItem","position":2,"name":"Sofia Sj\u00f6str\u00f6m Bedziri VM-debuterar"}]},{"@type":"WebSite","@id":"https:\/\/www.budokampsport.se\/#website","url":"https:\/\/www.budokampsport.se\/","name":"Svenska Budo &amp; Kampsportsf\u00f6rbundet","description":"T\u00e4vling, Tr\u00e4ning, Tradition","potentialAction":[{"@type":"SearchAction","target":{"@type":"EntryPoint","urlTemplate":"https:\/\/www.budokampsport.se\/?s={search_term_string}"},"query-input":{"@type":"PropertyValueSpecification","valueRequired":true,"valueName":"search_term_string"}}],"inLanguage":"sv-SE"},{"@type":"Person","@id":"https:\/\/www.budokampsport.se\/#\/schema\/person\/c838cace8171f692e363fde3f38f208b","name":"Annie Carriage","image":{"@type":"ImageObject","inLanguage":"sv-SE","@id":"https:\/\/www.budokampsport.se\/#\/schema\/person\/image\/","url":"https:\/\/secure.gravatar.com\/avatar\/9311295560bdfbdf78365a26f7df1876?s=96&d=blank&r=g","contentUrl":"https:\/\/secure.gravatar.com\/avatar\/9311295560bdfbdf78365a26f7df1876?s=96&d=blank&r=g","caption":"Annie Carriage"},"url":"https:\/\/www.budokampsport.se\/author\/annie-bondefelt\/"}]}},"_links":{"self":[{"href":"https:\/\/www.budokampsport.se\/api\/wp\/v2\/posts\/109852","targetHints":{"allow":["GET"]}}],"collection":[{"href":"https:\/\/www.budokampsport.se\/api\/wp\/v2\/posts"}],"about":[{"href":"https:\/\/www.budokampsport.se\/api\/wp\/v2\/types\/post"}],"author":[{"embeddable":true,"href":"https:\/\/www.budokampsport.se\/api\/wp\/v2\/users\/120"}],"replies":[{"embeddable":true,"href":"https:\/\/www.budokampsport.se\/api\/wp\/v2\/comments?post=109852"}],"version-history":[{"count":0,"href":"https:\/\/www.budokampsport.se\/api\/wp\/v2\/posts\/109852\/revisions"}],"wp:featuredmedia":[{"embeddable":true,"href":"https:\/\/www.budokampsport.se\/api\/wp\/v2\/media\/109863"}],"wp:attachment":[{"href":"https:\/\/www.budokampsport.se\/api\/wp\/v2\/media?parent=109852"}],"wp:term":[{"taxonomy":"category","embeddable":true,"href":"https:\/\/www.budokampsport.se\/api\/wp\/v2\/categories?post=109852"},{"taxonomy":"post_tag","embeddable":true,"href":"https:\/\/www.budokampsport.se\/api\/wp\/v2\/tags?post=109852"}],"curies":[{"name":"wp","href":"https:\/\/api.w.org\/{rel}","templated":true}]}}