{"id":109864,"date":"2019-10-17T08:39:17","date_gmt":"2019-10-17T06:39:17","guid":{"rendered":"https:\/\/www.budokampsport.se\/?p=109864"},"modified":"2019-10-17T08:40:02","modified_gmt":"2019-10-17T06:40:02","slug":"marcus-cerny-paulsson-gar-in-i-vm-med-ett-brons-i-world-cup","status":"publish","type":"post","link":"https:\/\/www.budokampsport.se\/2019\/10\/17\/marcus-cerny-paulsson-gar-in-i-vm-med-ett-brons-i-world-cup\/","title":{"rendered":"Marcus Cerny Paulsson tog brons i World Cup &#8211; nu v\u00e4ntar VM"},"content":{"rendered":"\n<p>Det har varit ett bra \u00e5r f\u00f6r Marcus Cerny Paulsson, han inledde med att vinna SM-guld och f\u00f6ljde upp prestationen med ett brons i World Cup under sommaren. I h\u00f6st \u00e4r det dags f\u00f6r VM i kickboxning K1 n\u00e4r han och resterande landslag \u00e5ker till bosniska huvudstaden Sarajevo.<\/p>\n\n\n\n<h4 class=\"wp-block-heading\"><strong>&#8220;Det k\u00e4nns v\u00e4ldigt bra att snart \u00e4ntligen f\u00e5 g\u00e5 upp i ringen igen&#8221;<\/strong><\/h4>\n\n\n\n<p><\/p>\n\n\n\n<p>Marcus b\u00f6rjade med kampsport 2015 och har sen dess testat p\u00e5 b\u00e5de thaiboxning och kickboxning, i somras gick han sin f\u00f6rsta internationella match i kickboxning och sen dess har det varit uppladdning inf\u00f6r VM p\u00e5 schemat.<\/p>\n<p>-Tidigare har jag t\u00e4vlat mer i muay thai s\u00e5 fr\u00e5n World Cup tar jag med mig erfarenhet av internationell kickboxning. Ut\u00f6ver det har uppladdning varit mycket konditionstr\u00e4ning och att jag tr\u00e4nat mer f\u00f6r att f\u00f6rh\u00e5lla mig till kickboxningens tempo, s\u00e4ger Marcus.<\/p>\n\n\n\n<h4 class=\"wp-block-heading\"><strong>N\u00e4r VM inleds finns det plats f\u00f6r b\u00e5de l\u00e5ng- och kortsiktiga m\u00e5l f\u00f6r Marcus.<\/strong><\/h4>\n\n\n\n<p><\/p>\n\n\n\n<p>-Jag vill prestera bra utifr\u00e5n det jag tr\u00e4nat p\u00e5, jag vill f\u00e5 sl\u00e4ppa loss ordentligt och visa upp alla mina tekniker oavsett vem jag m\u00f6ter. Kortsiktigt siktar jag sj\u00e4lvklart p\u00e5 guld, men i slutet av dagen blir allt det h\u00e4r en erfarenhet som jag tar med mig i framtiden, avslutar Marcus.<\/p>\n\n\n\n<p><\/p>\n\n\n\n<h4 class=\"wp-block-heading\"><strong>Fakta<\/strong><\/h4>\n\n\n\n<p>Namn: Marcus Cerny Paulsson<br \/>Viktklass: -63,5 kg<br \/>\u00c5lder: 22 \u00e5r <br \/>Klubb: Stockholm Kickboxning<br \/>Tidigare meriter: Brons i World Cup<\/p>\n<p>Text: Annie Bondefelt<br \/>Foto: Christoffer M\u00e5rtensson<\/p>\n","protected":false},"excerpt":{"rendered":"<p>VM i kickboxning K1 p\u00e5g\u00e5r mellan 19-27:e oktober och Marcus Cerny Paulsson \u00e5ker dit med guldtankar.<\/p><br>","protected":false},"author":120,"featured_media":108702,"comment_status":"open","ping_status":"open","sticky":false,"template":"","format":"standard","meta":{"_acf_changed":false,"footnotes":""},"categories":[1],"tags":[308,333],"class_list":["post-109864","post","type-post","status-publish","format-standard","has-post-thumbnail","hentry","category-okategoriserade","tag-kampsport","tag-kickboxning"],"acf":[],"yoast_head":"<!-- This site is optimized with the Yoast SEO plugin v26.8 - https:\/\/yoast.com\/product\/yoast-seo-wordpress\/ -->\n<title>Marcus Cerny Paulsson tog brons i World Cup - nu v\u00e4ntar VM - Svenska Budo &amp; Kampsportsf\u00f6rbundet<\/title>\n<meta name=\"description\" content=\"VM i kickboxning K1 p\u00e5g\u00e5r mellan 19-27:e oktober och Marcus Cerny Paulsson \u00e5ker dit med guldtankar.\" \/>\n<meta name=\"robots\" content=\"index, follow, max-snippet:-1, max-image-preview:large, max-video-preview:-1\" \/>\n<link rel=\"canonical\" href=\"https:\/\/www.budokampsport.se\/2019\/10\/17\/marcus-cerny-paulsson-gar-in-i-vm-med-ett-brons-i-world-cup\/\" \/>\n<meta property=\"og:locale\" content=\"sv_SE\" \/>\n<meta property=\"og:type\" content=\"article\" \/>\n<meta property=\"og:title\" content=\"Marcus Cerny Paulsson tog brons i World Cup - nu v\u00e4ntar VM - Svenska Budo &amp; Kampsportsf\u00f6rbundet\" \/>\n<meta property=\"og:description\" content=\"VM i kickboxning K1 p\u00e5g\u00e5r mellan 19-27:e oktober och Marcus Cerny Paulsson \u00e5ker dit med guldtankar.\" \/>\n<meta property=\"og:url\" content=\"https:\/\/www.budokampsport.se\/2019\/10\/17\/marcus-cerny-paulsson-gar-in-i-vm-med-ett-brons-i-world-cup\/\" \/>\n<meta property=\"og:site_name\" content=\"Svenska Budo &amp; Kampsportsf\u00f6rbundet\" \/>\n<meta property=\"article:published_time\" content=\"2019-10-17T06:39:17+00:00\" \/>\n<meta property=\"article:modified_time\" content=\"2019-10-17T06:40:02+00:00\" \/>\n<meta property=\"og:image\" content=\"https:\/\/www.budokampsport.se\/wp-content\/uploads\/2019\/10\/Marcus-Cerny-Paulsson.jpg\" \/>\n\t<meta property=\"og:image:width\" content=\"850\" \/>\n\t<meta property=\"og:image:height\" content=\"567\" \/>\n\t<meta property=\"og:image:type\" content=\"image\/jpeg\" \/>\n<meta name=\"author\" content=\"Annie Carriage\" \/>\n<meta name=\"twitter:card\" content=\"summary_large_image\" \/>\n<meta name=\"twitter:label1\" content=\"Skriven av\" \/>\n\t<meta name=\"twitter:data1\" content=\"Annie Carriage\" \/>\n\t<meta name=\"twitter:label2\" content=\"Ber\u00e4knad l\u00e4stid\" \/>\n\t<meta name=\"twitter:data2\" content=\"1 minut\" \/>\n<script type=\"application\/ld+json\" class=\"yoast-schema-graph\">{\"@context\":\"https:\/\/schema.org\",\"@graph\":[{\"@type\":\"Article\",\"@id\":\"https:\/\/www.budokampsport.se\/2019\/10\/17\/marcus-cerny-paulsson-gar-in-i-vm-med-ett-brons-i-world-cup\/#article\",\"isPartOf\":{\"@id\":\"https:\/\/www.budokampsport.se\/2019\/10\/17\/marcus-cerny-paulsson-gar-in-i-vm-med-ett-brons-i-world-cup\/\"},\"author\":{\"name\":\"Annie Carriage\",\"@id\":\"https:\/\/www.budokampsport.se\/#\/schema\/person\/c838cace8171f692e363fde3f38f208b\"},\"headline\":\"Marcus Cerny Paulsson tog brons i World Cup &#8211; nu v\u00e4ntar VM\",\"datePublished\":\"2019-10-17T06:39:17+00:00\",\"dateModified\":\"2019-10-17T06:40:02+00:00\",\"mainEntityOfPage\":{\"@id\":\"https:\/\/www.budokampsport.se\/2019\/10\/17\/marcus-cerny-paulsson-gar-in-i-vm-med-ett-brons-i-world-cup\/\"},\"wordCount\":270,\"commentCount\":0,\"image\":{\"@id\":\"https:\/\/www.budokampsport.se\/2019\/10\/17\/marcus-cerny-paulsson-gar-in-i-vm-med-ett-brons-i-world-cup\/#primaryimage\"},\"thumbnailUrl\":\"https:\/\/www.budokampsport.se\/wp-content\/uploads\/2019\/10\/Marcus-Cerny-Paulsson.jpg\",\"keywords\":[\"kampsport\",\"kickboxning\"],\"inLanguage\":\"sv-SE\",\"potentialAction\":[{\"@type\":\"CommentAction\",\"name\":\"Comment\",\"target\":[\"https:\/\/www.budokampsport.se\/2019\/10\/17\/marcus-cerny-paulsson-gar-in-i-vm-med-ett-brons-i-world-cup\/#respond\"]}]},{\"@type\":\"WebPage\",\"@id\":\"https:\/\/www.budokampsport.se\/2019\/10\/17\/marcus-cerny-paulsson-gar-in-i-vm-med-ett-brons-i-world-cup\/\",\"url\":\"https:\/\/www.budokampsport.se\/2019\/10\/17\/marcus-cerny-paulsson-gar-in-i-vm-med-ett-brons-i-world-cup\/\",\"name\":\"Marcus Cerny Paulsson tog brons i World Cup - nu v\u00e4ntar VM - Svenska Budo &amp; Kampsportsf\u00f6rbundet\",\"isPartOf\":{\"@id\":\"https:\/\/www.budokampsport.se\/#website\"},\"primaryImageOfPage\":{\"@id\":\"https:\/\/www.budokampsport.se\/2019\/10\/17\/marcus-cerny-paulsson-gar-in-i-vm-med-ett-brons-i-world-cup\/#primaryimage\"},\"image\":{\"@id\":\"https:\/\/www.budokampsport.se\/2019\/10\/17\/marcus-cerny-paulsson-gar-in-i-vm-med-ett-brons-i-world-cup\/#primaryimage\"},\"thumbnailUrl\":\"https:\/\/www.budokampsport.se\/wp-content\/uploads\/2019\/10\/Marcus-Cerny-Paulsson.jpg\",\"datePublished\":\"2019-10-17T06:39:17+00:00\",\"dateModified\":\"2019-10-17T06:40:02+00:00\",\"author\":{\"@id\":\"https:\/\/www.budokampsport.se\/#\/schema\/person\/c838cace8171f692e363fde3f38f208b\"},\"description\":\"VM i kickboxning K1 p\u00e5g\u00e5r mellan 19-27:e oktober och Marcus Cerny Paulsson \u00e5ker dit med guldtankar.\",\"breadcrumb\":{\"@id\":\"https:\/\/www.budokampsport.se\/2019\/10\/17\/marcus-cerny-paulsson-gar-in-i-vm-med-ett-brons-i-world-cup\/#breadcrumb\"},\"inLanguage\":\"sv-SE\",\"potentialAction\":[{\"@type\":\"ReadAction\",\"target\":[\"https:\/\/www.budokampsport.se\/2019\/10\/17\/marcus-cerny-paulsson-gar-in-i-vm-med-ett-brons-i-world-cup\/\"]}]},{\"@type\":\"ImageObject\",\"inLanguage\":\"sv-SE\",\"@id\":\"https:\/\/www.budokampsport.se\/2019\/10\/17\/marcus-cerny-paulsson-gar-in-i-vm-med-ett-brons-i-world-cup\/#primaryimage\",\"url\":\"https:\/\/www.budokampsport.se\/wp-content\/uploads\/2019\/10\/Marcus-Cerny-Paulsson.jpg\",\"contentUrl\":\"https:\/\/www.budokampsport.se\/wp-content\/uploads\/2019\/10\/Marcus-Cerny-Paulsson.jpg\",\"width\":850,\"height\":567,\"caption\":\"Foto: Christoffer M\u00e5rtensson\"},{\"@type\":\"BreadcrumbList\",\"@id\":\"https:\/\/www.budokampsport.se\/2019\/10\/17\/marcus-cerny-paulsson-gar-in-i-vm-med-ett-brons-i-world-cup\/#breadcrumb\",\"itemListElement\":[{\"@type\":\"ListItem\",\"position\":1,\"name\":\"Hem\",\"item\":\"https:\/\/www.budokampsport.se\/\"},{\"@type\":\"ListItem\",\"position\":2,\"name\":\"Marcus Cerny Paulsson tog brons i World Cup &#8211; nu v\u00e4ntar VM\"}]},{\"@type\":\"WebSite\",\"@id\":\"https:\/\/www.budokampsport.se\/#website\",\"url\":\"https:\/\/www.budokampsport.se\/\",\"name\":\"Svenska Budo &amp; Kampsportsf\u00f6rbundet\",\"description\":\"T\u00e4vling, Tr\u00e4ning, Tradition\",\"potentialAction\":[{\"@type\":\"SearchAction\",\"target\":{\"@type\":\"EntryPoint\",\"urlTemplate\":\"https:\/\/www.budokampsport.se\/?s={search_term_string}\"},\"query-input\":{\"@type\":\"PropertyValueSpecification\",\"valueRequired\":true,\"valueName\":\"search_term_string\"}}],\"inLanguage\":\"sv-SE\"},{\"@type\":\"Person\",\"@id\":\"https:\/\/www.budokampsport.se\/#\/schema\/person\/c838cace8171f692e363fde3f38f208b\",\"name\":\"Annie Carriage\",\"image\":{\"@type\":\"ImageObject\",\"inLanguage\":\"sv-SE\",\"@id\":\"https:\/\/www.budokampsport.se\/#\/schema\/person\/image\/\",\"url\":\"https:\/\/secure.gravatar.com\/avatar\/9311295560bdfbdf78365a26f7df1876?s=96&d=blank&r=g\",\"contentUrl\":\"https:\/\/secure.gravatar.com\/avatar\/9311295560bdfbdf78365a26f7df1876?s=96&d=blank&r=g\",\"caption\":\"Annie Carriage\"},\"url\":\"https:\/\/www.budokampsport.se\/author\/annie-bondefelt\/\"}]}<\/script>\n<!-- \/ Yoast SEO plugin. -->","yoast_head_json":{"title":"Marcus Cerny Paulsson tog brons i World Cup - nu v\u00e4ntar VM - Svenska Budo &amp; Kampsportsf\u00f6rbundet","description":"VM i kickboxning K1 p\u00e5g\u00e5r mellan 19-27:e oktober och Marcus Cerny Paulsson \u00e5ker dit med guldtankar.","robots":{"index":"index","follow":"follow","max-snippet":"max-snippet:-1","max-image-preview":"max-image-preview:large","max-video-preview":"max-video-preview:-1"},"canonical":"https:\/\/www.budokampsport.se\/2019\/10\/17\/marcus-cerny-paulsson-gar-in-i-vm-med-ett-brons-i-world-cup\/","og_locale":"sv_SE","og_type":"article","og_title":"Marcus Cerny Paulsson tog brons i World Cup - nu v\u00e4ntar VM - Svenska Budo &amp; Kampsportsf\u00f6rbundet","og_description":"VM i kickboxning K1 p\u00e5g\u00e5r mellan 19-27:e oktober och Marcus Cerny Paulsson \u00e5ker dit med guldtankar.","og_url":"https:\/\/www.budokampsport.se\/2019\/10\/17\/marcus-cerny-paulsson-gar-in-i-vm-med-ett-brons-i-world-cup\/","og_site_name":"Svenska Budo &amp; Kampsportsf\u00f6rbundet","article_published_time":"2019-10-17T06:39:17+00:00","article_modified_time":"2019-10-17T06:40:02+00:00","og_image":[{"width":850,"height":567,"url":"https:\/\/www.budokampsport.se\/wp-content\/uploads\/2019\/10\/Marcus-Cerny-Paulsson.jpg","type":"image\/jpeg"}],"author":"Annie Carriage","twitter_card":"summary_large_image","twitter_misc":{"Skriven av":"Annie Carriage","Ber\u00e4knad l\u00e4stid":"1 minut"},"schema":{"@context":"https:\/\/schema.org","@graph":[{"@type":"Article","@id":"https:\/\/www.budokampsport.se\/2019\/10\/17\/marcus-cerny-paulsson-gar-in-i-vm-med-ett-brons-i-world-cup\/#article","isPartOf":{"@id":"https:\/\/www.budokampsport.se\/2019\/10\/17\/marcus-cerny-paulsson-gar-in-i-vm-med-ett-brons-i-world-cup\/"},"author":{"name":"Annie Carriage","@id":"https:\/\/www.budokampsport.se\/#\/schema\/person\/c838cace8171f692e363fde3f38f208b"},"headline":"Marcus Cerny Paulsson tog brons i World Cup &#8211; nu v\u00e4ntar VM","datePublished":"2019-10-17T06:39:17+00:00","dateModified":"2019-10-17T06:40:02+00:00","mainEntityOfPage":{"@id":"https:\/\/www.budokampsport.se\/2019\/10\/17\/marcus-cerny-paulsson-gar-in-i-vm-med-ett-brons-i-world-cup\/"},"wordCount":270,"commentCount":0,"image":{"@id":"https:\/\/www.budokampsport.se\/2019\/10\/17\/marcus-cerny-paulsson-gar-in-i-vm-med-ett-brons-i-world-cup\/#primaryimage"},"thumbnailUrl":"https:\/\/www.budokampsport.se\/wp-content\/uploads\/2019\/10\/Marcus-Cerny-Paulsson.jpg","keywords":["kampsport","kickboxning"],"inLanguage":"sv-SE","potentialAction":[{"@type":"CommentAction","name":"Comment","target":["https:\/\/www.budokampsport.se\/2019\/10\/17\/marcus-cerny-paulsson-gar-in-i-vm-med-ett-brons-i-world-cup\/#respond"]}]},{"@type":"WebPage","@id":"https:\/\/www.budokampsport.se\/2019\/10\/17\/marcus-cerny-paulsson-gar-in-i-vm-med-ett-brons-i-world-cup\/","url":"https:\/\/www.budokampsport.se\/2019\/10\/17\/marcus-cerny-paulsson-gar-in-i-vm-med-ett-brons-i-world-cup\/","name":"Marcus Cerny Paulsson tog brons i World Cup - nu v\u00e4ntar VM - Svenska Budo &amp; Kampsportsf\u00f6rbundet","isPartOf":{"@id":"https:\/\/www.budokampsport.se\/#website"},"primaryImageOfPage":{"@id":"https:\/\/www.budokampsport.se\/2019\/10\/17\/marcus-cerny-paulsson-gar-in-i-vm-med-ett-brons-i-world-cup\/#primaryimage"},"image":{"@id":"https:\/\/www.budokampsport.se\/2019\/10\/17\/marcus-cerny-paulsson-gar-in-i-vm-med-ett-brons-i-world-cup\/#primaryimage"},"thumbnailUrl":"https:\/\/www.budokampsport.se\/wp-content\/uploads\/2019\/10\/Marcus-Cerny-Paulsson.jpg","datePublished":"2019-10-17T06:39:17+00:00","dateModified":"2019-10-17T06:40:02+00:00","author":{"@id":"https:\/\/www.budokampsport.se\/#\/schema\/person\/c838cace8171f692e363fde3f38f208b"},"description":"VM i kickboxning K1 p\u00e5g\u00e5r mellan 19-27:e oktober och Marcus Cerny Paulsson \u00e5ker dit med guldtankar.","breadcrumb":{"@id":"https:\/\/www.budokampsport.se\/2019\/10\/17\/marcus-cerny-paulsson-gar-in-i-vm-med-ett-brons-i-world-cup\/#breadcrumb"},"inLanguage":"sv-SE","potentialAction":[{"@type":"ReadAction","target":["https:\/\/www.budokampsport.se\/2019\/10\/17\/marcus-cerny-paulsson-gar-in-i-vm-med-ett-brons-i-world-cup\/"]}]},{"@type":"ImageObject","inLanguage":"sv-SE","@id":"https:\/\/www.budokampsport.se\/2019\/10\/17\/marcus-cerny-paulsson-gar-in-i-vm-med-ett-brons-i-world-cup\/#primaryimage","url":"https:\/\/www.budokampsport.se\/wp-content\/uploads\/2019\/10\/Marcus-Cerny-Paulsson.jpg","contentUrl":"https:\/\/www.budokampsport.se\/wp-content\/uploads\/2019\/10\/Marcus-Cerny-Paulsson.jpg","width":850,"height":567,"caption":"Foto: Christoffer M\u00e5rtensson"},{"@type":"BreadcrumbList","@id":"https:\/\/www.budokampsport.se\/2019\/10\/17\/marcus-cerny-paulsson-gar-in-i-vm-med-ett-brons-i-world-cup\/#breadcrumb","itemListElement":[{"@type":"ListItem","position":1,"name":"Hem","item":"https:\/\/www.budokampsport.se\/"},{"@type":"ListItem","position":2,"name":"Marcus Cerny Paulsson tog brons i World Cup &#8211; nu v\u00e4ntar VM"}]},{"@type":"WebSite","@id":"https:\/\/www.budokampsport.se\/#website","url":"https:\/\/www.budokampsport.se\/","name":"Svenska Budo &amp; Kampsportsf\u00f6rbundet","description":"T\u00e4vling, Tr\u00e4ning, Tradition","potentialAction":[{"@type":"SearchAction","target":{"@type":"EntryPoint","urlTemplate":"https:\/\/www.budokampsport.se\/?s={search_term_string}"},"query-input":{"@type":"PropertyValueSpecification","valueRequired":true,"valueName":"search_term_string"}}],"inLanguage":"sv-SE"},{"@type":"Person","@id":"https:\/\/www.budokampsport.se\/#\/schema\/person\/c838cace8171f692e363fde3f38f208b","name":"Annie Carriage","image":{"@type":"ImageObject","inLanguage":"sv-SE","@id":"https:\/\/www.budokampsport.se\/#\/schema\/person\/image\/","url":"https:\/\/secure.gravatar.com\/avatar\/9311295560bdfbdf78365a26f7df1876?s=96&d=blank&r=g","contentUrl":"https:\/\/secure.gravatar.com\/avatar\/9311295560bdfbdf78365a26f7df1876?s=96&d=blank&r=g","caption":"Annie Carriage"},"url":"https:\/\/www.budokampsport.se\/author\/annie-bondefelt\/"}]}},"_links":{"self":[{"href":"https:\/\/www.budokampsport.se\/api\/wp\/v2\/posts\/109864","targetHints":{"allow":["GET"]}}],"collection":[{"href":"https:\/\/www.budokampsport.se\/api\/wp\/v2\/posts"}],"about":[{"href":"https:\/\/www.budokampsport.se\/api\/wp\/v2\/types\/post"}],"author":[{"embeddable":true,"href":"https:\/\/www.budokampsport.se\/api\/wp\/v2\/users\/120"}],"replies":[{"embeddable":true,"href":"https:\/\/www.budokampsport.se\/api\/wp\/v2\/comments?post=109864"}],"version-history":[{"count":0,"href":"https:\/\/www.budokampsport.se\/api\/wp\/v2\/posts\/109864\/revisions"}],"wp:featuredmedia":[{"embeddable":true,"href":"https:\/\/www.budokampsport.se\/api\/wp\/v2\/media\/108702"}],"wp:attachment":[{"href":"https:\/\/www.budokampsport.se\/api\/wp\/v2\/media?parent=109864"}],"wp:term":[{"taxonomy":"category","embeddable":true,"href":"https:\/\/www.budokampsport.se\/api\/wp\/v2\/categories?post=109864"},{"taxonomy":"post_tag","embeddable":true,"href":"https:\/\/www.budokampsport.se\/api\/wp\/v2\/tags?post=109864"}],"curies":[{"name":"wp","href":"https:\/\/api.w.org\/{rel}","templated":true}]}}