{"id":109866,"date":"2019-10-18T08:08:00","date_gmt":"2019-10-18T06:08:00","guid":{"rendered":"https:\/\/www.budokampsport.se\/?p=109866"},"modified":"2019-10-18T11:13:26","modified_gmt":"2019-10-18T09:13:26","slug":"sebastian-rodriguez-vill-ha-mer-an-brons","status":"publish","type":"post","link":"https:\/\/www.budokampsport.se\/2019\/10\/18\/sebastian-rodriguez-vill-ha-mer-an-brons\/","title":{"rendered":"Sebastian Rodriguez vill ha mer \u00e4n brons"},"content":{"rendered":"\n<p>Och uppladdningen inf\u00f6r VM har sett lovande ut, under sommarens World Cup i Italien tog Sebastian hem ett silver.<\/p>\n\n\n\n<h4 class=\"wp-block-heading\"><strong>&#8220;Jag k\u00e4nner mig 120% redo&#8221;<\/strong><\/h4>\n\n\n\n<p><\/p>\n\n\n\n<p>-Det k\u00e4nns j\u00e4ttebra att snart f\u00e5 \u00e5ka ner till Bosnien f\u00f6r att f\u00e5 fightas i VM. Jag \u00e4r s\u00e5 mentalt f\u00f6rberedd jag kan bli, har s\u00e4tt fram emot detta l\u00e4nge nu och \u00e4r s\u00e5 taggad \u00f6ver att jag snart f\u00e5 st\u00e4lla mig i ringen och fightas igen. Jag k\u00e4nner mig 120% redo f\u00f6r detta, s\u00e4ger Sebastian till budokampsport.se<\/p>\n\n\n\n<h4 class=\"wp-block-heading\"><strong>Med flera medaljer i bagaget siktar han p\u00e5 att ta med \u00e4nnu en hem till Sverige.<\/strong><\/h4>\n\n\n\n<p><\/p>\n\n\n\n<p>-Jag \u00e5r n\u00f6jd med min prestation n\u00e4r jag tar hem guldet, utan det s\u00e5 kommer jag aldrig vara n\u00f6jd \u00f6ver min presentation i ringen. Kan v\u00e4l kanske \u00e4ven n\u00f6ja mig med silver eller brons i v\u00e4rsta fall men m\u00e5let \u00e4r och har alltid varit guldet, s\u00e4ger Sebastian.<\/p>\n\n\n\n<p><\/p>\n\n\n\n<h4 class=\"wp-block-heading\"><strong>Fakta<\/strong><\/h4>\n\n\n\n<p>Namn: Sebastian Rodriguez<br \/>Viktklass: -57 kg<br \/>\u00c5lder: 24 \u00e5r<br \/>Klubb: Fight Club \u00c4ngelholm<br \/>Tidigare meriter: EM-brons<\/p>\n<p>Text: Annie Bondefelt<br \/>Foto: Privat<\/p>\n","protected":false},"excerpt":{"rendered":"<p>Under EM f\u00f6rra \u00e5ret fick Sebastian sitt genombrott i kickboxningsv\u00e4rlden. Med bara tv\u00e5 \u00e5r av kampsport \u00f6verraskade han m\u00e5nga och \u00e5kte till slut hem till Sverige med ett EM-brons.<\/p><br>","protected":false},"author":120,"featured_media":110172,"comment_status":"open","ping_status":"open","sticky":false,"template":"","format":"standard","meta":{"_acf_changed":false,"footnotes":""},"categories":[1],"tags":[308,333],"class_list":["post-109866","post","type-post","status-publish","format-standard","has-post-thumbnail","hentry","category-okategoriserade","tag-kampsport","tag-kickboxning"],"acf":[],"yoast_head":"<!-- This site is optimized with the Yoast SEO plugin v26.8 - https:\/\/yoast.com\/product\/yoast-seo-wordpress\/ -->\n<title>Sebastian Rodriguez vill ha mer \u00e4n brons - Svenska Budo &amp; Kampsportsf\u00f6rbundet<\/title>\n<meta name=\"description\" content=\"Under EM f\u00f6rra \u00e5ret fick Sebastian sitt genombrott i kickboxningsv\u00e4rlden. Med bara tv\u00e5 \u00e5r av kampsport \u00f6verraskade han m\u00e5nga och \u00e5kte till slut hem till Sverige med ett EM-brons.\" \/>\n<meta name=\"robots\" content=\"index, follow, max-snippet:-1, max-image-preview:large, max-video-preview:-1\" \/>\n<link rel=\"canonical\" href=\"https:\/\/www.budokampsport.se\/2019\/10\/18\/sebastian-rodriguez-vill-ha-mer-an-brons\/\" \/>\n<meta property=\"og:locale\" content=\"sv_SE\" \/>\n<meta property=\"og:type\" content=\"article\" \/>\n<meta property=\"og:title\" content=\"Sebastian Rodriguez vill ha mer \u00e4n brons - Svenska Budo &amp; Kampsportsf\u00f6rbundet\" \/>\n<meta property=\"og:description\" content=\"Under EM f\u00f6rra \u00e5ret fick Sebastian sitt genombrott i kickboxningsv\u00e4rlden. Med bara tv\u00e5 \u00e5r av kampsport \u00f6verraskade han m\u00e5nga och \u00e5kte till slut hem till Sverige med ett EM-brons.\" \/>\n<meta property=\"og:url\" content=\"https:\/\/www.budokampsport.se\/2019\/10\/18\/sebastian-rodriguez-vill-ha-mer-an-brons\/\" \/>\n<meta property=\"og:site_name\" content=\"Svenska Budo &amp; Kampsportsf\u00f6rbundet\" \/>\n<meta property=\"article:published_time\" content=\"2019-10-18T06:08:00+00:00\" \/>\n<meta property=\"article:modified_time\" content=\"2019-10-18T09:13:26+00:00\" \/>\n<meta property=\"og:image\" content=\"https:\/\/www.budokampsport.se\/wp-content\/uploads\/2019\/10\/sebastian-rodriguez.jpg\" \/>\n\t<meta property=\"og:image:width\" content=\"850\" \/>\n\t<meta property=\"og:image:height\" content=\"642\" \/>\n\t<meta property=\"og:image:type\" content=\"image\/jpeg\" \/>\n<meta name=\"author\" content=\"Annie Carriage\" \/>\n<meta name=\"twitter:card\" content=\"summary_large_image\" \/>\n<meta name=\"twitter:label1\" content=\"Skriven av\" \/>\n\t<meta name=\"twitter:data1\" content=\"Annie Carriage\" \/>\n\t<meta name=\"twitter:label2\" content=\"Ber\u00e4knad l\u00e4stid\" \/>\n\t<meta name=\"twitter:data2\" content=\"1 minut\" \/>\n<script type=\"application\/ld+json\" class=\"yoast-schema-graph\">{\"@context\":\"https:\/\/schema.org\",\"@graph\":[{\"@type\":\"Article\",\"@id\":\"https:\/\/www.budokampsport.se\/2019\/10\/18\/sebastian-rodriguez-vill-ha-mer-an-brons\/#article\",\"isPartOf\":{\"@id\":\"https:\/\/www.budokampsport.se\/2019\/10\/18\/sebastian-rodriguez-vill-ha-mer-an-brons\/\"},\"author\":{\"name\":\"Annie Carriage\",\"@id\":\"https:\/\/www.budokampsport.se\/#\/schema\/person\/c838cace8171f692e363fde3f38f208b\"},\"headline\":\"Sebastian Rodriguez vill ha mer \u00e4n brons\",\"datePublished\":\"2019-10-18T06:08:00+00:00\",\"dateModified\":\"2019-10-18T09:13:26+00:00\",\"mainEntityOfPage\":{\"@id\":\"https:\/\/www.budokampsport.se\/2019\/10\/18\/sebastian-rodriguez-vill-ha-mer-an-brons\/\"},\"wordCount\":188,\"commentCount\":0,\"image\":{\"@id\":\"https:\/\/www.budokampsport.se\/2019\/10\/18\/sebastian-rodriguez-vill-ha-mer-an-brons\/#primaryimage\"},\"thumbnailUrl\":\"https:\/\/www.budokampsport.se\/wp-content\/uploads\/2019\/10\/sebastian-rodriguez.jpg\",\"keywords\":[\"kampsport\",\"kickboxning\"],\"inLanguage\":\"sv-SE\",\"potentialAction\":[{\"@type\":\"CommentAction\",\"name\":\"Comment\",\"target\":[\"https:\/\/www.budokampsport.se\/2019\/10\/18\/sebastian-rodriguez-vill-ha-mer-an-brons\/#respond\"]}]},{\"@type\":\"WebPage\",\"@id\":\"https:\/\/www.budokampsport.se\/2019\/10\/18\/sebastian-rodriguez-vill-ha-mer-an-brons\/\",\"url\":\"https:\/\/www.budokampsport.se\/2019\/10\/18\/sebastian-rodriguez-vill-ha-mer-an-brons\/\",\"name\":\"Sebastian Rodriguez vill ha mer \u00e4n brons - Svenska Budo &amp; Kampsportsf\u00f6rbundet\",\"isPartOf\":{\"@id\":\"https:\/\/www.budokampsport.se\/#website\"},\"primaryImageOfPage\":{\"@id\":\"https:\/\/www.budokampsport.se\/2019\/10\/18\/sebastian-rodriguez-vill-ha-mer-an-brons\/#primaryimage\"},\"image\":{\"@id\":\"https:\/\/www.budokampsport.se\/2019\/10\/18\/sebastian-rodriguez-vill-ha-mer-an-brons\/#primaryimage\"},\"thumbnailUrl\":\"https:\/\/www.budokampsport.se\/wp-content\/uploads\/2019\/10\/sebastian-rodriguez.jpg\",\"datePublished\":\"2019-10-18T06:08:00+00:00\",\"dateModified\":\"2019-10-18T09:13:26+00:00\",\"author\":{\"@id\":\"https:\/\/www.budokampsport.se\/#\/schema\/person\/c838cace8171f692e363fde3f38f208b\"},\"description\":\"Under EM f\u00f6rra \u00e5ret fick Sebastian sitt genombrott i kickboxningsv\u00e4rlden. Med bara tv\u00e5 \u00e5r av kampsport \u00f6verraskade han m\u00e5nga och \u00e5kte till slut hem till Sverige med ett EM-brons.\",\"breadcrumb\":{\"@id\":\"https:\/\/www.budokampsport.se\/2019\/10\/18\/sebastian-rodriguez-vill-ha-mer-an-brons\/#breadcrumb\"},\"inLanguage\":\"sv-SE\",\"potentialAction\":[{\"@type\":\"ReadAction\",\"target\":[\"https:\/\/www.budokampsport.se\/2019\/10\/18\/sebastian-rodriguez-vill-ha-mer-an-brons\/\"]}]},{\"@type\":\"ImageObject\",\"inLanguage\":\"sv-SE\",\"@id\":\"https:\/\/www.budokampsport.se\/2019\/10\/18\/sebastian-rodriguez-vill-ha-mer-an-brons\/#primaryimage\",\"url\":\"https:\/\/www.budokampsport.se\/wp-content\/uploads\/2019\/10\/sebastian-rodriguez.jpg\",\"contentUrl\":\"https:\/\/www.budokampsport.se\/wp-content\/uploads\/2019\/10\/sebastian-rodriguez.jpg\",\"width\":850,\"height\":642,\"caption\":\"Foto: Privat\"},{\"@type\":\"BreadcrumbList\",\"@id\":\"https:\/\/www.budokampsport.se\/2019\/10\/18\/sebastian-rodriguez-vill-ha-mer-an-brons\/#breadcrumb\",\"itemListElement\":[{\"@type\":\"ListItem\",\"position\":1,\"name\":\"Hem\",\"item\":\"https:\/\/www.budokampsport.se\/\"},{\"@type\":\"ListItem\",\"position\":2,\"name\":\"Sebastian Rodriguez vill ha mer \u00e4n brons\"}]},{\"@type\":\"WebSite\",\"@id\":\"https:\/\/www.budokampsport.se\/#website\",\"url\":\"https:\/\/www.budokampsport.se\/\",\"name\":\"Svenska Budo &amp; Kampsportsf\u00f6rbundet\",\"description\":\"T\u00e4vling, Tr\u00e4ning, Tradition\",\"potentialAction\":[{\"@type\":\"SearchAction\",\"target\":{\"@type\":\"EntryPoint\",\"urlTemplate\":\"https:\/\/www.budokampsport.se\/?s={search_term_string}\"},\"query-input\":{\"@type\":\"PropertyValueSpecification\",\"valueRequired\":true,\"valueName\":\"search_term_string\"}}],\"inLanguage\":\"sv-SE\"},{\"@type\":\"Person\",\"@id\":\"https:\/\/www.budokampsport.se\/#\/schema\/person\/c838cace8171f692e363fde3f38f208b\",\"name\":\"Annie Carriage\",\"image\":{\"@type\":\"ImageObject\",\"inLanguage\":\"sv-SE\",\"@id\":\"https:\/\/www.budokampsport.se\/#\/schema\/person\/image\/\",\"url\":\"https:\/\/secure.gravatar.com\/avatar\/9311295560bdfbdf78365a26f7df1876?s=96&d=blank&r=g\",\"contentUrl\":\"https:\/\/secure.gravatar.com\/avatar\/9311295560bdfbdf78365a26f7df1876?s=96&d=blank&r=g\",\"caption\":\"Annie Carriage\"},\"url\":\"https:\/\/www.budokampsport.se\/author\/annie-bondefelt\/\"}]}<\/script>\n<!-- \/ Yoast SEO plugin. -->","yoast_head_json":{"title":"Sebastian Rodriguez vill ha mer \u00e4n brons - Svenska Budo &amp; Kampsportsf\u00f6rbundet","description":"Under EM f\u00f6rra \u00e5ret fick Sebastian sitt genombrott i kickboxningsv\u00e4rlden. Med bara tv\u00e5 \u00e5r av kampsport \u00f6verraskade han m\u00e5nga och \u00e5kte till slut hem till Sverige med ett EM-brons.","robots":{"index":"index","follow":"follow","max-snippet":"max-snippet:-1","max-image-preview":"max-image-preview:large","max-video-preview":"max-video-preview:-1"},"canonical":"https:\/\/www.budokampsport.se\/2019\/10\/18\/sebastian-rodriguez-vill-ha-mer-an-brons\/","og_locale":"sv_SE","og_type":"article","og_title":"Sebastian Rodriguez vill ha mer \u00e4n brons - Svenska Budo &amp; Kampsportsf\u00f6rbundet","og_description":"Under EM f\u00f6rra \u00e5ret fick Sebastian sitt genombrott i kickboxningsv\u00e4rlden. Med bara tv\u00e5 \u00e5r av kampsport \u00f6verraskade han m\u00e5nga och \u00e5kte till slut hem till Sverige med ett EM-brons.","og_url":"https:\/\/www.budokampsport.se\/2019\/10\/18\/sebastian-rodriguez-vill-ha-mer-an-brons\/","og_site_name":"Svenska Budo &amp; Kampsportsf\u00f6rbundet","article_published_time":"2019-10-18T06:08:00+00:00","article_modified_time":"2019-10-18T09:13:26+00:00","og_image":[{"width":850,"height":642,"url":"https:\/\/www.budokampsport.se\/wp-content\/uploads\/2019\/10\/sebastian-rodriguez.jpg","type":"image\/jpeg"}],"author":"Annie Carriage","twitter_card":"summary_large_image","twitter_misc":{"Skriven av":"Annie Carriage","Ber\u00e4knad l\u00e4stid":"1 minut"},"schema":{"@context":"https:\/\/schema.org","@graph":[{"@type":"Article","@id":"https:\/\/www.budokampsport.se\/2019\/10\/18\/sebastian-rodriguez-vill-ha-mer-an-brons\/#article","isPartOf":{"@id":"https:\/\/www.budokampsport.se\/2019\/10\/18\/sebastian-rodriguez-vill-ha-mer-an-brons\/"},"author":{"name":"Annie Carriage","@id":"https:\/\/www.budokampsport.se\/#\/schema\/person\/c838cace8171f692e363fde3f38f208b"},"headline":"Sebastian Rodriguez vill ha mer \u00e4n brons","datePublished":"2019-10-18T06:08:00+00:00","dateModified":"2019-10-18T09:13:26+00:00","mainEntityOfPage":{"@id":"https:\/\/www.budokampsport.se\/2019\/10\/18\/sebastian-rodriguez-vill-ha-mer-an-brons\/"},"wordCount":188,"commentCount":0,"image":{"@id":"https:\/\/www.budokampsport.se\/2019\/10\/18\/sebastian-rodriguez-vill-ha-mer-an-brons\/#primaryimage"},"thumbnailUrl":"https:\/\/www.budokampsport.se\/wp-content\/uploads\/2019\/10\/sebastian-rodriguez.jpg","keywords":["kampsport","kickboxning"],"inLanguage":"sv-SE","potentialAction":[{"@type":"CommentAction","name":"Comment","target":["https:\/\/www.budokampsport.se\/2019\/10\/18\/sebastian-rodriguez-vill-ha-mer-an-brons\/#respond"]}]},{"@type":"WebPage","@id":"https:\/\/www.budokampsport.se\/2019\/10\/18\/sebastian-rodriguez-vill-ha-mer-an-brons\/","url":"https:\/\/www.budokampsport.se\/2019\/10\/18\/sebastian-rodriguez-vill-ha-mer-an-brons\/","name":"Sebastian Rodriguez vill ha mer \u00e4n brons - Svenska Budo &amp; Kampsportsf\u00f6rbundet","isPartOf":{"@id":"https:\/\/www.budokampsport.se\/#website"},"primaryImageOfPage":{"@id":"https:\/\/www.budokampsport.se\/2019\/10\/18\/sebastian-rodriguez-vill-ha-mer-an-brons\/#primaryimage"},"image":{"@id":"https:\/\/www.budokampsport.se\/2019\/10\/18\/sebastian-rodriguez-vill-ha-mer-an-brons\/#primaryimage"},"thumbnailUrl":"https:\/\/www.budokampsport.se\/wp-content\/uploads\/2019\/10\/sebastian-rodriguez.jpg","datePublished":"2019-10-18T06:08:00+00:00","dateModified":"2019-10-18T09:13:26+00:00","author":{"@id":"https:\/\/www.budokampsport.se\/#\/schema\/person\/c838cace8171f692e363fde3f38f208b"},"description":"Under EM f\u00f6rra \u00e5ret fick Sebastian sitt genombrott i kickboxningsv\u00e4rlden. Med bara tv\u00e5 \u00e5r av kampsport \u00f6verraskade han m\u00e5nga och \u00e5kte till slut hem till Sverige med ett EM-brons.","breadcrumb":{"@id":"https:\/\/www.budokampsport.se\/2019\/10\/18\/sebastian-rodriguez-vill-ha-mer-an-brons\/#breadcrumb"},"inLanguage":"sv-SE","potentialAction":[{"@type":"ReadAction","target":["https:\/\/www.budokampsport.se\/2019\/10\/18\/sebastian-rodriguez-vill-ha-mer-an-brons\/"]}]},{"@type":"ImageObject","inLanguage":"sv-SE","@id":"https:\/\/www.budokampsport.se\/2019\/10\/18\/sebastian-rodriguez-vill-ha-mer-an-brons\/#primaryimage","url":"https:\/\/www.budokampsport.se\/wp-content\/uploads\/2019\/10\/sebastian-rodriguez.jpg","contentUrl":"https:\/\/www.budokampsport.se\/wp-content\/uploads\/2019\/10\/sebastian-rodriguez.jpg","width":850,"height":642,"caption":"Foto: Privat"},{"@type":"BreadcrumbList","@id":"https:\/\/www.budokampsport.se\/2019\/10\/18\/sebastian-rodriguez-vill-ha-mer-an-brons\/#breadcrumb","itemListElement":[{"@type":"ListItem","position":1,"name":"Hem","item":"https:\/\/www.budokampsport.se\/"},{"@type":"ListItem","position":2,"name":"Sebastian Rodriguez vill ha mer \u00e4n brons"}]},{"@type":"WebSite","@id":"https:\/\/www.budokampsport.se\/#website","url":"https:\/\/www.budokampsport.se\/","name":"Svenska Budo &amp; Kampsportsf\u00f6rbundet","description":"T\u00e4vling, Tr\u00e4ning, Tradition","potentialAction":[{"@type":"SearchAction","target":{"@type":"EntryPoint","urlTemplate":"https:\/\/www.budokampsport.se\/?s={search_term_string}"},"query-input":{"@type":"PropertyValueSpecification","valueRequired":true,"valueName":"search_term_string"}}],"inLanguage":"sv-SE"},{"@type":"Person","@id":"https:\/\/www.budokampsport.se\/#\/schema\/person\/c838cace8171f692e363fde3f38f208b","name":"Annie Carriage","image":{"@type":"ImageObject","inLanguage":"sv-SE","@id":"https:\/\/www.budokampsport.se\/#\/schema\/person\/image\/","url":"https:\/\/secure.gravatar.com\/avatar\/9311295560bdfbdf78365a26f7df1876?s=96&d=blank&r=g","contentUrl":"https:\/\/secure.gravatar.com\/avatar\/9311295560bdfbdf78365a26f7df1876?s=96&d=blank&r=g","caption":"Annie Carriage"},"url":"https:\/\/www.budokampsport.se\/author\/annie-bondefelt\/"}]}},"_links":{"self":[{"href":"https:\/\/www.budokampsport.se\/api\/wp\/v2\/posts\/109866","targetHints":{"allow":["GET"]}}],"collection":[{"href":"https:\/\/www.budokampsport.se\/api\/wp\/v2\/posts"}],"about":[{"href":"https:\/\/www.budokampsport.se\/api\/wp\/v2\/types\/post"}],"author":[{"embeddable":true,"href":"https:\/\/www.budokampsport.se\/api\/wp\/v2\/users\/120"}],"replies":[{"embeddable":true,"href":"https:\/\/www.budokampsport.se\/api\/wp\/v2\/comments?post=109866"}],"version-history":[{"count":0,"href":"https:\/\/www.budokampsport.se\/api\/wp\/v2\/posts\/109866\/revisions"}],"wp:featuredmedia":[{"embeddable":true,"href":"https:\/\/www.budokampsport.se\/api\/wp\/v2\/media\/110172"}],"wp:attachment":[{"href":"https:\/\/www.budokampsport.se\/api\/wp\/v2\/media?parent=109866"}],"wp:term":[{"taxonomy":"category","embeddable":true,"href":"https:\/\/www.budokampsport.se\/api\/wp\/v2\/categories?post=109866"},{"taxonomy":"post_tag","embeddable":true,"href":"https:\/\/www.budokampsport.se\/api\/wp\/v2\/tags?post=109866"}],"curies":[{"name":"wp","href":"https:\/\/api.w.org\/{rel}","templated":true}]}}