{"id":109867,"date":"2019-10-16T08:02:52","date_gmt":"2019-10-16T06:02:52","guid":{"rendered":"https:\/\/www.budokampsport.se\/?p=109867"},"modified":"2019-10-16T08:02:53","modified_gmt":"2019-10-16T06:02:53","slug":"leo-eshagi-vm-debuterar-i-bosnien","status":"publish","type":"post","link":"https:\/\/www.budokampsport.se\/2019\/10\/16\/leo-eshagi-vm-debuterar-i-bosnien\/","title":{"rendered":"Leo Eshagi VM-debuterar i Bosnien"},"content":{"rendered":"\n<p>Leo \u00e4r en av de som kommer \u00e5ka ner till Sarajevo f\u00f6r att representera det svenska landslaget. SM-guldet han tog tidigare i v\u00e5ras \u00e4r Leos andra m\u00e4sterskapstitel efter att han 2016 vann Nordiska m\u00e4sterskapet.<\/p>\n\n\n\n<h4 class=\"wp-block-heading\">&#8220;Det k\u00e4nns bra, ska bli kul att f\u00e5 st\u00e4lla upp i sitt f\u00f6rsta VM och f\u00e5 representera Sverige&#8221;<\/h4>\n\n\n\n<p><\/p>\n\n\n\n<p>Under uppladdningen har han koncentrerat sig p\u00e5 att finslipa sina kunskaper inom kickboxning.<\/p>\n\n\n\n<h4 class=\"wp-block-heading\">&#8220;Jag tr\u00e4nat mycket thaiboxning s\u00e5 jag har fokuserat p\u00e5 att anpassa mig till K1 genom att inte f\u00e5nga tekniker och att inte hamna i clinchen f\u00f6r mycket&#8221;<\/h4>\n\n\n\n<p><\/p>\n\n\n\n<p>Leo \u00e5ker ner till Sarajevo med samma inst\u00e4llning han alltid har i t\u00e4vlingssammanhang.<\/p>\n\n\n\n<h4 class=\"wp-block-heading\">-Jag f\u00f6rs\u00f6ker alltid att g\u00f6ra mitt b\u00e4sta och f\u00f6rs\u00f6ker alltid att g\u00e5 hela v\u00e4gen, s\u00e4ger Leo.<\/h4>\n\n\n\n<p><\/p>\n\n\n\n<h4 class=\"wp-block-heading\"><strong>Fakta<\/strong><\/h4>\n\n\n\n<p>Namn: Leo Eshagi<br>Viktklass: -67 kg<br>\u00c5lder: 25 \u00e5r<br>Klubb: G\u00f6teborgs Muay Thai<br>Tidigare meriter: SM-guld<\/p>\n\n\n\n<h4 class=\"wp-block-heading\"><strong>\u00d6vriga truppen<\/strong><\/h4>\n\n\n\n<p><\/p>\n\n\n\n<p>Namn: Anton Wall<br \/>Viktklass: &#8211; 81 kg<br \/>\u00c5lder: 19 \u00e5r<br \/>Klubb: Fight Club \u00c4ngelholm<br \/>Tidigare meriter: Kvartfinal i VM och EM<br \/><br \/>Namn: Sebastian Rodriguez<br \/>Viktklass: -57 kg<br \/>\u00c5lder: 24 \u00e5r<br \/>Klubb: Fight Club \u00c4ngelholm<br \/>Tidigare meriter: EM-silver<\/p>\n<p>Namn: Marcus Cerny Paulsson<br \/>Viktklass: -63,5 kg<br \/>\u00c5lder: 22 \u00e5r <br \/>Klubb: Stockholm Kickboxning<br \/>Tidigare meriter: Brons i World Cup<\/p>\n<p>Namn: Marcus Sundin Liljedorf<br \/>Viktklass: -81 kg<br \/>\u00c5lder: 27 \u00e5r<br \/>Klubb: Halmstad Muay Thai<br \/>Tidigare meriter: EM-brons thaiboxning<\/p>\n<p>Namn: Sofia Sj\u00f6str\u00f6m Bedziri<br \/>Viktklass: -56 kg<br \/>\u00c5lder: 25 \u00e5r<br \/>Klubb: Masters Gym<br \/>Tidigare meriter: SM-guld<\/p>\n<p>Namn: Alexandra Andersr\u00f6d<br \/>Viktklass: &#8211; 60 kg<br \/>\u00c5lder: 26 \u00e5r<br \/>Klubb: G\u00f6teborgs Muay Thai<br \/>Tidigare meriter: Brons i World Cup<\/p>\n<p>Namn: Mette Andersson<br \/>Viktklass: &#8211; 65kg<br \/>\u00c5lder: 30 \u00e5r<br \/>Klubb: Varbergs Thaiboxningsklubb<br \/>Tidigare meriter: Guld i World Cup<\/p>\n<p>Text: Annie Bondefelt<br \/>Foto: Ivan Mirkovic<\/p>\n","protected":false},"excerpt":{"rendered":"<p>Den 19:e oktober inleds VM i K1, en av de som \u00e5ker ner f\u00f6r att t\u00e4vla \u00e4r Leo Eshagi.<\/p><br>","protected":false},"author":120,"featured_media":109868,"comment_status":"open","ping_status":"open","sticky":false,"template":"","format":"standard","meta":{"_acf_changed":false,"footnotes":""},"categories":[1],"tags":[308,333],"class_list":["post-109867","post","type-post","status-publish","format-standard","has-post-thumbnail","hentry","category-okategoriserade","tag-kampsport","tag-kickboxning"],"acf":[],"yoast_head":"<!-- This site is optimized with the Yoast SEO plugin v26.8 - https:\/\/yoast.com\/product\/yoast-seo-wordpress\/ -->\n<title>Leo Eshagi VM-debuterar i Bosnien - Svenska Budo &amp; Kampsportsf\u00f6rbundet<\/title>\n<meta name=\"description\" content=\"Den 19:e oktober inleds VM i K1, en av de som \u00e5ker ner f\u00f6r att t\u00e4vla \u00e4r Leo Eshagi.\" \/>\n<meta name=\"robots\" content=\"index, follow, max-snippet:-1, max-image-preview:large, max-video-preview:-1\" \/>\n<link rel=\"canonical\" href=\"https:\/\/www.budokampsport.se\/2019\/10\/16\/leo-eshagi-vm-debuterar-i-bosnien\/\" \/>\n<meta property=\"og:locale\" content=\"sv_SE\" \/>\n<meta property=\"og:type\" content=\"article\" \/>\n<meta property=\"og:title\" content=\"Leo Eshagi VM-debuterar i Bosnien - Svenska Budo &amp; Kampsportsf\u00f6rbundet\" \/>\n<meta property=\"og:description\" content=\"Den 19:e oktober inleds VM i K1, en av de som \u00e5ker ner f\u00f6r att t\u00e4vla \u00e4r Leo Eshagi.\" \/>\n<meta property=\"og:url\" content=\"https:\/\/www.budokampsport.se\/2019\/10\/16\/leo-eshagi-vm-debuterar-i-bosnien\/\" \/>\n<meta property=\"og:site_name\" content=\"Svenska Budo &amp; Kampsportsf\u00f6rbundet\" \/>\n<meta property=\"article:published_time\" content=\"2019-10-16T06:02:52+00:00\" \/>\n<meta property=\"article:modified_time\" content=\"2019-10-16T06:02:53+00:00\" \/>\n<meta property=\"og:image\" content=\"https:\/\/www.budokampsport.se\/wp-content\/uploads\/2019\/10\/Leo-Eshagi-foto-Ivan-Mirkovic.jpg\" \/>\n\t<meta property=\"og:image:width\" content=\"850\" \/>\n\t<meta property=\"og:image:height\" content=\"638\" \/>\n\t<meta property=\"og:image:type\" content=\"image\/jpeg\" \/>\n<meta name=\"author\" content=\"Annie Carriage\" \/>\n<meta name=\"twitter:card\" content=\"summary_large_image\" \/>\n<meta name=\"twitter:label1\" content=\"Skriven av\" \/>\n\t<meta name=\"twitter:data1\" content=\"Annie Carriage\" \/>\n\t<meta name=\"twitter:label2\" content=\"Ber\u00e4knad l\u00e4stid\" \/>\n\t<meta name=\"twitter:data2\" content=\"1 minut\" \/>\n<script type=\"application\/ld+json\" class=\"yoast-schema-graph\">{\"@context\":\"https:\/\/schema.org\",\"@graph\":[{\"@type\":\"Article\",\"@id\":\"https:\/\/www.budokampsport.se\/2019\/10\/16\/leo-eshagi-vm-debuterar-i-bosnien\/#article\",\"isPartOf\":{\"@id\":\"https:\/\/www.budokampsport.se\/2019\/10\/16\/leo-eshagi-vm-debuterar-i-bosnien\/\"},\"author\":{\"name\":\"Annie Carriage\",\"@id\":\"https:\/\/www.budokampsport.se\/#\/schema\/person\/c838cace8171f692e363fde3f38f208b\"},\"headline\":\"Leo Eshagi VM-debuterar i Bosnien\",\"datePublished\":\"2019-10-16T06:02:52+00:00\",\"dateModified\":\"2019-10-16T06:02:53+00:00\",\"mainEntityOfPage\":{\"@id\":\"https:\/\/www.budokampsport.se\/2019\/10\/16\/leo-eshagi-vm-debuterar-i-bosnien\/\"},\"wordCount\":269,\"commentCount\":0,\"image\":{\"@id\":\"https:\/\/www.budokampsport.se\/2019\/10\/16\/leo-eshagi-vm-debuterar-i-bosnien\/#primaryimage\"},\"thumbnailUrl\":\"https:\/\/www.budokampsport.se\/wp-content\/uploads\/2019\/10\/Leo-Eshagi-foto-Ivan-Mirkovic.jpg\",\"keywords\":[\"kampsport\",\"kickboxning\"],\"inLanguage\":\"sv-SE\",\"potentialAction\":[{\"@type\":\"CommentAction\",\"name\":\"Comment\",\"target\":[\"https:\/\/www.budokampsport.se\/2019\/10\/16\/leo-eshagi-vm-debuterar-i-bosnien\/#respond\"]}]},{\"@type\":\"WebPage\",\"@id\":\"https:\/\/www.budokampsport.se\/2019\/10\/16\/leo-eshagi-vm-debuterar-i-bosnien\/\",\"url\":\"https:\/\/www.budokampsport.se\/2019\/10\/16\/leo-eshagi-vm-debuterar-i-bosnien\/\",\"name\":\"Leo Eshagi VM-debuterar i Bosnien - Svenska Budo &amp; Kampsportsf\u00f6rbundet\",\"isPartOf\":{\"@id\":\"https:\/\/www.budokampsport.se\/#website\"},\"primaryImageOfPage\":{\"@id\":\"https:\/\/www.budokampsport.se\/2019\/10\/16\/leo-eshagi-vm-debuterar-i-bosnien\/#primaryimage\"},\"image\":{\"@id\":\"https:\/\/www.budokampsport.se\/2019\/10\/16\/leo-eshagi-vm-debuterar-i-bosnien\/#primaryimage\"},\"thumbnailUrl\":\"https:\/\/www.budokampsport.se\/wp-content\/uploads\/2019\/10\/Leo-Eshagi-foto-Ivan-Mirkovic.jpg\",\"datePublished\":\"2019-10-16T06:02:52+00:00\",\"dateModified\":\"2019-10-16T06:02:53+00:00\",\"author\":{\"@id\":\"https:\/\/www.budokampsport.se\/#\/schema\/person\/c838cace8171f692e363fde3f38f208b\"},\"description\":\"Den 19:e oktober inleds VM i K1, en av de som \u00e5ker ner f\u00f6r att t\u00e4vla \u00e4r Leo Eshagi.\",\"breadcrumb\":{\"@id\":\"https:\/\/www.budokampsport.se\/2019\/10\/16\/leo-eshagi-vm-debuterar-i-bosnien\/#breadcrumb\"},\"inLanguage\":\"sv-SE\",\"potentialAction\":[{\"@type\":\"ReadAction\",\"target\":[\"https:\/\/www.budokampsport.se\/2019\/10\/16\/leo-eshagi-vm-debuterar-i-bosnien\/\"]}]},{\"@type\":\"ImageObject\",\"inLanguage\":\"sv-SE\",\"@id\":\"https:\/\/www.budokampsport.se\/2019\/10\/16\/leo-eshagi-vm-debuterar-i-bosnien\/#primaryimage\",\"url\":\"https:\/\/www.budokampsport.se\/wp-content\/uploads\/2019\/10\/Leo-Eshagi-foto-Ivan-Mirkovic.jpg\",\"contentUrl\":\"https:\/\/www.budokampsport.se\/wp-content\/uploads\/2019\/10\/Leo-Eshagi-foto-Ivan-Mirkovic.jpg\",\"width\":850,\"height\":638,\"caption\":\"Foto: Ivan Mirkovic\"},{\"@type\":\"BreadcrumbList\",\"@id\":\"https:\/\/www.budokampsport.se\/2019\/10\/16\/leo-eshagi-vm-debuterar-i-bosnien\/#breadcrumb\",\"itemListElement\":[{\"@type\":\"ListItem\",\"position\":1,\"name\":\"Hem\",\"item\":\"https:\/\/www.budokampsport.se\/\"},{\"@type\":\"ListItem\",\"position\":2,\"name\":\"Leo Eshagi VM-debuterar i Bosnien\"}]},{\"@type\":\"WebSite\",\"@id\":\"https:\/\/www.budokampsport.se\/#website\",\"url\":\"https:\/\/www.budokampsport.se\/\",\"name\":\"Svenska Budo &amp; Kampsportsf\u00f6rbundet\",\"description\":\"T\u00e4vling, Tr\u00e4ning, Tradition\",\"potentialAction\":[{\"@type\":\"SearchAction\",\"target\":{\"@type\":\"EntryPoint\",\"urlTemplate\":\"https:\/\/www.budokampsport.se\/?s={search_term_string}\"},\"query-input\":{\"@type\":\"PropertyValueSpecification\",\"valueRequired\":true,\"valueName\":\"search_term_string\"}}],\"inLanguage\":\"sv-SE\"},{\"@type\":\"Person\",\"@id\":\"https:\/\/www.budokampsport.se\/#\/schema\/person\/c838cace8171f692e363fde3f38f208b\",\"name\":\"Annie Carriage\",\"image\":{\"@type\":\"ImageObject\",\"inLanguage\":\"sv-SE\",\"@id\":\"https:\/\/www.budokampsport.se\/#\/schema\/person\/image\/\",\"url\":\"https:\/\/secure.gravatar.com\/avatar\/9311295560bdfbdf78365a26f7df1876?s=96&d=blank&r=g\",\"contentUrl\":\"https:\/\/secure.gravatar.com\/avatar\/9311295560bdfbdf78365a26f7df1876?s=96&d=blank&r=g\",\"caption\":\"Annie Carriage\"},\"url\":\"https:\/\/www.budokampsport.se\/author\/annie-bondefelt\/\"}]}<\/script>\n<!-- \/ Yoast SEO plugin. -->","yoast_head_json":{"title":"Leo Eshagi VM-debuterar i Bosnien - Svenska Budo &amp; Kampsportsf\u00f6rbundet","description":"Den 19:e oktober inleds VM i K1, en av de som \u00e5ker ner f\u00f6r att t\u00e4vla \u00e4r Leo Eshagi.","robots":{"index":"index","follow":"follow","max-snippet":"max-snippet:-1","max-image-preview":"max-image-preview:large","max-video-preview":"max-video-preview:-1"},"canonical":"https:\/\/www.budokampsport.se\/2019\/10\/16\/leo-eshagi-vm-debuterar-i-bosnien\/","og_locale":"sv_SE","og_type":"article","og_title":"Leo Eshagi VM-debuterar i Bosnien - Svenska Budo &amp; Kampsportsf\u00f6rbundet","og_description":"Den 19:e oktober inleds VM i K1, en av de som \u00e5ker ner f\u00f6r att t\u00e4vla \u00e4r Leo Eshagi.","og_url":"https:\/\/www.budokampsport.se\/2019\/10\/16\/leo-eshagi-vm-debuterar-i-bosnien\/","og_site_name":"Svenska Budo &amp; Kampsportsf\u00f6rbundet","article_published_time":"2019-10-16T06:02:52+00:00","article_modified_time":"2019-10-16T06:02:53+00:00","og_image":[{"width":850,"height":638,"url":"https:\/\/www.budokampsport.se\/wp-content\/uploads\/2019\/10\/Leo-Eshagi-foto-Ivan-Mirkovic.jpg","type":"image\/jpeg"}],"author":"Annie Carriage","twitter_card":"summary_large_image","twitter_misc":{"Skriven av":"Annie Carriage","Ber\u00e4knad l\u00e4stid":"1 minut"},"schema":{"@context":"https:\/\/schema.org","@graph":[{"@type":"Article","@id":"https:\/\/www.budokampsport.se\/2019\/10\/16\/leo-eshagi-vm-debuterar-i-bosnien\/#article","isPartOf":{"@id":"https:\/\/www.budokampsport.se\/2019\/10\/16\/leo-eshagi-vm-debuterar-i-bosnien\/"},"author":{"name":"Annie Carriage","@id":"https:\/\/www.budokampsport.se\/#\/schema\/person\/c838cace8171f692e363fde3f38f208b"},"headline":"Leo Eshagi VM-debuterar i Bosnien","datePublished":"2019-10-16T06:02:52+00:00","dateModified":"2019-10-16T06:02:53+00:00","mainEntityOfPage":{"@id":"https:\/\/www.budokampsport.se\/2019\/10\/16\/leo-eshagi-vm-debuterar-i-bosnien\/"},"wordCount":269,"commentCount":0,"image":{"@id":"https:\/\/www.budokampsport.se\/2019\/10\/16\/leo-eshagi-vm-debuterar-i-bosnien\/#primaryimage"},"thumbnailUrl":"https:\/\/www.budokampsport.se\/wp-content\/uploads\/2019\/10\/Leo-Eshagi-foto-Ivan-Mirkovic.jpg","keywords":["kampsport","kickboxning"],"inLanguage":"sv-SE","potentialAction":[{"@type":"CommentAction","name":"Comment","target":["https:\/\/www.budokampsport.se\/2019\/10\/16\/leo-eshagi-vm-debuterar-i-bosnien\/#respond"]}]},{"@type":"WebPage","@id":"https:\/\/www.budokampsport.se\/2019\/10\/16\/leo-eshagi-vm-debuterar-i-bosnien\/","url":"https:\/\/www.budokampsport.se\/2019\/10\/16\/leo-eshagi-vm-debuterar-i-bosnien\/","name":"Leo Eshagi VM-debuterar i Bosnien - Svenska Budo &amp; Kampsportsf\u00f6rbundet","isPartOf":{"@id":"https:\/\/www.budokampsport.se\/#website"},"primaryImageOfPage":{"@id":"https:\/\/www.budokampsport.se\/2019\/10\/16\/leo-eshagi-vm-debuterar-i-bosnien\/#primaryimage"},"image":{"@id":"https:\/\/www.budokampsport.se\/2019\/10\/16\/leo-eshagi-vm-debuterar-i-bosnien\/#primaryimage"},"thumbnailUrl":"https:\/\/www.budokampsport.se\/wp-content\/uploads\/2019\/10\/Leo-Eshagi-foto-Ivan-Mirkovic.jpg","datePublished":"2019-10-16T06:02:52+00:00","dateModified":"2019-10-16T06:02:53+00:00","author":{"@id":"https:\/\/www.budokampsport.se\/#\/schema\/person\/c838cace8171f692e363fde3f38f208b"},"description":"Den 19:e oktober inleds VM i K1, en av de som \u00e5ker ner f\u00f6r att t\u00e4vla \u00e4r Leo Eshagi.","breadcrumb":{"@id":"https:\/\/www.budokampsport.se\/2019\/10\/16\/leo-eshagi-vm-debuterar-i-bosnien\/#breadcrumb"},"inLanguage":"sv-SE","potentialAction":[{"@type":"ReadAction","target":["https:\/\/www.budokampsport.se\/2019\/10\/16\/leo-eshagi-vm-debuterar-i-bosnien\/"]}]},{"@type":"ImageObject","inLanguage":"sv-SE","@id":"https:\/\/www.budokampsport.se\/2019\/10\/16\/leo-eshagi-vm-debuterar-i-bosnien\/#primaryimage","url":"https:\/\/www.budokampsport.se\/wp-content\/uploads\/2019\/10\/Leo-Eshagi-foto-Ivan-Mirkovic.jpg","contentUrl":"https:\/\/www.budokampsport.se\/wp-content\/uploads\/2019\/10\/Leo-Eshagi-foto-Ivan-Mirkovic.jpg","width":850,"height":638,"caption":"Foto: Ivan Mirkovic"},{"@type":"BreadcrumbList","@id":"https:\/\/www.budokampsport.se\/2019\/10\/16\/leo-eshagi-vm-debuterar-i-bosnien\/#breadcrumb","itemListElement":[{"@type":"ListItem","position":1,"name":"Hem","item":"https:\/\/www.budokampsport.se\/"},{"@type":"ListItem","position":2,"name":"Leo Eshagi VM-debuterar i Bosnien"}]},{"@type":"WebSite","@id":"https:\/\/www.budokampsport.se\/#website","url":"https:\/\/www.budokampsport.se\/","name":"Svenska Budo &amp; Kampsportsf\u00f6rbundet","description":"T\u00e4vling, Tr\u00e4ning, Tradition","potentialAction":[{"@type":"SearchAction","target":{"@type":"EntryPoint","urlTemplate":"https:\/\/www.budokampsport.se\/?s={search_term_string}"},"query-input":{"@type":"PropertyValueSpecification","valueRequired":true,"valueName":"search_term_string"}}],"inLanguage":"sv-SE"},{"@type":"Person","@id":"https:\/\/www.budokampsport.se\/#\/schema\/person\/c838cace8171f692e363fde3f38f208b","name":"Annie Carriage","image":{"@type":"ImageObject","inLanguage":"sv-SE","@id":"https:\/\/www.budokampsport.se\/#\/schema\/person\/image\/","url":"https:\/\/secure.gravatar.com\/avatar\/9311295560bdfbdf78365a26f7df1876?s=96&d=blank&r=g","contentUrl":"https:\/\/secure.gravatar.com\/avatar\/9311295560bdfbdf78365a26f7df1876?s=96&d=blank&r=g","caption":"Annie Carriage"},"url":"https:\/\/www.budokampsport.se\/author\/annie-bondefelt\/"}]}},"_links":{"self":[{"href":"https:\/\/www.budokampsport.se\/api\/wp\/v2\/posts\/109867","targetHints":{"allow":["GET"]}}],"collection":[{"href":"https:\/\/www.budokampsport.se\/api\/wp\/v2\/posts"}],"about":[{"href":"https:\/\/www.budokampsport.se\/api\/wp\/v2\/types\/post"}],"author":[{"embeddable":true,"href":"https:\/\/www.budokampsport.se\/api\/wp\/v2\/users\/120"}],"replies":[{"embeddable":true,"href":"https:\/\/www.budokampsport.se\/api\/wp\/v2\/comments?post=109867"}],"version-history":[{"count":0,"href":"https:\/\/www.budokampsport.se\/api\/wp\/v2\/posts\/109867\/revisions"}],"wp:featuredmedia":[{"embeddable":true,"href":"https:\/\/www.budokampsport.se\/api\/wp\/v2\/media\/109868"}],"wp:attachment":[{"href":"https:\/\/www.budokampsport.se\/api\/wp\/v2\/media?parent=109867"}],"wp:term":[{"taxonomy":"category","embeddable":true,"href":"https:\/\/www.budokampsport.se\/api\/wp\/v2\/categories?post=109867"},{"taxonomy":"post_tag","embeddable":true,"href":"https:\/\/www.budokampsport.se\/api\/wp\/v2\/tags?post=109867"}],"curies":[{"name":"wp","href":"https:\/\/api.w.org\/{rel}","templated":true}]}}