{"id":110620,"date":"2019-10-18T15:33:30","date_gmt":"2019-10-18T13:33:30","guid":{"rendered":"https:\/\/www.budokampsport.se\/?p=110620"},"modified":"2019-10-18T15:40:35","modified_gmt":"2019-10-18T13:40:35","slug":"mette-andersson","status":"publish","type":"post","link":"https:\/\/www.budokampsport.se\/2019\/10\/18\/mette-andersson\/","title":{"rendered":"Mette Andersson \u00e4r redo f\u00f6r VM i K1"},"content":{"rendered":"\n\n\n<p>Mette har som m\u00e5nga i det svenska landslaget stora medaljchanser n\u00e4r v\u00e4rldens b\u00e4sta kickboxare g\u00f6ra upp om VM-titlarna.&nbsp;<br><br>&#8211; Jag k\u00e4nner mig v\u00e4ldigt taggad p\u00e5 VM nu. Jag har laddat inf\u00f6r detta l\u00e4nge s\u00e5 det k\u00e4nns sk\u00f6nt att det \u00e4ntligen snart \u00e4r dags, s\u00e4ger Mette till budokampsport.se<\/p>\n\n\n\n<h4 class=\"wp-block-heading\"><strong>F\u00f6rberedelserna har varit ig\u00e5ng sedan l\u00e4nge och fokus i uppladdningen har varit att utveckla specifika delar i Mettes fighting.<\/strong><\/h4>\n\n\n\n<p><\/p>\n\n\n\n<p>-Jag har haft VM i tankarna sedan v\u00e4rldscupen avslutades i v\u00e5ras; satt upp m\u00e5l, visualiserat olika scenarion, pressat mig igenom tuffa tr\u00e4ningspass och accepterat mina hj\u00e4rnsp\u00f6ken. Jag \u00e4r mentalt redo. &nbsp;Jag har ocks\u00e5 fokuserat mycket p\u00e5 att utveckla min boxning och mitt fotarbete, s\u00e4ger Mette.<\/p>\n\n\n\n<h4 class=\"wp-block-heading\"><strong>F\u00f6rhoppningen \u00e4r att det ska r\u00e4cka till att ta hem den \u00e4dlaste val\u00f6ren till Sverige.<\/strong><\/h4>\n\n\n\n<p><\/p>\n\n\n\n<p>-F\u00f6r att jag skall vara n\u00f6jd med min prestation s\u00e5 beh\u00f6ver jag k\u00e4nna att jag gjorde mitt yttersta utifr\u00e5n f\u00f6ruts\u00e4ttningarna. Jag hoppas tajma eller ha f\u00f6rm\u00e5gan att plocka fram min fulla potential n\u00e4r det \u00e4r t\u00e4vlingsdags. D\u00e5 blir det guld, s\u00e4ger Mette.<\/p>\n<p>Text: Annie Bondefelt<br \/>Foto: Ludvig Breideborn<\/p>\n<p>\u00a0<\/p>\n","protected":false},"excerpt":{"rendered":"<p>VM i K1 inleds under helgen i den bosniska huvudstaden Sarajevo. En av de som under morgondagen \u00e5ker ner till m\u00e4sterskapet \u00e4r Mette Andersson.<\/p><br>","protected":false},"author":120,"featured_media":108725,"comment_status":"open","ping_status":"open","sticky":false,"template":"","format":"standard","meta":{"_acf_changed":false,"footnotes":""},"categories":[1],"tags":[308,333],"class_list":["post-110620","post","type-post","status-publish","format-standard","has-post-thumbnail","hentry","category-okategoriserade","tag-kampsport","tag-kickboxning"],"acf":[],"yoast_head":"<!-- This site is optimized with the Yoast SEO plugin v26.8 - https:\/\/yoast.com\/product\/yoast-seo-wordpress\/ -->\n<title>Mette Andersson \u00e4r redo f\u00f6r VM i K1 - Svenska Budo &amp; Kampsportsf\u00f6rbundet<\/title>\n<meta name=\"description\" content=\"VM i K1 inleds under helgen i den bosniska huvudstaden Sarajevo. En av de som under morgondagen \u00e5ker ner till m\u00e4sterskapet \u00e4r Mette Andersson.\" \/>\n<meta name=\"robots\" content=\"index, follow, max-snippet:-1, max-image-preview:large, max-video-preview:-1\" \/>\n<link rel=\"canonical\" href=\"https:\/\/www.budokampsport.se\/2019\/10\/18\/mette-andersson\/\" \/>\n<meta property=\"og:locale\" content=\"sv_SE\" \/>\n<meta property=\"og:type\" content=\"article\" \/>\n<meta property=\"og:title\" content=\"Mette Andersson \u00e4r redo f\u00f6r VM i K1 - Svenska Budo &amp; Kampsportsf\u00f6rbundet\" \/>\n<meta property=\"og:description\" content=\"VM i K1 inleds under helgen i den bosniska huvudstaden Sarajevo. En av de som under morgondagen \u00e5ker ner till m\u00e4sterskapet \u00e4r Mette Andersson.\" \/>\n<meta property=\"og:url\" content=\"https:\/\/www.budokampsport.se\/2019\/10\/18\/mette-andersson\/\" \/>\n<meta property=\"og:site_name\" content=\"Svenska Budo &amp; Kampsportsf\u00f6rbundet\" \/>\n<meta property=\"article:published_time\" content=\"2019-10-18T13:33:30+00:00\" \/>\n<meta property=\"article:modified_time\" content=\"2019-10-18T13:40:35+00:00\" \/>\n<meta property=\"og:image\" content=\"https:\/\/www.budokampsport.se\/wp-content\/uploads\/2019\/10\/Mette-Andersson.jpg\" \/>\n\t<meta property=\"og:image:width\" content=\"850\" \/>\n\t<meta property=\"og:image:height\" content=\"623\" \/>\n\t<meta property=\"og:image:type\" content=\"image\/jpeg\" \/>\n<meta name=\"author\" content=\"Annie Carriage\" \/>\n<meta name=\"twitter:card\" content=\"summary_large_image\" \/>\n<meta name=\"twitter:label1\" content=\"Skriven av\" \/>\n\t<meta name=\"twitter:data1\" content=\"Annie Carriage\" \/>\n\t<meta name=\"twitter:label2\" content=\"Ber\u00e4knad l\u00e4stid\" \/>\n\t<meta name=\"twitter:data2\" content=\"1 minut\" \/>\n<script type=\"application\/ld+json\" class=\"yoast-schema-graph\">{\"@context\":\"https:\/\/schema.org\",\"@graph\":[{\"@type\":\"Article\",\"@id\":\"https:\/\/www.budokampsport.se\/2019\/10\/18\/mette-andersson\/#article\",\"isPartOf\":{\"@id\":\"https:\/\/www.budokampsport.se\/2019\/10\/18\/mette-andersson\/\"},\"author\":{\"name\":\"Annie Carriage\",\"@id\":\"https:\/\/www.budokampsport.se\/#\/schema\/person\/c838cace8171f692e363fde3f38f208b\"},\"headline\":\"Mette Andersson \u00e4r redo f\u00f6r VM i K1\",\"datePublished\":\"2019-10-18T13:33:30+00:00\",\"dateModified\":\"2019-10-18T13:40:35+00:00\",\"mainEntityOfPage\":{\"@id\":\"https:\/\/www.budokampsport.se\/2019\/10\/18\/mette-andersson\/\"},\"wordCount\":222,\"commentCount\":0,\"image\":{\"@id\":\"https:\/\/www.budokampsport.se\/2019\/10\/18\/mette-andersson\/#primaryimage\"},\"thumbnailUrl\":\"https:\/\/www.budokampsport.se\/wp-content\/uploads\/2019\/10\/Mette-Andersson.jpg\",\"keywords\":[\"kampsport\",\"kickboxning\"],\"inLanguage\":\"sv-SE\",\"potentialAction\":[{\"@type\":\"CommentAction\",\"name\":\"Comment\",\"target\":[\"https:\/\/www.budokampsport.se\/2019\/10\/18\/mette-andersson\/#respond\"]}]},{\"@type\":\"WebPage\",\"@id\":\"https:\/\/www.budokampsport.se\/2019\/10\/18\/mette-andersson\/\",\"url\":\"https:\/\/www.budokampsport.se\/2019\/10\/18\/mette-andersson\/\",\"name\":\"Mette Andersson \u00e4r redo f\u00f6r VM i K1 - Svenska Budo &amp; Kampsportsf\u00f6rbundet\",\"isPartOf\":{\"@id\":\"https:\/\/www.budokampsport.se\/#website\"},\"primaryImageOfPage\":{\"@id\":\"https:\/\/www.budokampsport.se\/2019\/10\/18\/mette-andersson\/#primaryimage\"},\"image\":{\"@id\":\"https:\/\/www.budokampsport.se\/2019\/10\/18\/mette-andersson\/#primaryimage\"},\"thumbnailUrl\":\"https:\/\/www.budokampsport.se\/wp-content\/uploads\/2019\/10\/Mette-Andersson.jpg\",\"datePublished\":\"2019-10-18T13:33:30+00:00\",\"dateModified\":\"2019-10-18T13:40:35+00:00\",\"author\":{\"@id\":\"https:\/\/www.budokampsport.se\/#\/schema\/person\/c838cace8171f692e363fde3f38f208b\"},\"description\":\"VM i K1 inleds under helgen i den bosniska huvudstaden Sarajevo. En av de som under morgondagen \u00e5ker ner till m\u00e4sterskapet \u00e4r Mette Andersson.\",\"breadcrumb\":{\"@id\":\"https:\/\/www.budokampsport.se\/2019\/10\/18\/mette-andersson\/#breadcrumb\"},\"inLanguage\":\"sv-SE\",\"potentialAction\":[{\"@type\":\"ReadAction\",\"target\":[\"https:\/\/www.budokampsport.se\/2019\/10\/18\/mette-andersson\/\"]}]},{\"@type\":\"ImageObject\",\"inLanguage\":\"sv-SE\",\"@id\":\"https:\/\/www.budokampsport.se\/2019\/10\/18\/mette-andersson\/#primaryimage\",\"url\":\"https:\/\/www.budokampsport.se\/wp-content\/uploads\/2019\/10\/Mette-Andersson.jpg\",\"contentUrl\":\"https:\/\/www.budokampsport.se\/wp-content\/uploads\/2019\/10\/Mette-Andersson.jpg\",\"width\":850,\"height\":623,\"caption\":\"Foto: x\"},{\"@type\":\"BreadcrumbList\",\"@id\":\"https:\/\/www.budokampsport.se\/2019\/10\/18\/mette-andersson\/#breadcrumb\",\"itemListElement\":[{\"@type\":\"ListItem\",\"position\":1,\"name\":\"Hem\",\"item\":\"https:\/\/www.budokampsport.se\/\"},{\"@type\":\"ListItem\",\"position\":2,\"name\":\"Mette Andersson \u00e4r redo f\u00f6r VM i K1\"}]},{\"@type\":\"WebSite\",\"@id\":\"https:\/\/www.budokampsport.se\/#website\",\"url\":\"https:\/\/www.budokampsport.se\/\",\"name\":\"Svenska Budo &amp; Kampsportsf\u00f6rbundet\",\"description\":\"T\u00e4vling, Tr\u00e4ning, Tradition\",\"potentialAction\":[{\"@type\":\"SearchAction\",\"target\":{\"@type\":\"EntryPoint\",\"urlTemplate\":\"https:\/\/www.budokampsport.se\/?s={search_term_string}\"},\"query-input\":{\"@type\":\"PropertyValueSpecification\",\"valueRequired\":true,\"valueName\":\"search_term_string\"}}],\"inLanguage\":\"sv-SE\"},{\"@type\":\"Person\",\"@id\":\"https:\/\/www.budokampsport.se\/#\/schema\/person\/c838cace8171f692e363fde3f38f208b\",\"name\":\"Annie Carriage\",\"image\":{\"@type\":\"ImageObject\",\"inLanguage\":\"sv-SE\",\"@id\":\"https:\/\/www.budokampsport.se\/#\/schema\/person\/image\/\",\"url\":\"https:\/\/secure.gravatar.com\/avatar\/9311295560bdfbdf78365a26f7df1876?s=96&d=blank&r=g\",\"contentUrl\":\"https:\/\/secure.gravatar.com\/avatar\/9311295560bdfbdf78365a26f7df1876?s=96&d=blank&r=g\",\"caption\":\"Annie Carriage\"},\"url\":\"https:\/\/www.budokampsport.se\/author\/annie-bondefelt\/\"}]}<\/script>\n<!-- \/ Yoast SEO plugin. -->","yoast_head_json":{"title":"Mette Andersson \u00e4r redo f\u00f6r VM i K1 - Svenska Budo &amp; Kampsportsf\u00f6rbundet","description":"VM i K1 inleds under helgen i den bosniska huvudstaden Sarajevo. En av de som under morgondagen \u00e5ker ner till m\u00e4sterskapet \u00e4r Mette Andersson.","robots":{"index":"index","follow":"follow","max-snippet":"max-snippet:-1","max-image-preview":"max-image-preview:large","max-video-preview":"max-video-preview:-1"},"canonical":"https:\/\/www.budokampsport.se\/2019\/10\/18\/mette-andersson\/","og_locale":"sv_SE","og_type":"article","og_title":"Mette Andersson \u00e4r redo f\u00f6r VM i K1 - Svenska Budo &amp; Kampsportsf\u00f6rbundet","og_description":"VM i K1 inleds under helgen i den bosniska huvudstaden Sarajevo. En av de som under morgondagen \u00e5ker ner till m\u00e4sterskapet \u00e4r Mette Andersson.","og_url":"https:\/\/www.budokampsport.se\/2019\/10\/18\/mette-andersson\/","og_site_name":"Svenska Budo &amp; Kampsportsf\u00f6rbundet","article_published_time":"2019-10-18T13:33:30+00:00","article_modified_time":"2019-10-18T13:40:35+00:00","og_image":[{"width":850,"height":623,"url":"https:\/\/www.budokampsport.se\/wp-content\/uploads\/2019\/10\/Mette-Andersson.jpg","type":"image\/jpeg"}],"author":"Annie Carriage","twitter_card":"summary_large_image","twitter_misc":{"Skriven av":"Annie Carriage","Ber\u00e4knad l\u00e4stid":"1 minut"},"schema":{"@context":"https:\/\/schema.org","@graph":[{"@type":"Article","@id":"https:\/\/www.budokampsport.se\/2019\/10\/18\/mette-andersson\/#article","isPartOf":{"@id":"https:\/\/www.budokampsport.se\/2019\/10\/18\/mette-andersson\/"},"author":{"name":"Annie Carriage","@id":"https:\/\/www.budokampsport.se\/#\/schema\/person\/c838cace8171f692e363fde3f38f208b"},"headline":"Mette Andersson \u00e4r redo f\u00f6r VM i K1","datePublished":"2019-10-18T13:33:30+00:00","dateModified":"2019-10-18T13:40:35+00:00","mainEntityOfPage":{"@id":"https:\/\/www.budokampsport.se\/2019\/10\/18\/mette-andersson\/"},"wordCount":222,"commentCount":0,"image":{"@id":"https:\/\/www.budokampsport.se\/2019\/10\/18\/mette-andersson\/#primaryimage"},"thumbnailUrl":"https:\/\/www.budokampsport.se\/wp-content\/uploads\/2019\/10\/Mette-Andersson.jpg","keywords":["kampsport","kickboxning"],"inLanguage":"sv-SE","potentialAction":[{"@type":"CommentAction","name":"Comment","target":["https:\/\/www.budokampsport.se\/2019\/10\/18\/mette-andersson\/#respond"]}]},{"@type":"WebPage","@id":"https:\/\/www.budokampsport.se\/2019\/10\/18\/mette-andersson\/","url":"https:\/\/www.budokampsport.se\/2019\/10\/18\/mette-andersson\/","name":"Mette Andersson \u00e4r redo f\u00f6r VM i K1 - Svenska Budo &amp; Kampsportsf\u00f6rbundet","isPartOf":{"@id":"https:\/\/www.budokampsport.se\/#website"},"primaryImageOfPage":{"@id":"https:\/\/www.budokampsport.se\/2019\/10\/18\/mette-andersson\/#primaryimage"},"image":{"@id":"https:\/\/www.budokampsport.se\/2019\/10\/18\/mette-andersson\/#primaryimage"},"thumbnailUrl":"https:\/\/www.budokampsport.se\/wp-content\/uploads\/2019\/10\/Mette-Andersson.jpg","datePublished":"2019-10-18T13:33:30+00:00","dateModified":"2019-10-18T13:40:35+00:00","author":{"@id":"https:\/\/www.budokampsport.se\/#\/schema\/person\/c838cace8171f692e363fde3f38f208b"},"description":"VM i K1 inleds under helgen i den bosniska huvudstaden Sarajevo. En av de som under morgondagen \u00e5ker ner till m\u00e4sterskapet \u00e4r Mette Andersson.","breadcrumb":{"@id":"https:\/\/www.budokampsport.se\/2019\/10\/18\/mette-andersson\/#breadcrumb"},"inLanguage":"sv-SE","potentialAction":[{"@type":"ReadAction","target":["https:\/\/www.budokampsport.se\/2019\/10\/18\/mette-andersson\/"]}]},{"@type":"ImageObject","inLanguage":"sv-SE","@id":"https:\/\/www.budokampsport.se\/2019\/10\/18\/mette-andersson\/#primaryimage","url":"https:\/\/www.budokampsport.se\/wp-content\/uploads\/2019\/10\/Mette-Andersson.jpg","contentUrl":"https:\/\/www.budokampsport.se\/wp-content\/uploads\/2019\/10\/Mette-Andersson.jpg","width":850,"height":623,"caption":"Foto: x"},{"@type":"BreadcrumbList","@id":"https:\/\/www.budokampsport.se\/2019\/10\/18\/mette-andersson\/#breadcrumb","itemListElement":[{"@type":"ListItem","position":1,"name":"Hem","item":"https:\/\/www.budokampsport.se\/"},{"@type":"ListItem","position":2,"name":"Mette Andersson \u00e4r redo f\u00f6r VM i K1"}]},{"@type":"WebSite","@id":"https:\/\/www.budokampsport.se\/#website","url":"https:\/\/www.budokampsport.se\/","name":"Svenska Budo &amp; Kampsportsf\u00f6rbundet","description":"T\u00e4vling, Tr\u00e4ning, Tradition","potentialAction":[{"@type":"SearchAction","target":{"@type":"EntryPoint","urlTemplate":"https:\/\/www.budokampsport.se\/?s={search_term_string}"},"query-input":{"@type":"PropertyValueSpecification","valueRequired":true,"valueName":"search_term_string"}}],"inLanguage":"sv-SE"},{"@type":"Person","@id":"https:\/\/www.budokampsport.se\/#\/schema\/person\/c838cace8171f692e363fde3f38f208b","name":"Annie Carriage","image":{"@type":"ImageObject","inLanguage":"sv-SE","@id":"https:\/\/www.budokampsport.se\/#\/schema\/person\/image\/","url":"https:\/\/secure.gravatar.com\/avatar\/9311295560bdfbdf78365a26f7df1876?s=96&d=blank&r=g","contentUrl":"https:\/\/secure.gravatar.com\/avatar\/9311295560bdfbdf78365a26f7df1876?s=96&d=blank&r=g","caption":"Annie Carriage"},"url":"https:\/\/www.budokampsport.se\/author\/annie-bondefelt\/"}]}},"_links":{"self":[{"href":"https:\/\/www.budokampsport.se\/api\/wp\/v2\/posts\/110620","targetHints":{"allow":["GET"]}}],"collection":[{"href":"https:\/\/www.budokampsport.se\/api\/wp\/v2\/posts"}],"about":[{"href":"https:\/\/www.budokampsport.se\/api\/wp\/v2\/types\/post"}],"author":[{"embeddable":true,"href":"https:\/\/www.budokampsport.se\/api\/wp\/v2\/users\/120"}],"replies":[{"embeddable":true,"href":"https:\/\/www.budokampsport.se\/api\/wp\/v2\/comments?post=110620"}],"version-history":[{"count":0,"href":"https:\/\/www.budokampsport.se\/api\/wp\/v2\/posts\/110620\/revisions"}],"wp:featuredmedia":[{"embeddable":true,"href":"https:\/\/www.budokampsport.se\/api\/wp\/v2\/media\/108725"}],"wp:attachment":[{"href":"https:\/\/www.budokampsport.se\/api\/wp\/v2\/media?parent=110620"}],"wp:term":[{"taxonomy":"category","embeddable":true,"href":"https:\/\/www.budokampsport.se\/api\/wp\/v2\/categories?post=110620"},{"taxonomy":"post_tag","embeddable":true,"href":"https:\/\/www.budokampsport.se\/api\/wp\/v2\/tags?post=110620"}],"curies":[{"name":"wp","href":"https:\/\/api.w.org\/{rel}","templated":true}]}}