{"id":110926,"date":"2019-10-31T09:59:34","date_gmt":"2019-10-31T08:59:34","guid":{"rendered":"https:\/\/www.budokampsport.se\/?p=110926"},"modified":"2019-10-31T09:59:35","modified_gmt":"2019-10-31T08:59:35","slug":"linda-lindstrom-ar-taggad-infor-vm-i-jujutsu","status":"publish","type":"post","link":"https:\/\/www.budokampsport.se\/2019\/10\/31\/linda-lindstrom-ar-taggad-infor-vm-i-jujutsu\/","title":{"rendered":"Linda Lindstr\u00f6m \u00e4r taggad inf\u00f6r VM i jujutsu"},"content":{"rendered":"\n<p>&#8211; Jag \u00e4r f\u00f6rv\u00e4ntansfull! Hade ju en fantastisk upplevelse under VM f\u00f6rra \u00e5ret d\u00e4r jag t\u00e4vlade i b\u00e5de fighting och newaza och d\u00e4r vi ocks\u00e5 som lag lyckades prestera \u00f6ver alla f\u00f6rv\u00e4ntningar i lagt\u00e4vlingen. Men jag k\u00e4nner ocks\u00e5 att jag har lite mer att ge n\u00e4r det g\u00e4ller newazan d\u00e4r jag med knapp marginal hamnade utanf\u00f6r pallen. S\u00e5 jag \u00e4r taggad p\u00e5 att f\u00e5r bevisa detta! Och det \u00e4r lite extra roligt att det g\u00e5r i Abu Dhabi, ett st\u00e4lle jag aldrig bes\u00f6kt tidigare, s\u00e4ger Linda.<\/p>\n\n\n\n<h4 class=\"wp-block-heading\"><strong>Formtoppad<\/strong><\/h4>\n\n\n\n<p>&#8211; Jag t\u00e4vlade i newaza p\u00e5 Paris Open i v\u00e5ras och \u00e4ven p\u00e5 German Open nu f\u00f6r n\u00e5gra veckor sedan och vann b\u00e5da dessa t\u00e4vlingar s\u00e5 k\u00e4nns som ett bra kvitto p\u00e5 formen, s\u00e4ger Linda.<\/p>\n\n\n\n<p><\/p>\n\n\n\n<h4 class=\"wp-block-heading\"><strong>Ny viktklass<\/strong><\/h4>\n\n\n\n<p>&#8211; Det blir f\u00f6rsta g\u00e5ngen i viktklassen och jag har tr\u00e4nat p\u00e5 bra och f\u00f6rs\u00f6kt f\u00e5 in s\u00e5 mycket kvalitativ tr\u00e4ning s\u00e5 m\u00f6jligt. Vi har haft ett l\u00e4ger med landslagscoachen Martin Ingholt och det kommer bli ytterligare ett innan VM. Jag jobbar min sista vecka i slutet p\u00e5 oktober och \u00e4r sedan ledig fram till VM s\u00e5 d\u00e5 kommer jag kunna l\u00e4gga full fokus p\u00e5 f\u00f6rberedelserna, s\u00e4ger Linda.<\/p>\n\n\n\n<p><\/p>\n\n\n\n<h4 class=\"wp-block-heading\"><strong>Guldsatsning<\/strong><\/h4>\n\n\n\n<p>&#8211; Jag g\u00e5r alltid f\u00f6r guld och s\u00e5 \u00e4ven denna g\u00e5ng, avslutar Linda.<\/p>\n<p>Text. Annie Bondefelt<br \/>Foto: Jonathan Broberg<\/p>\n","protected":false},"excerpt":{"rendered":"<p>Linda Lindstr\u00f6m \u00e4r ett v\u00e4lk\u00e4nt namn inom jujutsu, sen tidigare har hon b\u00e5de VM-guld och EM-medaljer. Nu v\u00e4ntar hennes femte VM och hon \u00e5ker dit f\u00f6r att vinna.<br \/><br>-Jag \u00e4r f\u00f6rv\u00e4ntansfull, s\u00e4ger Linda till budokampsport.se<\/p><br>","protected":false},"author":120,"featured_media":82517,"comment_status":"open","ping_status":"open","sticky":false,"template":"","format":"standard","meta":{"_acf_changed":false,"footnotes":""},"categories":[1],"tags":[],"class_list":["post-110926","post","type-post","status-publish","format-standard","has-post-thumbnail","hentry","category-okategoriserade"],"acf":[],"yoast_head":"<!-- This site is optimized with the Yoast SEO plugin v26.8 - https:\/\/yoast.com\/product\/yoast-seo-wordpress\/ -->\n<title>Linda Lindstr\u00f6m \u00e4r taggad inf\u00f6r VM i jujutsu - Svenska Budo &amp; Kampsportsf\u00f6rbundet<\/title>\n<meta name=\"description\" content=\"Linda Lindstr\u00f6m \u00e4r ett v\u00e4lk\u00e4nt namn inom jujutsu, sen tidigare har hon b\u00e5de VM-guld och EM-medaljer. Nu v\u00e4ntar hennes femte VM och hon \u00e5ker dit f\u00f6r att vinna. -Jag \u00e4r f\u00f6rv\u00e4ntansfull, s\u00e4ger Linda till budokampsport.se\" \/>\n<meta name=\"robots\" content=\"index, follow, max-snippet:-1, max-image-preview:large, max-video-preview:-1\" \/>\n<link rel=\"canonical\" href=\"https:\/\/www.budokampsport.se\/2019\/10\/31\/linda-lindstrom-ar-taggad-infor-vm-i-jujutsu\/\" \/>\n<meta property=\"og:locale\" content=\"sv_SE\" \/>\n<meta property=\"og:type\" content=\"article\" \/>\n<meta property=\"og:title\" content=\"Linda Lindstr\u00f6m \u00e4r taggad inf\u00f6r VM i jujutsu - Svenska Budo &amp; Kampsportsf\u00f6rbundet\" \/>\n<meta property=\"og:description\" content=\"Linda Lindstr\u00f6m \u00e4r ett v\u00e4lk\u00e4nt namn inom jujutsu, sen tidigare har hon b\u00e5de VM-guld och EM-medaljer. Nu v\u00e4ntar hennes femte VM och hon \u00e5ker dit f\u00f6r att vinna. -Jag \u00e4r f\u00f6rv\u00e4ntansfull, s\u00e4ger Linda till budokampsport.se\" \/>\n<meta property=\"og:url\" content=\"https:\/\/www.budokampsport.se\/2019\/10\/31\/linda-lindstrom-ar-taggad-infor-vm-i-jujutsu\/\" \/>\n<meta property=\"og:site_name\" content=\"Svenska Budo &amp; Kampsportsf\u00f6rbundet\" \/>\n<meta property=\"article:published_time\" content=\"2019-10-31T08:59:34+00:00\" \/>\n<meta property=\"article:modified_time\" content=\"2019-10-31T08:59:35+00:00\" \/>\n<meta property=\"og:image\" content=\"https:\/\/www.budokampsport.se\/wp-content\/uploads\/2018\/11\/linda_lindstrom_final.jpg\" \/>\n\t<meta property=\"og:image:width\" content=\"850\" \/>\n\t<meta property=\"og:image:height\" content=\"567\" \/>\n\t<meta property=\"og:image:type\" content=\"image\/jpeg\" \/>\n<meta name=\"author\" content=\"Annie Carriage\" \/>\n<meta name=\"twitter:card\" content=\"summary_large_image\" \/>\n<meta name=\"twitter:label1\" content=\"Skriven av\" \/>\n\t<meta name=\"twitter:data1\" content=\"Annie Carriage\" \/>\n\t<meta name=\"twitter:label2\" content=\"Ber\u00e4knad l\u00e4stid\" \/>\n\t<meta name=\"twitter:data2\" content=\"1 minut\" \/>\n<script type=\"application\/ld+json\" class=\"yoast-schema-graph\">{\"@context\":\"https:\/\/schema.org\",\"@graph\":[{\"@type\":\"Article\",\"@id\":\"https:\/\/www.budokampsport.se\/2019\/10\/31\/linda-lindstrom-ar-taggad-infor-vm-i-jujutsu\/#article\",\"isPartOf\":{\"@id\":\"https:\/\/www.budokampsport.se\/2019\/10\/31\/linda-lindstrom-ar-taggad-infor-vm-i-jujutsu\/\"},\"author\":{\"name\":\"Annie Carriage\",\"@id\":\"https:\/\/www.budokampsport.se\/#\/schema\/person\/c838cace8171f692e363fde3f38f208b\"},\"headline\":\"Linda Lindstr\u00f6m \u00e4r taggad inf\u00f6r VM i jujutsu\",\"datePublished\":\"2019-10-31T08:59:34+00:00\",\"dateModified\":\"2019-10-31T08:59:35+00:00\",\"mainEntityOfPage\":{\"@id\":\"https:\/\/www.budokampsport.se\/2019\/10\/31\/linda-lindstrom-ar-taggad-infor-vm-i-jujutsu\/\"},\"wordCount\":263,\"commentCount\":0,\"image\":{\"@id\":\"https:\/\/www.budokampsport.se\/2019\/10\/31\/linda-lindstrom-ar-taggad-infor-vm-i-jujutsu\/#primaryimage\"},\"thumbnailUrl\":\"https:\/\/www.budokampsport.se\/wp-content\/uploads\/2018\/11\/linda_lindstrom_final.jpg\",\"inLanguage\":\"sv-SE\",\"potentialAction\":[{\"@type\":\"CommentAction\",\"name\":\"Comment\",\"target\":[\"https:\/\/www.budokampsport.se\/2019\/10\/31\/linda-lindstrom-ar-taggad-infor-vm-i-jujutsu\/#respond\"]}]},{\"@type\":\"WebPage\",\"@id\":\"https:\/\/www.budokampsport.se\/2019\/10\/31\/linda-lindstrom-ar-taggad-infor-vm-i-jujutsu\/\",\"url\":\"https:\/\/www.budokampsport.se\/2019\/10\/31\/linda-lindstrom-ar-taggad-infor-vm-i-jujutsu\/\",\"name\":\"Linda Lindstr\u00f6m \u00e4r taggad inf\u00f6r VM i jujutsu - Svenska Budo &amp; Kampsportsf\u00f6rbundet\",\"isPartOf\":{\"@id\":\"https:\/\/www.budokampsport.se\/#website\"},\"primaryImageOfPage\":{\"@id\":\"https:\/\/www.budokampsport.se\/2019\/10\/31\/linda-lindstrom-ar-taggad-infor-vm-i-jujutsu\/#primaryimage\"},\"image\":{\"@id\":\"https:\/\/www.budokampsport.se\/2019\/10\/31\/linda-lindstrom-ar-taggad-infor-vm-i-jujutsu\/#primaryimage\"},\"thumbnailUrl\":\"https:\/\/www.budokampsport.se\/wp-content\/uploads\/2018\/11\/linda_lindstrom_final.jpg\",\"datePublished\":\"2019-10-31T08:59:34+00:00\",\"dateModified\":\"2019-10-31T08:59:35+00:00\",\"author\":{\"@id\":\"https:\/\/www.budokampsport.se\/#\/schema\/person\/c838cace8171f692e363fde3f38f208b\"},\"description\":\"Linda Lindstr\u00f6m \u00e4r ett v\u00e4lk\u00e4nt namn inom jujutsu, sen tidigare har hon b\u00e5de VM-guld och EM-medaljer. Nu v\u00e4ntar hennes femte VM och hon \u00e5ker dit f\u00f6r att vinna. -Jag \u00e4r f\u00f6rv\u00e4ntansfull, s\u00e4ger Linda till budokampsport.se\",\"breadcrumb\":{\"@id\":\"https:\/\/www.budokampsport.se\/2019\/10\/31\/linda-lindstrom-ar-taggad-infor-vm-i-jujutsu\/#breadcrumb\"},\"inLanguage\":\"sv-SE\",\"potentialAction\":[{\"@type\":\"ReadAction\",\"target\":[\"https:\/\/www.budokampsport.se\/2019\/10\/31\/linda-lindstrom-ar-taggad-infor-vm-i-jujutsu\/\"]}]},{\"@type\":\"ImageObject\",\"inLanguage\":\"sv-SE\",\"@id\":\"https:\/\/www.budokampsport.se\/2019\/10\/31\/linda-lindstrom-ar-taggad-infor-vm-i-jujutsu\/#primaryimage\",\"url\":\"https:\/\/www.budokampsport.se\/wp-content\/uploads\/2018\/11\/linda_lindstrom_final.jpg\",\"contentUrl\":\"https:\/\/www.budokampsport.se\/wp-content\/uploads\/2018\/11\/linda_lindstrom_final.jpg\",\"width\":850,\"height\":567,\"caption\":\"Foto: Jonathan Broberg\"},{\"@type\":\"BreadcrumbList\",\"@id\":\"https:\/\/www.budokampsport.se\/2019\/10\/31\/linda-lindstrom-ar-taggad-infor-vm-i-jujutsu\/#breadcrumb\",\"itemListElement\":[{\"@type\":\"ListItem\",\"position\":1,\"name\":\"Hem\",\"item\":\"https:\/\/www.budokampsport.se\/\"},{\"@type\":\"ListItem\",\"position\":2,\"name\":\"Linda Lindstr\u00f6m \u00e4r taggad inf\u00f6r VM i jujutsu\"}]},{\"@type\":\"WebSite\",\"@id\":\"https:\/\/www.budokampsport.se\/#website\",\"url\":\"https:\/\/www.budokampsport.se\/\",\"name\":\"Svenska Budo &amp; Kampsportsf\u00f6rbundet\",\"description\":\"T\u00e4vling, Tr\u00e4ning, Tradition\",\"potentialAction\":[{\"@type\":\"SearchAction\",\"target\":{\"@type\":\"EntryPoint\",\"urlTemplate\":\"https:\/\/www.budokampsport.se\/?s={search_term_string}\"},\"query-input\":{\"@type\":\"PropertyValueSpecification\",\"valueRequired\":true,\"valueName\":\"search_term_string\"}}],\"inLanguage\":\"sv-SE\"},{\"@type\":\"Person\",\"@id\":\"https:\/\/www.budokampsport.se\/#\/schema\/person\/c838cace8171f692e363fde3f38f208b\",\"name\":\"Annie Carriage\",\"image\":{\"@type\":\"ImageObject\",\"inLanguage\":\"sv-SE\",\"@id\":\"https:\/\/www.budokampsport.se\/#\/schema\/person\/image\/\",\"url\":\"https:\/\/secure.gravatar.com\/avatar\/9311295560bdfbdf78365a26f7df1876?s=96&d=blank&r=g\",\"contentUrl\":\"https:\/\/secure.gravatar.com\/avatar\/9311295560bdfbdf78365a26f7df1876?s=96&d=blank&r=g\",\"caption\":\"Annie Carriage\"},\"url\":\"https:\/\/www.budokampsport.se\/author\/annie-bondefelt\/\"}]}<\/script>\n<!-- \/ Yoast SEO plugin. -->","yoast_head_json":{"title":"Linda Lindstr\u00f6m \u00e4r taggad inf\u00f6r VM i jujutsu - Svenska Budo &amp; Kampsportsf\u00f6rbundet","description":"Linda Lindstr\u00f6m \u00e4r ett v\u00e4lk\u00e4nt namn inom jujutsu, sen tidigare har hon b\u00e5de VM-guld och EM-medaljer. Nu v\u00e4ntar hennes femte VM och hon \u00e5ker dit f\u00f6r att vinna. -Jag \u00e4r f\u00f6rv\u00e4ntansfull, s\u00e4ger Linda till budokampsport.se","robots":{"index":"index","follow":"follow","max-snippet":"max-snippet:-1","max-image-preview":"max-image-preview:large","max-video-preview":"max-video-preview:-1"},"canonical":"https:\/\/www.budokampsport.se\/2019\/10\/31\/linda-lindstrom-ar-taggad-infor-vm-i-jujutsu\/","og_locale":"sv_SE","og_type":"article","og_title":"Linda Lindstr\u00f6m \u00e4r taggad inf\u00f6r VM i jujutsu - Svenska Budo &amp; Kampsportsf\u00f6rbundet","og_description":"Linda Lindstr\u00f6m \u00e4r ett v\u00e4lk\u00e4nt namn inom jujutsu, sen tidigare har hon b\u00e5de VM-guld och EM-medaljer. Nu v\u00e4ntar hennes femte VM och hon \u00e5ker dit f\u00f6r att vinna. -Jag \u00e4r f\u00f6rv\u00e4ntansfull, s\u00e4ger Linda till budokampsport.se","og_url":"https:\/\/www.budokampsport.se\/2019\/10\/31\/linda-lindstrom-ar-taggad-infor-vm-i-jujutsu\/","og_site_name":"Svenska Budo &amp; Kampsportsf\u00f6rbundet","article_published_time":"2019-10-31T08:59:34+00:00","article_modified_time":"2019-10-31T08:59:35+00:00","og_image":[{"width":850,"height":567,"url":"https:\/\/www.budokampsport.se\/wp-content\/uploads\/2018\/11\/linda_lindstrom_final.jpg","type":"image\/jpeg"}],"author":"Annie Carriage","twitter_card":"summary_large_image","twitter_misc":{"Skriven av":"Annie Carriage","Ber\u00e4knad l\u00e4stid":"1 minut"},"schema":{"@context":"https:\/\/schema.org","@graph":[{"@type":"Article","@id":"https:\/\/www.budokampsport.se\/2019\/10\/31\/linda-lindstrom-ar-taggad-infor-vm-i-jujutsu\/#article","isPartOf":{"@id":"https:\/\/www.budokampsport.se\/2019\/10\/31\/linda-lindstrom-ar-taggad-infor-vm-i-jujutsu\/"},"author":{"name":"Annie Carriage","@id":"https:\/\/www.budokampsport.se\/#\/schema\/person\/c838cace8171f692e363fde3f38f208b"},"headline":"Linda Lindstr\u00f6m \u00e4r taggad inf\u00f6r VM i jujutsu","datePublished":"2019-10-31T08:59:34+00:00","dateModified":"2019-10-31T08:59:35+00:00","mainEntityOfPage":{"@id":"https:\/\/www.budokampsport.se\/2019\/10\/31\/linda-lindstrom-ar-taggad-infor-vm-i-jujutsu\/"},"wordCount":263,"commentCount":0,"image":{"@id":"https:\/\/www.budokampsport.se\/2019\/10\/31\/linda-lindstrom-ar-taggad-infor-vm-i-jujutsu\/#primaryimage"},"thumbnailUrl":"https:\/\/www.budokampsport.se\/wp-content\/uploads\/2018\/11\/linda_lindstrom_final.jpg","inLanguage":"sv-SE","potentialAction":[{"@type":"CommentAction","name":"Comment","target":["https:\/\/www.budokampsport.se\/2019\/10\/31\/linda-lindstrom-ar-taggad-infor-vm-i-jujutsu\/#respond"]}]},{"@type":"WebPage","@id":"https:\/\/www.budokampsport.se\/2019\/10\/31\/linda-lindstrom-ar-taggad-infor-vm-i-jujutsu\/","url":"https:\/\/www.budokampsport.se\/2019\/10\/31\/linda-lindstrom-ar-taggad-infor-vm-i-jujutsu\/","name":"Linda Lindstr\u00f6m \u00e4r taggad inf\u00f6r VM i jujutsu - Svenska Budo &amp; Kampsportsf\u00f6rbundet","isPartOf":{"@id":"https:\/\/www.budokampsport.se\/#website"},"primaryImageOfPage":{"@id":"https:\/\/www.budokampsport.se\/2019\/10\/31\/linda-lindstrom-ar-taggad-infor-vm-i-jujutsu\/#primaryimage"},"image":{"@id":"https:\/\/www.budokampsport.se\/2019\/10\/31\/linda-lindstrom-ar-taggad-infor-vm-i-jujutsu\/#primaryimage"},"thumbnailUrl":"https:\/\/www.budokampsport.se\/wp-content\/uploads\/2018\/11\/linda_lindstrom_final.jpg","datePublished":"2019-10-31T08:59:34+00:00","dateModified":"2019-10-31T08:59:35+00:00","author":{"@id":"https:\/\/www.budokampsport.se\/#\/schema\/person\/c838cace8171f692e363fde3f38f208b"},"description":"Linda Lindstr\u00f6m \u00e4r ett v\u00e4lk\u00e4nt namn inom jujutsu, sen tidigare har hon b\u00e5de VM-guld och EM-medaljer. Nu v\u00e4ntar hennes femte VM och hon \u00e5ker dit f\u00f6r att vinna. -Jag \u00e4r f\u00f6rv\u00e4ntansfull, s\u00e4ger Linda till budokampsport.se","breadcrumb":{"@id":"https:\/\/www.budokampsport.se\/2019\/10\/31\/linda-lindstrom-ar-taggad-infor-vm-i-jujutsu\/#breadcrumb"},"inLanguage":"sv-SE","potentialAction":[{"@type":"ReadAction","target":["https:\/\/www.budokampsport.se\/2019\/10\/31\/linda-lindstrom-ar-taggad-infor-vm-i-jujutsu\/"]}]},{"@type":"ImageObject","inLanguage":"sv-SE","@id":"https:\/\/www.budokampsport.se\/2019\/10\/31\/linda-lindstrom-ar-taggad-infor-vm-i-jujutsu\/#primaryimage","url":"https:\/\/www.budokampsport.se\/wp-content\/uploads\/2018\/11\/linda_lindstrom_final.jpg","contentUrl":"https:\/\/www.budokampsport.se\/wp-content\/uploads\/2018\/11\/linda_lindstrom_final.jpg","width":850,"height":567,"caption":"Foto: Jonathan Broberg"},{"@type":"BreadcrumbList","@id":"https:\/\/www.budokampsport.se\/2019\/10\/31\/linda-lindstrom-ar-taggad-infor-vm-i-jujutsu\/#breadcrumb","itemListElement":[{"@type":"ListItem","position":1,"name":"Hem","item":"https:\/\/www.budokampsport.se\/"},{"@type":"ListItem","position":2,"name":"Linda Lindstr\u00f6m \u00e4r taggad inf\u00f6r VM i jujutsu"}]},{"@type":"WebSite","@id":"https:\/\/www.budokampsport.se\/#website","url":"https:\/\/www.budokampsport.se\/","name":"Svenska Budo &amp; Kampsportsf\u00f6rbundet","description":"T\u00e4vling, Tr\u00e4ning, Tradition","potentialAction":[{"@type":"SearchAction","target":{"@type":"EntryPoint","urlTemplate":"https:\/\/www.budokampsport.se\/?s={search_term_string}"},"query-input":{"@type":"PropertyValueSpecification","valueRequired":true,"valueName":"search_term_string"}}],"inLanguage":"sv-SE"},{"@type":"Person","@id":"https:\/\/www.budokampsport.se\/#\/schema\/person\/c838cace8171f692e363fde3f38f208b","name":"Annie Carriage","image":{"@type":"ImageObject","inLanguage":"sv-SE","@id":"https:\/\/www.budokampsport.se\/#\/schema\/person\/image\/","url":"https:\/\/secure.gravatar.com\/avatar\/9311295560bdfbdf78365a26f7df1876?s=96&d=blank&r=g","contentUrl":"https:\/\/secure.gravatar.com\/avatar\/9311295560bdfbdf78365a26f7df1876?s=96&d=blank&r=g","caption":"Annie Carriage"},"url":"https:\/\/www.budokampsport.se\/author\/annie-bondefelt\/"}]}},"_links":{"self":[{"href":"https:\/\/www.budokampsport.se\/api\/wp\/v2\/posts\/110926","targetHints":{"allow":["GET"]}}],"collection":[{"href":"https:\/\/www.budokampsport.se\/api\/wp\/v2\/posts"}],"about":[{"href":"https:\/\/www.budokampsport.se\/api\/wp\/v2\/types\/post"}],"author":[{"embeddable":true,"href":"https:\/\/www.budokampsport.se\/api\/wp\/v2\/users\/120"}],"replies":[{"embeddable":true,"href":"https:\/\/www.budokampsport.se\/api\/wp\/v2\/comments?post=110926"}],"version-history":[{"count":0,"href":"https:\/\/www.budokampsport.se\/api\/wp\/v2\/posts\/110926\/revisions"}],"wp:featuredmedia":[{"embeddable":true,"href":"https:\/\/www.budokampsport.se\/api\/wp\/v2\/media\/82517"}],"wp:attachment":[{"href":"https:\/\/www.budokampsport.se\/api\/wp\/v2\/media?parent=110926"}],"wp:term":[{"taxonomy":"category","embeddable":true,"href":"https:\/\/www.budokampsport.se\/api\/wp\/v2\/categories?post=110926"},{"taxonomy":"post_tag","embeddable":true,"href":"https:\/\/www.budokampsport.se\/api\/wp\/v2\/tags?post=110926"}],"curies":[{"name":"wp","href":"https:\/\/api.w.org\/{rel}","templated":true}]}}