{"id":111266,"date":"2019-10-23T18:56:24","date_gmt":"2019-10-23T16:56:24","guid":{"rendered":"https:\/\/www.budokampsport.se\/?p=111266"},"modified":"2019-10-23T19:42:42","modified_gmt":"2019-10-23T17:42:42","slug":"marcus-sundin-liljedorff-forlust-efter-rakning","status":"publish","type":"post","link":"https:\/\/www.budokampsport.se\/2019\/10\/23\/marcus-sundin-liljedorff-forlust-efter-rakning\/","title":{"rendered":"Marcus Sundin Liljedorff f\u00f6rlust efter r\u00e4kning"},"content":{"rendered":"\n<p>Marcus gick in med stort sj\u00e4lvf\u00f6rtroende och levererade h\u00e5rda lowkicks och l\u00e5nga kombinationer av slag och sparkar. Irl\u00e4ndaren svarade med upercuts men Marcus s\u00e5g lugn och stabil ut och kontrade s\u00e4kert. I b\u00f6rjan p\u00e5 andra ronden fick irl\u00e4ndaren in en roundhouse som tr\u00e4ffar, Marcus g\u00f6r sig dock snabbt redo att forts\u00e4tta matchen efter r\u00e4kningen men d\u00e5 v\u00e4ljer domaren att bryta vilket tyv\u00e4rr innebar en svensk f\u00f6rlust.<\/p>\n<p>Text: Annie Bondefelt<\/p>\n<p>Foto: Arkivbild<\/p>\n","protected":false},"excerpt":{"rendered":"<p>Marcus Sundin Liljedorff klev in i VM-turneringen mot irl\u00e4ndaren Damian Darker.<\/p><br>","protected":false},"author":120,"featured_media":111284,"comment_status":"open","ping_status":"open","sticky":false,"template":"","format":"standard","meta":{"_acf_changed":false,"footnotes":""},"categories":[1],"tags":[],"class_list":["post-111266","post","type-post","status-publish","format-standard","has-post-thumbnail","hentry","category-okategoriserade"],"acf":[],"yoast_head":"<!-- This site is optimized with the Yoast SEO plugin v26.8 - https:\/\/yoast.com\/product\/yoast-seo-wordpress\/ -->\n<title>Marcus Sundin Liljedorff f\u00f6rlust efter r\u00e4kning - Svenska Budo &amp; Kampsportsf\u00f6rbundet<\/title>\n<meta name=\"description\" content=\"Marcus Sundin Liljedorff klev in i VM-turneringen mot irl\u00e4ndaren Damian Darker.\" \/>\n<meta name=\"robots\" content=\"index, follow, max-snippet:-1, max-image-preview:large, max-video-preview:-1\" \/>\n<link rel=\"canonical\" href=\"https:\/\/www.budokampsport.se\/2019\/10\/23\/marcus-sundin-liljedorff-forlust-efter-rakning\/\" \/>\n<meta property=\"og:locale\" content=\"sv_SE\" \/>\n<meta property=\"og:type\" content=\"article\" \/>\n<meta property=\"og:title\" content=\"Marcus Sundin Liljedorff f\u00f6rlust efter r\u00e4kning - Svenska Budo &amp; Kampsportsf\u00f6rbundet\" \/>\n<meta property=\"og:description\" content=\"Marcus Sundin Liljedorff klev in i VM-turneringen mot irl\u00e4ndaren Damian Darker.\" \/>\n<meta property=\"og:url\" content=\"https:\/\/www.budokampsport.se\/2019\/10\/23\/marcus-sundin-liljedorff-forlust-efter-rakning\/\" \/>\n<meta property=\"og:site_name\" content=\"Svenska Budo &amp; Kampsportsf\u00f6rbundet\" \/>\n<meta property=\"article:published_time\" content=\"2019-10-23T16:56:24+00:00\" \/>\n<meta property=\"article:modified_time\" content=\"2019-10-23T17:42:42+00:00\" \/>\n<meta property=\"og:image\" content=\"https:\/\/www.budokampsport.se\/wp-content\/uploads\/2019\/10\/EE957470-B5AE-48A2-A915-E8BF8AC3AE49-e1625212215476.jpeg\" \/>\n\t<meta property=\"og:image:width\" content=\"850\" \/>\n\t<meta property=\"og:image:height\" content=\"686\" \/>\n\t<meta property=\"og:image:type\" content=\"image\/jpeg\" \/>\n<meta name=\"author\" content=\"Annie Carriage\" \/>\n<meta name=\"twitter:card\" content=\"summary_large_image\" \/>\n<meta name=\"twitter:label1\" content=\"Skriven av\" \/>\n\t<meta name=\"twitter:data1\" content=\"Annie Carriage\" \/>\n<script type=\"application\/ld+json\" class=\"yoast-schema-graph\">{\"@context\":\"https:\/\/schema.org\",\"@graph\":[{\"@type\":\"Article\",\"@id\":\"https:\/\/www.budokampsport.se\/2019\/10\/23\/marcus-sundin-liljedorff-forlust-efter-rakning\/#article\",\"isPartOf\":{\"@id\":\"https:\/\/www.budokampsport.se\/2019\/10\/23\/marcus-sundin-liljedorff-forlust-efter-rakning\/\"},\"author\":{\"name\":\"Annie Carriage\",\"@id\":\"https:\/\/www.budokampsport.se\/#\/schema\/person\/c838cace8171f692e363fde3f38f208b\"},\"headline\":\"Marcus Sundin Liljedorff f\u00f6rlust efter r\u00e4kning\",\"datePublished\":\"2019-10-23T16:56:24+00:00\",\"dateModified\":\"2019-10-23T17:42:42+00:00\",\"mainEntityOfPage\":{\"@id\":\"https:\/\/www.budokampsport.se\/2019\/10\/23\/marcus-sundin-liljedorff-forlust-efter-rakning\/\"},\"wordCount\":95,\"commentCount\":0,\"image\":{\"@id\":\"https:\/\/www.budokampsport.se\/2019\/10\/23\/marcus-sundin-liljedorff-forlust-efter-rakning\/#primaryimage\"},\"thumbnailUrl\":\"https:\/\/www.budokampsport.se\/wp-content\/uploads\/2019\/10\/EE957470-B5AE-48A2-A915-E8BF8AC3AE49-e1625212215476.jpeg\",\"inLanguage\":\"sv-SE\",\"potentialAction\":[{\"@type\":\"CommentAction\",\"name\":\"Comment\",\"target\":[\"https:\/\/www.budokampsport.se\/2019\/10\/23\/marcus-sundin-liljedorff-forlust-efter-rakning\/#respond\"]}]},{\"@type\":\"WebPage\",\"@id\":\"https:\/\/www.budokampsport.se\/2019\/10\/23\/marcus-sundin-liljedorff-forlust-efter-rakning\/\",\"url\":\"https:\/\/www.budokampsport.se\/2019\/10\/23\/marcus-sundin-liljedorff-forlust-efter-rakning\/\",\"name\":\"Marcus Sundin Liljedorff f\u00f6rlust efter r\u00e4kning - Svenska Budo &amp; Kampsportsf\u00f6rbundet\",\"isPartOf\":{\"@id\":\"https:\/\/www.budokampsport.se\/#website\"},\"primaryImageOfPage\":{\"@id\":\"https:\/\/www.budokampsport.se\/2019\/10\/23\/marcus-sundin-liljedorff-forlust-efter-rakning\/#primaryimage\"},\"image\":{\"@id\":\"https:\/\/www.budokampsport.se\/2019\/10\/23\/marcus-sundin-liljedorff-forlust-efter-rakning\/#primaryimage\"},\"thumbnailUrl\":\"https:\/\/www.budokampsport.se\/wp-content\/uploads\/2019\/10\/EE957470-B5AE-48A2-A915-E8BF8AC3AE49-e1625212215476.jpeg\",\"datePublished\":\"2019-10-23T16:56:24+00:00\",\"dateModified\":\"2019-10-23T17:42:42+00:00\",\"author\":{\"@id\":\"https:\/\/www.budokampsport.se\/#\/schema\/person\/c838cace8171f692e363fde3f38f208b\"},\"description\":\"Marcus Sundin Liljedorff klev in i VM-turneringen mot irl\u00e4ndaren Damian Darker.\",\"breadcrumb\":{\"@id\":\"https:\/\/www.budokampsport.se\/2019\/10\/23\/marcus-sundin-liljedorff-forlust-efter-rakning\/#breadcrumb\"},\"inLanguage\":\"sv-SE\",\"potentialAction\":[{\"@type\":\"ReadAction\",\"target\":[\"https:\/\/www.budokampsport.se\/2019\/10\/23\/marcus-sundin-liljedorff-forlust-efter-rakning\/\"]}]},{\"@type\":\"ImageObject\",\"inLanguage\":\"sv-SE\",\"@id\":\"https:\/\/www.budokampsport.se\/2019\/10\/23\/marcus-sundin-liljedorff-forlust-efter-rakning\/#primaryimage\",\"url\":\"https:\/\/www.budokampsport.se\/wp-content\/uploads\/2019\/10\/EE957470-B5AE-48A2-A915-E8BF8AC3AE49-e1625212215476.jpeg\",\"contentUrl\":\"https:\/\/www.budokampsport.se\/wp-content\/uploads\/2019\/10\/EE957470-B5AE-48A2-A915-E8BF8AC3AE49-e1625212215476.jpeg\",\"width\":850,\"height\":686},{\"@type\":\"BreadcrumbList\",\"@id\":\"https:\/\/www.budokampsport.se\/2019\/10\/23\/marcus-sundin-liljedorff-forlust-efter-rakning\/#breadcrumb\",\"itemListElement\":[{\"@type\":\"ListItem\",\"position\":1,\"name\":\"Hem\",\"item\":\"https:\/\/www.budokampsport.se\/\"},{\"@type\":\"ListItem\",\"position\":2,\"name\":\"Marcus Sundin Liljedorff f\u00f6rlust efter r\u00e4kning\"}]},{\"@type\":\"WebSite\",\"@id\":\"https:\/\/www.budokampsport.se\/#website\",\"url\":\"https:\/\/www.budokampsport.se\/\",\"name\":\"Svenska Budo &amp; Kampsportsf\u00f6rbundet\",\"description\":\"T\u00e4vling, Tr\u00e4ning, Tradition\",\"potentialAction\":[{\"@type\":\"SearchAction\",\"target\":{\"@type\":\"EntryPoint\",\"urlTemplate\":\"https:\/\/www.budokampsport.se\/?s={search_term_string}\"},\"query-input\":{\"@type\":\"PropertyValueSpecification\",\"valueRequired\":true,\"valueName\":\"search_term_string\"}}],\"inLanguage\":\"sv-SE\"},{\"@type\":\"Person\",\"@id\":\"https:\/\/www.budokampsport.se\/#\/schema\/person\/c838cace8171f692e363fde3f38f208b\",\"name\":\"Annie Carriage\",\"image\":{\"@type\":\"ImageObject\",\"inLanguage\":\"sv-SE\",\"@id\":\"https:\/\/www.budokampsport.se\/#\/schema\/person\/image\/\",\"url\":\"https:\/\/secure.gravatar.com\/avatar\/9311295560bdfbdf78365a26f7df1876?s=96&d=blank&r=g\",\"contentUrl\":\"https:\/\/secure.gravatar.com\/avatar\/9311295560bdfbdf78365a26f7df1876?s=96&d=blank&r=g\",\"caption\":\"Annie Carriage\"},\"url\":\"https:\/\/www.budokampsport.se\/author\/annie-bondefelt\/\"}]}<\/script>\n<!-- \/ Yoast SEO plugin. -->","yoast_head_json":{"title":"Marcus Sundin Liljedorff f\u00f6rlust efter r\u00e4kning - Svenska Budo &amp; Kampsportsf\u00f6rbundet","description":"Marcus Sundin Liljedorff klev in i VM-turneringen mot irl\u00e4ndaren Damian Darker.","robots":{"index":"index","follow":"follow","max-snippet":"max-snippet:-1","max-image-preview":"max-image-preview:large","max-video-preview":"max-video-preview:-1"},"canonical":"https:\/\/www.budokampsport.se\/2019\/10\/23\/marcus-sundin-liljedorff-forlust-efter-rakning\/","og_locale":"sv_SE","og_type":"article","og_title":"Marcus Sundin Liljedorff f\u00f6rlust efter r\u00e4kning - Svenska Budo &amp; Kampsportsf\u00f6rbundet","og_description":"Marcus Sundin Liljedorff klev in i VM-turneringen mot irl\u00e4ndaren Damian Darker.","og_url":"https:\/\/www.budokampsport.se\/2019\/10\/23\/marcus-sundin-liljedorff-forlust-efter-rakning\/","og_site_name":"Svenska Budo &amp; Kampsportsf\u00f6rbundet","article_published_time":"2019-10-23T16:56:24+00:00","article_modified_time":"2019-10-23T17:42:42+00:00","og_image":[{"width":850,"height":686,"url":"https:\/\/www.budokampsport.se\/wp-content\/uploads\/2019\/10\/EE957470-B5AE-48A2-A915-E8BF8AC3AE49-e1625212215476.jpeg","type":"image\/jpeg"}],"author":"Annie Carriage","twitter_card":"summary_large_image","twitter_misc":{"Skriven av":"Annie Carriage"},"schema":{"@context":"https:\/\/schema.org","@graph":[{"@type":"Article","@id":"https:\/\/www.budokampsport.se\/2019\/10\/23\/marcus-sundin-liljedorff-forlust-efter-rakning\/#article","isPartOf":{"@id":"https:\/\/www.budokampsport.se\/2019\/10\/23\/marcus-sundin-liljedorff-forlust-efter-rakning\/"},"author":{"name":"Annie Carriage","@id":"https:\/\/www.budokampsport.se\/#\/schema\/person\/c838cace8171f692e363fde3f38f208b"},"headline":"Marcus Sundin Liljedorff f\u00f6rlust efter r\u00e4kning","datePublished":"2019-10-23T16:56:24+00:00","dateModified":"2019-10-23T17:42:42+00:00","mainEntityOfPage":{"@id":"https:\/\/www.budokampsport.se\/2019\/10\/23\/marcus-sundin-liljedorff-forlust-efter-rakning\/"},"wordCount":95,"commentCount":0,"image":{"@id":"https:\/\/www.budokampsport.se\/2019\/10\/23\/marcus-sundin-liljedorff-forlust-efter-rakning\/#primaryimage"},"thumbnailUrl":"https:\/\/www.budokampsport.se\/wp-content\/uploads\/2019\/10\/EE957470-B5AE-48A2-A915-E8BF8AC3AE49-e1625212215476.jpeg","inLanguage":"sv-SE","potentialAction":[{"@type":"CommentAction","name":"Comment","target":["https:\/\/www.budokampsport.se\/2019\/10\/23\/marcus-sundin-liljedorff-forlust-efter-rakning\/#respond"]}]},{"@type":"WebPage","@id":"https:\/\/www.budokampsport.se\/2019\/10\/23\/marcus-sundin-liljedorff-forlust-efter-rakning\/","url":"https:\/\/www.budokampsport.se\/2019\/10\/23\/marcus-sundin-liljedorff-forlust-efter-rakning\/","name":"Marcus Sundin Liljedorff f\u00f6rlust efter r\u00e4kning - Svenska Budo &amp; Kampsportsf\u00f6rbundet","isPartOf":{"@id":"https:\/\/www.budokampsport.se\/#website"},"primaryImageOfPage":{"@id":"https:\/\/www.budokampsport.se\/2019\/10\/23\/marcus-sundin-liljedorff-forlust-efter-rakning\/#primaryimage"},"image":{"@id":"https:\/\/www.budokampsport.se\/2019\/10\/23\/marcus-sundin-liljedorff-forlust-efter-rakning\/#primaryimage"},"thumbnailUrl":"https:\/\/www.budokampsport.se\/wp-content\/uploads\/2019\/10\/EE957470-B5AE-48A2-A915-E8BF8AC3AE49-e1625212215476.jpeg","datePublished":"2019-10-23T16:56:24+00:00","dateModified":"2019-10-23T17:42:42+00:00","author":{"@id":"https:\/\/www.budokampsport.se\/#\/schema\/person\/c838cace8171f692e363fde3f38f208b"},"description":"Marcus Sundin Liljedorff klev in i VM-turneringen mot irl\u00e4ndaren Damian Darker.","breadcrumb":{"@id":"https:\/\/www.budokampsport.se\/2019\/10\/23\/marcus-sundin-liljedorff-forlust-efter-rakning\/#breadcrumb"},"inLanguage":"sv-SE","potentialAction":[{"@type":"ReadAction","target":["https:\/\/www.budokampsport.se\/2019\/10\/23\/marcus-sundin-liljedorff-forlust-efter-rakning\/"]}]},{"@type":"ImageObject","inLanguage":"sv-SE","@id":"https:\/\/www.budokampsport.se\/2019\/10\/23\/marcus-sundin-liljedorff-forlust-efter-rakning\/#primaryimage","url":"https:\/\/www.budokampsport.se\/wp-content\/uploads\/2019\/10\/EE957470-B5AE-48A2-A915-E8BF8AC3AE49-e1625212215476.jpeg","contentUrl":"https:\/\/www.budokampsport.se\/wp-content\/uploads\/2019\/10\/EE957470-B5AE-48A2-A915-E8BF8AC3AE49-e1625212215476.jpeg","width":850,"height":686},{"@type":"BreadcrumbList","@id":"https:\/\/www.budokampsport.se\/2019\/10\/23\/marcus-sundin-liljedorff-forlust-efter-rakning\/#breadcrumb","itemListElement":[{"@type":"ListItem","position":1,"name":"Hem","item":"https:\/\/www.budokampsport.se\/"},{"@type":"ListItem","position":2,"name":"Marcus Sundin Liljedorff f\u00f6rlust efter r\u00e4kning"}]},{"@type":"WebSite","@id":"https:\/\/www.budokampsport.se\/#website","url":"https:\/\/www.budokampsport.se\/","name":"Svenska Budo &amp; Kampsportsf\u00f6rbundet","description":"T\u00e4vling, Tr\u00e4ning, Tradition","potentialAction":[{"@type":"SearchAction","target":{"@type":"EntryPoint","urlTemplate":"https:\/\/www.budokampsport.se\/?s={search_term_string}"},"query-input":{"@type":"PropertyValueSpecification","valueRequired":true,"valueName":"search_term_string"}}],"inLanguage":"sv-SE"},{"@type":"Person","@id":"https:\/\/www.budokampsport.se\/#\/schema\/person\/c838cace8171f692e363fde3f38f208b","name":"Annie Carriage","image":{"@type":"ImageObject","inLanguage":"sv-SE","@id":"https:\/\/www.budokampsport.se\/#\/schema\/person\/image\/","url":"https:\/\/secure.gravatar.com\/avatar\/9311295560bdfbdf78365a26f7df1876?s=96&d=blank&r=g","contentUrl":"https:\/\/secure.gravatar.com\/avatar\/9311295560bdfbdf78365a26f7df1876?s=96&d=blank&r=g","caption":"Annie Carriage"},"url":"https:\/\/www.budokampsport.se\/author\/annie-bondefelt\/"}]}},"_links":{"self":[{"href":"https:\/\/www.budokampsport.se\/api\/wp\/v2\/posts\/111266","targetHints":{"allow":["GET"]}}],"collection":[{"href":"https:\/\/www.budokampsport.se\/api\/wp\/v2\/posts"}],"about":[{"href":"https:\/\/www.budokampsport.se\/api\/wp\/v2\/types\/post"}],"author":[{"embeddable":true,"href":"https:\/\/www.budokampsport.se\/api\/wp\/v2\/users\/120"}],"replies":[{"embeddable":true,"href":"https:\/\/www.budokampsport.se\/api\/wp\/v2\/comments?post=111266"}],"version-history":[{"count":0,"href":"https:\/\/www.budokampsport.se\/api\/wp\/v2\/posts\/111266\/revisions"}],"wp:featuredmedia":[{"embeddable":true,"href":"https:\/\/www.budokampsport.se\/api\/wp\/v2\/media\/111284"}],"wp:attachment":[{"href":"https:\/\/www.budokampsport.se\/api\/wp\/v2\/media?parent=111266"}],"wp:term":[{"taxonomy":"category","embeddable":true,"href":"https:\/\/www.budokampsport.se\/api\/wp\/v2\/categories?post=111266"},{"taxonomy":"post_tag","embeddable":true,"href":"https:\/\/www.budokampsport.se\/api\/wp\/v2\/tags?post=111266"}],"curies":[{"name":"wp","href":"https:\/\/api.w.org\/{rel}","templated":true}]}}