{"id":112152,"date":"2019-10-31T10:53:21","date_gmt":"2019-10-31T09:53:21","guid":{"rendered":"https:\/\/www.budokampsport.se\/?p=112152"},"modified":"2019-10-31T10:53:23","modified_gmt":"2019-10-31T09:53:23","slug":"svenskar-pa-jakt-efter-iaido-medaljer-i-em-i-helgen","status":"publish","type":"post","link":"https:\/\/www.budokampsport.se\/2019\/10\/31\/svenskar-pa-jakt-efter-iaido-medaljer-i-em-i-helgen\/","title":{"rendered":"Svenskar p\u00e5 jakt efter iaido-medaljer i EM i helgen"},"content":{"rendered":"\n<p><strong>Mudan<\/strong><br \/>M\u00e5ns Kjellander<br \/>Ludwig Tallberg<br \/>Ronny Bj\u00f6rklund (reserv)<br \/><br \/><strong>Shodan<\/strong><br \/>Beatrice Edvardsson (ass manager )<br \/>Christopher Pettersson<br \/>Malvina Hedlund (reserv)<br \/><br \/><strong>Nidan<\/strong><br \/>Lillie Cavonius<br \/>Fredrik Nilsson<br \/><br \/><strong>Sandan<\/strong><br \/>Tobias Kanderberg <br \/>Nils Lantto<br \/>Mattias Sj\u00f6lander (reserv)<br \/><br \/><strong>Yondan<\/strong><br \/>Joel Bergmark (manager)<br \/>Patrik Karlsson<br \/>Laurens Loozen (reserv)<br \/><br \/><strong>Godan<\/strong><br \/>Jesper Waldest\u00e5l<br \/>Sida Yin<br \/><br \/><strong>Rokudan<\/strong><br \/>Martin Lindgren (coach)<br \/><br \/>Text och foto: Jonathan Broberg<br \/><br \/><\/p>\n","protected":false},"excerpt":{"rendered":"<p>I helgen \u00e4r det dags f\u00f6r EM i iaido som i \u00e5r h\u00e5lls i Aten. Sverige skickar en 17 idrottare stark trupp, d\u00e4r bland andra medaljmaskinerna Jesper Waldest\u00e5l och Sida Yin ing\u00e5r.<\/p><br>","protected":false},"author":7,"featured_media":53260,"comment_status":"open","ping_status":"open","sticky":false,"template":"","format":"standard","meta":{"_acf_changed":false,"footnotes":""},"categories":[1],"tags":[],"class_list":["post-112152","post","type-post","status-publish","format-standard","has-post-thumbnail","hentry","category-okategoriserade"],"acf":[],"yoast_head":"<!-- This site is optimized with the Yoast SEO plugin v26.8 - https:\/\/yoast.com\/product\/yoast-seo-wordpress\/ -->\n<title>Svenskar p\u00e5 jakt efter iaido-medaljer i EM i helgen - Svenska Budo &amp; Kampsportsf\u00f6rbundet<\/title>\n<meta name=\"description\" content=\"I helgen \u00e4r det dags f\u00f6r EM i iaido som i \u00e5r h\u00e5lls i Aten. Sverige skickar en 17 idrottare stark trupp, d\u00e4r bland andra medaljmaskinerna Jesper Waldest\u00e5l och Sida Yin ing\u00e5r.\" \/>\n<meta name=\"robots\" content=\"index, follow, max-snippet:-1, max-image-preview:large, max-video-preview:-1\" \/>\n<link rel=\"canonical\" href=\"https:\/\/www.budokampsport.se\/2019\/10\/31\/svenskar-pa-jakt-efter-iaido-medaljer-i-em-i-helgen\/\" \/>\n<meta property=\"og:locale\" content=\"sv_SE\" \/>\n<meta property=\"og:type\" content=\"article\" \/>\n<meta property=\"og:title\" content=\"Svenskar p\u00e5 jakt efter iaido-medaljer i EM i helgen - Svenska Budo &amp; Kampsportsf\u00f6rbundet\" \/>\n<meta property=\"og:description\" content=\"I helgen \u00e4r det dags f\u00f6r EM i iaido som i \u00e5r h\u00e5lls i Aten. Sverige skickar en 17 idrottare stark trupp, d\u00e4r bland andra medaljmaskinerna Jesper Waldest\u00e5l och Sida Yin ing\u00e5r.\" \/>\n<meta property=\"og:url\" content=\"https:\/\/www.budokampsport.se\/2019\/10\/31\/svenskar-pa-jakt-efter-iaido-medaljer-i-em-i-helgen\/\" \/>\n<meta property=\"og:site_name\" content=\"Svenska Budo &amp; Kampsportsf\u00f6rbundet\" \/>\n<meta property=\"article:author\" content=\"https:\/\/www.facebook.com\/jonathan.broberg.7\" \/>\n<meta property=\"article:published_time\" content=\"2019-10-31T09:53:21+00:00\" \/>\n<meta property=\"article:modified_time\" content=\"2019-10-31T09:53:23+00:00\" \/>\n<meta property=\"og:image\" content=\"https:\/\/www.budokampsport.se\/wp-content\/uploads\/2017\/11\/laget_em_iaido.jpg\" \/>\n\t<meta property=\"og:image:width\" content=\"850\" \/>\n\t<meta property=\"og:image:height\" content=\"556\" \/>\n\t<meta property=\"og:image:type\" content=\"image\/jpeg\" \/>\n<meta name=\"author\" content=\"Jonathan Broberg\" \/>\n<meta name=\"twitter:card\" content=\"summary_large_image\" \/>\n<meta name=\"twitter:label1\" content=\"Skriven av\" \/>\n\t<meta name=\"twitter:data1\" content=\"Jonathan Broberg\" \/>\n<script type=\"application\/ld+json\" class=\"yoast-schema-graph\">{\"@context\":\"https:\/\/schema.org\",\"@graph\":[{\"@type\":\"Article\",\"@id\":\"https:\/\/www.budokampsport.se\/2019\/10\/31\/svenskar-pa-jakt-efter-iaido-medaljer-i-em-i-helgen\/#article\",\"isPartOf\":{\"@id\":\"https:\/\/www.budokampsport.se\/2019\/10\/31\/svenskar-pa-jakt-efter-iaido-medaljer-i-em-i-helgen\/\"},\"author\":{\"name\":\"Jonathan Broberg\",\"@id\":\"https:\/\/www.budokampsport.se\/#\/schema\/person\/5c06d81d14850e2a8ce5493386560145\"},\"headline\":\"Svenskar p\u00e5 jakt efter iaido-medaljer i EM i helgen\",\"datePublished\":\"2019-10-31T09:53:21+00:00\",\"dateModified\":\"2019-10-31T09:53:23+00:00\",\"mainEntityOfPage\":{\"@id\":\"https:\/\/www.budokampsport.se\/2019\/10\/31\/svenskar-pa-jakt-efter-iaido-medaljer-i-em-i-helgen\/\"},\"wordCount\":60,\"commentCount\":0,\"image\":{\"@id\":\"https:\/\/www.budokampsport.se\/2019\/10\/31\/svenskar-pa-jakt-efter-iaido-medaljer-i-em-i-helgen\/#primaryimage\"},\"thumbnailUrl\":\"https:\/\/www.budokampsport.se\/wp-content\/uploads\/2017\/11\/laget_em_iaido.jpg\",\"inLanguage\":\"sv-SE\",\"potentialAction\":[{\"@type\":\"CommentAction\",\"name\":\"Comment\",\"target\":[\"https:\/\/www.budokampsport.se\/2019\/10\/31\/svenskar-pa-jakt-efter-iaido-medaljer-i-em-i-helgen\/#respond\"]}]},{\"@type\":\"WebPage\",\"@id\":\"https:\/\/www.budokampsport.se\/2019\/10\/31\/svenskar-pa-jakt-efter-iaido-medaljer-i-em-i-helgen\/\",\"url\":\"https:\/\/www.budokampsport.se\/2019\/10\/31\/svenskar-pa-jakt-efter-iaido-medaljer-i-em-i-helgen\/\",\"name\":\"Svenskar p\u00e5 jakt efter iaido-medaljer i EM i helgen - Svenska Budo &amp; Kampsportsf\u00f6rbundet\",\"isPartOf\":{\"@id\":\"https:\/\/www.budokampsport.se\/#website\"},\"primaryImageOfPage\":{\"@id\":\"https:\/\/www.budokampsport.se\/2019\/10\/31\/svenskar-pa-jakt-efter-iaido-medaljer-i-em-i-helgen\/#primaryimage\"},\"image\":{\"@id\":\"https:\/\/www.budokampsport.se\/2019\/10\/31\/svenskar-pa-jakt-efter-iaido-medaljer-i-em-i-helgen\/#primaryimage\"},\"thumbnailUrl\":\"https:\/\/www.budokampsport.se\/wp-content\/uploads\/2017\/11\/laget_em_iaido.jpg\",\"datePublished\":\"2019-10-31T09:53:21+00:00\",\"dateModified\":\"2019-10-31T09:53:23+00:00\",\"author\":{\"@id\":\"https:\/\/www.budokampsport.se\/#\/schema\/person\/5c06d81d14850e2a8ce5493386560145\"},\"description\":\"I helgen \u00e4r det dags f\u00f6r EM i iaido som i \u00e5r h\u00e5lls i Aten. Sverige skickar en 17 idrottare stark trupp, d\u00e4r bland andra medaljmaskinerna Jesper Waldest\u00e5l och Sida Yin ing\u00e5r.\",\"breadcrumb\":{\"@id\":\"https:\/\/www.budokampsport.se\/2019\/10\/31\/svenskar-pa-jakt-efter-iaido-medaljer-i-em-i-helgen\/#breadcrumb\"},\"inLanguage\":\"sv-SE\",\"potentialAction\":[{\"@type\":\"ReadAction\",\"target\":[\"https:\/\/www.budokampsport.se\/2019\/10\/31\/svenskar-pa-jakt-efter-iaido-medaljer-i-em-i-helgen\/\"]}]},{\"@type\":\"ImageObject\",\"inLanguage\":\"sv-SE\",\"@id\":\"https:\/\/www.budokampsport.se\/2019\/10\/31\/svenskar-pa-jakt-efter-iaido-medaljer-i-em-i-helgen\/#primaryimage\",\"url\":\"https:\/\/www.budokampsport.se\/wp-content\/uploads\/2017\/11\/laget_em_iaido.jpg\",\"contentUrl\":\"https:\/\/www.budokampsport.se\/wp-content\/uploads\/2017\/11\/laget_em_iaido.jpg\",\"width\":850,\"height\":556},{\"@type\":\"BreadcrumbList\",\"@id\":\"https:\/\/www.budokampsport.se\/2019\/10\/31\/svenskar-pa-jakt-efter-iaido-medaljer-i-em-i-helgen\/#breadcrumb\",\"itemListElement\":[{\"@type\":\"ListItem\",\"position\":1,\"name\":\"Hem\",\"item\":\"https:\/\/www.budokampsport.se\/\"},{\"@type\":\"ListItem\",\"position\":2,\"name\":\"Svenskar p\u00e5 jakt efter iaido-medaljer i EM i helgen\"}]},{\"@type\":\"WebSite\",\"@id\":\"https:\/\/www.budokampsport.se\/#website\",\"url\":\"https:\/\/www.budokampsport.se\/\",\"name\":\"Svenska Budo &amp; Kampsportsf\u00f6rbundet\",\"description\":\"T\u00e4vling, Tr\u00e4ning, Tradition\",\"potentialAction\":[{\"@type\":\"SearchAction\",\"target\":{\"@type\":\"EntryPoint\",\"urlTemplate\":\"https:\/\/www.budokampsport.se\/?s={search_term_string}\"},\"query-input\":{\"@type\":\"PropertyValueSpecification\",\"valueRequired\":true,\"valueName\":\"search_term_string\"}}],\"inLanguage\":\"sv-SE\"},{\"@type\":\"Person\",\"@id\":\"https:\/\/www.budokampsport.se\/#\/schema\/person\/5c06d81d14850e2a8ce5493386560145\",\"name\":\"Jonathan Broberg\",\"image\":{\"@type\":\"ImageObject\",\"inLanguage\":\"sv-SE\",\"@id\":\"https:\/\/www.budokampsport.se\/#\/schema\/person\/image\/\",\"url\":\"https:\/\/secure.gravatar.com\/avatar\/a58041c6cea9128bd9c40ee2f26d4136?s=96&d=blank&r=g\",\"contentUrl\":\"https:\/\/secure.gravatar.com\/avatar\/a58041c6cea9128bd9c40ee2f26d4136?s=96&d=blank&r=g\",\"caption\":\"Jonathan Broberg\"},\"sameAs\":[\"https:\/\/www.facebook.com\/jonathan.broberg.7\"],\"url\":\"https:\/\/www.budokampsport.se\/author\/jonathan\/\"}]}<\/script>\n<!-- \/ Yoast SEO plugin. -->","yoast_head_json":{"title":"Svenskar p\u00e5 jakt efter iaido-medaljer i EM i helgen - Svenska Budo &amp; Kampsportsf\u00f6rbundet","description":"I helgen \u00e4r det dags f\u00f6r EM i iaido som i \u00e5r h\u00e5lls i Aten. Sverige skickar en 17 idrottare stark trupp, d\u00e4r bland andra medaljmaskinerna Jesper Waldest\u00e5l och Sida Yin ing\u00e5r.","robots":{"index":"index","follow":"follow","max-snippet":"max-snippet:-1","max-image-preview":"max-image-preview:large","max-video-preview":"max-video-preview:-1"},"canonical":"https:\/\/www.budokampsport.se\/2019\/10\/31\/svenskar-pa-jakt-efter-iaido-medaljer-i-em-i-helgen\/","og_locale":"sv_SE","og_type":"article","og_title":"Svenskar p\u00e5 jakt efter iaido-medaljer i EM i helgen - Svenska Budo &amp; Kampsportsf\u00f6rbundet","og_description":"I helgen \u00e4r det dags f\u00f6r EM i iaido som i \u00e5r h\u00e5lls i Aten. Sverige skickar en 17 idrottare stark trupp, d\u00e4r bland andra medaljmaskinerna Jesper Waldest\u00e5l och Sida Yin ing\u00e5r.","og_url":"https:\/\/www.budokampsport.se\/2019\/10\/31\/svenskar-pa-jakt-efter-iaido-medaljer-i-em-i-helgen\/","og_site_name":"Svenska Budo &amp; Kampsportsf\u00f6rbundet","article_author":"https:\/\/www.facebook.com\/jonathan.broberg.7","article_published_time":"2019-10-31T09:53:21+00:00","article_modified_time":"2019-10-31T09:53:23+00:00","og_image":[{"width":850,"height":556,"url":"https:\/\/www.budokampsport.se\/wp-content\/uploads\/2017\/11\/laget_em_iaido.jpg","type":"image\/jpeg"}],"author":"Jonathan Broberg","twitter_card":"summary_large_image","twitter_misc":{"Skriven av":"Jonathan Broberg"},"schema":{"@context":"https:\/\/schema.org","@graph":[{"@type":"Article","@id":"https:\/\/www.budokampsport.se\/2019\/10\/31\/svenskar-pa-jakt-efter-iaido-medaljer-i-em-i-helgen\/#article","isPartOf":{"@id":"https:\/\/www.budokampsport.se\/2019\/10\/31\/svenskar-pa-jakt-efter-iaido-medaljer-i-em-i-helgen\/"},"author":{"name":"Jonathan Broberg","@id":"https:\/\/www.budokampsport.se\/#\/schema\/person\/5c06d81d14850e2a8ce5493386560145"},"headline":"Svenskar p\u00e5 jakt efter iaido-medaljer i EM i helgen","datePublished":"2019-10-31T09:53:21+00:00","dateModified":"2019-10-31T09:53:23+00:00","mainEntityOfPage":{"@id":"https:\/\/www.budokampsport.se\/2019\/10\/31\/svenskar-pa-jakt-efter-iaido-medaljer-i-em-i-helgen\/"},"wordCount":60,"commentCount":0,"image":{"@id":"https:\/\/www.budokampsport.se\/2019\/10\/31\/svenskar-pa-jakt-efter-iaido-medaljer-i-em-i-helgen\/#primaryimage"},"thumbnailUrl":"https:\/\/www.budokampsport.se\/wp-content\/uploads\/2017\/11\/laget_em_iaido.jpg","inLanguage":"sv-SE","potentialAction":[{"@type":"CommentAction","name":"Comment","target":["https:\/\/www.budokampsport.se\/2019\/10\/31\/svenskar-pa-jakt-efter-iaido-medaljer-i-em-i-helgen\/#respond"]}]},{"@type":"WebPage","@id":"https:\/\/www.budokampsport.se\/2019\/10\/31\/svenskar-pa-jakt-efter-iaido-medaljer-i-em-i-helgen\/","url":"https:\/\/www.budokampsport.se\/2019\/10\/31\/svenskar-pa-jakt-efter-iaido-medaljer-i-em-i-helgen\/","name":"Svenskar p\u00e5 jakt efter iaido-medaljer i EM i helgen - Svenska Budo &amp; Kampsportsf\u00f6rbundet","isPartOf":{"@id":"https:\/\/www.budokampsport.se\/#website"},"primaryImageOfPage":{"@id":"https:\/\/www.budokampsport.se\/2019\/10\/31\/svenskar-pa-jakt-efter-iaido-medaljer-i-em-i-helgen\/#primaryimage"},"image":{"@id":"https:\/\/www.budokampsport.se\/2019\/10\/31\/svenskar-pa-jakt-efter-iaido-medaljer-i-em-i-helgen\/#primaryimage"},"thumbnailUrl":"https:\/\/www.budokampsport.se\/wp-content\/uploads\/2017\/11\/laget_em_iaido.jpg","datePublished":"2019-10-31T09:53:21+00:00","dateModified":"2019-10-31T09:53:23+00:00","author":{"@id":"https:\/\/www.budokampsport.se\/#\/schema\/person\/5c06d81d14850e2a8ce5493386560145"},"description":"I helgen \u00e4r det dags f\u00f6r EM i iaido som i \u00e5r h\u00e5lls i Aten. Sverige skickar en 17 idrottare stark trupp, d\u00e4r bland andra medaljmaskinerna Jesper Waldest\u00e5l och Sida Yin ing\u00e5r.","breadcrumb":{"@id":"https:\/\/www.budokampsport.se\/2019\/10\/31\/svenskar-pa-jakt-efter-iaido-medaljer-i-em-i-helgen\/#breadcrumb"},"inLanguage":"sv-SE","potentialAction":[{"@type":"ReadAction","target":["https:\/\/www.budokampsport.se\/2019\/10\/31\/svenskar-pa-jakt-efter-iaido-medaljer-i-em-i-helgen\/"]}]},{"@type":"ImageObject","inLanguage":"sv-SE","@id":"https:\/\/www.budokampsport.se\/2019\/10\/31\/svenskar-pa-jakt-efter-iaido-medaljer-i-em-i-helgen\/#primaryimage","url":"https:\/\/www.budokampsport.se\/wp-content\/uploads\/2017\/11\/laget_em_iaido.jpg","contentUrl":"https:\/\/www.budokampsport.se\/wp-content\/uploads\/2017\/11\/laget_em_iaido.jpg","width":850,"height":556},{"@type":"BreadcrumbList","@id":"https:\/\/www.budokampsport.se\/2019\/10\/31\/svenskar-pa-jakt-efter-iaido-medaljer-i-em-i-helgen\/#breadcrumb","itemListElement":[{"@type":"ListItem","position":1,"name":"Hem","item":"https:\/\/www.budokampsport.se\/"},{"@type":"ListItem","position":2,"name":"Svenskar p\u00e5 jakt efter iaido-medaljer i EM i helgen"}]},{"@type":"WebSite","@id":"https:\/\/www.budokampsport.se\/#website","url":"https:\/\/www.budokampsport.se\/","name":"Svenska Budo &amp; Kampsportsf\u00f6rbundet","description":"T\u00e4vling, Tr\u00e4ning, Tradition","potentialAction":[{"@type":"SearchAction","target":{"@type":"EntryPoint","urlTemplate":"https:\/\/www.budokampsport.se\/?s={search_term_string}"},"query-input":{"@type":"PropertyValueSpecification","valueRequired":true,"valueName":"search_term_string"}}],"inLanguage":"sv-SE"},{"@type":"Person","@id":"https:\/\/www.budokampsport.se\/#\/schema\/person\/5c06d81d14850e2a8ce5493386560145","name":"Jonathan Broberg","image":{"@type":"ImageObject","inLanguage":"sv-SE","@id":"https:\/\/www.budokampsport.se\/#\/schema\/person\/image\/","url":"https:\/\/secure.gravatar.com\/avatar\/a58041c6cea9128bd9c40ee2f26d4136?s=96&d=blank&r=g","contentUrl":"https:\/\/secure.gravatar.com\/avatar\/a58041c6cea9128bd9c40ee2f26d4136?s=96&d=blank&r=g","caption":"Jonathan Broberg"},"sameAs":["https:\/\/www.facebook.com\/jonathan.broberg.7"],"url":"https:\/\/www.budokampsport.se\/author\/jonathan\/"}]}},"_links":{"self":[{"href":"https:\/\/www.budokampsport.se\/api\/wp\/v2\/posts\/112152","targetHints":{"allow":["GET"]}}],"collection":[{"href":"https:\/\/www.budokampsport.se\/api\/wp\/v2\/posts"}],"about":[{"href":"https:\/\/www.budokampsport.se\/api\/wp\/v2\/types\/post"}],"author":[{"embeddable":true,"href":"https:\/\/www.budokampsport.se\/api\/wp\/v2\/users\/7"}],"replies":[{"embeddable":true,"href":"https:\/\/www.budokampsport.se\/api\/wp\/v2\/comments?post=112152"}],"version-history":[{"count":0,"href":"https:\/\/www.budokampsport.se\/api\/wp\/v2\/posts\/112152\/revisions"}],"wp:featuredmedia":[{"embeddable":true,"href":"https:\/\/www.budokampsport.se\/api\/wp\/v2\/media\/53260"}],"wp:attachment":[{"href":"https:\/\/www.budokampsport.se\/api\/wp\/v2\/media?parent=112152"}],"wp:term":[{"taxonomy":"category","embeddable":true,"href":"https:\/\/www.budokampsport.se\/api\/wp\/v2\/categories?post=112152"},{"taxonomy":"post_tag","embeddable":true,"href":"https:\/\/www.budokampsport.se\/api\/wp\/v2\/tags?post=112152"}],"curies":[{"name":"wp","href":"https:\/\/api.w.org\/{rel}","templated":true}]}}