{"id":112683,"date":"2019-11-09T17:32:21","date_gmt":"2019-11-09T16:32:21","guid":{"rendered":"https:\/\/www.budokampsport.se\/?p=112683"},"modified":"2019-11-09T17:32:23","modified_gmt":"2019-11-09T16:32:23","slug":"axling-och-gardasevic-infor-morgonens-finaler","status":"publish","type":"post","link":"https:\/\/www.budokampsport.se\/2019\/11\/09\/axling-och-gardasevic-infor-morgonens-finaler\/","title":{"rendered":"Axling och Gardasevic inf\u00f6r morgonens finaler"},"content":{"rendered":"\n<p>Under l\u00f6rdagen var b\u00e5de Camilla Danielsson och Angela Mamic i finaler. <br \/><br \/>Det slutade med tv\u00e5 silvermedaljer. Men redan under s\u00f6ndagen blir det tv\u00e5 nya EM-finaler i Minsk med svensk inblandning.<br \/><br \/>Patricia Axling m\u00f6ter ryskan Maria Klimova i -57-kilosklassen och Andreas Gardasevic st\u00f6ter p\u00e5 vitryssen Dzmitry Valent i -86-kilo.<br \/>&#8211; Jag ser mycket fram emot det, s\u00e4ger Gardasevic.<br \/><br \/>Halmstadsfajtern Gardasevic tog thaiboxningen med storm under EM i Paris f\u00f6r ett par \u00e5r sedan, d\u00e5 han som debutant vann guld. Nu \u00e4r han \u00e5ter i final efter att ha imponerat i sina tv\u00e5 tidigare matcher i Minsk. Framf\u00f6rallt var han n\u00f6jd med semifinalen.<br \/>&#8211; Mycket viktig seger som gav en finalplats, k\u00e4ndes som jag sakta men s\u00e4kert kom in mer Och mer i matchen och tog \u00f6ver genom att s\u00e4tta h\u00f6g press.<br \/><br \/>Patricia Axling \u00e4r en av svensk thaiboxning allra st\u00f6rsta stj\u00e4rnor p\u00e5 senare \u00e5r med m\u00e4ngder av medaljer i bagaget. Hon ser ocks\u00e5 fram emot morgondagens final. Och hon \u00e4r bekant med motst\u00e5ndet sedan tidigare.<br \/>&#8211; P\u00e5 s\u00f6ndag \u00e4r det final och det \u00e4r naturligtvis v\u00e4ldigt roligt. Jag m\u00f6ter Maria Klimova fr\u00e5n Ryssland och vi har m\u00f6tts i EM-final 2017, d\u00e5 vann jag, samt att vi m\u00f6ttes i \u00e5ttondelsfinal p\u00e5 VM i somras, d\u00e5 f\u00f6rlorade jag. Med andra ord har vi bra koll p\u00e5 varandra och jag och mina coacher har en tydlig bild i huvudet av hur matchen skall genomf\u00f6ras.<br \/><br \/>Ocks\u00e5 Axling gjorde en mycket stark insats i semifinalen.<br \/>&#8211; Min gameplan i semifinalen var delvis att bevara pressen utan att rusa in med tekniker. Matchen k\u00e4ndes stabil och kontrollerad fr\u00e5n b\u00f6rjan till slut.<br \/><br \/>Text och foto (arkiv): Jonathan Broberg<\/p>\n","protected":false},"excerpt":{"rendered":"<p>I morgon forts\u00e4tter finalpassen i EM i thaiboxning med b\u00e5de Patricia Axling och Andreas Gardasevic i ringen. B\u00e5da ser fram emot finalerna.<br \/><br>&#8211; Det \u00e4r naturligtvis v\u00e4ldigt roligt, s\u00e4ger Axling till budokampsport.se.<\/p><br>","protected":false},"author":7,"featured_media":52125,"comment_status":"open","ping_status":"open","sticky":false,"template":"","format":"standard","meta":{"_acf_changed":false,"footnotes":""},"categories":[1],"tags":[],"class_list":["post-112683","post","type-post","status-publish","format-standard","has-post-thumbnail","hentry","category-okategoriserade"],"acf":[],"yoast_head":"<!-- This site is optimized with the Yoast SEO plugin v26.8 - https:\/\/yoast.com\/product\/yoast-seo-wordpress\/ -->\n<title>Axling och Gardasevic inf\u00f6r morgonens finaler - Svenska Budo &amp; Kampsportsf\u00f6rbundet<\/title>\n<meta name=\"description\" content=\"I morgon forts\u00e4tter finalpassen i EM i thaiboxning med b\u00e5de Patricia Axling och Andreas Gardasevic i ringen. B\u00e5da ser fram emot finalerna. - Det \u00e4r naturligtvis v\u00e4ldigt roligt, s\u00e4ger Axling till budokampsport.se.\" \/>\n<meta name=\"robots\" content=\"index, follow, max-snippet:-1, max-image-preview:large, max-video-preview:-1\" \/>\n<link rel=\"canonical\" href=\"https:\/\/www.budokampsport.se\/2019\/11\/09\/axling-och-gardasevic-infor-morgonens-finaler\/\" \/>\n<meta property=\"og:locale\" content=\"sv_SE\" \/>\n<meta property=\"og:type\" content=\"article\" \/>\n<meta property=\"og:title\" content=\"Axling och Gardasevic inf\u00f6r morgonens finaler - Svenska Budo &amp; Kampsportsf\u00f6rbundet\" \/>\n<meta property=\"og:description\" content=\"I morgon forts\u00e4tter finalpassen i EM i thaiboxning med b\u00e5de Patricia Axling och Andreas Gardasevic i ringen. B\u00e5da ser fram emot finalerna. - Det \u00e4r naturligtvis v\u00e4ldigt roligt, s\u00e4ger Axling till budokampsport.se.\" \/>\n<meta property=\"og:url\" content=\"https:\/\/www.budokampsport.se\/2019\/11\/09\/axling-och-gardasevic-infor-morgonens-finaler\/\" \/>\n<meta property=\"og:site_name\" content=\"Svenska Budo &amp; Kampsportsf\u00f6rbundet\" \/>\n<meta property=\"article:author\" content=\"https:\/\/www.facebook.com\/jonathan.broberg.7\" \/>\n<meta property=\"article:published_time\" content=\"2019-11-09T16:32:21+00:00\" \/>\n<meta property=\"article:modified_time\" content=\"2019-11-09T16:32:23+00:00\" \/>\n<meta property=\"og:image\" content=\"https:\/\/www.budokampsport.se\/wp-content\/uploads\/2017\/10\/patricia_axling_tva.jpg\" \/>\n\t<meta property=\"og:image:width\" content=\"850\" \/>\n\t<meta property=\"og:image:height\" content=\"567\" \/>\n\t<meta property=\"og:image:type\" content=\"image\/jpeg\" \/>\n<meta name=\"author\" content=\"Jonathan Broberg\" \/>\n<meta name=\"twitter:card\" content=\"summary_large_image\" \/>\n<meta name=\"twitter:label1\" content=\"Skriven av\" \/>\n\t<meta name=\"twitter:data1\" content=\"Jonathan Broberg\" \/>\n\t<meta name=\"twitter:label2\" content=\"Ber\u00e4knad l\u00e4stid\" \/>\n\t<meta name=\"twitter:data2\" content=\"1 minut\" \/>\n<script type=\"application\/ld+json\" class=\"yoast-schema-graph\">{\"@context\":\"https:\/\/schema.org\",\"@graph\":[{\"@type\":\"Article\",\"@id\":\"https:\/\/www.budokampsport.se\/2019\/11\/09\/axling-och-gardasevic-infor-morgonens-finaler\/#article\",\"isPartOf\":{\"@id\":\"https:\/\/www.budokampsport.se\/2019\/11\/09\/axling-och-gardasevic-infor-morgonens-finaler\/\"},\"author\":{\"name\":\"Jonathan Broberg\",\"@id\":\"https:\/\/www.budokampsport.se\/#\/schema\/person\/5c06d81d14850e2a8ce5493386560145\"},\"headline\":\"Axling och Gardasevic inf\u00f6r morgonens finaler\",\"datePublished\":\"2019-11-09T16:32:21+00:00\",\"dateModified\":\"2019-11-09T16:32:23+00:00\",\"mainEntityOfPage\":{\"@id\":\"https:\/\/www.budokampsport.se\/2019\/11\/09\/axling-och-gardasevic-infor-morgonens-finaler\/\"},\"wordCount\":306,\"commentCount\":0,\"image\":{\"@id\":\"https:\/\/www.budokampsport.se\/2019\/11\/09\/axling-och-gardasevic-infor-morgonens-finaler\/#primaryimage\"},\"thumbnailUrl\":\"https:\/\/www.budokampsport.se\/wp-content\/uploads\/2017\/10\/patricia_axling_tva.jpg\",\"inLanguage\":\"sv-SE\",\"potentialAction\":[{\"@type\":\"CommentAction\",\"name\":\"Comment\",\"target\":[\"https:\/\/www.budokampsport.se\/2019\/11\/09\/axling-och-gardasevic-infor-morgonens-finaler\/#respond\"]}]},{\"@type\":\"WebPage\",\"@id\":\"https:\/\/www.budokampsport.se\/2019\/11\/09\/axling-och-gardasevic-infor-morgonens-finaler\/\",\"url\":\"https:\/\/www.budokampsport.se\/2019\/11\/09\/axling-och-gardasevic-infor-morgonens-finaler\/\",\"name\":\"Axling och Gardasevic inf\u00f6r morgonens finaler - Svenska Budo &amp; Kampsportsf\u00f6rbundet\",\"isPartOf\":{\"@id\":\"https:\/\/www.budokampsport.se\/#website\"},\"primaryImageOfPage\":{\"@id\":\"https:\/\/www.budokampsport.se\/2019\/11\/09\/axling-och-gardasevic-infor-morgonens-finaler\/#primaryimage\"},\"image\":{\"@id\":\"https:\/\/www.budokampsport.se\/2019\/11\/09\/axling-och-gardasevic-infor-morgonens-finaler\/#primaryimage\"},\"thumbnailUrl\":\"https:\/\/www.budokampsport.se\/wp-content\/uploads\/2017\/10\/patricia_axling_tva.jpg\",\"datePublished\":\"2019-11-09T16:32:21+00:00\",\"dateModified\":\"2019-11-09T16:32:23+00:00\",\"author\":{\"@id\":\"https:\/\/www.budokampsport.se\/#\/schema\/person\/5c06d81d14850e2a8ce5493386560145\"},\"description\":\"I morgon forts\u00e4tter finalpassen i EM i thaiboxning med b\u00e5de Patricia Axling och Andreas Gardasevic i ringen. B\u00e5da ser fram emot finalerna. - Det \u00e4r naturligtvis v\u00e4ldigt roligt, s\u00e4ger Axling till budokampsport.se.\",\"breadcrumb\":{\"@id\":\"https:\/\/www.budokampsport.se\/2019\/11\/09\/axling-och-gardasevic-infor-morgonens-finaler\/#breadcrumb\"},\"inLanguage\":\"sv-SE\",\"potentialAction\":[{\"@type\":\"ReadAction\",\"target\":[\"https:\/\/www.budokampsport.se\/2019\/11\/09\/axling-och-gardasevic-infor-morgonens-finaler\/\"]}]},{\"@type\":\"ImageObject\",\"inLanguage\":\"sv-SE\",\"@id\":\"https:\/\/www.budokampsport.se\/2019\/11\/09\/axling-och-gardasevic-infor-morgonens-finaler\/#primaryimage\",\"url\":\"https:\/\/www.budokampsport.se\/wp-content\/uploads\/2017\/10\/patricia_axling_tva.jpg\",\"contentUrl\":\"https:\/\/www.budokampsport.se\/wp-content\/uploads\/2017\/10\/patricia_axling_tva.jpg\",\"width\":850,\"height\":567,\"caption\":\"Foto: Jonathan Broberg\"},{\"@type\":\"BreadcrumbList\",\"@id\":\"https:\/\/www.budokampsport.se\/2019\/11\/09\/axling-och-gardasevic-infor-morgonens-finaler\/#breadcrumb\",\"itemListElement\":[{\"@type\":\"ListItem\",\"position\":1,\"name\":\"Hem\",\"item\":\"https:\/\/www.budokampsport.se\/\"},{\"@type\":\"ListItem\",\"position\":2,\"name\":\"Axling och Gardasevic inf\u00f6r morgonens finaler\"}]},{\"@type\":\"WebSite\",\"@id\":\"https:\/\/www.budokampsport.se\/#website\",\"url\":\"https:\/\/www.budokampsport.se\/\",\"name\":\"Svenska Budo &amp; Kampsportsf\u00f6rbundet\",\"description\":\"T\u00e4vling, Tr\u00e4ning, Tradition\",\"potentialAction\":[{\"@type\":\"SearchAction\",\"target\":{\"@type\":\"EntryPoint\",\"urlTemplate\":\"https:\/\/www.budokampsport.se\/?s={search_term_string}\"},\"query-input\":{\"@type\":\"PropertyValueSpecification\",\"valueRequired\":true,\"valueName\":\"search_term_string\"}}],\"inLanguage\":\"sv-SE\"},{\"@type\":\"Person\",\"@id\":\"https:\/\/www.budokampsport.se\/#\/schema\/person\/5c06d81d14850e2a8ce5493386560145\",\"name\":\"Jonathan Broberg\",\"image\":{\"@type\":\"ImageObject\",\"inLanguage\":\"sv-SE\",\"@id\":\"https:\/\/www.budokampsport.se\/#\/schema\/person\/image\/\",\"url\":\"https:\/\/secure.gravatar.com\/avatar\/a58041c6cea9128bd9c40ee2f26d4136?s=96&d=blank&r=g\",\"contentUrl\":\"https:\/\/secure.gravatar.com\/avatar\/a58041c6cea9128bd9c40ee2f26d4136?s=96&d=blank&r=g\",\"caption\":\"Jonathan Broberg\"},\"sameAs\":[\"https:\/\/www.facebook.com\/jonathan.broberg.7\"],\"url\":\"https:\/\/www.budokampsport.se\/author\/jonathan\/\"}]}<\/script>\n<!-- \/ Yoast SEO plugin. -->","yoast_head_json":{"title":"Axling och Gardasevic inf\u00f6r morgonens finaler - Svenska Budo &amp; Kampsportsf\u00f6rbundet","description":"I morgon forts\u00e4tter finalpassen i EM i thaiboxning med b\u00e5de Patricia Axling och Andreas Gardasevic i ringen. B\u00e5da ser fram emot finalerna. - Det \u00e4r naturligtvis v\u00e4ldigt roligt, s\u00e4ger Axling till budokampsport.se.","robots":{"index":"index","follow":"follow","max-snippet":"max-snippet:-1","max-image-preview":"max-image-preview:large","max-video-preview":"max-video-preview:-1"},"canonical":"https:\/\/www.budokampsport.se\/2019\/11\/09\/axling-och-gardasevic-infor-morgonens-finaler\/","og_locale":"sv_SE","og_type":"article","og_title":"Axling och Gardasevic inf\u00f6r morgonens finaler - Svenska Budo &amp; Kampsportsf\u00f6rbundet","og_description":"I morgon forts\u00e4tter finalpassen i EM i thaiboxning med b\u00e5de Patricia Axling och Andreas Gardasevic i ringen. B\u00e5da ser fram emot finalerna. - Det \u00e4r naturligtvis v\u00e4ldigt roligt, s\u00e4ger Axling till budokampsport.se.","og_url":"https:\/\/www.budokampsport.se\/2019\/11\/09\/axling-och-gardasevic-infor-morgonens-finaler\/","og_site_name":"Svenska Budo &amp; Kampsportsf\u00f6rbundet","article_author":"https:\/\/www.facebook.com\/jonathan.broberg.7","article_published_time":"2019-11-09T16:32:21+00:00","article_modified_time":"2019-11-09T16:32:23+00:00","og_image":[{"width":850,"height":567,"url":"https:\/\/www.budokampsport.se\/wp-content\/uploads\/2017\/10\/patricia_axling_tva.jpg","type":"image\/jpeg"}],"author":"Jonathan Broberg","twitter_card":"summary_large_image","twitter_misc":{"Skriven av":"Jonathan Broberg","Ber\u00e4knad l\u00e4stid":"1 minut"},"schema":{"@context":"https:\/\/schema.org","@graph":[{"@type":"Article","@id":"https:\/\/www.budokampsport.se\/2019\/11\/09\/axling-och-gardasevic-infor-morgonens-finaler\/#article","isPartOf":{"@id":"https:\/\/www.budokampsport.se\/2019\/11\/09\/axling-och-gardasevic-infor-morgonens-finaler\/"},"author":{"name":"Jonathan Broberg","@id":"https:\/\/www.budokampsport.se\/#\/schema\/person\/5c06d81d14850e2a8ce5493386560145"},"headline":"Axling och Gardasevic inf\u00f6r morgonens finaler","datePublished":"2019-11-09T16:32:21+00:00","dateModified":"2019-11-09T16:32:23+00:00","mainEntityOfPage":{"@id":"https:\/\/www.budokampsport.se\/2019\/11\/09\/axling-och-gardasevic-infor-morgonens-finaler\/"},"wordCount":306,"commentCount":0,"image":{"@id":"https:\/\/www.budokampsport.se\/2019\/11\/09\/axling-och-gardasevic-infor-morgonens-finaler\/#primaryimage"},"thumbnailUrl":"https:\/\/www.budokampsport.se\/wp-content\/uploads\/2017\/10\/patricia_axling_tva.jpg","inLanguage":"sv-SE","potentialAction":[{"@type":"CommentAction","name":"Comment","target":["https:\/\/www.budokampsport.se\/2019\/11\/09\/axling-och-gardasevic-infor-morgonens-finaler\/#respond"]}]},{"@type":"WebPage","@id":"https:\/\/www.budokampsport.se\/2019\/11\/09\/axling-och-gardasevic-infor-morgonens-finaler\/","url":"https:\/\/www.budokampsport.se\/2019\/11\/09\/axling-och-gardasevic-infor-morgonens-finaler\/","name":"Axling och Gardasevic inf\u00f6r morgonens finaler - Svenska Budo &amp; Kampsportsf\u00f6rbundet","isPartOf":{"@id":"https:\/\/www.budokampsport.se\/#website"},"primaryImageOfPage":{"@id":"https:\/\/www.budokampsport.se\/2019\/11\/09\/axling-och-gardasevic-infor-morgonens-finaler\/#primaryimage"},"image":{"@id":"https:\/\/www.budokampsport.se\/2019\/11\/09\/axling-och-gardasevic-infor-morgonens-finaler\/#primaryimage"},"thumbnailUrl":"https:\/\/www.budokampsport.se\/wp-content\/uploads\/2017\/10\/patricia_axling_tva.jpg","datePublished":"2019-11-09T16:32:21+00:00","dateModified":"2019-11-09T16:32:23+00:00","author":{"@id":"https:\/\/www.budokampsport.se\/#\/schema\/person\/5c06d81d14850e2a8ce5493386560145"},"description":"I morgon forts\u00e4tter finalpassen i EM i thaiboxning med b\u00e5de Patricia Axling och Andreas Gardasevic i ringen. B\u00e5da ser fram emot finalerna. - Det \u00e4r naturligtvis v\u00e4ldigt roligt, s\u00e4ger Axling till budokampsport.se.","breadcrumb":{"@id":"https:\/\/www.budokampsport.se\/2019\/11\/09\/axling-och-gardasevic-infor-morgonens-finaler\/#breadcrumb"},"inLanguage":"sv-SE","potentialAction":[{"@type":"ReadAction","target":["https:\/\/www.budokampsport.se\/2019\/11\/09\/axling-och-gardasevic-infor-morgonens-finaler\/"]}]},{"@type":"ImageObject","inLanguage":"sv-SE","@id":"https:\/\/www.budokampsport.se\/2019\/11\/09\/axling-och-gardasevic-infor-morgonens-finaler\/#primaryimage","url":"https:\/\/www.budokampsport.se\/wp-content\/uploads\/2017\/10\/patricia_axling_tva.jpg","contentUrl":"https:\/\/www.budokampsport.se\/wp-content\/uploads\/2017\/10\/patricia_axling_tva.jpg","width":850,"height":567,"caption":"Foto: Jonathan Broberg"},{"@type":"BreadcrumbList","@id":"https:\/\/www.budokampsport.se\/2019\/11\/09\/axling-och-gardasevic-infor-morgonens-finaler\/#breadcrumb","itemListElement":[{"@type":"ListItem","position":1,"name":"Hem","item":"https:\/\/www.budokampsport.se\/"},{"@type":"ListItem","position":2,"name":"Axling och Gardasevic inf\u00f6r morgonens finaler"}]},{"@type":"WebSite","@id":"https:\/\/www.budokampsport.se\/#website","url":"https:\/\/www.budokampsport.se\/","name":"Svenska Budo &amp; Kampsportsf\u00f6rbundet","description":"T\u00e4vling, Tr\u00e4ning, Tradition","potentialAction":[{"@type":"SearchAction","target":{"@type":"EntryPoint","urlTemplate":"https:\/\/www.budokampsport.se\/?s={search_term_string}"},"query-input":{"@type":"PropertyValueSpecification","valueRequired":true,"valueName":"search_term_string"}}],"inLanguage":"sv-SE"},{"@type":"Person","@id":"https:\/\/www.budokampsport.se\/#\/schema\/person\/5c06d81d14850e2a8ce5493386560145","name":"Jonathan Broberg","image":{"@type":"ImageObject","inLanguage":"sv-SE","@id":"https:\/\/www.budokampsport.se\/#\/schema\/person\/image\/","url":"https:\/\/secure.gravatar.com\/avatar\/a58041c6cea9128bd9c40ee2f26d4136?s=96&d=blank&r=g","contentUrl":"https:\/\/secure.gravatar.com\/avatar\/a58041c6cea9128bd9c40ee2f26d4136?s=96&d=blank&r=g","caption":"Jonathan Broberg"},"sameAs":["https:\/\/www.facebook.com\/jonathan.broberg.7"],"url":"https:\/\/www.budokampsport.se\/author\/jonathan\/"}]}},"_links":{"self":[{"href":"https:\/\/www.budokampsport.se\/api\/wp\/v2\/posts\/112683","targetHints":{"allow":["GET"]}}],"collection":[{"href":"https:\/\/www.budokampsport.se\/api\/wp\/v2\/posts"}],"about":[{"href":"https:\/\/www.budokampsport.se\/api\/wp\/v2\/types\/post"}],"author":[{"embeddable":true,"href":"https:\/\/www.budokampsport.se\/api\/wp\/v2\/users\/7"}],"replies":[{"embeddable":true,"href":"https:\/\/www.budokampsport.se\/api\/wp\/v2\/comments?post=112683"}],"version-history":[{"count":0,"href":"https:\/\/www.budokampsport.se\/api\/wp\/v2\/posts\/112683\/revisions"}],"wp:featuredmedia":[{"embeddable":true,"href":"https:\/\/www.budokampsport.se\/api\/wp\/v2\/media\/52125"}],"wp:attachment":[{"href":"https:\/\/www.budokampsport.se\/api\/wp\/v2\/media?parent=112683"}],"wp:term":[{"taxonomy":"category","embeddable":true,"href":"https:\/\/www.budokampsport.se\/api\/wp\/v2\/categories?post=112683"},{"taxonomy":"post_tag","embeddable":true,"href":"https:\/\/www.budokampsport.se\/api\/wp\/v2\/tags?post=112683"}],"curies":[{"name":"wp","href":"https:\/\/api.w.org\/{rel}","templated":true}]}}