{"id":112831,"date":"2019-11-12T16:33:54","date_gmt":"2019-11-12T15:33:54","guid":{"rendered":"https:\/\/www.budokampsport.se\/?p=112831"},"modified":"2019-11-12T16:48:17","modified_gmt":"2019-11-12T15:48:17","slug":"alexander-loof-vidare-till-kvartsfinal-i-mma-vm","status":"publish","type":"post","link":"https:\/\/www.budokampsport.se\/2019\/11\/12\/alexander-loof-vidare-till-kvartsfinal-i-mma-vm\/","title":{"rendered":"Alexander L\u00f6\u00f6f vidare till kvartsfinal i MMA-VM"},"content":{"rendered":"\n<p>&#8211; Jag vann f\u00f6rsta matchen via TKO i andra ronden mot Sydafrika, efter det visste jag att jag skulle f\u00e5 g\u00e5 mot tysken Eduard Kexel. N\u00e4r jag fick reda p\u00e5 det blev jag extremt taggad och hade en gameplan som \u00e4r att sl\u00e4cka folk. Finns inget annat i mitt huvud. Utan ett avslut anser jag att jag har gjort d\u00e5ligt ifr\u00e5n mig, s\u00e4ger Alexander till budokampsport.se<\/p>\n\n\n\n<p><\/p>\n\n\n\n<h4 class=\"wp-block-heading\"><strong>\u00d6vriga resultat fr\u00e5n dagens matcher<\/strong><\/h4>\n\n\n\n<p><\/p>\n\n\n\n<p>Colleen Augustin fr\u00e5n Malaysia besegrade <strong>Nina Back<\/strong> via TKO i fj\u00e4rde ronden.<br \/><br \/>Beatriz Consuli Diniz fr\u00e5n Bahrain besegrade<strong> Millie Eriksson<\/strong> efter domslut.<br \/><strong>Bianca Antman<\/strong> vann \u00f6ver Paulina Giemza fr\u00e5n Polen via WO.<\/p>\n<p>Fransmannen Antony Fresno Eyssette vann \u00f6ver\u00a0<strong>Sebastian Gonzalez<\/strong> via submission i andra ronden.<\/p>\n<p><strong>Frida Vastam\u00e4ki <\/strong>besegrade\u00a0Natasha Wolfe fr\u00e5n Nordirland genom domslut.<\/p>\n<p>Brena Soares Cardozo fr\u00e5n Bahrain vann \u00f6ver <strong>Kim Amprazis <\/strong>via domslut.<\/p>\n<p>Australiensaren Abdul Mahdawi\u00a0besegrade\u00a0<strong>Jonny Touma <\/strong>efter delat domslut.<\/p>\n<p>Olzhas Moldagaliyev fr\u00e5n Kazakstan besegrade\u00a0<strong>Oskar Jaskari<\/strong> via domslut.<\/p>\n<p><strong>Daniyal Shamkhalov <\/strong>vann mot italienaren\u00a0Simone Vale domslut.<\/p>\n<p><strong>Alexander L\u00f6\u00f6f <\/strong>besegrade\u00a0Eduard Kexel\u00a0 fr\u00e5n Tyskland efter KO i f\u00f6rsta ronden.<\/p>\n<p>Sabrina Laurentina De Sousa fr\u00e5n Bahrain besegrade\u00a0<strong>Sofia Hedquist v<\/strong>ia submission.<\/p>\n<p>Stephanie Paige Evans fr\u00e5n Wales vann \u00f6ver <strong>Janina Danes<\/strong> via submission i andra ronden.<\/p>\n<p>Neimat Assadov fr\u00e5n Kazakstan besegrade\u00a0<strong>Nermin Mehmedagic <\/strong>via TKO.<\/p>\n<p><strong>Christian Stigenberg <\/strong>vann \u00f6ver tysken\u00a0Julian Schickle efter domslut.<\/p>\n<p>Italienaren Giovanni Edoardo Rufino besegrade\u00a0<strong>Addis Saljevic<\/strong> via submission i den andra ronden.<\/p>\n<p><strong>Daniel Petrus <\/strong>vann \u00f6ver Patrick Best fr\u00e5n Australien via submission i f\u00f6rsta ronden.<\/p>\n<p>Gadzhimurad Bagaudinov fr\u00e5n Ryssland besegrade\u00a0<strong>Salif Diop <\/strong>via domslut.<\/p>\n<p>Text: Annie Bondefelt<br \/>Foto: Freja MMA<br \/><br \/><\/p>\n","protected":false},"excerpt":{"rendered":"<p>Andra dagen av VM i MMA \u00e4r avslutad och resultatet f\u00f6r blev blandat f\u00f6r svensk del. En av de som gick vidare till morgondagens kvartsfinaler var Alexander L\u00f6\u00f6f.<\/p><br>","protected":false},"author":120,"featured_media":112847,"comment_status":"open","ping_status":"open","sticky":false,"template":"","format":"standard","meta":{"_acf_changed":false,"footnotes":""},"categories":[1],"tags":[],"class_list":["post-112831","post","type-post","status-publish","format-standard","has-post-thumbnail","hentry","category-okategoriserade"],"acf":[],"yoast_head":"<!-- This site is optimized with the Yoast SEO plugin v26.8 - https:\/\/yoast.com\/product\/yoast-seo-wordpress\/ -->\n<title>Alexander L\u00f6\u00f6f vidare till kvartsfinal i MMA-VM - Svenska Budo &amp; Kampsportsf\u00f6rbundet<\/title>\n<meta name=\"description\" content=\"Andra dagen av VM i MMA \u00e4r avslutad och resultatet f\u00f6r blev blandat f\u00f6r svensk del. En av de som gick vidare till morgondagens kvartsfinaler var Alexander L\u00f6\u00f6f.\" \/>\n<meta name=\"robots\" content=\"index, follow, max-snippet:-1, max-image-preview:large, max-video-preview:-1\" \/>\n<link rel=\"canonical\" href=\"https:\/\/www.budokampsport.se\/2019\/11\/12\/alexander-loof-vidare-till-kvartsfinal-i-mma-vm\/\" \/>\n<meta property=\"og:locale\" content=\"sv_SE\" \/>\n<meta property=\"og:type\" content=\"article\" \/>\n<meta property=\"og:title\" content=\"Alexander L\u00f6\u00f6f vidare till kvartsfinal i MMA-VM - Svenska Budo &amp; Kampsportsf\u00f6rbundet\" \/>\n<meta property=\"og:description\" content=\"Andra dagen av VM i MMA \u00e4r avslutad och resultatet f\u00f6r blev blandat f\u00f6r svensk del. En av de som gick vidare till morgondagens kvartsfinaler var Alexander L\u00f6\u00f6f.\" \/>\n<meta property=\"og:url\" content=\"https:\/\/www.budokampsport.se\/2019\/11\/12\/alexander-loof-vidare-till-kvartsfinal-i-mma-vm\/\" \/>\n<meta property=\"og:site_name\" content=\"Svenska Budo &amp; Kampsportsf\u00f6rbundet\" \/>\n<meta property=\"article:published_time\" content=\"2019-11-12T15:33:54+00:00\" \/>\n<meta property=\"article:modified_time\" content=\"2019-11-12T15:48:17+00:00\" \/>\n<meta property=\"og:image\" content=\"https:\/\/www.budokampsport.se\/wp-content\/uploads\/2019\/11\/71769816_2705458109477651_7035496965919997952_n.jpg\" \/>\n\t<meta property=\"og:image:width\" content=\"747\" \/>\n\t<meta property=\"og:image:height\" content=\"496\" \/>\n\t<meta property=\"og:image:type\" content=\"image\/jpeg\" \/>\n<meta name=\"author\" content=\"Annie Carriage\" \/>\n<meta name=\"twitter:card\" content=\"summary_large_image\" \/>\n<meta name=\"twitter:label1\" content=\"Skriven av\" \/>\n\t<meta name=\"twitter:data1\" content=\"Annie Carriage\" \/>\n\t<meta name=\"twitter:label2\" content=\"Ber\u00e4knad l\u00e4stid\" \/>\n\t<meta name=\"twitter:data2\" content=\"1 minut\" \/>\n<script type=\"application\/ld+json\" class=\"yoast-schema-graph\">{\"@context\":\"https:\/\/schema.org\",\"@graph\":[{\"@type\":\"Article\",\"@id\":\"https:\/\/www.budokampsport.se\/2019\/11\/12\/alexander-loof-vidare-till-kvartsfinal-i-mma-vm\/#article\",\"isPartOf\":{\"@id\":\"https:\/\/www.budokampsport.se\/2019\/11\/12\/alexander-loof-vidare-till-kvartsfinal-i-mma-vm\/\"},\"author\":{\"name\":\"Annie Carriage\",\"@id\":\"https:\/\/www.budokampsport.se\/#\/schema\/person\/c838cace8171f692e363fde3f38f208b\"},\"headline\":\"Alexander L\u00f6\u00f6f vidare till kvartsfinal i MMA-VM\",\"datePublished\":\"2019-11-12T15:33:54+00:00\",\"dateModified\":\"2019-11-12T15:48:17+00:00\",\"mainEntityOfPage\":{\"@id\":\"https:\/\/www.budokampsport.se\/2019\/11\/12\/alexander-loof-vidare-till-kvartsfinal-i-mma-vm\/\"},\"wordCount\":290,\"commentCount\":0,\"image\":{\"@id\":\"https:\/\/www.budokampsport.se\/2019\/11\/12\/alexander-loof-vidare-till-kvartsfinal-i-mma-vm\/#primaryimage\"},\"thumbnailUrl\":\"https:\/\/www.budokampsport.se\/wp-content\/uploads\/2019\/11\/71769816_2705458109477651_7035496965919997952_n.jpg\",\"inLanguage\":\"sv-SE\",\"potentialAction\":[{\"@type\":\"CommentAction\",\"name\":\"Comment\",\"target\":[\"https:\/\/www.budokampsport.se\/2019\/11\/12\/alexander-loof-vidare-till-kvartsfinal-i-mma-vm\/#respond\"]}]},{\"@type\":\"WebPage\",\"@id\":\"https:\/\/www.budokampsport.se\/2019\/11\/12\/alexander-loof-vidare-till-kvartsfinal-i-mma-vm\/\",\"url\":\"https:\/\/www.budokampsport.se\/2019\/11\/12\/alexander-loof-vidare-till-kvartsfinal-i-mma-vm\/\",\"name\":\"Alexander L\u00f6\u00f6f vidare till kvartsfinal i MMA-VM - Svenska Budo &amp; Kampsportsf\u00f6rbundet\",\"isPartOf\":{\"@id\":\"https:\/\/www.budokampsport.se\/#website\"},\"primaryImageOfPage\":{\"@id\":\"https:\/\/www.budokampsport.se\/2019\/11\/12\/alexander-loof-vidare-till-kvartsfinal-i-mma-vm\/#primaryimage\"},\"image\":{\"@id\":\"https:\/\/www.budokampsport.se\/2019\/11\/12\/alexander-loof-vidare-till-kvartsfinal-i-mma-vm\/#primaryimage\"},\"thumbnailUrl\":\"https:\/\/www.budokampsport.se\/wp-content\/uploads\/2019\/11\/71769816_2705458109477651_7035496965919997952_n.jpg\",\"datePublished\":\"2019-11-12T15:33:54+00:00\",\"dateModified\":\"2019-11-12T15:48:17+00:00\",\"author\":{\"@id\":\"https:\/\/www.budokampsport.se\/#\/schema\/person\/c838cace8171f692e363fde3f38f208b\"},\"description\":\"Andra dagen av VM i MMA \u00e4r avslutad och resultatet f\u00f6r blev blandat f\u00f6r svensk del. En av de som gick vidare till morgondagens kvartsfinaler var Alexander L\u00f6\u00f6f.\",\"breadcrumb\":{\"@id\":\"https:\/\/www.budokampsport.se\/2019\/11\/12\/alexander-loof-vidare-till-kvartsfinal-i-mma-vm\/#breadcrumb\"},\"inLanguage\":\"sv-SE\",\"potentialAction\":[{\"@type\":\"ReadAction\",\"target\":[\"https:\/\/www.budokampsport.se\/2019\/11\/12\/alexander-loof-vidare-till-kvartsfinal-i-mma-vm\/\"]}]},{\"@type\":\"ImageObject\",\"inLanguage\":\"sv-SE\",\"@id\":\"https:\/\/www.budokampsport.se\/2019\/11\/12\/alexander-loof-vidare-till-kvartsfinal-i-mma-vm\/#primaryimage\",\"url\":\"https:\/\/www.budokampsport.se\/wp-content\/uploads\/2019\/11\/71769816_2705458109477651_7035496965919997952_n.jpg\",\"contentUrl\":\"https:\/\/www.budokampsport.se\/wp-content\/uploads\/2019\/11\/71769816_2705458109477651_7035496965919997952_n.jpg\",\"width\":747,\"height\":496},{\"@type\":\"BreadcrumbList\",\"@id\":\"https:\/\/www.budokampsport.se\/2019\/11\/12\/alexander-loof-vidare-till-kvartsfinal-i-mma-vm\/#breadcrumb\",\"itemListElement\":[{\"@type\":\"ListItem\",\"position\":1,\"name\":\"Hem\",\"item\":\"https:\/\/www.budokampsport.se\/\"},{\"@type\":\"ListItem\",\"position\":2,\"name\":\"Alexander L\u00f6\u00f6f vidare till kvartsfinal i MMA-VM\"}]},{\"@type\":\"WebSite\",\"@id\":\"https:\/\/www.budokampsport.se\/#website\",\"url\":\"https:\/\/www.budokampsport.se\/\",\"name\":\"Svenska Budo &amp; Kampsportsf\u00f6rbundet\",\"description\":\"T\u00e4vling, Tr\u00e4ning, Tradition\",\"potentialAction\":[{\"@type\":\"SearchAction\",\"target\":{\"@type\":\"EntryPoint\",\"urlTemplate\":\"https:\/\/www.budokampsport.se\/?s={search_term_string}\"},\"query-input\":{\"@type\":\"PropertyValueSpecification\",\"valueRequired\":true,\"valueName\":\"search_term_string\"}}],\"inLanguage\":\"sv-SE\"},{\"@type\":\"Person\",\"@id\":\"https:\/\/www.budokampsport.se\/#\/schema\/person\/c838cace8171f692e363fde3f38f208b\",\"name\":\"Annie Carriage\",\"image\":{\"@type\":\"ImageObject\",\"inLanguage\":\"sv-SE\",\"@id\":\"https:\/\/www.budokampsport.se\/#\/schema\/person\/image\/\",\"url\":\"https:\/\/secure.gravatar.com\/avatar\/9311295560bdfbdf78365a26f7df1876?s=96&d=blank&r=g\",\"contentUrl\":\"https:\/\/secure.gravatar.com\/avatar\/9311295560bdfbdf78365a26f7df1876?s=96&d=blank&r=g\",\"caption\":\"Annie Carriage\"},\"url\":\"https:\/\/www.budokampsport.se\/author\/annie-bondefelt\/\"}]}<\/script>\n<!-- \/ Yoast SEO plugin. -->","yoast_head_json":{"title":"Alexander L\u00f6\u00f6f vidare till kvartsfinal i MMA-VM - Svenska Budo &amp; Kampsportsf\u00f6rbundet","description":"Andra dagen av VM i MMA \u00e4r avslutad och resultatet f\u00f6r blev blandat f\u00f6r svensk del. En av de som gick vidare till morgondagens kvartsfinaler var Alexander L\u00f6\u00f6f.","robots":{"index":"index","follow":"follow","max-snippet":"max-snippet:-1","max-image-preview":"max-image-preview:large","max-video-preview":"max-video-preview:-1"},"canonical":"https:\/\/www.budokampsport.se\/2019\/11\/12\/alexander-loof-vidare-till-kvartsfinal-i-mma-vm\/","og_locale":"sv_SE","og_type":"article","og_title":"Alexander L\u00f6\u00f6f vidare till kvartsfinal i MMA-VM - Svenska Budo &amp; Kampsportsf\u00f6rbundet","og_description":"Andra dagen av VM i MMA \u00e4r avslutad och resultatet f\u00f6r blev blandat f\u00f6r svensk del. En av de som gick vidare till morgondagens kvartsfinaler var Alexander L\u00f6\u00f6f.","og_url":"https:\/\/www.budokampsport.se\/2019\/11\/12\/alexander-loof-vidare-till-kvartsfinal-i-mma-vm\/","og_site_name":"Svenska Budo &amp; Kampsportsf\u00f6rbundet","article_published_time":"2019-11-12T15:33:54+00:00","article_modified_time":"2019-11-12T15:48:17+00:00","og_image":[{"width":747,"height":496,"url":"https:\/\/www.budokampsport.se\/wp-content\/uploads\/2019\/11\/71769816_2705458109477651_7035496965919997952_n.jpg","type":"image\/jpeg"}],"author":"Annie Carriage","twitter_card":"summary_large_image","twitter_misc":{"Skriven av":"Annie Carriage","Ber\u00e4knad l\u00e4stid":"1 minut"},"schema":{"@context":"https:\/\/schema.org","@graph":[{"@type":"Article","@id":"https:\/\/www.budokampsport.se\/2019\/11\/12\/alexander-loof-vidare-till-kvartsfinal-i-mma-vm\/#article","isPartOf":{"@id":"https:\/\/www.budokampsport.se\/2019\/11\/12\/alexander-loof-vidare-till-kvartsfinal-i-mma-vm\/"},"author":{"name":"Annie Carriage","@id":"https:\/\/www.budokampsport.se\/#\/schema\/person\/c838cace8171f692e363fde3f38f208b"},"headline":"Alexander L\u00f6\u00f6f vidare till kvartsfinal i MMA-VM","datePublished":"2019-11-12T15:33:54+00:00","dateModified":"2019-11-12T15:48:17+00:00","mainEntityOfPage":{"@id":"https:\/\/www.budokampsport.se\/2019\/11\/12\/alexander-loof-vidare-till-kvartsfinal-i-mma-vm\/"},"wordCount":290,"commentCount":0,"image":{"@id":"https:\/\/www.budokampsport.se\/2019\/11\/12\/alexander-loof-vidare-till-kvartsfinal-i-mma-vm\/#primaryimage"},"thumbnailUrl":"https:\/\/www.budokampsport.se\/wp-content\/uploads\/2019\/11\/71769816_2705458109477651_7035496965919997952_n.jpg","inLanguage":"sv-SE","potentialAction":[{"@type":"CommentAction","name":"Comment","target":["https:\/\/www.budokampsport.se\/2019\/11\/12\/alexander-loof-vidare-till-kvartsfinal-i-mma-vm\/#respond"]}]},{"@type":"WebPage","@id":"https:\/\/www.budokampsport.se\/2019\/11\/12\/alexander-loof-vidare-till-kvartsfinal-i-mma-vm\/","url":"https:\/\/www.budokampsport.se\/2019\/11\/12\/alexander-loof-vidare-till-kvartsfinal-i-mma-vm\/","name":"Alexander L\u00f6\u00f6f vidare till kvartsfinal i MMA-VM - Svenska Budo &amp; Kampsportsf\u00f6rbundet","isPartOf":{"@id":"https:\/\/www.budokampsport.se\/#website"},"primaryImageOfPage":{"@id":"https:\/\/www.budokampsport.se\/2019\/11\/12\/alexander-loof-vidare-till-kvartsfinal-i-mma-vm\/#primaryimage"},"image":{"@id":"https:\/\/www.budokampsport.se\/2019\/11\/12\/alexander-loof-vidare-till-kvartsfinal-i-mma-vm\/#primaryimage"},"thumbnailUrl":"https:\/\/www.budokampsport.se\/wp-content\/uploads\/2019\/11\/71769816_2705458109477651_7035496965919997952_n.jpg","datePublished":"2019-11-12T15:33:54+00:00","dateModified":"2019-11-12T15:48:17+00:00","author":{"@id":"https:\/\/www.budokampsport.se\/#\/schema\/person\/c838cace8171f692e363fde3f38f208b"},"description":"Andra dagen av VM i MMA \u00e4r avslutad och resultatet f\u00f6r blev blandat f\u00f6r svensk del. En av de som gick vidare till morgondagens kvartsfinaler var Alexander L\u00f6\u00f6f.","breadcrumb":{"@id":"https:\/\/www.budokampsport.se\/2019\/11\/12\/alexander-loof-vidare-till-kvartsfinal-i-mma-vm\/#breadcrumb"},"inLanguage":"sv-SE","potentialAction":[{"@type":"ReadAction","target":["https:\/\/www.budokampsport.se\/2019\/11\/12\/alexander-loof-vidare-till-kvartsfinal-i-mma-vm\/"]}]},{"@type":"ImageObject","inLanguage":"sv-SE","@id":"https:\/\/www.budokampsport.se\/2019\/11\/12\/alexander-loof-vidare-till-kvartsfinal-i-mma-vm\/#primaryimage","url":"https:\/\/www.budokampsport.se\/wp-content\/uploads\/2019\/11\/71769816_2705458109477651_7035496965919997952_n.jpg","contentUrl":"https:\/\/www.budokampsport.se\/wp-content\/uploads\/2019\/11\/71769816_2705458109477651_7035496965919997952_n.jpg","width":747,"height":496},{"@type":"BreadcrumbList","@id":"https:\/\/www.budokampsport.se\/2019\/11\/12\/alexander-loof-vidare-till-kvartsfinal-i-mma-vm\/#breadcrumb","itemListElement":[{"@type":"ListItem","position":1,"name":"Hem","item":"https:\/\/www.budokampsport.se\/"},{"@type":"ListItem","position":2,"name":"Alexander L\u00f6\u00f6f vidare till kvartsfinal i MMA-VM"}]},{"@type":"WebSite","@id":"https:\/\/www.budokampsport.se\/#website","url":"https:\/\/www.budokampsport.se\/","name":"Svenska Budo &amp; Kampsportsf\u00f6rbundet","description":"T\u00e4vling, Tr\u00e4ning, Tradition","potentialAction":[{"@type":"SearchAction","target":{"@type":"EntryPoint","urlTemplate":"https:\/\/www.budokampsport.se\/?s={search_term_string}"},"query-input":{"@type":"PropertyValueSpecification","valueRequired":true,"valueName":"search_term_string"}}],"inLanguage":"sv-SE"},{"@type":"Person","@id":"https:\/\/www.budokampsport.se\/#\/schema\/person\/c838cace8171f692e363fde3f38f208b","name":"Annie Carriage","image":{"@type":"ImageObject","inLanguage":"sv-SE","@id":"https:\/\/www.budokampsport.se\/#\/schema\/person\/image\/","url":"https:\/\/secure.gravatar.com\/avatar\/9311295560bdfbdf78365a26f7df1876?s=96&d=blank&r=g","contentUrl":"https:\/\/secure.gravatar.com\/avatar\/9311295560bdfbdf78365a26f7df1876?s=96&d=blank&r=g","caption":"Annie Carriage"},"url":"https:\/\/www.budokampsport.se\/author\/annie-bondefelt\/"}]}},"_links":{"self":[{"href":"https:\/\/www.budokampsport.se\/api\/wp\/v2\/posts\/112831","targetHints":{"allow":["GET"]}}],"collection":[{"href":"https:\/\/www.budokampsport.se\/api\/wp\/v2\/posts"}],"about":[{"href":"https:\/\/www.budokampsport.se\/api\/wp\/v2\/types\/post"}],"author":[{"embeddable":true,"href":"https:\/\/www.budokampsport.se\/api\/wp\/v2\/users\/120"}],"replies":[{"embeddable":true,"href":"https:\/\/www.budokampsport.se\/api\/wp\/v2\/comments?post=112831"}],"version-history":[{"count":0,"href":"https:\/\/www.budokampsport.se\/api\/wp\/v2\/posts\/112831\/revisions"}],"wp:featuredmedia":[{"embeddable":true,"href":"https:\/\/www.budokampsport.se\/api\/wp\/v2\/media\/112847"}],"wp:attachment":[{"href":"https:\/\/www.budokampsport.se\/api\/wp\/v2\/media?parent=112831"}],"wp:term":[{"taxonomy":"category","embeddable":true,"href":"https:\/\/www.budokampsport.se\/api\/wp\/v2\/categories?post=112831"},{"taxonomy":"post_tag","embeddable":true,"href":"https:\/\/www.budokampsport.se\/api\/wp\/v2\/tags?post=112831"}],"curies":[{"name":"wp","href":"https:\/\/api.w.org\/{rel}","templated":true}]}}