{"id":113258,"date":"2019-11-19T12:23:34","date_gmt":"2019-11-19T11:23:34","guid":{"rendered":"https:\/\/www.budokampsport.se\/?p=113258"},"modified":"2019-11-19T12:23:37","modified_gmt":"2019-11-19T11:23:37","slug":"fler-svenska-medaljer-i-jujutsu-vm","status":"publish","type":"post","link":"https:\/\/www.budokampsport.se\/2019\/11\/19\/fler-svenska-medaljer-i-jujutsu-vm\/","title":{"rendered":"Fler svenska medaljer i jujutsu-VM"},"content":{"rendered":"\n<p>Det blev ytterligare ett VM-guld f\u00f6r Jenny \u00d6ster-hall i para newaza medan Nathalie Frisk fick n\u00f6ja sin med en silvermedalj.\u00a0<br \/>I U21-klassen blev det ett VM-guld till Emma Lette i -70kg och ett VM-brons till Fanny Seth-Wenzel i +70-kilosklassen.<\/p>\n<p>Text: Annie Bondefelt<\/p>\n<p>Foto: Michael Kuntz<\/p>\n","protected":false},"excerpt":{"rendered":"<p>Svenskarna i Abu Dahbi dundrar vidare i sin jakt p\u00e5 medaljer, ytterligare fyra har det blivit under morgonen.<\/p><br>","protected":false},"author":120,"featured_media":113259,"comment_status":"open","ping_status":"open","sticky":false,"template":"","format":"standard","meta":{"_acf_changed":false,"footnotes":""},"categories":[1],"tags":[],"class_list":["post-113258","post","type-post","status-publish","format-standard","has-post-thumbnail","hentry","category-okategoriserade"],"acf":[],"yoast_head":"<!-- This site is optimized with the Yoast SEO plugin v26.8 - https:\/\/yoast.com\/product\/yoast-seo-wordpress\/ -->\n<title>Fler svenska medaljer i jujutsu-VM - Svenska Budo &amp; Kampsportsf\u00f6rbundet<\/title>\n<meta name=\"description\" content=\"Svenskarna i Abu Dahbi dundrar vidare i sin jakt p\u00e5 medaljer, ytterligare fyra har det blivit under morgonen.\" \/>\n<meta name=\"robots\" content=\"index, follow, max-snippet:-1, max-image-preview:large, max-video-preview:-1\" \/>\n<link rel=\"canonical\" href=\"https:\/\/www.budokampsport.se\/2019\/11\/19\/fler-svenska-medaljer-i-jujutsu-vm\/\" \/>\n<meta property=\"og:locale\" content=\"sv_SE\" \/>\n<meta property=\"og:type\" content=\"article\" \/>\n<meta property=\"og:title\" content=\"Fler svenska medaljer i jujutsu-VM - Svenska Budo &amp; Kampsportsf\u00f6rbundet\" \/>\n<meta property=\"og:description\" content=\"Svenskarna i Abu Dahbi dundrar vidare i sin jakt p\u00e5 medaljer, ytterligare fyra har det blivit under morgonen.\" \/>\n<meta property=\"og:url\" content=\"https:\/\/www.budokampsport.se\/2019\/11\/19\/fler-svenska-medaljer-i-jujutsu-vm\/\" \/>\n<meta property=\"og:site_name\" content=\"Svenska Budo &amp; Kampsportsf\u00f6rbundet\" \/>\n<meta property=\"article:published_time\" content=\"2019-11-19T11:23:34+00:00\" \/>\n<meta property=\"article:modified_time\" content=\"2019-11-19T11:23:37+00:00\" \/>\n<meta property=\"og:image\" content=\"https:\/\/www.budokampsport.se\/wp-content\/uploads\/2019\/11\/516D8E6C-2224-4BBF-97FA-337C8CCA919E-e1625212357150.jpeg\" \/>\n\t<meta property=\"og:image:width\" content=\"850\" \/>\n\t<meta property=\"og:image:height\" content=\"622\" \/>\n\t<meta property=\"og:image:type\" content=\"image\/jpeg\" \/>\n<meta name=\"author\" content=\"Annie Carriage\" \/>\n<meta name=\"twitter:card\" content=\"summary_large_image\" \/>\n<meta name=\"twitter:label1\" content=\"Skriven av\" \/>\n\t<meta name=\"twitter:data1\" content=\"Annie Carriage\" \/>\n<script type=\"application\/ld+json\" class=\"yoast-schema-graph\">{\"@context\":\"https:\/\/schema.org\",\"@graph\":[{\"@type\":\"Article\",\"@id\":\"https:\/\/www.budokampsport.se\/2019\/11\/19\/fler-svenska-medaljer-i-jujutsu-vm\/#article\",\"isPartOf\":{\"@id\":\"https:\/\/www.budokampsport.se\/2019\/11\/19\/fler-svenska-medaljer-i-jujutsu-vm\/\"},\"author\":{\"name\":\"Annie Carriage\",\"@id\":\"https:\/\/www.budokampsport.se\/#\/schema\/person\/c838cace8171f692e363fde3f38f208b\"},\"headline\":\"Fler svenska medaljer i jujutsu-VM\",\"datePublished\":\"2019-11-19T11:23:34+00:00\",\"dateModified\":\"2019-11-19T11:23:37+00:00\",\"mainEntityOfPage\":{\"@id\":\"https:\/\/www.budokampsport.se\/2019\/11\/19\/fler-svenska-medaljer-i-jujutsu-vm\/\"},\"wordCount\":54,\"commentCount\":0,\"image\":{\"@id\":\"https:\/\/www.budokampsport.se\/2019\/11\/19\/fler-svenska-medaljer-i-jujutsu-vm\/#primaryimage\"},\"thumbnailUrl\":\"https:\/\/www.budokampsport.se\/wp-content\/uploads\/2019\/11\/516D8E6C-2224-4BBF-97FA-337C8CCA919E-e1625212357150.jpeg\",\"inLanguage\":\"sv-SE\",\"potentialAction\":[{\"@type\":\"CommentAction\",\"name\":\"Comment\",\"target\":[\"https:\/\/www.budokampsport.se\/2019\/11\/19\/fler-svenska-medaljer-i-jujutsu-vm\/#respond\"]}]},{\"@type\":\"WebPage\",\"@id\":\"https:\/\/www.budokampsport.se\/2019\/11\/19\/fler-svenska-medaljer-i-jujutsu-vm\/\",\"url\":\"https:\/\/www.budokampsport.se\/2019\/11\/19\/fler-svenska-medaljer-i-jujutsu-vm\/\",\"name\":\"Fler svenska medaljer i jujutsu-VM - Svenska Budo &amp; Kampsportsf\u00f6rbundet\",\"isPartOf\":{\"@id\":\"https:\/\/www.budokampsport.se\/#website\"},\"primaryImageOfPage\":{\"@id\":\"https:\/\/www.budokampsport.se\/2019\/11\/19\/fler-svenska-medaljer-i-jujutsu-vm\/#primaryimage\"},\"image\":{\"@id\":\"https:\/\/www.budokampsport.se\/2019\/11\/19\/fler-svenska-medaljer-i-jujutsu-vm\/#primaryimage\"},\"thumbnailUrl\":\"https:\/\/www.budokampsport.se\/wp-content\/uploads\/2019\/11\/516D8E6C-2224-4BBF-97FA-337C8CCA919E-e1625212357150.jpeg\",\"datePublished\":\"2019-11-19T11:23:34+00:00\",\"dateModified\":\"2019-11-19T11:23:37+00:00\",\"author\":{\"@id\":\"https:\/\/www.budokampsport.se\/#\/schema\/person\/c838cace8171f692e363fde3f38f208b\"},\"description\":\"Svenskarna i Abu Dahbi dundrar vidare i sin jakt p\u00e5 medaljer, ytterligare fyra har det blivit under morgonen.\",\"breadcrumb\":{\"@id\":\"https:\/\/www.budokampsport.se\/2019\/11\/19\/fler-svenska-medaljer-i-jujutsu-vm\/#breadcrumb\"},\"inLanguage\":\"sv-SE\",\"potentialAction\":[{\"@type\":\"ReadAction\",\"target\":[\"https:\/\/www.budokampsport.se\/2019\/11\/19\/fler-svenska-medaljer-i-jujutsu-vm\/\"]}]},{\"@type\":\"ImageObject\",\"inLanguage\":\"sv-SE\",\"@id\":\"https:\/\/www.budokampsport.se\/2019\/11\/19\/fler-svenska-medaljer-i-jujutsu-vm\/#primaryimage\",\"url\":\"https:\/\/www.budokampsport.se\/wp-content\/uploads\/2019\/11\/516D8E6C-2224-4BBF-97FA-337C8CCA919E-e1625212357150.jpeg\",\"contentUrl\":\"https:\/\/www.budokampsport.se\/wp-content\/uploads\/2019\/11\/516D8E6C-2224-4BBF-97FA-337C8CCA919E-e1625212357150.jpeg\",\"width\":850,\"height\":622},{\"@type\":\"BreadcrumbList\",\"@id\":\"https:\/\/www.budokampsport.se\/2019\/11\/19\/fler-svenska-medaljer-i-jujutsu-vm\/#breadcrumb\",\"itemListElement\":[{\"@type\":\"ListItem\",\"position\":1,\"name\":\"Hem\",\"item\":\"https:\/\/www.budokampsport.se\/\"},{\"@type\":\"ListItem\",\"position\":2,\"name\":\"Fler svenska medaljer i jujutsu-VM\"}]},{\"@type\":\"WebSite\",\"@id\":\"https:\/\/www.budokampsport.se\/#website\",\"url\":\"https:\/\/www.budokampsport.se\/\",\"name\":\"Svenska Budo &amp; Kampsportsf\u00f6rbundet\",\"description\":\"T\u00e4vling, Tr\u00e4ning, Tradition\",\"potentialAction\":[{\"@type\":\"SearchAction\",\"target\":{\"@type\":\"EntryPoint\",\"urlTemplate\":\"https:\/\/www.budokampsport.se\/?s={search_term_string}\"},\"query-input\":{\"@type\":\"PropertyValueSpecification\",\"valueRequired\":true,\"valueName\":\"search_term_string\"}}],\"inLanguage\":\"sv-SE\"},{\"@type\":\"Person\",\"@id\":\"https:\/\/www.budokampsport.se\/#\/schema\/person\/c838cace8171f692e363fde3f38f208b\",\"name\":\"Annie Carriage\",\"image\":{\"@type\":\"ImageObject\",\"inLanguage\":\"sv-SE\",\"@id\":\"https:\/\/www.budokampsport.se\/#\/schema\/person\/image\/\",\"url\":\"https:\/\/secure.gravatar.com\/avatar\/9311295560bdfbdf78365a26f7df1876?s=96&d=blank&r=g\",\"contentUrl\":\"https:\/\/secure.gravatar.com\/avatar\/9311295560bdfbdf78365a26f7df1876?s=96&d=blank&r=g\",\"caption\":\"Annie Carriage\"},\"url\":\"https:\/\/www.budokampsport.se\/author\/annie-bondefelt\/\"}]}<\/script>\n<!-- \/ Yoast SEO plugin. -->","yoast_head_json":{"title":"Fler svenska medaljer i jujutsu-VM - Svenska Budo &amp; Kampsportsf\u00f6rbundet","description":"Svenskarna i Abu Dahbi dundrar vidare i sin jakt p\u00e5 medaljer, ytterligare fyra har det blivit under morgonen.","robots":{"index":"index","follow":"follow","max-snippet":"max-snippet:-1","max-image-preview":"max-image-preview:large","max-video-preview":"max-video-preview:-1"},"canonical":"https:\/\/www.budokampsport.se\/2019\/11\/19\/fler-svenska-medaljer-i-jujutsu-vm\/","og_locale":"sv_SE","og_type":"article","og_title":"Fler svenska medaljer i jujutsu-VM - Svenska Budo &amp; Kampsportsf\u00f6rbundet","og_description":"Svenskarna i Abu Dahbi dundrar vidare i sin jakt p\u00e5 medaljer, ytterligare fyra har det blivit under morgonen.","og_url":"https:\/\/www.budokampsport.se\/2019\/11\/19\/fler-svenska-medaljer-i-jujutsu-vm\/","og_site_name":"Svenska Budo &amp; Kampsportsf\u00f6rbundet","article_published_time":"2019-11-19T11:23:34+00:00","article_modified_time":"2019-11-19T11:23:37+00:00","og_image":[{"width":850,"height":622,"url":"https:\/\/www.budokampsport.se\/wp-content\/uploads\/2019\/11\/516D8E6C-2224-4BBF-97FA-337C8CCA919E-e1625212357150.jpeg","type":"image\/jpeg"}],"author":"Annie Carriage","twitter_card":"summary_large_image","twitter_misc":{"Skriven av":"Annie Carriage"},"schema":{"@context":"https:\/\/schema.org","@graph":[{"@type":"Article","@id":"https:\/\/www.budokampsport.se\/2019\/11\/19\/fler-svenska-medaljer-i-jujutsu-vm\/#article","isPartOf":{"@id":"https:\/\/www.budokampsport.se\/2019\/11\/19\/fler-svenska-medaljer-i-jujutsu-vm\/"},"author":{"name":"Annie Carriage","@id":"https:\/\/www.budokampsport.se\/#\/schema\/person\/c838cace8171f692e363fde3f38f208b"},"headline":"Fler svenska medaljer i jujutsu-VM","datePublished":"2019-11-19T11:23:34+00:00","dateModified":"2019-11-19T11:23:37+00:00","mainEntityOfPage":{"@id":"https:\/\/www.budokampsport.se\/2019\/11\/19\/fler-svenska-medaljer-i-jujutsu-vm\/"},"wordCount":54,"commentCount":0,"image":{"@id":"https:\/\/www.budokampsport.se\/2019\/11\/19\/fler-svenska-medaljer-i-jujutsu-vm\/#primaryimage"},"thumbnailUrl":"https:\/\/www.budokampsport.se\/wp-content\/uploads\/2019\/11\/516D8E6C-2224-4BBF-97FA-337C8CCA919E-e1625212357150.jpeg","inLanguage":"sv-SE","potentialAction":[{"@type":"CommentAction","name":"Comment","target":["https:\/\/www.budokampsport.se\/2019\/11\/19\/fler-svenska-medaljer-i-jujutsu-vm\/#respond"]}]},{"@type":"WebPage","@id":"https:\/\/www.budokampsport.se\/2019\/11\/19\/fler-svenska-medaljer-i-jujutsu-vm\/","url":"https:\/\/www.budokampsport.se\/2019\/11\/19\/fler-svenska-medaljer-i-jujutsu-vm\/","name":"Fler svenska medaljer i jujutsu-VM - Svenska Budo &amp; Kampsportsf\u00f6rbundet","isPartOf":{"@id":"https:\/\/www.budokampsport.se\/#website"},"primaryImageOfPage":{"@id":"https:\/\/www.budokampsport.se\/2019\/11\/19\/fler-svenska-medaljer-i-jujutsu-vm\/#primaryimage"},"image":{"@id":"https:\/\/www.budokampsport.se\/2019\/11\/19\/fler-svenska-medaljer-i-jujutsu-vm\/#primaryimage"},"thumbnailUrl":"https:\/\/www.budokampsport.se\/wp-content\/uploads\/2019\/11\/516D8E6C-2224-4BBF-97FA-337C8CCA919E-e1625212357150.jpeg","datePublished":"2019-11-19T11:23:34+00:00","dateModified":"2019-11-19T11:23:37+00:00","author":{"@id":"https:\/\/www.budokampsport.se\/#\/schema\/person\/c838cace8171f692e363fde3f38f208b"},"description":"Svenskarna i Abu Dahbi dundrar vidare i sin jakt p\u00e5 medaljer, ytterligare fyra har det blivit under morgonen.","breadcrumb":{"@id":"https:\/\/www.budokampsport.se\/2019\/11\/19\/fler-svenska-medaljer-i-jujutsu-vm\/#breadcrumb"},"inLanguage":"sv-SE","potentialAction":[{"@type":"ReadAction","target":["https:\/\/www.budokampsport.se\/2019\/11\/19\/fler-svenska-medaljer-i-jujutsu-vm\/"]}]},{"@type":"ImageObject","inLanguage":"sv-SE","@id":"https:\/\/www.budokampsport.se\/2019\/11\/19\/fler-svenska-medaljer-i-jujutsu-vm\/#primaryimage","url":"https:\/\/www.budokampsport.se\/wp-content\/uploads\/2019\/11\/516D8E6C-2224-4BBF-97FA-337C8CCA919E-e1625212357150.jpeg","contentUrl":"https:\/\/www.budokampsport.se\/wp-content\/uploads\/2019\/11\/516D8E6C-2224-4BBF-97FA-337C8CCA919E-e1625212357150.jpeg","width":850,"height":622},{"@type":"BreadcrumbList","@id":"https:\/\/www.budokampsport.se\/2019\/11\/19\/fler-svenska-medaljer-i-jujutsu-vm\/#breadcrumb","itemListElement":[{"@type":"ListItem","position":1,"name":"Hem","item":"https:\/\/www.budokampsport.se\/"},{"@type":"ListItem","position":2,"name":"Fler svenska medaljer i jujutsu-VM"}]},{"@type":"WebSite","@id":"https:\/\/www.budokampsport.se\/#website","url":"https:\/\/www.budokampsport.se\/","name":"Svenska Budo &amp; Kampsportsf\u00f6rbundet","description":"T\u00e4vling, Tr\u00e4ning, Tradition","potentialAction":[{"@type":"SearchAction","target":{"@type":"EntryPoint","urlTemplate":"https:\/\/www.budokampsport.se\/?s={search_term_string}"},"query-input":{"@type":"PropertyValueSpecification","valueRequired":true,"valueName":"search_term_string"}}],"inLanguage":"sv-SE"},{"@type":"Person","@id":"https:\/\/www.budokampsport.se\/#\/schema\/person\/c838cace8171f692e363fde3f38f208b","name":"Annie Carriage","image":{"@type":"ImageObject","inLanguage":"sv-SE","@id":"https:\/\/www.budokampsport.se\/#\/schema\/person\/image\/","url":"https:\/\/secure.gravatar.com\/avatar\/9311295560bdfbdf78365a26f7df1876?s=96&d=blank&r=g","contentUrl":"https:\/\/secure.gravatar.com\/avatar\/9311295560bdfbdf78365a26f7df1876?s=96&d=blank&r=g","caption":"Annie Carriage"},"url":"https:\/\/www.budokampsport.se\/author\/annie-bondefelt\/"}]}},"_links":{"self":[{"href":"https:\/\/www.budokampsport.se\/api\/wp\/v2\/posts\/113258","targetHints":{"allow":["GET"]}}],"collection":[{"href":"https:\/\/www.budokampsport.se\/api\/wp\/v2\/posts"}],"about":[{"href":"https:\/\/www.budokampsport.se\/api\/wp\/v2\/types\/post"}],"author":[{"embeddable":true,"href":"https:\/\/www.budokampsport.se\/api\/wp\/v2\/users\/120"}],"replies":[{"embeddable":true,"href":"https:\/\/www.budokampsport.se\/api\/wp\/v2\/comments?post=113258"}],"version-history":[{"count":0,"href":"https:\/\/www.budokampsport.se\/api\/wp\/v2\/posts\/113258\/revisions"}],"wp:featuredmedia":[{"embeddable":true,"href":"https:\/\/www.budokampsport.se\/api\/wp\/v2\/media\/113259"}],"wp:attachment":[{"href":"https:\/\/www.budokampsport.se\/api\/wp\/v2\/media?parent=113258"}],"wp:term":[{"taxonomy":"category","embeddable":true,"href":"https:\/\/www.budokampsport.se\/api\/wp\/v2\/categories?post=113258"},{"taxonomy":"post_tag","embeddable":true,"href":"https:\/\/www.budokampsport.se\/api\/wp\/v2\/tags?post=113258"}],"curies":[{"name":"wp","href":"https:\/\/api.w.org\/{rel}","templated":true}]}}