{"id":113749,"date":"2019-11-26T11:17:05","date_gmt":"2019-11-26T10:17:05","guid":{"rendered":"https:\/\/www.budokampsport.se\/?p=113749"},"modified":"2019-11-26T11:17:07","modified_gmt":"2019-11-26T10:17:07","slug":"succecoacherna-slutar-i-jujutsulandslaget","status":"publish","type":"post","link":"https:\/\/www.budokampsport.se\/2019\/11\/26\/succecoacherna-slutar-i-jujutsulandslaget\/","title":{"rendered":"Succ\u00e9coacherna slutar i jujutsulandslaget"},"content":{"rendered":"\n<p>Svensk jujutsu har de senare \u00e5ren upplevt en ny storhetstid. <br \/>Flera VM-guld har b\u00e4rgats p\u00e5 ganska kort tid.<br \/><br \/>Bland annat vann Fredrik Widgren, Nathalie Frisk och Jenny \u00d6ster-hall guld under VM i Abu Dhabi. Coacherna Martin Ingholt och Rob Haans har haft stor del i de svenska framg\u00e5ngarna. Men nu kliver de b\u00e5da av sina uppdrag.<br \/>&#8211; Att ers\u00e4tta tv\u00e5 av de b\u00e4sta, jag \u00f6verdriver inte, coacherna i v\u00e4rlden i jujutsu \u00e4r ingen enkel uppgift. F\u00f6rutm att de \u00e4r s\u00e5 bra coacher beh\u00f6ver man f\u00f6ra fram deras starka personligheter samt fantastiska f\u00f6rm\u00e5ga att motivera m\u00e4nniskor \u2013 inte minst mig sj\u00e4lv.<br \/><br \/>Text: Jonathan Broberg<br \/>Foto: privat<\/p>\n","protected":false},"excerpt":{"rendered":"<p>Efter det fina svenska VM:et i Abu Dhabi v\u00e4ljer jujutsucoacherna Rob Haans och Martin Ingholt att kliva av landslaget.<br \/><br>&#8211; Att ers\u00e4tta tv\u00e5 av de b\u00e4sta, jag \u00f6verdriver inte, coacherna i v\u00e4rlden i jujutsu \u00e4r ingen enkel uppgift, s\u00e4ger f\u00f6rbundskapten Michael Kuntz till budokampsport.se.<\/p><br>","protected":false},"author":7,"featured_media":113750,"comment_status":"open","ping_status":"open","sticky":false,"template":"","format":"standard","meta":{"_acf_changed":false,"footnotes":""},"categories":[1],"tags":[],"class_list":["post-113749","post","type-post","status-publish","format-standard","has-post-thumbnail","hentry","category-okategoriserade"],"acf":[],"yoast_head":"<!-- This site is optimized with the Yoast SEO plugin v26.8 - https:\/\/yoast.com\/product\/yoast-seo-wordpress\/ -->\n<title>Succ\u00e9coacherna slutar i jujutsulandslaget - Svenska Budo &amp; Kampsportsf\u00f6rbundet<\/title>\n<meta name=\"description\" content=\"Efter det fina svenska VM:et i Abu Dhabi v\u00e4ljer jujutsucoacherna Rob Haans och Martin Ingholt att kliva av landslaget. - Att ers\u00e4tta tv\u00e5 av de b\u00e4sta, jag \u00f6verdriver inte, coacherna i v\u00e4rlden i jujutsu \u00e4r ingen enkel uppgift, s\u00e4ger f\u00f6rbundskapten Michael Kuntz till budokampsport.se.\" \/>\n<meta name=\"robots\" content=\"index, follow, max-snippet:-1, max-image-preview:large, max-video-preview:-1\" \/>\n<link rel=\"canonical\" href=\"https:\/\/www.budokampsport.se\/2019\/11\/26\/succecoacherna-slutar-i-jujutsulandslaget\/\" \/>\n<meta property=\"og:locale\" content=\"sv_SE\" \/>\n<meta property=\"og:type\" content=\"article\" \/>\n<meta property=\"og:title\" content=\"Succ\u00e9coacherna slutar i jujutsulandslaget - Svenska Budo &amp; Kampsportsf\u00f6rbundet\" \/>\n<meta property=\"og:description\" content=\"Efter det fina svenska VM:et i Abu Dhabi v\u00e4ljer jujutsucoacherna Rob Haans och Martin Ingholt att kliva av landslaget. - Att ers\u00e4tta tv\u00e5 av de b\u00e4sta, jag \u00f6verdriver inte, coacherna i v\u00e4rlden i jujutsu \u00e4r ingen enkel uppgift, s\u00e4ger f\u00f6rbundskapten Michael Kuntz till budokampsport.se.\" \/>\n<meta property=\"og:url\" content=\"https:\/\/www.budokampsport.se\/2019\/11\/26\/succecoacherna-slutar-i-jujutsulandslaget\/\" \/>\n<meta property=\"og:site_name\" content=\"Svenska Budo &amp; Kampsportsf\u00f6rbundet\" \/>\n<meta property=\"article:author\" content=\"https:\/\/www.facebook.com\/jonathan.broberg.7\" \/>\n<meta property=\"article:published_time\" content=\"2019-11-26T10:17:05+00:00\" \/>\n<meta property=\"article:modified_time\" content=\"2019-11-26T10:17:07+00:00\" \/>\n<meta property=\"og:image\" content=\"https:\/\/www.budokampsport.se\/wp-content\/uploads\/2019\/11\/kuntz_martin_rob.jpg\" \/>\n\t<meta property=\"og:image:width\" content=\"850\" \/>\n\t<meta property=\"og:image:height\" content=\"502\" \/>\n\t<meta property=\"og:image:type\" content=\"image\/jpeg\" \/>\n<meta name=\"author\" content=\"Jonathan Broberg\" \/>\n<meta name=\"twitter:card\" content=\"summary_large_image\" \/>\n<meta name=\"twitter:label1\" content=\"Skriven av\" \/>\n\t<meta name=\"twitter:data1\" content=\"Jonathan Broberg\" \/>\n\t<meta name=\"twitter:label2\" content=\"Ber\u00e4knad l\u00e4stid\" \/>\n\t<meta name=\"twitter:data2\" content=\"1 minut\" \/>\n<script type=\"application\/ld+json\" class=\"yoast-schema-graph\">{\"@context\":\"https:\/\/schema.org\",\"@graph\":[{\"@type\":\"Article\",\"@id\":\"https:\/\/www.budokampsport.se\/2019\/11\/26\/succecoacherna-slutar-i-jujutsulandslaget\/#article\",\"isPartOf\":{\"@id\":\"https:\/\/www.budokampsport.se\/2019\/11\/26\/succecoacherna-slutar-i-jujutsulandslaget\/\"},\"author\":{\"name\":\"Jonathan Broberg\",\"@id\":\"https:\/\/www.budokampsport.se\/#\/schema\/person\/5c06d81d14850e2a8ce5493386560145\"},\"headline\":\"Succ\u00e9coacherna slutar i jujutsulandslaget\",\"datePublished\":\"2019-11-26T10:17:05+00:00\",\"dateModified\":\"2019-11-26T10:17:07+00:00\",\"mainEntityOfPage\":{\"@id\":\"https:\/\/www.budokampsport.se\/2019\/11\/26\/succecoacherna-slutar-i-jujutsulandslaget\/\"},\"wordCount\":121,\"commentCount\":0,\"image\":{\"@id\":\"https:\/\/www.budokampsport.se\/2019\/11\/26\/succecoacherna-slutar-i-jujutsulandslaget\/#primaryimage\"},\"thumbnailUrl\":\"https:\/\/www.budokampsport.se\/wp-content\/uploads\/2019\/11\/kuntz_martin_rob.jpg\",\"inLanguage\":\"sv-SE\",\"potentialAction\":[{\"@type\":\"CommentAction\",\"name\":\"Comment\",\"target\":[\"https:\/\/www.budokampsport.se\/2019\/11\/26\/succecoacherna-slutar-i-jujutsulandslaget\/#respond\"]}]},{\"@type\":\"WebPage\",\"@id\":\"https:\/\/www.budokampsport.se\/2019\/11\/26\/succecoacherna-slutar-i-jujutsulandslaget\/\",\"url\":\"https:\/\/www.budokampsport.se\/2019\/11\/26\/succecoacherna-slutar-i-jujutsulandslaget\/\",\"name\":\"Succ\u00e9coacherna slutar i jujutsulandslaget - Svenska Budo &amp; Kampsportsf\u00f6rbundet\",\"isPartOf\":{\"@id\":\"https:\/\/www.budokampsport.se\/#website\"},\"primaryImageOfPage\":{\"@id\":\"https:\/\/www.budokampsport.se\/2019\/11\/26\/succecoacherna-slutar-i-jujutsulandslaget\/#primaryimage\"},\"image\":{\"@id\":\"https:\/\/www.budokampsport.se\/2019\/11\/26\/succecoacherna-slutar-i-jujutsulandslaget\/#primaryimage\"},\"thumbnailUrl\":\"https:\/\/www.budokampsport.se\/wp-content\/uploads\/2019\/11\/kuntz_martin_rob.jpg\",\"datePublished\":\"2019-11-26T10:17:05+00:00\",\"dateModified\":\"2019-11-26T10:17:07+00:00\",\"author\":{\"@id\":\"https:\/\/www.budokampsport.se\/#\/schema\/person\/5c06d81d14850e2a8ce5493386560145\"},\"description\":\"Efter det fina svenska VM:et i Abu Dhabi v\u00e4ljer jujutsucoacherna Rob Haans och Martin Ingholt att kliva av landslaget. - Att ers\u00e4tta tv\u00e5 av de b\u00e4sta, jag \u00f6verdriver inte, coacherna i v\u00e4rlden i jujutsu \u00e4r ingen enkel uppgift, s\u00e4ger f\u00f6rbundskapten Michael Kuntz till budokampsport.se.\",\"breadcrumb\":{\"@id\":\"https:\/\/www.budokampsport.se\/2019\/11\/26\/succecoacherna-slutar-i-jujutsulandslaget\/#breadcrumb\"},\"inLanguage\":\"sv-SE\",\"potentialAction\":[{\"@type\":\"ReadAction\",\"target\":[\"https:\/\/www.budokampsport.se\/2019\/11\/26\/succecoacherna-slutar-i-jujutsulandslaget\/\"]}]},{\"@type\":\"ImageObject\",\"inLanguage\":\"sv-SE\",\"@id\":\"https:\/\/www.budokampsport.se\/2019\/11\/26\/succecoacherna-slutar-i-jujutsulandslaget\/#primaryimage\",\"url\":\"https:\/\/www.budokampsport.se\/wp-content\/uploads\/2019\/11\/kuntz_martin_rob.jpg\",\"contentUrl\":\"https:\/\/www.budokampsport.se\/wp-content\/uploads\/2019\/11\/kuntz_martin_rob.jpg\",\"width\":850,\"height\":502,\"caption\":\"Foto: privat\"},{\"@type\":\"BreadcrumbList\",\"@id\":\"https:\/\/www.budokampsport.se\/2019\/11\/26\/succecoacherna-slutar-i-jujutsulandslaget\/#breadcrumb\",\"itemListElement\":[{\"@type\":\"ListItem\",\"position\":1,\"name\":\"Hem\",\"item\":\"https:\/\/www.budokampsport.se\/\"},{\"@type\":\"ListItem\",\"position\":2,\"name\":\"Succ\u00e9coacherna slutar i jujutsulandslaget\"}]},{\"@type\":\"WebSite\",\"@id\":\"https:\/\/www.budokampsport.se\/#website\",\"url\":\"https:\/\/www.budokampsport.se\/\",\"name\":\"Svenska Budo &amp; Kampsportsf\u00f6rbundet\",\"description\":\"T\u00e4vling, Tr\u00e4ning, Tradition\",\"potentialAction\":[{\"@type\":\"SearchAction\",\"target\":{\"@type\":\"EntryPoint\",\"urlTemplate\":\"https:\/\/www.budokampsport.se\/?s={search_term_string}\"},\"query-input\":{\"@type\":\"PropertyValueSpecification\",\"valueRequired\":true,\"valueName\":\"search_term_string\"}}],\"inLanguage\":\"sv-SE\"},{\"@type\":\"Person\",\"@id\":\"https:\/\/www.budokampsport.se\/#\/schema\/person\/5c06d81d14850e2a8ce5493386560145\",\"name\":\"Jonathan Broberg\",\"image\":{\"@type\":\"ImageObject\",\"inLanguage\":\"sv-SE\",\"@id\":\"https:\/\/www.budokampsport.se\/#\/schema\/person\/image\/\",\"url\":\"https:\/\/secure.gravatar.com\/avatar\/a58041c6cea9128bd9c40ee2f26d4136?s=96&d=blank&r=g\",\"contentUrl\":\"https:\/\/secure.gravatar.com\/avatar\/a58041c6cea9128bd9c40ee2f26d4136?s=96&d=blank&r=g\",\"caption\":\"Jonathan Broberg\"},\"sameAs\":[\"https:\/\/www.facebook.com\/jonathan.broberg.7\"],\"url\":\"https:\/\/www.budokampsport.se\/author\/jonathan\/\"}]}<\/script>\n<!-- \/ Yoast SEO plugin. -->","yoast_head_json":{"title":"Succ\u00e9coacherna slutar i jujutsulandslaget - Svenska Budo &amp; Kampsportsf\u00f6rbundet","description":"Efter det fina svenska VM:et i Abu Dhabi v\u00e4ljer jujutsucoacherna Rob Haans och Martin Ingholt att kliva av landslaget. - Att ers\u00e4tta tv\u00e5 av de b\u00e4sta, jag \u00f6verdriver inte, coacherna i v\u00e4rlden i jujutsu \u00e4r ingen enkel uppgift, s\u00e4ger f\u00f6rbundskapten Michael Kuntz till budokampsport.se.","robots":{"index":"index","follow":"follow","max-snippet":"max-snippet:-1","max-image-preview":"max-image-preview:large","max-video-preview":"max-video-preview:-1"},"canonical":"https:\/\/www.budokampsport.se\/2019\/11\/26\/succecoacherna-slutar-i-jujutsulandslaget\/","og_locale":"sv_SE","og_type":"article","og_title":"Succ\u00e9coacherna slutar i jujutsulandslaget - Svenska Budo &amp; Kampsportsf\u00f6rbundet","og_description":"Efter det fina svenska VM:et i Abu Dhabi v\u00e4ljer jujutsucoacherna Rob Haans och Martin Ingholt att kliva av landslaget. - Att ers\u00e4tta tv\u00e5 av de b\u00e4sta, jag \u00f6verdriver inte, coacherna i v\u00e4rlden i jujutsu \u00e4r ingen enkel uppgift, s\u00e4ger f\u00f6rbundskapten Michael Kuntz till budokampsport.se.","og_url":"https:\/\/www.budokampsport.se\/2019\/11\/26\/succecoacherna-slutar-i-jujutsulandslaget\/","og_site_name":"Svenska Budo &amp; Kampsportsf\u00f6rbundet","article_author":"https:\/\/www.facebook.com\/jonathan.broberg.7","article_published_time":"2019-11-26T10:17:05+00:00","article_modified_time":"2019-11-26T10:17:07+00:00","og_image":[{"width":850,"height":502,"url":"https:\/\/www.budokampsport.se\/wp-content\/uploads\/2019\/11\/kuntz_martin_rob.jpg","type":"image\/jpeg"}],"author":"Jonathan Broberg","twitter_card":"summary_large_image","twitter_misc":{"Skriven av":"Jonathan Broberg","Ber\u00e4knad l\u00e4stid":"1 minut"},"schema":{"@context":"https:\/\/schema.org","@graph":[{"@type":"Article","@id":"https:\/\/www.budokampsport.se\/2019\/11\/26\/succecoacherna-slutar-i-jujutsulandslaget\/#article","isPartOf":{"@id":"https:\/\/www.budokampsport.se\/2019\/11\/26\/succecoacherna-slutar-i-jujutsulandslaget\/"},"author":{"name":"Jonathan Broberg","@id":"https:\/\/www.budokampsport.se\/#\/schema\/person\/5c06d81d14850e2a8ce5493386560145"},"headline":"Succ\u00e9coacherna slutar i jujutsulandslaget","datePublished":"2019-11-26T10:17:05+00:00","dateModified":"2019-11-26T10:17:07+00:00","mainEntityOfPage":{"@id":"https:\/\/www.budokampsport.se\/2019\/11\/26\/succecoacherna-slutar-i-jujutsulandslaget\/"},"wordCount":121,"commentCount":0,"image":{"@id":"https:\/\/www.budokampsport.se\/2019\/11\/26\/succecoacherna-slutar-i-jujutsulandslaget\/#primaryimage"},"thumbnailUrl":"https:\/\/www.budokampsport.se\/wp-content\/uploads\/2019\/11\/kuntz_martin_rob.jpg","inLanguage":"sv-SE","potentialAction":[{"@type":"CommentAction","name":"Comment","target":["https:\/\/www.budokampsport.se\/2019\/11\/26\/succecoacherna-slutar-i-jujutsulandslaget\/#respond"]}]},{"@type":"WebPage","@id":"https:\/\/www.budokampsport.se\/2019\/11\/26\/succecoacherna-slutar-i-jujutsulandslaget\/","url":"https:\/\/www.budokampsport.se\/2019\/11\/26\/succecoacherna-slutar-i-jujutsulandslaget\/","name":"Succ\u00e9coacherna slutar i jujutsulandslaget - Svenska Budo &amp; Kampsportsf\u00f6rbundet","isPartOf":{"@id":"https:\/\/www.budokampsport.se\/#website"},"primaryImageOfPage":{"@id":"https:\/\/www.budokampsport.se\/2019\/11\/26\/succecoacherna-slutar-i-jujutsulandslaget\/#primaryimage"},"image":{"@id":"https:\/\/www.budokampsport.se\/2019\/11\/26\/succecoacherna-slutar-i-jujutsulandslaget\/#primaryimage"},"thumbnailUrl":"https:\/\/www.budokampsport.se\/wp-content\/uploads\/2019\/11\/kuntz_martin_rob.jpg","datePublished":"2019-11-26T10:17:05+00:00","dateModified":"2019-11-26T10:17:07+00:00","author":{"@id":"https:\/\/www.budokampsport.se\/#\/schema\/person\/5c06d81d14850e2a8ce5493386560145"},"description":"Efter det fina svenska VM:et i Abu Dhabi v\u00e4ljer jujutsucoacherna Rob Haans och Martin Ingholt att kliva av landslaget. - Att ers\u00e4tta tv\u00e5 av de b\u00e4sta, jag \u00f6verdriver inte, coacherna i v\u00e4rlden i jujutsu \u00e4r ingen enkel uppgift, s\u00e4ger f\u00f6rbundskapten Michael Kuntz till budokampsport.se.","breadcrumb":{"@id":"https:\/\/www.budokampsport.se\/2019\/11\/26\/succecoacherna-slutar-i-jujutsulandslaget\/#breadcrumb"},"inLanguage":"sv-SE","potentialAction":[{"@type":"ReadAction","target":["https:\/\/www.budokampsport.se\/2019\/11\/26\/succecoacherna-slutar-i-jujutsulandslaget\/"]}]},{"@type":"ImageObject","inLanguage":"sv-SE","@id":"https:\/\/www.budokampsport.se\/2019\/11\/26\/succecoacherna-slutar-i-jujutsulandslaget\/#primaryimage","url":"https:\/\/www.budokampsport.se\/wp-content\/uploads\/2019\/11\/kuntz_martin_rob.jpg","contentUrl":"https:\/\/www.budokampsport.se\/wp-content\/uploads\/2019\/11\/kuntz_martin_rob.jpg","width":850,"height":502,"caption":"Foto: privat"},{"@type":"BreadcrumbList","@id":"https:\/\/www.budokampsport.se\/2019\/11\/26\/succecoacherna-slutar-i-jujutsulandslaget\/#breadcrumb","itemListElement":[{"@type":"ListItem","position":1,"name":"Hem","item":"https:\/\/www.budokampsport.se\/"},{"@type":"ListItem","position":2,"name":"Succ\u00e9coacherna slutar i jujutsulandslaget"}]},{"@type":"WebSite","@id":"https:\/\/www.budokampsport.se\/#website","url":"https:\/\/www.budokampsport.se\/","name":"Svenska Budo &amp; Kampsportsf\u00f6rbundet","description":"T\u00e4vling, Tr\u00e4ning, Tradition","potentialAction":[{"@type":"SearchAction","target":{"@type":"EntryPoint","urlTemplate":"https:\/\/www.budokampsport.se\/?s={search_term_string}"},"query-input":{"@type":"PropertyValueSpecification","valueRequired":true,"valueName":"search_term_string"}}],"inLanguage":"sv-SE"},{"@type":"Person","@id":"https:\/\/www.budokampsport.se\/#\/schema\/person\/5c06d81d14850e2a8ce5493386560145","name":"Jonathan Broberg","image":{"@type":"ImageObject","inLanguage":"sv-SE","@id":"https:\/\/www.budokampsport.se\/#\/schema\/person\/image\/","url":"https:\/\/secure.gravatar.com\/avatar\/a58041c6cea9128bd9c40ee2f26d4136?s=96&d=blank&r=g","contentUrl":"https:\/\/secure.gravatar.com\/avatar\/a58041c6cea9128bd9c40ee2f26d4136?s=96&d=blank&r=g","caption":"Jonathan Broberg"},"sameAs":["https:\/\/www.facebook.com\/jonathan.broberg.7"],"url":"https:\/\/www.budokampsport.se\/author\/jonathan\/"}]}},"_links":{"self":[{"href":"https:\/\/www.budokampsport.se\/api\/wp\/v2\/posts\/113749","targetHints":{"allow":["GET"]}}],"collection":[{"href":"https:\/\/www.budokampsport.se\/api\/wp\/v2\/posts"}],"about":[{"href":"https:\/\/www.budokampsport.se\/api\/wp\/v2\/types\/post"}],"author":[{"embeddable":true,"href":"https:\/\/www.budokampsport.se\/api\/wp\/v2\/users\/7"}],"replies":[{"embeddable":true,"href":"https:\/\/www.budokampsport.se\/api\/wp\/v2\/comments?post=113749"}],"version-history":[{"count":0,"href":"https:\/\/www.budokampsport.se\/api\/wp\/v2\/posts\/113749\/revisions"}],"wp:featuredmedia":[{"embeddable":true,"href":"https:\/\/www.budokampsport.se\/api\/wp\/v2\/media\/113750"}],"wp:attachment":[{"href":"https:\/\/www.budokampsport.se\/api\/wp\/v2\/media?parent=113749"}],"wp:term":[{"taxonomy":"category","embeddable":true,"href":"https:\/\/www.budokampsport.se\/api\/wp\/v2\/categories?post=113749"},{"taxonomy":"post_tag","embeddable":true,"href":"https:\/\/www.budokampsport.se\/api\/wp\/v2\/tags?post=113749"}],"curies":[{"name":"wp","href":"https:\/\/api.w.org\/{rel}","templated":true}]}}