{"id":113885,"date":"2019-11-28T15:46:36","date_gmt":"2019-11-28T14:46:36","guid":{"rendered":"https:\/\/www.budokampsport.se\/?p=113885"},"modified":"2019-11-28T15:46:37","modified_gmt":"2019-11-28T14:46:37","slug":"tack-for-allt-rob-haans","status":"publish","type":"post","link":"https:\/\/www.budokampsport.se\/2019\/11\/28\/tack-for-allt-rob-haans\/","title":{"rendered":"Tack f\u00f6r allt, Rob Haans"},"content":{"rendered":"\n<p>Jag minns att jag hade tagit min cykel till en strand i n\u00e4rheten av staden d\u00e4r sanden var lavasvart. D\u00e4r stod jag i dagsljuset och begrundande n\u00e4r m\u00f6rkret allt mer p\u00e5fallande kom f\u00f6r min blick. <span style=\"font-size: inherit;\">Det var p\u00e5 m\u00e5nga s\u00e4tt en fantastisk stund d\u00e4r och d\u00e5.\u00a0<\/span><\/p>\n<p>Det svenska novemberm\u00f6rkret \u00e4r emellertid n\u00e5got helt annat. Det h\u00e4r \u00e4r mycket djupare, r\u00e5are och k\u00e4nns p\u00e5 n\u00e5got s\u00e4tt som att l\u00e4gga sig till s\u00f6mns i en s\u00e4ng som inte varit b\u00e4ddad under dagen.<\/p>\n\n\n\n<h2 class=\"wp-block-heading\">V\u00e4lkomnar Kung Bore &#8211; och tar farv\u00e4l av Rob Haans<\/h2>\n\n\n\n<p>Det beh\u00f6vs sannerligen ljusglimtar f\u00f6r att inte tr\u00f6ttna nu. <br \/>Det s\u00e4gs att ett sn\u00f6fall \u00e4r p\u00e5 ing\u00e5ng \u00f6ver huvudstaden, och \u00e4ven om jag aldrig varit n\u00e5gon stor supporter av Kung Bore f\u00e5r det faktiskt g\u00e4rna sn\u00f6a nu. Om inte annat f\u00f6r ljusets skull.<\/p>\n<p>Ig\u00e5r var jag och min sambo Sara p\u00e5 \u00e5rets f\u00f6rsta julmarknad och \u00e5t v\u00e5fflor med hjortronsylt och drack gl\u00f6gg. Det var som att \u00e5terse en god v\u00e4n och f\u00e5 ett varmt leende tillbaka. Jag gillar, f\u00f6rresten, n\u00e4r Sara ler mot mig. Det tr\u00f6ttnar jag aldrig p\u00e5.<\/p>\n<p>Vad har d\u00e5 detta med Rob Haans att g\u00f6ra. <br \/>Inte ett skvatt.<br \/>Men han l\u00e4mnar landslaget i jujutsu efter nio guldkantade \u00e5r.<br \/>Och kanske har han varit solrosen som fortfarande st\u00e5r pall n\u00e4r h\u00f6sten tr\u00e4ngt sig p\u00e5.<\/p>\n<p>Den varme holl\u00e4ndaren med den s\u00e4regna coachstilen har verkligen n\u00e5tt en slags kultstatus, n\u00e4stan. Och tacka f\u00f6r det. <br \/>Haans \u00e4r en orsak till att svensk jujutsu upplevt sin st\u00f6rsta guld\u00e5lder sedan \u2013 ja, jag vet inte n\u00e4r. Symptomatiskt blev hans sista coachg\u00e4rning \u00f6verhuvudtaget Fredrik Widgrens redan klassiska finalmatch mot fransmannen Kunsa.<br \/>Vi vet alla hur det slutade.<\/p>\n\n\n\n<h2 class=\"wp-block-heading\">&#8220;<em>samtidigt tror vi att f\u00f6r att vi ska kunna lyfta svensk jujutsu beh\u00f6ver vi f\u00e5 in lite nya perspektiv och tankar<\/em>&#8221; <\/h2>\n\n\n\n<p>Jag sj\u00e4lv minns n\u00e4r Michael Kuntz, f\u00f6rbundskaptenen, meddelade mig att landslaget hade plockat in Rob Haans, den d\u00e5 sj\u00e4lv trefaldige v\u00e4rldsm\u00e4staren. Det h\u00e4r var i april 2011. S\u00e5 h\u00e4r sade Michael Kuntz till v\u00e5r hemsida d\u00e5 om det som undertecknad kallade f\u00f6r \u201dsuperv\u00e4rvning\u201d.<br \/><em>&#8220;- Vi har haft kontakt under en l\u00e4ngre tid med Rob. Det \u00e4r en v\u00e4ldigt trevlig och \u00f6dmjuk kille, med en enorm kunskap och status.<\/em><br \/><em>&#8211; Haans \u00e4r v\u00e4l inf\u00f6rst\u00e5dd med den svenska kulturen, men samtidigt tror vi att f\u00f6r att vi ska kunna lyfta svensk jujutsu beh\u00f6ver vi f\u00e5 in lite nya perspektiv och tankar. Rob kommer att ge oss det \u2013 och mycket mer.&#8221;, sade Kuntz d\u00e5.<\/em><\/p>\n<p>Man kan ju inte direkt p\u00e5st\u00e5 att han var fel ute. Tv\u00e4rtom.<br \/>Haans har verkligen bidragit med b\u00e5de hj\u00e4rta, kunskap och ett engagemang som egentligen bara kunde sluta i den succ\u00e9 vi har f\u00e5tt uppleva.<\/p>\n<p>Under mina \u00e5r i f\u00f6rbundet har jag l\u00e4rt mig att bli lite mer h\u00e5rdhudad n\u00e4r det kommer till farv\u00e4l. Ty, m\u00e5nga \u00e4r de nu, profilerna, som tackat f\u00f6r sig och som har l\u00e4mnat \u00f6ver till nya profiler.<\/p>\n\n\n\n<h2 class=\"wp-block-heading\">Tiggde till sig min orangea slips <\/h2>\n\n\n\n<p>Men vissa, som Rob Haans, kommer att ha en speciell plats kvar hos mig. <br \/>Inte enbart f\u00f6r att han lyckades tigga till sig min orangea slips jag hade p\u00e5 mig under Kampsportsgalan 2014.<br \/>Rob Haans \u00e4r redan saknad.<br \/>Som jag ocks\u00e5 saknar den d\u00e4r stunden p\u00e5 lavastranden vid Reykjaviks barm.<\/p>\n<p>Jag kommer ocks\u00e5 att sakna Martin Ingholt i landslaget, som ocks\u00e5 l\u00e4mnar sitt uppdrag. Lite m\u00e4rkligt sammantr\u00e4ffande \u00e4r ju i allt detta att Rob Haans faktiskt eftertr\u00e4dde just Ingholt 2011.<\/p>\n<p>Martin \u00e4r en otroligt varm personlighet med stort jujutsuhj\u00e4rta och hans g\u00e4rningar har ocks\u00e5 i h\u00f6gsta grad varit betydande f\u00f6r svensk jujutsus utveckling p\u00e5 senare tid.<br \/><br \/>Foto: Hamid Ershad Sarabi<\/p>\n","protected":false},"excerpt":{"rendered":"<p>Det var senh\u00f6sten 2005 som jag uppt\u00e4ckte charmen med m\u00f6rker p\u00e5 riktigt. Jag bodde n\u00e4rmare ett \u00e5r i Reykjavik och ingen hade direkt sagt till att ljuset d\u00e4r under senh\u00f6sten varade i kanske en timme.<\/p><br>","protected":false},"author":7,"featured_media":36105,"comment_status":"open","ping_status":"open","sticky":false,"template":"","format":"standard","meta":{"_acf_changed":false,"footnotes":""},"categories":[179],"tags":[],"class_list":["post-113885","post","type-post","status-publish","format-standard","has-post-thumbnail","hentry","category-kronika"],"acf":[],"yoast_head":"<!-- This site is optimized with the Yoast SEO plugin v26.8 - https:\/\/yoast.com\/product\/yoast-seo-wordpress\/ -->\n<title>Tack f\u00f6r allt, Rob Haans - Svenska Budo &amp; Kampsportsf\u00f6rbundet<\/title>\n<meta name=\"description\" content=\"Det var senh\u00f6sten 2005 som jag uppt\u00e4ckte charmen med m\u00f6rker p\u00e5 riktigt. Jag bodde n\u00e4rmare ett \u00e5r i Reykjavik och ingen hade direkt sagt till att ljuset d\u00e4r under senh\u00f6sten varade i kanske en timme.\" \/>\n<meta name=\"robots\" content=\"index, follow, max-snippet:-1, max-image-preview:large, max-video-preview:-1\" \/>\n<link rel=\"canonical\" href=\"https:\/\/www.budokampsport.se\/2019\/11\/28\/tack-for-allt-rob-haans\/\" \/>\n<meta property=\"og:locale\" content=\"sv_SE\" \/>\n<meta property=\"og:type\" content=\"article\" \/>\n<meta property=\"og:title\" content=\"Tack f\u00f6r allt, Rob Haans - Svenska Budo &amp; Kampsportsf\u00f6rbundet\" \/>\n<meta property=\"og:description\" content=\"Det var senh\u00f6sten 2005 som jag uppt\u00e4ckte charmen med m\u00f6rker p\u00e5 riktigt. Jag bodde n\u00e4rmare ett \u00e5r i Reykjavik och ingen hade direkt sagt till att ljuset d\u00e4r under senh\u00f6sten varade i kanske en timme.\" \/>\n<meta property=\"og:url\" content=\"https:\/\/www.budokampsport.se\/2019\/11\/28\/tack-for-allt-rob-haans\/\" \/>\n<meta property=\"og:site_name\" content=\"Svenska Budo &amp; Kampsportsf\u00f6rbundet\" \/>\n<meta property=\"article:author\" content=\"https:\/\/www.facebook.com\/jonathan.broberg.7\" \/>\n<meta property=\"article:published_time\" content=\"2019-11-28T14:46:36+00:00\" \/>\n<meta property=\"article:modified_time\" content=\"2019-11-28T14:46:37+00:00\" \/>\n<meta property=\"og:image\" content=\"https:\/\/www.budokampsport.se\/wp-content\/uploads\/2016\/12\/jonathan.broberg-1.jpg\" \/>\n\t<meta property=\"og:image:width\" content=\"850\" \/>\n\t<meta property=\"og:image:height\" content=\"500\" \/>\n\t<meta property=\"og:image:type\" content=\"image\/jpeg\" \/>\n<meta name=\"author\" content=\"Jonathan Broberg\" \/>\n<meta name=\"twitter:card\" content=\"summary_large_image\" \/>\n<meta name=\"twitter:label1\" content=\"Skriven av\" \/>\n\t<meta name=\"twitter:data1\" content=\"Jonathan Broberg\" \/>\n\t<meta name=\"twitter:label2\" content=\"Ber\u00e4knad l\u00e4stid\" \/>\n\t<meta name=\"twitter:data2\" content=\"3 minuter\" \/>\n<script type=\"application\/ld+json\" class=\"yoast-schema-graph\">{\"@context\":\"https:\/\/schema.org\",\"@graph\":[{\"@type\":\"Article\",\"@id\":\"https:\/\/www.budokampsport.se\/2019\/11\/28\/tack-for-allt-rob-haans\/#article\",\"isPartOf\":{\"@id\":\"https:\/\/www.budokampsport.se\/2019\/11\/28\/tack-for-allt-rob-haans\/\"},\"author\":{\"name\":\"Jonathan Broberg\",\"@id\":\"https:\/\/www.budokampsport.se\/#\/schema\/person\/5c06d81d14850e2a8ce5493386560145\"},\"headline\":\"Tack f\u00f6r allt, Rob Haans\",\"datePublished\":\"2019-11-28T14:46:36+00:00\",\"dateModified\":\"2019-11-28T14:46:37+00:00\",\"mainEntityOfPage\":{\"@id\":\"https:\/\/www.budokampsport.se\/2019\/11\/28\/tack-for-allt-rob-haans\/\"},\"wordCount\":695,\"commentCount\":0,\"image\":{\"@id\":\"https:\/\/www.budokampsport.se\/2019\/11\/28\/tack-for-allt-rob-haans\/#primaryimage\"},\"thumbnailUrl\":\"https:\/\/www.budokampsport.se\/wp-content\/uploads\/2016\/12\/jonathan.broberg-1.jpg\",\"articleSection\":[\"Kr\u00f6nika\"],\"inLanguage\":\"sv-SE\",\"potentialAction\":[{\"@type\":\"CommentAction\",\"name\":\"Comment\",\"target\":[\"https:\/\/www.budokampsport.se\/2019\/11\/28\/tack-for-allt-rob-haans\/#respond\"]}]},{\"@type\":\"WebPage\",\"@id\":\"https:\/\/www.budokampsport.se\/2019\/11\/28\/tack-for-allt-rob-haans\/\",\"url\":\"https:\/\/www.budokampsport.se\/2019\/11\/28\/tack-for-allt-rob-haans\/\",\"name\":\"Tack f\u00f6r allt, Rob Haans - Svenska Budo &amp; Kampsportsf\u00f6rbundet\",\"isPartOf\":{\"@id\":\"https:\/\/www.budokampsport.se\/#website\"},\"primaryImageOfPage\":{\"@id\":\"https:\/\/www.budokampsport.se\/2019\/11\/28\/tack-for-allt-rob-haans\/#primaryimage\"},\"image\":{\"@id\":\"https:\/\/www.budokampsport.se\/2019\/11\/28\/tack-for-allt-rob-haans\/#primaryimage\"},\"thumbnailUrl\":\"https:\/\/www.budokampsport.se\/wp-content\/uploads\/2016\/12\/jonathan.broberg-1.jpg\",\"datePublished\":\"2019-11-28T14:46:36+00:00\",\"dateModified\":\"2019-11-28T14:46:37+00:00\",\"author\":{\"@id\":\"https:\/\/www.budokampsport.se\/#\/schema\/person\/5c06d81d14850e2a8ce5493386560145\"},\"description\":\"Det var senh\u00f6sten 2005 som jag uppt\u00e4ckte charmen med m\u00f6rker p\u00e5 riktigt. Jag bodde n\u00e4rmare ett \u00e5r i Reykjavik och ingen hade direkt sagt till att ljuset d\u00e4r under senh\u00f6sten varade i kanske en timme.\",\"breadcrumb\":{\"@id\":\"https:\/\/www.budokampsport.se\/2019\/11\/28\/tack-for-allt-rob-haans\/#breadcrumb\"},\"inLanguage\":\"sv-SE\",\"potentialAction\":[{\"@type\":\"ReadAction\",\"target\":[\"https:\/\/www.budokampsport.se\/2019\/11\/28\/tack-for-allt-rob-haans\/\"]}]},{\"@type\":\"ImageObject\",\"inLanguage\":\"sv-SE\",\"@id\":\"https:\/\/www.budokampsport.se\/2019\/11\/28\/tack-for-allt-rob-haans\/#primaryimage\",\"url\":\"https:\/\/www.budokampsport.se\/wp-content\/uploads\/2016\/12\/jonathan.broberg-1.jpg\",\"contentUrl\":\"https:\/\/www.budokampsport.se\/wp-content\/uploads\/2016\/12\/jonathan.broberg-1.jpg\",\"width\":850,\"height\":500,\"caption\":\"Foto: Hamid Ershad Sarabi\"},{\"@type\":\"BreadcrumbList\",\"@id\":\"https:\/\/www.budokampsport.se\/2019\/11\/28\/tack-for-allt-rob-haans\/#breadcrumb\",\"itemListElement\":[{\"@type\":\"ListItem\",\"position\":1,\"name\":\"Hem\",\"item\":\"https:\/\/www.budokampsport.se\/\"},{\"@type\":\"ListItem\",\"position\":2,\"name\":\"Tack f\u00f6r allt, Rob Haans\"}]},{\"@type\":\"WebSite\",\"@id\":\"https:\/\/www.budokampsport.se\/#website\",\"url\":\"https:\/\/www.budokampsport.se\/\",\"name\":\"Svenska Budo &amp; Kampsportsf\u00f6rbundet\",\"description\":\"T\u00e4vling, Tr\u00e4ning, Tradition\",\"potentialAction\":[{\"@type\":\"SearchAction\",\"target\":{\"@type\":\"EntryPoint\",\"urlTemplate\":\"https:\/\/www.budokampsport.se\/?s={search_term_string}\"},\"query-input\":{\"@type\":\"PropertyValueSpecification\",\"valueRequired\":true,\"valueName\":\"search_term_string\"}}],\"inLanguage\":\"sv-SE\"},{\"@type\":\"Person\",\"@id\":\"https:\/\/www.budokampsport.se\/#\/schema\/person\/5c06d81d14850e2a8ce5493386560145\",\"name\":\"Jonathan Broberg\",\"image\":{\"@type\":\"ImageObject\",\"inLanguage\":\"sv-SE\",\"@id\":\"https:\/\/www.budokampsport.se\/#\/schema\/person\/image\/\",\"url\":\"https:\/\/secure.gravatar.com\/avatar\/a58041c6cea9128bd9c40ee2f26d4136?s=96&d=blank&r=g\",\"contentUrl\":\"https:\/\/secure.gravatar.com\/avatar\/a58041c6cea9128bd9c40ee2f26d4136?s=96&d=blank&r=g\",\"caption\":\"Jonathan Broberg\"},\"sameAs\":[\"https:\/\/www.facebook.com\/jonathan.broberg.7\"],\"url\":\"https:\/\/www.budokampsport.se\/author\/jonathan\/\"}]}<\/script>\n<!-- \/ Yoast SEO plugin. -->","yoast_head_json":{"title":"Tack f\u00f6r allt, Rob Haans - Svenska Budo &amp; Kampsportsf\u00f6rbundet","description":"Det var senh\u00f6sten 2005 som jag uppt\u00e4ckte charmen med m\u00f6rker p\u00e5 riktigt. Jag bodde n\u00e4rmare ett \u00e5r i Reykjavik och ingen hade direkt sagt till att ljuset d\u00e4r under senh\u00f6sten varade i kanske en timme.","robots":{"index":"index","follow":"follow","max-snippet":"max-snippet:-1","max-image-preview":"max-image-preview:large","max-video-preview":"max-video-preview:-1"},"canonical":"https:\/\/www.budokampsport.se\/2019\/11\/28\/tack-for-allt-rob-haans\/","og_locale":"sv_SE","og_type":"article","og_title":"Tack f\u00f6r allt, Rob Haans - Svenska Budo &amp; Kampsportsf\u00f6rbundet","og_description":"Det var senh\u00f6sten 2005 som jag uppt\u00e4ckte charmen med m\u00f6rker p\u00e5 riktigt. Jag bodde n\u00e4rmare ett \u00e5r i Reykjavik och ingen hade direkt sagt till att ljuset d\u00e4r under senh\u00f6sten varade i kanske en timme.","og_url":"https:\/\/www.budokampsport.se\/2019\/11\/28\/tack-for-allt-rob-haans\/","og_site_name":"Svenska Budo &amp; Kampsportsf\u00f6rbundet","article_author":"https:\/\/www.facebook.com\/jonathan.broberg.7","article_published_time":"2019-11-28T14:46:36+00:00","article_modified_time":"2019-11-28T14:46:37+00:00","og_image":[{"width":850,"height":500,"url":"https:\/\/www.budokampsport.se\/wp-content\/uploads\/2016\/12\/jonathan.broberg-1.jpg","type":"image\/jpeg"}],"author":"Jonathan Broberg","twitter_card":"summary_large_image","twitter_misc":{"Skriven av":"Jonathan Broberg","Ber\u00e4knad l\u00e4stid":"3 minuter"},"schema":{"@context":"https:\/\/schema.org","@graph":[{"@type":"Article","@id":"https:\/\/www.budokampsport.se\/2019\/11\/28\/tack-for-allt-rob-haans\/#article","isPartOf":{"@id":"https:\/\/www.budokampsport.se\/2019\/11\/28\/tack-for-allt-rob-haans\/"},"author":{"name":"Jonathan Broberg","@id":"https:\/\/www.budokampsport.se\/#\/schema\/person\/5c06d81d14850e2a8ce5493386560145"},"headline":"Tack f\u00f6r allt, Rob Haans","datePublished":"2019-11-28T14:46:36+00:00","dateModified":"2019-11-28T14:46:37+00:00","mainEntityOfPage":{"@id":"https:\/\/www.budokampsport.se\/2019\/11\/28\/tack-for-allt-rob-haans\/"},"wordCount":695,"commentCount":0,"image":{"@id":"https:\/\/www.budokampsport.se\/2019\/11\/28\/tack-for-allt-rob-haans\/#primaryimage"},"thumbnailUrl":"https:\/\/www.budokampsport.se\/wp-content\/uploads\/2016\/12\/jonathan.broberg-1.jpg","articleSection":["Kr\u00f6nika"],"inLanguage":"sv-SE","potentialAction":[{"@type":"CommentAction","name":"Comment","target":["https:\/\/www.budokampsport.se\/2019\/11\/28\/tack-for-allt-rob-haans\/#respond"]}]},{"@type":"WebPage","@id":"https:\/\/www.budokampsport.se\/2019\/11\/28\/tack-for-allt-rob-haans\/","url":"https:\/\/www.budokampsport.se\/2019\/11\/28\/tack-for-allt-rob-haans\/","name":"Tack f\u00f6r allt, Rob Haans - Svenska Budo &amp; Kampsportsf\u00f6rbundet","isPartOf":{"@id":"https:\/\/www.budokampsport.se\/#website"},"primaryImageOfPage":{"@id":"https:\/\/www.budokampsport.se\/2019\/11\/28\/tack-for-allt-rob-haans\/#primaryimage"},"image":{"@id":"https:\/\/www.budokampsport.se\/2019\/11\/28\/tack-for-allt-rob-haans\/#primaryimage"},"thumbnailUrl":"https:\/\/www.budokampsport.se\/wp-content\/uploads\/2016\/12\/jonathan.broberg-1.jpg","datePublished":"2019-11-28T14:46:36+00:00","dateModified":"2019-11-28T14:46:37+00:00","author":{"@id":"https:\/\/www.budokampsport.se\/#\/schema\/person\/5c06d81d14850e2a8ce5493386560145"},"description":"Det var senh\u00f6sten 2005 som jag uppt\u00e4ckte charmen med m\u00f6rker p\u00e5 riktigt. Jag bodde n\u00e4rmare ett \u00e5r i Reykjavik och ingen hade direkt sagt till att ljuset d\u00e4r under senh\u00f6sten varade i kanske en timme.","breadcrumb":{"@id":"https:\/\/www.budokampsport.se\/2019\/11\/28\/tack-for-allt-rob-haans\/#breadcrumb"},"inLanguage":"sv-SE","potentialAction":[{"@type":"ReadAction","target":["https:\/\/www.budokampsport.se\/2019\/11\/28\/tack-for-allt-rob-haans\/"]}]},{"@type":"ImageObject","inLanguage":"sv-SE","@id":"https:\/\/www.budokampsport.se\/2019\/11\/28\/tack-for-allt-rob-haans\/#primaryimage","url":"https:\/\/www.budokampsport.se\/wp-content\/uploads\/2016\/12\/jonathan.broberg-1.jpg","contentUrl":"https:\/\/www.budokampsport.se\/wp-content\/uploads\/2016\/12\/jonathan.broberg-1.jpg","width":850,"height":500,"caption":"Foto: Hamid Ershad Sarabi"},{"@type":"BreadcrumbList","@id":"https:\/\/www.budokampsport.se\/2019\/11\/28\/tack-for-allt-rob-haans\/#breadcrumb","itemListElement":[{"@type":"ListItem","position":1,"name":"Hem","item":"https:\/\/www.budokampsport.se\/"},{"@type":"ListItem","position":2,"name":"Tack f\u00f6r allt, Rob Haans"}]},{"@type":"WebSite","@id":"https:\/\/www.budokampsport.se\/#website","url":"https:\/\/www.budokampsport.se\/","name":"Svenska Budo &amp; Kampsportsf\u00f6rbundet","description":"T\u00e4vling, Tr\u00e4ning, Tradition","potentialAction":[{"@type":"SearchAction","target":{"@type":"EntryPoint","urlTemplate":"https:\/\/www.budokampsport.se\/?s={search_term_string}"},"query-input":{"@type":"PropertyValueSpecification","valueRequired":true,"valueName":"search_term_string"}}],"inLanguage":"sv-SE"},{"@type":"Person","@id":"https:\/\/www.budokampsport.se\/#\/schema\/person\/5c06d81d14850e2a8ce5493386560145","name":"Jonathan Broberg","image":{"@type":"ImageObject","inLanguage":"sv-SE","@id":"https:\/\/www.budokampsport.se\/#\/schema\/person\/image\/","url":"https:\/\/secure.gravatar.com\/avatar\/a58041c6cea9128bd9c40ee2f26d4136?s=96&d=blank&r=g","contentUrl":"https:\/\/secure.gravatar.com\/avatar\/a58041c6cea9128bd9c40ee2f26d4136?s=96&d=blank&r=g","caption":"Jonathan Broberg"},"sameAs":["https:\/\/www.facebook.com\/jonathan.broberg.7"],"url":"https:\/\/www.budokampsport.se\/author\/jonathan\/"}]}},"_links":{"self":[{"href":"https:\/\/www.budokampsport.se\/api\/wp\/v2\/posts\/113885","targetHints":{"allow":["GET"]}}],"collection":[{"href":"https:\/\/www.budokampsport.se\/api\/wp\/v2\/posts"}],"about":[{"href":"https:\/\/www.budokampsport.se\/api\/wp\/v2\/types\/post"}],"author":[{"embeddable":true,"href":"https:\/\/www.budokampsport.se\/api\/wp\/v2\/users\/7"}],"replies":[{"embeddable":true,"href":"https:\/\/www.budokampsport.se\/api\/wp\/v2\/comments?post=113885"}],"version-history":[{"count":0,"href":"https:\/\/www.budokampsport.se\/api\/wp\/v2\/posts\/113885\/revisions"}],"wp:featuredmedia":[{"embeddable":true,"href":"https:\/\/www.budokampsport.se\/api\/wp\/v2\/media\/36105"}],"wp:attachment":[{"href":"https:\/\/www.budokampsport.se\/api\/wp\/v2\/media?parent=113885"}],"wp:term":[{"taxonomy":"category","embeddable":true,"href":"https:\/\/www.budokampsport.se\/api\/wp\/v2\/categories?post=113885"},{"taxonomy":"post_tag","embeddable":true,"href":"https:\/\/www.budokampsport.se\/api\/wp\/v2\/tags?post=113885"}],"curies":[{"name":"wp","href":"https:\/\/api.w.org\/{rel}","templated":true}]}}