{"id":115618,"date":"2019-12-17T14:28:51","date_gmt":"2019-12-17T13:28:51","guid":{"rendered":"https:\/\/www.budokampsport.se\/?p=115618"},"modified":"2024-07-26T12:00:27","modified_gmt":"2024-07-26T10:00:27","slug":"sbk-startar-stort-jamstalldhetsprojekt","status":"publish","type":"post","link":"https:\/\/www.budokampsport.se\/2019\/12\/17\/sbk-startar-stort-jamstalldhetsprojekt\/","title":{"rendered":"SB&#038;K startar stort j\u00e4mst\u00e4lldhetsprojekt"},"content":{"rendered":"<p>Under h\u00f6sten har Svenska Budo &amp; Kampsportsf\u00f6rbundet s\u00f6kt, och f\u00e5tt ekonomiskt st\u00f6d, f\u00f6r ett stort j\u00e4mst\u00e4lldhetsprojekt.<\/p>\n<p>Projektet kommer g\u00e5 under namnet \u201d60-40. P\u00e5 riktigt.\u201d och g\u00e5r i stora drag ut p\u00e5 att svara upp mot idrottens gemensamma strategim\u00e5l f\u00f6r 2025, om just j\u00e4mst\u00e4lldhet.<br \/>\n&#8211; Det ska bli v\u00e4ldigt sp\u00e4nnande och det \u00e4r ett viktigt arbete som v\u00e4ntar. Budo &amp; Kampsportsf\u00f6rbundet g\u00f6r sin f\u00f6rsta stora j\u00e4mst\u00e4lldhetssatsning genom &#8220;60-40. P\u00e5 riktigt.&#8221; och det k\u00e4nns hedrande att f\u00e5 vara med och utforma uppl\u00e4gg och genomf\u00f6rande. Jag tror att det \u00e4r helt r\u00e4tt tid f\u00f6r f\u00f6rbundet att f\u00f6rs\u00f6ka skapa strukturell f\u00f6r\u00e4ndring och ett klimat d\u00e4r alla som vill kan vara med och bidra i arbetet. J\u00e4mst\u00e4lldhet \u00e4r n\u00e5got vi skapar tillsammans &#8211; det \u00e4r inget som bara uppst\u00e5r av sig sj\u00e4lvt.<\/p>\n<p><strong>\u201dR\u00e5dgivare och bollplank\u201d<\/strong><br \/>\nSara kommer att projektleda under titeln j\u00e4mst\u00e4lldhetsstrateg.<br \/>\n&#8211; Det inneb\u00e4r att\u00a0leda, utveckla, f\u00f6lja upp och samordna det j\u00e4mst\u00e4lldhetsarbete som nu ska ske inom ramen f\u00f6r &#8220;60-40. P\u00e5 riktigt.&#8221;. Jag kommer till exempel att planera och leda arbetet kring den kartl\u00e4ggning som ska g\u00f6ras och de utbildningsinsatser vi utifr\u00e5n den ser beh\u00f6ver ske. Jag fungerar ocks\u00e5 som r\u00e5dgivare och bollplank.<\/p>\n<p>Hon \u00e4r i grunden statsvetare med genusvetenskap och m\u00e4nskliga r\u00e4ttigheter som inriktning, och kommer senast fr\u00e5n jobb hos Riksidrottsf\u00f6rbundet.<br \/>\n&#8211; Sedan n\u00e5gra \u00e5r tillbaka driver jag ett eget f\u00f6retag och har arbetat inom flera branscher och sektorer med j\u00e4mst\u00e4lldhet och ledarskap, till exempel inom musik- och evenemangsbranschen, kultursf\u00e4ren, ideell sektor och de senaste \u00e5ren inom idrotten. Fr\u00e5n idrotten kommer jag senast fr\u00e5n Riksidrottsf\u00f6rbundet d\u00e4r jag projektlett deras j\u00e4mst\u00e4lldhetssatsning <em>Det intensifierade j\u00e4mst\u00e4lldhetsarbetet<\/em>.<\/p>\n<p>Sara ansluter till SB&amp;K och projektet efter julledigheten, d\u00e5 arbetet sedan tar form.<br \/>\n&#8211; N\u00e4r vi drar ig\u00e5ng i januari kommer det att tills\u00e4ttas en arbetsgrupp som jag jobbar tillsammans med i hela projektet. S\u00e5 vi ska gemensamt s\u00e4tta upp ramar, m\u00e5ls\u00e4ttning och l\u00e4ra k\u00e4nna varandra &#8211; det ser jag fram emot! Sedan \u00e4r det bara att kavla upp \u00e4rmarna och s\u00e4tta ig\u00e5ng.<\/p>\n<p><strong>\u201dEtt historiskt \u00f6gonblick\u201d<\/strong><br \/>\nSB&amp;K:s generalsektrerare Mona Lundkvist om projektet och rekryteringen av Sara Wiggberg.<br \/>\n&#8211; Det k\u00e4nns som ett historiskt \u00f6gonblick att vi genomf\u00f6r detta projekt, det \u00e4r nu det h\u00e4nder \u2013 p\u00e5 riktigt. Det k\u00e4nns klockrent att vi lyckats rekrytera Sara Wiggberg som senast kommer fr\u00e5n RF d\u00e4r hon arbetat med just dessa fr\u00e5gor under tv\u00e5 \u00e5rs tid.<\/p>\n<p>Text och foto: Jonathan Broberg<\/p>\n","protected":false},"excerpt":{"rendered":"<p>Det \u00e4r nu klart att Svenska Budo &#038; Kampsportsf\u00f6rbundet startar j\u00e4mst\u00e4lldhetsprojektet \u201d60-40. P\u00e5 riktigt.\u201d Till det har j\u00e4mst\u00e4lldhetsstrategen Sara Wiggberg kontrakterats.<br \/><br>&#8211; Det ska bli v\u00e4ldigt sp\u00e4nnande och det \u00e4r ett viktigt arbet\u200be som v\u00e4ntar, s\u00e4ger hon till budokampsport.se.<\/p><br>","protected":false},"author":7,"featured_media":115619,"comment_status":"open","ping_status":"open","sticky":false,"template":"","format":"standard","meta":{"_acf_changed":false,"footnotes":""},"categories":[581,512,531],"tags":[],"class_list":["post-115618","post","type-post","status-publish","format-standard","has-post-thumbnail","hentry","category-50-50-pa-riktigt","category-jamstalldhet","category-sbk-2"],"acf":[],"yoast_head":"<!-- This site is optimized with the Yoast SEO plugin v26.8 - https:\/\/yoast.com\/product\/yoast-seo-wordpress\/ -->\n<title>SB&amp;K startar stort j\u00e4mst\u00e4lldhetsprojekt - Svenska Budo &amp; Kampsportsf\u00f6rbundet<\/title>\n<meta name=\"description\" content=\"Det \u00e4r nu klart att Svenska Budo &amp; Kampsportsf\u00f6rbundet startar j\u00e4mst\u00e4lldhetsprojektet \u201d60-40. P\u00e5 riktigt.\u201d Till det har j\u00e4mst\u00e4lldhetsstrategen Sara Wiggberg kontrakterats. - Det ska bli v\u00e4ldigt sp\u00e4nnande och det \u00e4r ett viktigt arbet\u200be som v\u00e4ntar, s\u00e4ger hon till budokampsport.se.\" \/>\n<meta name=\"robots\" content=\"index, follow, max-snippet:-1, max-image-preview:large, max-video-preview:-1\" \/>\n<link rel=\"canonical\" href=\"https:\/\/www.budokampsport.se\/2019\/12\/17\/sbk-startar-stort-jamstalldhetsprojekt\/\" \/>\n<meta property=\"og:locale\" content=\"sv_SE\" \/>\n<meta property=\"og:type\" content=\"article\" \/>\n<meta property=\"og:title\" content=\"SB&amp;K startar stort j\u00e4mst\u00e4lldhetsprojekt - Svenska Budo &amp; Kampsportsf\u00f6rbundet\" \/>\n<meta property=\"og:description\" content=\"Det \u00e4r nu klart att Svenska Budo &amp; Kampsportsf\u00f6rbundet startar j\u00e4mst\u00e4lldhetsprojektet \u201d60-40. P\u00e5 riktigt.\u201d Till det har j\u00e4mst\u00e4lldhetsstrategen Sara Wiggberg kontrakterats. - Det ska bli v\u00e4ldigt sp\u00e4nnande och det \u00e4r ett viktigt arbet\u200be som v\u00e4ntar, s\u00e4ger hon till budokampsport.se.\" \/>\n<meta property=\"og:url\" content=\"https:\/\/www.budokampsport.se\/2019\/12\/17\/sbk-startar-stort-jamstalldhetsprojekt\/\" \/>\n<meta property=\"og:site_name\" content=\"Svenska Budo &amp; Kampsportsf\u00f6rbundet\" \/>\n<meta property=\"article:author\" content=\"https:\/\/www.facebook.com\/jonathan.broberg.7\" \/>\n<meta property=\"article:published_time\" content=\"2019-12-17T13:28:51+00:00\" \/>\n<meta property=\"article:modified_time\" content=\"2024-07-26T10:00:27+00:00\" \/>\n<meta property=\"og:image\" content=\"https:\/\/www.budokampsport.se\/wp-content\/uploads\/2019\/12\/Sara_Wiggberg.jpg\" \/>\n\t<meta property=\"og:image:width\" content=\"850\" \/>\n\t<meta property=\"og:image:height\" content=\"567\" \/>\n\t<meta property=\"og:image:type\" content=\"image\/jpeg\" \/>\n<meta name=\"author\" content=\"Jonathan Broberg\" \/>\n<meta name=\"twitter:card\" content=\"summary_large_image\" \/>\n<meta name=\"twitter:label1\" content=\"Skriven av\" \/>\n\t<meta name=\"twitter:data1\" content=\"Jonathan Broberg\" \/>\n\t<meta name=\"twitter:label2\" content=\"Ber\u00e4knad l\u00e4stid\" \/>\n\t<meta name=\"twitter:data2\" content=\"3 minuter\" \/>\n<script type=\"application\/ld+json\" class=\"yoast-schema-graph\">{\"@context\":\"https:\/\/schema.org\",\"@graph\":[{\"@type\":\"Article\",\"@id\":\"https:\/\/www.budokampsport.se\/2019\/12\/17\/sbk-startar-stort-jamstalldhetsprojekt\/#article\",\"isPartOf\":{\"@id\":\"https:\/\/www.budokampsport.se\/2019\/12\/17\/sbk-startar-stort-jamstalldhetsprojekt\/\"},\"author\":{\"name\":\"Jonathan Broberg\",\"@id\":\"https:\/\/www.budokampsport.se\/#\/schema\/person\/5c06d81d14850e2a8ce5493386560145\"},\"headline\":\"SB&#038;K startar stort j\u00e4mst\u00e4lldhetsprojekt\",\"datePublished\":\"2019-12-17T13:28:51+00:00\",\"dateModified\":\"2024-07-26T10:00:27+00:00\",\"mainEntityOfPage\":{\"@id\":\"https:\/\/www.budokampsport.se\/2019\/12\/17\/sbk-startar-stort-jamstalldhetsprojekt\/\"},\"wordCount\":482,\"commentCount\":0,\"image\":{\"@id\":\"https:\/\/www.budokampsport.se\/2019\/12\/17\/sbk-startar-stort-jamstalldhetsprojekt\/#primaryimage\"},\"thumbnailUrl\":\"https:\/\/www.budokampsport.se\/wp-content\/uploads\/2019\/12\/Sara_Wiggberg.jpg\",\"articleSection\":[\"50\/50. P\u00e5 riktigt.\",\"j\u00e4mst\u00e4lldhet\",\"SB&amp;K\"],\"inLanguage\":\"sv-SE\",\"potentialAction\":[{\"@type\":\"CommentAction\",\"name\":\"Comment\",\"target\":[\"https:\/\/www.budokampsport.se\/2019\/12\/17\/sbk-startar-stort-jamstalldhetsprojekt\/#respond\"]}]},{\"@type\":\"WebPage\",\"@id\":\"https:\/\/www.budokampsport.se\/2019\/12\/17\/sbk-startar-stort-jamstalldhetsprojekt\/\",\"url\":\"https:\/\/www.budokampsport.se\/2019\/12\/17\/sbk-startar-stort-jamstalldhetsprojekt\/\",\"name\":\"SB&K startar stort j\u00e4mst\u00e4lldhetsprojekt - Svenska Budo &amp; Kampsportsf\u00f6rbundet\",\"isPartOf\":{\"@id\":\"https:\/\/www.budokampsport.se\/#website\"},\"primaryImageOfPage\":{\"@id\":\"https:\/\/www.budokampsport.se\/2019\/12\/17\/sbk-startar-stort-jamstalldhetsprojekt\/#primaryimage\"},\"image\":{\"@id\":\"https:\/\/www.budokampsport.se\/2019\/12\/17\/sbk-startar-stort-jamstalldhetsprojekt\/#primaryimage\"},\"thumbnailUrl\":\"https:\/\/www.budokampsport.se\/wp-content\/uploads\/2019\/12\/Sara_Wiggberg.jpg\",\"datePublished\":\"2019-12-17T13:28:51+00:00\",\"dateModified\":\"2024-07-26T10:00:27+00:00\",\"author\":{\"@id\":\"https:\/\/www.budokampsport.se\/#\/schema\/person\/5c06d81d14850e2a8ce5493386560145\"},\"description\":\"Det \u00e4r nu klart att Svenska Budo & Kampsportsf\u00f6rbundet startar j\u00e4mst\u00e4lldhetsprojektet \u201d60-40. P\u00e5 riktigt.\u201d Till det har j\u00e4mst\u00e4lldhetsstrategen Sara Wiggberg kontrakterats. - Det ska bli v\u00e4ldigt sp\u00e4nnande och det \u00e4r ett viktigt arbet\u200be som v\u00e4ntar, s\u00e4ger hon till budokampsport.se.\",\"breadcrumb\":{\"@id\":\"https:\/\/www.budokampsport.se\/2019\/12\/17\/sbk-startar-stort-jamstalldhetsprojekt\/#breadcrumb\"},\"inLanguage\":\"sv-SE\",\"potentialAction\":[{\"@type\":\"ReadAction\",\"target\":[\"https:\/\/www.budokampsport.se\/2019\/12\/17\/sbk-startar-stort-jamstalldhetsprojekt\/\"]}]},{\"@type\":\"ImageObject\",\"inLanguage\":\"sv-SE\",\"@id\":\"https:\/\/www.budokampsport.se\/2019\/12\/17\/sbk-startar-stort-jamstalldhetsprojekt\/#primaryimage\",\"url\":\"https:\/\/www.budokampsport.se\/wp-content\/uploads\/2019\/12\/Sara_Wiggberg.jpg\",\"contentUrl\":\"https:\/\/www.budokampsport.se\/wp-content\/uploads\/2019\/12\/Sara_Wiggberg.jpg\",\"width\":850,\"height\":567,\"caption\":\"Sara Wiggberg. Foto: Jonathan Broberg.\"},{\"@type\":\"BreadcrumbList\",\"@id\":\"https:\/\/www.budokampsport.se\/2019\/12\/17\/sbk-startar-stort-jamstalldhetsprojekt\/#breadcrumb\",\"itemListElement\":[{\"@type\":\"ListItem\",\"position\":1,\"name\":\"Hem\",\"item\":\"https:\/\/www.budokampsport.se\/\"},{\"@type\":\"ListItem\",\"position\":2,\"name\":\"SB&#038;K startar stort j\u00e4mst\u00e4lldhetsprojekt\"}]},{\"@type\":\"WebSite\",\"@id\":\"https:\/\/www.budokampsport.se\/#website\",\"url\":\"https:\/\/www.budokampsport.se\/\",\"name\":\"Svenska Budo &amp; Kampsportsf\u00f6rbundet\",\"description\":\"T\u00e4vling, Tr\u00e4ning, Tradition\",\"potentialAction\":[{\"@type\":\"SearchAction\",\"target\":{\"@type\":\"EntryPoint\",\"urlTemplate\":\"https:\/\/www.budokampsport.se\/?s={search_term_string}\"},\"query-input\":{\"@type\":\"PropertyValueSpecification\",\"valueRequired\":true,\"valueName\":\"search_term_string\"}}],\"inLanguage\":\"sv-SE\"},{\"@type\":\"Person\",\"@id\":\"https:\/\/www.budokampsport.se\/#\/schema\/person\/5c06d81d14850e2a8ce5493386560145\",\"name\":\"Jonathan Broberg\",\"image\":{\"@type\":\"ImageObject\",\"inLanguage\":\"sv-SE\",\"@id\":\"https:\/\/www.budokampsport.se\/#\/schema\/person\/image\/\",\"url\":\"https:\/\/secure.gravatar.com\/avatar\/a58041c6cea9128bd9c40ee2f26d4136?s=96&d=blank&r=g\",\"contentUrl\":\"https:\/\/secure.gravatar.com\/avatar\/a58041c6cea9128bd9c40ee2f26d4136?s=96&d=blank&r=g\",\"caption\":\"Jonathan Broberg\"},\"sameAs\":[\"https:\/\/www.facebook.com\/jonathan.broberg.7\"],\"url\":\"https:\/\/www.budokampsport.se\/author\/jonathan\/\"}]}<\/script>\n<!-- \/ Yoast SEO plugin. -->","yoast_head_json":{"title":"SB&K startar stort j\u00e4mst\u00e4lldhetsprojekt - Svenska Budo &amp; Kampsportsf\u00f6rbundet","description":"Det \u00e4r nu klart att Svenska Budo & Kampsportsf\u00f6rbundet startar j\u00e4mst\u00e4lldhetsprojektet \u201d60-40. P\u00e5 riktigt.\u201d Till det har j\u00e4mst\u00e4lldhetsstrategen Sara Wiggberg kontrakterats. - Det ska bli v\u00e4ldigt sp\u00e4nnande och det \u00e4r ett viktigt arbet\u200be som v\u00e4ntar, s\u00e4ger hon till budokampsport.se.","robots":{"index":"index","follow":"follow","max-snippet":"max-snippet:-1","max-image-preview":"max-image-preview:large","max-video-preview":"max-video-preview:-1"},"canonical":"https:\/\/www.budokampsport.se\/2019\/12\/17\/sbk-startar-stort-jamstalldhetsprojekt\/","og_locale":"sv_SE","og_type":"article","og_title":"SB&K startar stort j\u00e4mst\u00e4lldhetsprojekt - Svenska Budo &amp; Kampsportsf\u00f6rbundet","og_description":"Det \u00e4r nu klart att Svenska Budo & Kampsportsf\u00f6rbundet startar j\u00e4mst\u00e4lldhetsprojektet \u201d60-40. P\u00e5 riktigt.\u201d Till det har j\u00e4mst\u00e4lldhetsstrategen Sara Wiggberg kontrakterats. - Det ska bli v\u00e4ldigt sp\u00e4nnande och det \u00e4r ett viktigt arbet\u200be som v\u00e4ntar, s\u00e4ger hon till budokampsport.se.","og_url":"https:\/\/www.budokampsport.se\/2019\/12\/17\/sbk-startar-stort-jamstalldhetsprojekt\/","og_site_name":"Svenska Budo &amp; Kampsportsf\u00f6rbundet","article_author":"https:\/\/www.facebook.com\/jonathan.broberg.7","article_published_time":"2019-12-17T13:28:51+00:00","article_modified_time":"2024-07-26T10:00:27+00:00","og_image":[{"width":850,"height":567,"url":"https:\/\/www.budokampsport.se\/wp-content\/uploads\/2019\/12\/Sara_Wiggberg.jpg","type":"image\/jpeg"}],"author":"Jonathan Broberg","twitter_card":"summary_large_image","twitter_misc":{"Skriven av":"Jonathan Broberg","Ber\u00e4knad l\u00e4stid":"3 minuter"},"schema":{"@context":"https:\/\/schema.org","@graph":[{"@type":"Article","@id":"https:\/\/www.budokampsport.se\/2019\/12\/17\/sbk-startar-stort-jamstalldhetsprojekt\/#article","isPartOf":{"@id":"https:\/\/www.budokampsport.se\/2019\/12\/17\/sbk-startar-stort-jamstalldhetsprojekt\/"},"author":{"name":"Jonathan Broberg","@id":"https:\/\/www.budokampsport.se\/#\/schema\/person\/5c06d81d14850e2a8ce5493386560145"},"headline":"SB&#038;K startar stort j\u00e4mst\u00e4lldhetsprojekt","datePublished":"2019-12-17T13:28:51+00:00","dateModified":"2024-07-26T10:00:27+00:00","mainEntityOfPage":{"@id":"https:\/\/www.budokampsport.se\/2019\/12\/17\/sbk-startar-stort-jamstalldhetsprojekt\/"},"wordCount":482,"commentCount":0,"image":{"@id":"https:\/\/www.budokampsport.se\/2019\/12\/17\/sbk-startar-stort-jamstalldhetsprojekt\/#primaryimage"},"thumbnailUrl":"https:\/\/www.budokampsport.se\/wp-content\/uploads\/2019\/12\/Sara_Wiggberg.jpg","articleSection":["50\/50. P\u00e5 riktigt.","j\u00e4mst\u00e4lldhet","SB&amp;K"],"inLanguage":"sv-SE","potentialAction":[{"@type":"CommentAction","name":"Comment","target":["https:\/\/www.budokampsport.se\/2019\/12\/17\/sbk-startar-stort-jamstalldhetsprojekt\/#respond"]}]},{"@type":"WebPage","@id":"https:\/\/www.budokampsport.se\/2019\/12\/17\/sbk-startar-stort-jamstalldhetsprojekt\/","url":"https:\/\/www.budokampsport.se\/2019\/12\/17\/sbk-startar-stort-jamstalldhetsprojekt\/","name":"SB&K startar stort j\u00e4mst\u00e4lldhetsprojekt - Svenska Budo &amp; Kampsportsf\u00f6rbundet","isPartOf":{"@id":"https:\/\/www.budokampsport.se\/#website"},"primaryImageOfPage":{"@id":"https:\/\/www.budokampsport.se\/2019\/12\/17\/sbk-startar-stort-jamstalldhetsprojekt\/#primaryimage"},"image":{"@id":"https:\/\/www.budokampsport.se\/2019\/12\/17\/sbk-startar-stort-jamstalldhetsprojekt\/#primaryimage"},"thumbnailUrl":"https:\/\/www.budokampsport.se\/wp-content\/uploads\/2019\/12\/Sara_Wiggberg.jpg","datePublished":"2019-12-17T13:28:51+00:00","dateModified":"2024-07-26T10:00:27+00:00","author":{"@id":"https:\/\/www.budokampsport.se\/#\/schema\/person\/5c06d81d14850e2a8ce5493386560145"},"description":"Det \u00e4r nu klart att Svenska Budo & Kampsportsf\u00f6rbundet startar j\u00e4mst\u00e4lldhetsprojektet \u201d60-40. P\u00e5 riktigt.\u201d Till det har j\u00e4mst\u00e4lldhetsstrategen Sara Wiggberg kontrakterats. - Det ska bli v\u00e4ldigt sp\u00e4nnande och det \u00e4r ett viktigt arbet\u200be som v\u00e4ntar, s\u00e4ger hon till budokampsport.se.","breadcrumb":{"@id":"https:\/\/www.budokampsport.se\/2019\/12\/17\/sbk-startar-stort-jamstalldhetsprojekt\/#breadcrumb"},"inLanguage":"sv-SE","potentialAction":[{"@type":"ReadAction","target":["https:\/\/www.budokampsport.se\/2019\/12\/17\/sbk-startar-stort-jamstalldhetsprojekt\/"]}]},{"@type":"ImageObject","inLanguage":"sv-SE","@id":"https:\/\/www.budokampsport.se\/2019\/12\/17\/sbk-startar-stort-jamstalldhetsprojekt\/#primaryimage","url":"https:\/\/www.budokampsport.se\/wp-content\/uploads\/2019\/12\/Sara_Wiggberg.jpg","contentUrl":"https:\/\/www.budokampsport.se\/wp-content\/uploads\/2019\/12\/Sara_Wiggberg.jpg","width":850,"height":567,"caption":"Sara Wiggberg. Foto: Jonathan Broberg."},{"@type":"BreadcrumbList","@id":"https:\/\/www.budokampsport.se\/2019\/12\/17\/sbk-startar-stort-jamstalldhetsprojekt\/#breadcrumb","itemListElement":[{"@type":"ListItem","position":1,"name":"Hem","item":"https:\/\/www.budokampsport.se\/"},{"@type":"ListItem","position":2,"name":"SB&#038;K startar stort j\u00e4mst\u00e4lldhetsprojekt"}]},{"@type":"WebSite","@id":"https:\/\/www.budokampsport.se\/#website","url":"https:\/\/www.budokampsport.se\/","name":"Svenska Budo &amp; Kampsportsf\u00f6rbundet","description":"T\u00e4vling, Tr\u00e4ning, Tradition","potentialAction":[{"@type":"SearchAction","target":{"@type":"EntryPoint","urlTemplate":"https:\/\/www.budokampsport.se\/?s={search_term_string}"},"query-input":{"@type":"PropertyValueSpecification","valueRequired":true,"valueName":"search_term_string"}}],"inLanguage":"sv-SE"},{"@type":"Person","@id":"https:\/\/www.budokampsport.se\/#\/schema\/person\/5c06d81d14850e2a8ce5493386560145","name":"Jonathan Broberg","image":{"@type":"ImageObject","inLanguage":"sv-SE","@id":"https:\/\/www.budokampsport.se\/#\/schema\/person\/image\/","url":"https:\/\/secure.gravatar.com\/avatar\/a58041c6cea9128bd9c40ee2f26d4136?s=96&d=blank&r=g","contentUrl":"https:\/\/secure.gravatar.com\/avatar\/a58041c6cea9128bd9c40ee2f26d4136?s=96&d=blank&r=g","caption":"Jonathan Broberg"},"sameAs":["https:\/\/www.facebook.com\/jonathan.broberg.7"],"url":"https:\/\/www.budokampsport.se\/author\/jonathan\/"}]}},"_links":{"self":[{"href":"https:\/\/www.budokampsport.se\/api\/wp\/v2\/posts\/115618","targetHints":{"allow":["GET"]}}],"collection":[{"href":"https:\/\/www.budokampsport.se\/api\/wp\/v2\/posts"}],"about":[{"href":"https:\/\/www.budokampsport.se\/api\/wp\/v2\/types\/post"}],"author":[{"embeddable":true,"href":"https:\/\/www.budokampsport.se\/api\/wp\/v2\/users\/7"}],"replies":[{"embeddable":true,"href":"https:\/\/www.budokampsport.se\/api\/wp\/v2\/comments?post=115618"}],"version-history":[{"count":0,"href":"https:\/\/www.budokampsport.se\/api\/wp\/v2\/posts\/115618\/revisions"}],"wp:featuredmedia":[{"embeddable":true,"href":"https:\/\/www.budokampsport.se\/api\/wp\/v2\/media\/115619"}],"wp:attachment":[{"href":"https:\/\/www.budokampsport.se\/api\/wp\/v2\/media?parent=115618"}],"wp:term":[{"taxonomy":"category","embeddable":true,"href":"https:\/\/www.budokampsport.se\/api\/wp\/v2\/categories?post=115618"},{"taxonomy":"post_tag","embeddable":true,"href":"https:\/\/www.budokampsport.se\/api\/wp\/v2\/tags?post=115618"}],"curies":[{"name":"wp","href":"https:\/\/api.w.org\/{rel}","templated":true}]}}