{"id":117459,"date":"2020-02-14T08:02:50","date_gmt":"2020-02-14T07:02:50","guid":{"rendered":"https:\/\/www.budokampsport.se\/?p=117459"},"modified":"2020-02-14T08:02:50","modified_gmt":"2020-02-14T07:02:50","slug":"60-iman-darabi","status":"publish","type":"post","link":"https:\/\/www.budokampsport.se\/2020\/02\/14\/60-iman-darabi\/","title":{"rendered":"60.Iman Darabi"},"content":{"rendered":"<p>G\u00e4st: Iman Darabi<br \/>\nProgramledare: Kenneth Range, Annie Bondefelt &amp; Jonathan Broberg<br \/>\nRedakt\u00f6r &amp; redigering: Annie Bondefelt<br \/>\nMusik: Madskillz<\/p>\n","protected":false},"excerpt":{"rendered":"<p>I Kampsportspoddes 60:e avsnitt m\u00f6ter vi den fd MMA-fighterna Iman Darabi. Iman ber\u00e4ttar om sin karri\u00e4r, sin debut som programledare f\u00f6r AK Fightings galor och sina framtida dr\u00f6mmar.\u00a0<\/p><br>","protected":false},"author":120,"featured_media":0,"comment_status":"open","ping_status":"open","sticky":false,"template":"","format":"standard","meta":{"_acf_changed":false,"footnotes":""},"categories":[403],"tags":[],"class_list":["post-117459","post","type-post","status-publish","format-standard","hentry","category-podcast"],"acf":[],"yoast_head":"<!-- This site is optimized with the Yoast SEO plugin v26.8 - https:\/\/yoast.com\/product\/yoast-seo-wordpress\/ -->\n<title>60.Iman Darabi - Svenska Budo &amp; Kampsportsf\u00f6rbundet<\/title>\n<meta name=\"description\" content=\"I Kampsportspoddes 60:e avsnitt m\u00f6ter vi den fd MMA-fighterna Iman Darabi. Iman ber\u00e4ttar om sin karri\u00e4r, sin debut som programledare f\u00f6r AK Fightings galor och sina framtida dr\u00f6mmar.\u00a0\" \/>\n<meta name=\"robots\" content=\"index, follow, max-snippet:-1, max-image-preview:large, max-video-preview:-1\" \/>\n<link rel=\"canonical\" href=\"https:\/\/www.budokampsport.se\/2020\/02\/14\/60-iman-darabi\/\" \/>\n<meta property=\"og:locale\" content=\"sv_SE\" \/>\n<meta property=\"og:type\" content=\"article\" \/>\n<meta property=\"og:title\" content=\"60.Iman Darabi - Svenska Budo &amp; Kampsportsf\u00f6rbundet\" \/>\n<meta property=\"og:description\" content=\"I Kampsportspoddes 60:e avsnitt m\u00f6ter vi den fd MMA-fighterna Iman Darabi. Iman ber\u00e4ttar om sin karri\u00e4r, sin debut som programledare f\u00f6r AK Fightings galor och sina framtida dr\u00f6mmar.\u00a0\" \/>\n<meta property=\"og:url\" content=\"https:\/\/www.budokampsport.se\/2020\/02\/14\/60-iman-darabi\/\" \/>\n<meta property=\"og:site_name\" content=\"Svenska Budo &amp; Kampsportsf\u00f6rbundet\" \/>\n<meta property=\"article:published_time\" content=\"2020-02-14T07:02:50+00:00\" \/>\n<meta property=\"og:image\" content=\"https:\/\/www.budokampsport.se\/wp-content\/uploads\/2020\/02\/Iman-bild-be-rotated-e1625212633622.jpg\" \/>\n\t<meta property=\"og:image:width\" content=\"850\" \/>\n\t<meta property=\"og:image:height\" content=\"699\" \/>\n\t<meta property=\"og:image:type\" content=\"image\/jpeg\" \/>\n<meta name=\"author\" content=\"Annie Carriage\" \/>\n<meta name=\"twitter:card\" content=\"summary_large_image\" \/>\n<meta name=\"twitter:label1\" content=\"Skriven av\" \/>\n\t<meta name=\"twitter:data1\" content=\"Annie Carriage\" \/>\n<script type=\"application\/ld+json\" class=\"yoast-schema-graph\">{\"@context\":\"https:\/\/schema.org\",\"@graph\":[{\"@type\":\"Article\",\"@id\":\"https:\/\/www.budokampsport.se\/2020\/02\/14\/60-iman-darabi\/#article\",\"isPartOf\":{\"@id\":\"https:\/\/www.budokampsport.se\/2020\/02\/14\/60-iman-darabi\/\"},\"author\":{\"name\":\"Annie Carriage\",\"@id\":\"https:\/\/www.budokampsport.se\/#\/schema\/person\/c838cace8171f692e363fde3f38f208b\"},\"headline\":\"60.Iman Darabi\",\"datePublished\":\"2020-02-14T07:02:50+00:00\",\"mainEntityOfPage\":{\"@id\":\"https:\/\/www.budokampsport.se\/2020\/02\/14\/60-iman-darabi\/\"},\"wordCount\":22,\"commentCount\":0,\"articleSection\":[\"Podcast\"],\"inLanguage\":\"sv-SE\",\"potentialAction\":[{\"@type\":\"CommentAction\",\"name\":\"Comment\",\"target\":[\"https:\/\/www.budokampsport.se\/2020\/02\/14\/60-iman-darabi\/#respond\"]}]},{\"@type\":\"WebPage\",\"@id\":\"https:\/\/www.budokampsport.se\/2020\/02\/14\/60-iman-darabi\/\",\"url\":\"https:\/\/www.budokampsport.se\/2020\/02\/14\/60-iman-darabi\/\",\"name\":\"60.Iman Darabi - Svenska Budo &amp; Kampsportsf\u00f6rbundet\",\"isPartOf\":{\"@id\":\"https:\/\/www.budokampsport.se\/#website\"},\"datePublished\":\"2020-02-14T07:02:50+00:00\",\"author\":{\"@id\":\"https:\/\/www.budokampsport.se\/#\/schema\/person\/c838cace8171f692e363fde3f38f208b\"},\"description\":\"I Kampsportspoddes 60:e avsnitt m\u00f6ter vi den fd MMA-fighterna Iman Darabi. Iman ber\u00e4ttar om sin karri\u00e4r, sin debut som programledare f\u00f6r AK Fightings galor och sina framtida dr\u00f6mmar.\u00a0\",\"breadcrumb\":{\"@id\":\"https:\/\/www.budokampsport.se\/2020\/02\/14\/60-iman-darabi\/#breadcrumb\"},\"inLanguage\":\"sv-SE\",\"potentialAction\":[{\"@type\":\"ReadAction\",\"target\":[\"https:\/\/www.budokampsport.se\/2020\/02\/14\/60-iman-darabi\/\"]}]},{\"@type\":\"BreadcrumbList\",\"@id\":\"https:\/\/www.budokampsport.se\/2020\/02\/14\/60-iman-darabi\/#breadcrumb\",\"itemListElement\":[{\"@type\":\"ListItem\",\"position\":1,\"name\":\"Hem\",\"item\":\"https:\/\/www.budokampsport.se\/\"},{\"@type\":\"ListItem\",\"position\":2,\"name\":\"60.Iman Darabi\"}]},{\"@type\":\"WebSite\",\"@id\":\"https:\/\/www.budokampsport.se\/#website\",\"url\":\"https:\/\/www.budokampsport.se\/\",\"name\":\"Svenska Budo &amp; Kampsportsf\u00f6rbundet\",\"description\":\"T\u00e4vling, Tr\u00e4ning, Tradition\",\"potentialAction\":[{\"@type\":\"SearchAction\",\"target\":{\"@type\":\"EntryPoint\",\"urlTemplate\":\"https:\/\/www.budokampsport.se\/?s={search_term_string}\"},\"query-input\":{\"@type\":\"PropertyValueSpecification\",\"valueRequired\":true,\"valueName\":\"search_term_string\"}}],\"inLanguage\":\"sv-SE\"},{\"@type\":\"Person\",\"@id\":\"https:\/\/www.budokampsport.se\/#\/schema\/person\/c838cace8171f692e363fde3f38f208b\",\"name\":\"Annie Carriage\",\"image\":{\"@type\":\"ImageObject\",\"inLanguage\":\"sv-SE\",\"@id\":\"https:\/\/www.budokampsport.se\/#\/schema\/person\/image\/\",\"url\":\"https:\/\/secure.gravatar.com\/avatar\/9311295560bdfbdf78365a26f7df1876?s=96&d=blank&r=g\",\"contentUrl\":\"https:\/\/secure.gravatar.com\/avatar\/9311295560bdfbdf78365a26f7df1876?s=96&d=blank&r=g\",\"caption\":\"Annie Carriage\"},\"url\":\"https:\/\/www.budokampsport.se\/author\/annie-bondefelt\/\"}]}<\/script>\n<!-- \/ Yoast SEO plugin. -->","yoast_head_json":{"title":"60.Iman Darabi - Svenska Budo &amp; Kampsportsf\u00f6rbundet","description":"I Kampsportspoddes 60:e avsnitt m\u00f6ter vi den fd MMA-fighterna Iman Darabi. Iman ber\u00e4ttar om sin karri\u00e4r, sin debut som programledare f\u00f6r AK Fightings galor och sina framtida dr\u00f6mmar.\u00a0","robots":{"index":"index","follow":"follow","max-snippet":"max-snippet:-1","max-image-preview":"max-image-preview:large","max-video-preview":"max-video-preview:-1"},"canonical":"https:\/\/www.budokampsport.se\/2020\/02\/14\/60-iman-darabi\/","og_locale":"sv_SE","og_type":"article","og_title":"60.Iman Darabi - Svenska Budo &amp; Kampsportsf\u00f6rbundet","og_description":"I Kampsportspoddes 60:e avsnitt m\u00f6ter vi den fd MMA-fighterna Iman Darabi. Iman ber\u00e4ttar om sin karri\u00e4r, sin debut som programledare f\u00f6r AK Fightings galor och sina framtida dr\u00f6mmar.\u00a0","og_url":"https:\/\/www.budokampsport.se\/2020\/02\/14\/60-iman-darabi\/","og_site_name":"Svenska Budo &amp; Kampsportsf\u00f6rbundet","article_published_time":"2020-02-14T07:02:50+00:00","og_image":[{"width":850,"height":699,"url":"https:\/\/www.budokampsport.se\/wp-content\/uploads\/2020\/02\/Iman-bild-be-rotated-e1625212633622.jpg","type":"image\/jpeg"}],"author":"Annie Carriage","twitter_card":"summary_large_image","twitter_misc":{"Skriven av":"Annie Carriage"},"schema":{"@context":"https:\/\/schema.org","@graph":[{"@type":"Article","@id":"https:\/\/www.budokampsport.se\/2020\/02\/14\/60-iman-darabi\/#article","isPartOf":{"@id":"https:\/\/www.budokampsport.se\/2020\/02\/14\/60-iman-darabi\/"},"author":{"name":"Annie Carriage","@id":"https:\/\/www.budokampsport.se\/#\/schema\/person\/c838cace8171f692e363fde3f38f208b"},"headline":"60.Iman Darabi","datePublished":"2020-02-14T07:02:50+00:00","mainEntityOfPage":{"@id":"https:\/\/www.budokampsport.se\/2020\/02\/14\/60-iman-darabi\/"},"wordCount":22,"commentCount":0,"articleSection":["Podcast"],"inLanguage":"sv-SE","potentialAction":[{"@type":"CommentAction","name":"Comment","target":["https:\/\/www.budokampsport.se\/2020\/02\/14\/60-iman-darabi\/#respond"]}]},{"@type":"WebPage","@id":"https:\/\/www.budokampsport.se\/2020\/02\/14\/60-iman-darabi\/","url":"https:\/\/www.budokampsport.se\/2020\/02\/14\/60-iman-darabi\/","name":"60.Iman Darabi - Svenska Budo &amp; Kampsportsf\u00f6rbundet","isPartOf":{"@id":"https:\/\/www.budokampsport.se\/#website"},"datePublished":"2020-02-14T07:02:50+00:00","author":{"@id":"https:\/\/www.budokampsport.se\/#\/schema\/person\/c838cace8171f692e363fde3f38f208b"},"description":"I Kampsportspoddes 60:e avsnitt m\u00f6ter vi den fd MMA-fighterna Iman Darabi. Iman ber\u00e4ttar om sin karri\u00e4r, sin debut som programledare f\u00f6r AK Fightings galor och sina framtida dr\u00f6mmar.\u00a0","breadcrumb":{"@id":"https:\/\/www.budokampsport.se\/2020\/02\/14\/60-iman-darabi\/#breadcrumb"},"inLanguage":"sv-SE","potentialAction":[{"@type":"ReadAction","target":["https:\/\/www.budokampsport.se\/2020\/02\/14\/60-iman-darabi\/"]}]},{"@type":"BreadcrumbList","@id":"https:\/\/www.budokampsport.se\/2020\/02\/14\/60-iman-darabi\/#breadcrumb","itemListElement":[{"@type":"ListItem","position":1,"name":"Hem","item":"https:\/\/www.budokampsport.se\/"},{"@type":"ListItem","position":2,"name":"60.Iman Darabi"}]},{"@type":"WebSite","@id":"https:\/\/www.budokampsport.se\/#website","url":"https:\/\/www.budokampsport.se\/","name":"Svenska Budo &amp; Kampsportsf\u00f6rbundet","description":"T\u00e4vling, Tr\u00e4ning, Tradition","potentialAction":[{"@type":"SearchAction","target":{"@type":"EntryPoint","urlTemplate":"https:\/\/www.budokampsport.se\/?s={search_term_string}"},"query-input":{"@type":"PropertyValueSpecification","valueRequired":true,"valueName":"search_term_string"}}],"inLanguage":"sv-SE"},{"@type":"Person","@id":"https:\/\/www.budokampsport.se\/#\/schema\/person\/c838cace8171f692e363fde3f38f208b","name":"Annie Carriage","image":{"@type":"ImageObject","inLanguage":"sv-SE","@id":"https:\/\/www.budokampsport.se\/#\/schema\/person\/image\/","url":"https:\/\/secure.gravatar.com\/avatar\/9311295560bdfbdf78365a26f7df1876?s=96&d=blank&r=g","contentUrl":"https:\/\/secure.gravatar.com\/avatar\/9311295560bdfbdf78365a26f7df1876?s=96&d=blank&r=g","caption":"Annie Carriage"},"url":"https:\/\/www.budokampsport.se\/author\/annie-bondefelt\/"}]}},"_links":{"self":[{"href":"https:\/\/www.budokampsport.se\/api\/wp\/v2\/posts\/117459","targetHints":{"allow":["GET"]}}],"collection":[{"href":"https:\/\/www.budokampsport.se\/api\/wp\/v2\/posts"}],"about":[{"href":"https:\/\/www.budokampsport.se\/api\/wp\/v2\/types\/post"}],"author":[{"embeddable":true,"href":"https:\/\/www.budokampsport.se\/api\/wp\/v2\/users\/120"}],"replies":[{"embeddable":true,"href":"https:\/\/www.budokampsport.se\/api\/wp\/v2\/comments?post=117459"}],"version-history":[{"count":0,"href":"https:\/\/www.budokampsport.se\/api\/wp\/v2\/posts\/117459\/revisions"}],"wp:attachment":[{"href":"https:\/\/www.budokampsport.se\/api\/wp\/v2\/media?parent=117459"}],"wp:term":[{"taxonomy":"category","embeddable":true,"href":"https:\/\/www.budokampsport.se\/api\/wp\/v2\/categories?post=117459"},{"taxonomy":"post_tag","embeddable":true,"href":"https:\/\/www.budokampsport.se\/api\/wp\/v2\/tags?post=117459"}],"curies":[{"name":"wp","href":"https:\/\/api.w.org\/{rel}","templated":true}]}}