{"id":117608,"date":"2020-02-07T13:50:42","date_gmt":"2020-02-07T12:50:42","guid":{"rendered":"https:\/\/www.budokampsport.se\/?p=117608"},"modified":"2020-02-07T13:50:58","modified_gmt":"2020-02-07T12:50:58","slug":"distriktsarsmoten-5","status":"publish","type":"post","link":"https:\/\/www.budokampsport.se\/2020\/02\/07\/distriktsarsmoten-5\/","title":{"rendered":"Distrikts\u00e5rsm\u00f6ten"},"content":{"rendered":"<p>Under februari och mars genomf\u00f6r distrikten sina \u00e5rsm\u00f6ten. Ta chansen att n\u00e4rvara om din f\u00f6rening vill p\u00e5verka eller lyssna in vad som gjorts och vad som planeras i just ert distrikt fram\u00f6ver.<\/p>\n<p>\u00bb Distrikt Mellan, 22 februari i Karlstad<br \/>\n\u00bb Distrikt V\u00e4st, 22 februari i G\u00f6teborg<br \/>\n\u00bb Distrikt Nedre Norr, 29 februari i \u00c5nge<br \/>\n\u00bb Distrikt \u00d6st, 7 mars i N\u00e4ssj\u00f6<br \/>\n\u00bb Distrikt Sk\u00e5ne, 8 mars i Lund<br \/>\n\u00bb Distrikt Stockholm\/Gotland, 14 mars i Stockholm<\/p>\n<p>Information om \u00e5rsm\u00f6ten i SB&amp;K, underf\u00f6rbund och distrikt samlas under F\u00f6rbund &gt;&gt;<a href=\"https:\/\/www.budokampsport.se\/forbund\/arsmoten\/\"><strong>\u00a0\u00c5rsm\u00f6te<\/strong><\/a><\/p>\n","protected":false},"excerpt":{"rendered":"<p>Under februari och mars genomf\u00f6r distrikten sina \u00e5rsm\u00f6ten. Ta chansen [&#8230;]<\/p><br>","protected":false},"author":47,"featured_media":94914,"comment_status":"open","ping_status":"open","sticky":false,"template":"","format":"standard","meta":{"_acf_changed":false,"footnotes":""},"categories":[410,419,481],"tags":[469,489,482],"class_list":["post-117608","post","type-post","status-publish","format-standard","has-post-thumbnail","hentry","category-arsmote","category-distrikt","category-forening","tag-arsmote","tag-distrikt","tag-forening"],"acf":[],"yoast_head":"<!-- This site is optimized with the Yoast SEO plugin v26.8 - https:\/\/yoast.com\/product\/yoast-seo-wordpress\/ -->\n<title>Distrikts\u00e5rsm\u00f6ten - Svenska Budo &amp; Kampsportsf\u00f6rbundet<\/title>\n<meta name=\"description\" content=\"Under februari och mars genomf\u00f6r distrikten sina \u00e5rsm\u00f6ten. Ta chansen att n\u00e4rvara om din f\u00f6rening vill p\u00e5verka eller lyssna in vad som gjorts och vad som\" \/>\n<meta name=\"robots\" content=\"index, follow, max-snippet:-1, max-image-preview:large, max-video-preview:-1\" \/>\n<link rel=\"canonical\" href=\"https:\/\/www.budokampsport.se\/2020\/02\/07\/distriktsarsmoten-5\/\" \/>\n<meta property=\"og:locale\" content=\"sv_SE\" \/>\n<meta property=\"og:type\" content=\"article\" \/>\n<meta property=\"og:title\" content=\"Distrikts\u00e5rsm\u00f6ten - Svenska Budo &amp; Kampsportsf\u00f6rbundet\" \/>\n<meta property=\"og:description\" content=\"Under februari och mars genomf\u00f6r distrikten sina \u00e5rsm\u00f6ten. Ta chansen att n\u00e4rvara om din f\u00f6rening vill p\u00e5verka eller lyssna in vad som gjorts och vad som\" \/>\n<meta property=\"og:url\" content=\"https:\/\/www.budokampsport.se\/2020\/02\/07\/distriktsarsmoten-5\/\" \/>\n<meta property=\"og:site_name\" content=\"Svenska Budo &amp; Kampsportsf\u00f6rbundet\" \/>\n<meta property=\"article:published_time\" content=\"2020-02-07T12:50:42+00:00\" \/>\n<meta property=\"article:modified_time\" content=\"2020-02-07T12:50:58+00:00\" \/>\n<meta property=\"og:image\" content=\"https:\/\/www.budokampsport.se\/wp-content\/uploads\/2019\/03\/Bildbyran-Nils-Jakobsson-e1625211016786.jpg\" \/>\n\t<meta property=\"og:image:width\" content=\"850\" \/>\n\t<meta property=\"og:image:height\" content=\"566\" \/>\n\t<meta property=\"og:image:type\" content=\"image\/jpeg\" \/>\n<meta name=\"author\" content=\"Sofia Arnbom\" \/>\n<meta name=\"twitter:card\" content=\"summary_large_image\" \/>\n<meta name=\"twitter:label1\" content=\"Skriven av\" \/>\n\t<meta name=\"twitter:data1\" content=\"Sofia Arnbom\" \/>\n<script type=\"application\/ld+json\" class=\"yoast-schema-graph\">{\"@context\":\"https:\/\/schema.org\",\"@graph\":[{\"@type\":\"Article\",\"@id\":\"https:\/\/www.budokampsport.se\/2020\/02\/07\/distriktsarsmoten-5\/#article\",\"isPartOf\":{\"@id\":\"https:\/\/www.budokampsport.se\/2020\/02\/07\/distriktsarsmoten-5\/\"},\"author\":{\"name\":\"Sofia Arnbom\",\"@id\":\"https:\/\/www.budokampsport.se\/#\/schema\/person\/666f754cfbc6f9a83a8c253cd24ad660\"},\"headline\":\"Distrikts\u00e5rsm\u00f6ten\",\"datePublished\":\"2020-02-07T12:50:42+00:00\",\"dateModified\":\"2020-02-07T12:50:58+00:00\",\"mainEntityOfPage\":{\"@id\":\"https:\/\/www.budokampsport.se\/2020\/02\/07\/distriktsarsmoten-5\/\"},\"wordCount\":97,\"commentCount\":0,\"image\":{\"@id\":\"https:\/\/www.budokampsport.se\/2020\/02\/07\/distriktsarsmoten-5\/#primaryimage\"},\"thumbnailUrl\":\"https:\/\/www.budokampsport.se\/wp-content\/uploads\/2019\/03\/Bildbyran-Nils-Jakobsson-e1625211016786.jpg\",\"keywords\":[\"\u00e5rsm\u00f6te\",\"distrikt\",\"f\u00f6rening\"],\"articleSection\":[\"\u00c5rsm\u00f6te\",\"Distrikt\",\"F\u00f6rening\"],\"inLanguage\":\"sv-SE\",\"potentialAction\":[{\"@type\":\"CommentAction\",\"name\":\"Comment\",\"target\":[\"https:\/\/www.budokampsport.se\/2020\/02\/07\/distriktsarsmoten-5\/#respond\"]}]},{\"@type\":\"WebPage\",\"@id\":\"https:\/\/www.budokampsport.se\/2020\/02\/07\/distriktsarsmoten-5\/\",\"url\":\"https:\/\/www.budokampsport.se\/2020\/02\/07\/distriktsarsmoten-5\/\",\"name\":\"Distrikts\u00e5rsm\u00f6ten - Svenska Budo &amp; Kampsportsf\u00f6rbundet\",\"isPartOf\":{\"@id\":\"https:\/\/www.budokampsport.se\/#website\"},\"primaryImageOfPage\":{\"@id\":\"https:\/\/www.budokampsport.se\/2020\/02\/07\/distriktsarsmoten-5\/#primaryimage\"},\"image\":{\"@id\":\"https:\/\/www.budokampsport.se\/2020\/02\/07\/distriktsarsmoten-5\/#primaryimage\"},\"thumbnailUrl\":\"https:\/\/www.budokampsport.se\/wp-content\/uploads\/2019\/03\/Bildbyran-Nils-Jakobsson-e1625211016786.jpg\",\"datePublished\":\"2020-02-07T12:50:42+00:00\",\"dateModified\":\"2020-02-07T12:50:58+00:00\",\"author\":{\"@id\":\"https:\/\/www.budokampsport.se\/#\/schema\/person\/666f754cfbc6f9a83a8c253cd24ad660\"},\"description\":\"Under februari och mars genomf\u00f6r distrikten sina \u00e5rsm\u00f6ten. Ta chansen att n\u00e4rvara om din f\u00f6rening vill p\u00e5verka eller lyssna in vad som gjorts och vad som\",\"breadcrumb\":{\"@id\":\"https:\/\/www.budokampsport.se\/2020\/02\/07\/distriktsarsmoten-5\/#breadcrumb\"},\"inLanguage\":\"sv-SE\",\"potentialAction\":[{\"@type\":\"ReadAction\",\"target\":[\"https:\/\/www.budokampsport.se\/2020\/02\/07\/distriktsarsmoten-5\/\"]}]},{\"@type\":\"ImageObject\",\"inLanguage\":\"sv-SE\",\"@id\":\"https:\/\/www.budokampsport.se\/2020\/02\/07\/distriktsarsmoten-5\/#primaryimage\",\"url\":\"https:\/\/www.budokampsport.se\/wp-content\/uploads\/2019\/03\/Bildbyran-Nils-Jakobsson-e1625211016786.jpg\",\"contentUrl\":\"https:\/\/www.budokampsport.se\/wp-content\/uploads\/2019\/03\/Bildbyran-Nils-Jakobsson-e1625211016786.jpg\",\"width\":850,\"height\":566,\"caption\":\"180829 Eb ordf\u00f6randeklubba den 29 september 2018 i H\u00e4rn\u00f6sand. Foto: Nils Jakobsson \/ BILDBYR\u00c5N \/ kod NJ \/74291\"},{\"@type\":\"BreadcrumbList\",\"@id\":\"https:\/\/www.budokampsport.se\/2020\/02\/07\/distriktsarsmoten-5\/#breadcrumb\",\"itemListElement\":[{\"@type\":\"ListItem\",\"position\":1,\"name\":\"Hem\",\"item\":\"https:\/\/www.budokampsport.se\/\"},{\"@type\":\"ListItem\",\"position\":2,\"name\":\"Distrikts\u00e5rsm\u00f6ten\"}]},{\"@type\":\"WebSite\",\"@id\":\"https:\/\/www.budokampsport.se\/#website\",\"url\":\"https:\/\/www.budokampsport.se\/\",\"name\":\"Svenska Budo &amp; Kampsportsf\u00f6rbundet\",\"description\":\"T\u00e4vling, Tr\u00e4ning, Tradition\",\"potentialAction\":[{\"@type\":\"SearchAction\",\"target\":{\"@type\":\"EntryPoint\",\"urlTemplate\":\"https:\/\/www.budokampsport.se\/?s={search_term_string}\"},\"query-input\":{\"@type\":\"PropertyValueSpecification\",\"valueRequired\":true,\"valueName\":\"search_term_string\"}}],\"inLanguage\":\"sv-SE\"},{\"@type\":\"Person\",\"@id\":\"https:\/\/www.budokampsport.se\/#\/schema\/person\/666f754cfbc6f9a83a8c253cd24ad660\",\"name\":\"Sofia Arnbom\",\"image\":{\"@type\":\"ImageObject\",\"inLanguage\":\"sv-SE\",\"@id\":\"https:\/\/www.budokampsport.se\/#\/schema\/person\/image\/\",\"url\":\"https:\/\/secure.gravatar.com\/avatar\/a69f673c99635f06ea6cb1eb10ca7e92?s=96&d=blank&r=g\",\"contentUrl\":\"https:\/\/secure.gravatar.com\/avatar\/a69f673c99635f06ea6cb1eb10ca7e92?s=96&d=blank&r=g\",\"caption\":\"Sofia Arnbom\"},\"url\":\"https:\/\/www.budokampsport.se\/author\/sofia-arnbom\/\"}]}<\/script>\n<!-- \/ Yoast SEO plugin. -->","yoast_head_json":{"title":"Distrikts\u00e5rsm\u00f6ten - Svenska Budo &amp; Kampsportsf\u00f6rbundet","description":"Under februari och mars genomf\u00f6r distrikten sina \u00e5rsm\u00f6ten. Ta chansen att n\u00e4rvara om din f\u00f6rening vill p\u00e5verka eller lyssna in vad som gjorts och vad som","robots":{"index":"index","follow":"follow","max-snippet":"max-snippet:-1","max-image-preview":"max-image-preview:large","max-video-preview":"max-video-preview:-1"},"canonical":"https:\/\/www.budokampsport.se\/2020\/02\/07\/distriktsarsmoten-5\/","og_locale":"sv_SE","og_type":"article","og_title":"Distrikts\u00e5rsm\u00f6ten - Svenska Budo &amp; Kampsportsf\u00f6rbundet","og_description":"Under februari och mars genomf\u00f6r distrikten sina \u00e5rsm\u00f6ten. Ta chansen att n\u00e4rvara om din f\u00f6rening vill p\u00e5verka eller lyssna in vad som gjorts och vad som","og_url":"https:\/\/www.budokampsport.se\/2020\/02\/07\/distriktsarsmoten-5\/","og_site_name":"Svenska Budo &amp; Kampsportsf\u00f6rbundet","article_published_time":"2020-02-07T12:50:42+00:00","article_modified_time":"2020-02-07T12:50:58+00:00","og_image":[{"width":850,"height":566,"url":"https:\/\/www.budokampsport.se\/wp-content\/uploads\/2019\/03\/Bildbyran-Nils-Jakobsson-e1625211016786.jpg","type":"image\/jpeg"}],"author":"Sofia Arnbom","twitter_card":"summary_large_image","twitter_misc":{"Skriven av":"Sofia Arnbom"},"schema":{"@context":"https:\/\/schema.org","@graph":[{"@type":"Article","@id":"https:\/\/www.budokampsport.se\/2020\/02\/07\/distriktsarsmoten-5\/#article","isPartOf":{"@id":"https:\/\/www.budokampsport.se\/2020\/02\/07\/distriktsarsmoten-5\/"},"author":{"name":"Sofia Arnbom","@id":"https:\/\/www.budokampsport.se\/#\/schema\/person\/666f754cfbc6f9a83a8c253cd24ad660"},"headline":"Distrikts\u00e5rsm\u00f6ten","datePublished":"2020-02-07T12:50:42+00:00","dateModified":"2020-02-07T12:50:58+00:00","mainEntityOfPage":{"@id":"https:\/\/www.budokampsport.se\/2020\/02\/07\/distriktsarsmoten-5\/"},"wordCount":97,"commentCount":0,"image":{"@id":"https:\/\/www.budokampsport.se\/2020\/02\/07\/distriktsarsmoten-5\/#primaryimage"},"thumbnailUrl":"https:\/\/www.budokampsport.se\/wp-content\/uploads\/2019\/03\/Bildbyran-Nils-Jakobsson-e1625211016786.jpg","keywords":["\u00e5rsm\u00f6te","distrikt","f\u00f6rening"],"articleSection":["\u00c5rsm\u00f6te","Distrikt","F\u00f6rening"],"inLanguage":"sv-SE","potentialAction":[{"@type":"CommentAction","name":"Comment","target":["https:\/\/www.budokampsport.se\/2020\/02\/07\/distriktsarsmoten-5\/#respond"]}]},{"@type":"WebPage","@id":"https:\/\/www.budokampsport.se\/2020\/02\/07\/distriktsarsmoten-5\/","url":"https:\/\/www.budokampsport.se\/2020\/02\/07\/distriktsarsmoten-5\/","name":"Distrikts\u00e5rsm\u00f6ten - Svenska Budo &amp; Kampsportsf\u00f6rbundet","isPartOf":{"@id":"https:\/\/www.budokampsport.se\/#website"},"primaryImageOfPage":{"@id":"https:\/\/www.budokampsport.se\/2020\/02\/07\/distriktsarsmoten-5\/#primaryimage"},"image":{"@id":"https:\/\/www.budokampsport.se\/2020\/02\/07\/distriktsarsmoten-5\/#primaryimage"},"thumbnailUrl":"https:\/\/www.budokampsport.se\/wp-content\/uploads\/2019\/03\/Bildbyran-Nils-Jakobsson-e1625211016786.jpg","datePublished":"2020-02-07T12:50:42+00:00","dateModified":"2020-02-07T12:50:58+00:00","author":{"@id":"https:\/\/www.budokampsport.se\/#\/schema\/person\/666f754cfbc6f9a83a8c253cd24ad660"},"description":"Under februari och mars genomf\u00f6r distrikten sina \u00e5rsm\u00f6ten. Ta chansen att n\u00e4rvara om din f\u00f6rening vill p\u00e5verka eller lyssna in vad som gjorts och vad som","breadcrumb":{"@id":"https:\/\/www.budokampsport.se\/2020\/02\/07\/distriktsarsmoten-5\/#breadcrumb"},"inLanguage":"sv-SE","potentialAction":[{"@type":"ReadAction","target":["https:\/\/www.budokampsport.se\/2020\/02\/07\/distriktsarsmoten-5\/"]}]},{"@type":"ImageObject","inLanguage":"sv-SE","@id":"https:\/\/www.budokampsport.se\/2020\/02\/07\/distriktsarsmoten-5\/#primaryimage","url":"https:\/\/www.budokampsport.se\/wp-content\/uploads\/2019\/03\/Bildbyran-Nils-Jakobsson-e1625211016786.jpg","contentUrl":"https:\/\/www.budokampsport.se\/wp-content\/uploads\/2019\/03\/Bildbyran-Nils-Jakobsson-e1625211016786.jpg","width":850,"height":566,"caption":"180829 Eb ordf\u00f6randeklubba den 29 september 2018 i H\u00e4rn\u00f6sand. Foto: Nils Jakobsson \/ BILDBYR\u00c5N \/ kod NJ \/74291"},{"@type":"BreadcrumbList","@id":"https:\/\/www.budokampsport.se\/2020\/02\/07\/distriktsarsmoten-5\/#breadcrumb","itemListElement":[{"@type":"ListItem","position":1,"name":"Hem","item":"https:\/\/www.budokampsport.se\/"},{"@type":"ListItem","position":2,"name":"Distrikts\u00e5rsm\u00f6ten"}]},{"@type":"WebSite","@id":"https:\/\/www.budokampsport.se\/#website","url":"https:\/\/www.budokampsport.se\/","name":"Svenska Budo &amp; Kampsportsf\u00f6rbundet","description":"T\u00e4vling, Tr\u00e4ning, Tradition","potentialAction":[{"@type":"SearchAction","target":{"@type":"EntryPoint","urlTemplate":"https:\/\/www.budokampsport.se\/?s={search_term_string}"},"query-input":{"@type":"PropertyValueSpecification","valueRequired":true,"valueName":"search_term_string"}}],"inLanguage":"sv-SE"},{"@type":"Person","@id":"https:\/\/www.budokampsport.se\/#\/schema\/person\/666f754cfbc6f9a83a8c253cd24ad660","name":"Sofia Arnbom","image":{"@type":"ImageObject","inLanguage":"sv-SE","@id":"https:\/\/www.budokampsport.se\/#\/schema\/person\/image\/","url":"https:\/\/secure.gravatar.com\/avatar\/a69f673c99635f06ea6cb1eb10ca7e92?s=96&d=blank&r=g","contentUrl":"https:\/\/secure.gravatar.com\/avatar\/a69f673c99635f06ea6cb1eb10ca7e92?s=96&d=blank&r=g","caption":"Sofia Arnbom"},"url":"https:\/\/www.budokampsport.se\/author\/sofia-arnbom\/"}]}},"_links":{"self":[{"href":"https:\/\/www.budokampsport.se\/api\/wp\/v2\/posts\/117608","targetHints":{"allow":["GET"]}}],"collection":[{"href":"https:\/\/www.budokampsport.se\/api\/wp\/v2\/posts"}],"about":[{"href":"https:\/\/www.budokampsport.se\/api\/wp\/v2\/types\/post"}],"author":[{"embeddable":true,"href":"https:\/\/www.budokampsport.se\/api\/wp\/v2\/users\/47"}],"replies":[{"embeddable":true,"href":"https:\/\/www.budokampsport.se\/api\/wp\/v2\/comments?post=117608"}],"version-history":[{"count":0,"href":"https:\/\/www.budokampsport.se\/api\/wp\/v2\/posts\/117608\/revisions"}],"wp:featuredmedia":[{"embeddable":true,"href":"https:\/\/www.budokampsport.se\/api\/wp\/v2\/media\/94914"}],"wp:attachment":[{"href":"https:\/\/www.budokampsport.se\/api\/wp\/v2\/media?parent=117608"}],"wp:term":[{"taxonomy":"category","embeddable":true,"href":"https:\/\/www.budokampsport.se\/api\/wp\/v2\/categories?post=117608"},{"taxonomy":"post_tag","embeddable":true,"href":"https:\/\/www.budokampsport.se\/api\/wp\/v2\/tags?post=117608"}],"curies":[{"name":"wp","href":"https:\/\/api.w.org\/{rel}","templated":true}]}}