{"id":117758,"date":"2020-02-11T17:05:48","date_gmt":"2020-02-11T16:05:48","guid":{"rendered":"https:\/\/www.budokampsport.se\/?p=117758"},"modified":"2020-02-11T17:14:26","modified_gmt":"2020-02-11T16:14:26","slug":"mma-profil-kan-bli-arets-eldsjal-i-gastrikland","status":"publish","type":"post","link":"https:\/\/www.budokampsport.se\/2020\/02\/11\/mma-profil-kan-bli-arets-eldsjal-i-gastrikland\/","title":{"rendered":"MMA-profil kan bli \u00e5rets eldsj\u00e4l i G\u00e4strikland"},"content":{"rendered":"<p>Josephine Breisch vann tidigare i vintras SM-guld i MMA. Samtidigt som sin elitaktiva satsning har hon ocks\u00e5 startat tjejtr\u00e4ning i MMA i hemmaklubben Sandvikens Budo &amp; Kampsportsklubb.<\/p>\n<p>\u00c4ven det har lett till stora framsteg och idag \u00e4r det lite drygt 20 tjejer p\u00e5 passen.<br \/>\n&#8211; Jag fann MMA f\u00f6r fem \u00e5r sedan och \u00e4lskade sporten direkt. Men jag var ensam tjej p\u00e5 klubbens tr\u00e4ningar och ville f\u00e5 till en liten \u00e4ndring p\u00e5 det. Det k\u00e4nns naturligtvis v\u00e4ldigt bra att den satsningen gjort att vi har blivit s\u00e5 m\u00e5nga fler tjejer. Det \u00e4r lite speciellt att tr\u00e4na MMA som ensam tjej med bara killar. Nu ser vi att fler tjejer, efter att ha tr\u00e4nat i tjejpassen, ocks\u00e5 tr\u00e4nar i de ordinarie tr\u00e4ningsgrupperna. Det \u00e4r j\u00e4ttekul.<\/p>\n<p>Breisch, som \u00e4r fyrbarnsf\u00f6r\u00e4lder, hittar sitt driv i passionen till idrotten.<br \/>\n&#8211; Det \u00e4r s\u00e5 otroligt roligt. Och har man kul \u00e4r det ocks\u00e5 l\u00e4ttare att komma ifr\u00e5n soffan d\u00e4r hemma. MMA ger mig v\u00e4ldigt mycket bra energi, ocks\u00e5 i livet utanf\u00f6r tr\u00e4ningslokalen.<\/p>\n<p>Och hennes driv och framg\u00e5ngar har uppm\u00e4rksammats de senaste dagarna. Breisch har n\u00e4mligen blivit nominerad till \u00e5rets eldsj\u00e4l av G\u00e4striklands idrottsgala.<br \/>\n&#8211; Jag blev f\u00f6rst chockad n\u00e4r jag fick beskedet. Nu har det \u00e4nd\u00e5 sm\u00e4lt in lite, men det \u00e4r fortfarande en lite overklig k\u00e4nsla. Det betyder j\u00e4ttemycket f\u00f6r mig att bli uppm\u00e4rksammad p\u00e5 det h\u00e4r s\u00e4ttet. Jag \u00e4r vanligtvis inte bl\u00f6dig, men nomineringen ber\u00f6rde mig djupt.<\/p>\n<p>F\u00f6rutom Josephine \u00e4r \u00e4ven Erik Lundqvist (simsport), Benny Pettersson (Storviks IF) och Mats \u00c5kerlind (Gefle IF\/friidrott) nominerade till eldsj\u00e4lspriset.<br \/>\n<a href=\"https:\/\/gastriklandsidrottsgala.se\/\">H\u00e4r finns mer information om galan.<\/a><\/p>\n<p>Text: Jonathan Broberg<br \/>\nFoto: Amelia Mauritzon<\/p>\n","protected":false},"excerpt":{"rendered":"<p>SM-guldmedalj\u00f6ren i MMA Josephine Breisch kan bli \u00e5rets eldsj\u00e4l i G\u00e4strikland. Hon har blivit nominerad till G\u00e4striklands idrottsgala, som h\u00e5lls den 7 maj i Sandviken.<br \/><br>&#8211; Jag blev f\u00f6rst chockad n\u00e4r jag fick beskedet, s\u00e4ger hon till budokampsport.se.<\/p><br>","protected":false},"author":7,"featured_media":117763,"comment_status":"open","ping_status":"open","sticky":false,"template":"","format":"standard","meta":{"_acf_changed":false,"footnotes":""},"categories":[1],"tags":[],"class_list":["post-117758","post","type-post","status-publish","format-standard","has-post-thumbnail","hentry","category-okategoriserade"],"acf":[],"yoast_head":"<!-- This site is optimized with the Yoast SEO plugin v26.8 - https:\/\/yoast.com\/product\/yoast-seo-wordpress\/ -->\n<title>MMA-profil kan bli \u00e5rets eldsj\u00e4l i G\u00e4strikland - Svenska Budo &amp; Kampsportsf\u00f6rbundet<\/title>\n<meta name=\"description\" content=\"SM-guldmedalj\u00f6ren i MMA Josephine Breisch kan bli \u00e5rets eldsj\u00e4l i G\u00e4strikland. Hon har blivit nominerad till G\u00e4striklands idrottsgala, som h\u00e5lls den 7 maj i Sandviken. - Jag blev f\u00f6rst chockad n\u00e4r jag fick beskedet, s\u00e4ger hon till budokampsport.se.\" \/>\n<meta name=\"robots\" content=\"index, follow, max-snippet:-1, max-image-preview:large, max-video-preview:-1\" \/>\n<link rel=\"canonical\" href=\"https:\/\/www.budokampsport.se\/2020\/02\/11\/mma-profil-kan-bli-arets-eldsjal-i-gastrikland\/\" \/>\n<meta property=\"og:locale\" content=\"sv_SE\" \/>\n<meta property=\"og:type\" content=\"article\" \/>\n<meta property=\"og:title\" content=\"MMA-profil kan bli \u00e5rets eldsj\u00e4l i G\u00e4strikland - Svenska Budo &amp; Kampsportsf\u00f6rbundet\" \/>\n<meta property=\"og:description\" content=\"SM-guldmedalj\u00f6ren i MMA Josephine Breisch kan bli \u00e5rets eldsj\u00e4l i G\u00e4strikland. Hon har blivit nominerad till G\u00e4striklands idrottsgala, som h\u00e5lls den 7 maj i Sandviken. - Jag blev f\u00f6rst chockad n\u00e4r jag fick beskedet, s\u00e4ger hon till budokampsport.se.\" \/>\n<meta property=\"og:url\" content=\"https:\/\/www.budokampsport.se\/2020\/02\/11\/mma-profil-kan-bli-arets-eldsjal-i-gastrikland\/\" \/>\n<meta property=\"og:site_name\" content=\"Svenska Budo &amp; Kampsportsf\u00f6rbundet\" \/>\n<meta property=\"article:author\" content=\"https:\/\/www.facebook.com\/jonathan.broberg.7\" \/>\n<meta property=\"article:published_time\" content=\"2020-02-11T16:05:48+00:00\" \/>\n<meta property=\"article:modified_time\" content=\"2020-02-11T16:14:26+00:00\" \/>\n<meta property=\"og:image\" content=\"https:\/\/www.budokampsport.se\/wp-content\/uploads\/2020\/02\/josephine_breisch-e1625212653146.jpg\" \/>\n\t<meta property=\"og:image:width\" content=\"850\" \/>\n\t<meta property=\"og:image:height\" content=\"567\" \/>\n\t<meta property=\"og:image:type\" content=\"image\/jpeg\" \/>\n<meta name=\"author\" content=\"Jonathan Broberg\" \/>\n<meta name=\"twitter:card\" content=\"summary_large_image\" \/>\n<meta name=\"twitter:label1\" content=\"Skriven av\" \/>\n\t<meta name=\"twitter:data1\" content=\"Jonathan Broberg\" \/>\n\t<meta name=\"twitter:label2\" content=\"Ber\u00e4knad l\u00e4stid\" \/>\n\t<meta name=\"twitter:data2\" content=\"2 minuter\" \/>\n<script type=\"application\/ld+json\" class=\"yoast-schema-graph\">{\"@context\":\"https:\/\/schema.org\",\"@graph\":[{\"@type\":\"Article\",\"@id\":\"https:\/\/www.budokampsport.se\/2020\/02\/11\/mma-profil-kan-bli-arets-eldsjal-i-gastrikland\/#article\",\"isPartOf\":{\"@id\":\"https:\/\/www.budokampsport.se\/2020\/02\/11\/mma-profil-kan-bli-arets-eldsjal-i-gastrikland\/\"},\"author\":{\"name\":\"Jonathan Broberg\",\"@id\":\"https:\/\/www.budokampsport.se\/#\/schema\/person\/5c06d81d14850e2a8ce5493386560145\"},\"headline\":\"MMA-profil kan bli \u00e5rets eldsj\u00e4l i G\u00e4strikland\",\"datePublished\":\"2020-02-11T16:05:48+00:00\",\"dateModified\":\"2020-02-11T16:14:26+00:00\",\"mainEntityOfPage\":{\"@id\":\"https:\/\/www.budokampsport.se\/2020\/02\/11\/mma-profil-kan-bli-arets-eldsjal-i-gastrikland\/\"},\"wordCount\":312,\"commentCount\":0,\"image\":{\"@id\":\"https:\/\/www.budokampsport.se\/2020\/02\/11\/mma-profil-kan-bli-arets-eldsjal-i-gastrikland\/#primaryimage\"},\"thumbnailUrl\":\"https:\/\/www.budokampsport.se\/wp-content\/uploads\/2020\/02\/josephine_breisch-e1625212653146.jpg\",\"inLanguage\":\"sv-SE\",\"potentialAction\":[{\"@type\":\"CommentAction\",\"name\":\"Comment\",\"target\":[\"https:\/\/www.budokampsport.se\/2020\/02\/11\/mma-profil-kan-bli-arets-eldsjal-i-gastrikland\/#respond\"]}]},{\"@type\":\"WebPage\",\"@id\":\"https:\/\/www.budokampsport.se\/2020\/02\/11\/mma-profil-kan-bli-arets-eldsjal-i-gastrikland\/\",\"url\":\"https:\/\/www.budokampsport.se\/2020\/02\/11\/mma-profil-kan-bli-arets-eldsjal-i-gastrikland\/\",\"name\":\"MMA-profil kan bli \u00e5rets eldsj\u00e4l i G\u00e4strikland - Svenska Budo &amp; Kampsportsf\u00f6rbundet\",\"isPartOf\":{\"@id\":\"https:\/\/www.budokampsport.se\/#website\"},\"primaryImageOfPage\":{\"@id\":\"https:\/\/www.budokampsport.se\/2020\/02\/11\/mma-profil-kan-bli-arets-eldsjal-i-gastrikland\/#primaryimage\"},\"image\":{\"@id\":\"https:\/\/www.budokampsport.se\/2020\/02\/11\/mma-profil-kan-bli-arets-eldsjal-i-gastrikland\/#primaryimage\"},\"thumbnailUrl\":\"https:\/\/www.budokampsport.se\/wp-content\/uploads\/2020\/02\/josephine_breisch-e1625212653146.jpg\",\"datePublished\":\"2020-02-11T16:05:48+00:00\",\"dateModified\":\"2020-02-11T16:14:26+00:00\",\"author\":{\"@id\":\"https:\/\/www.budokampsport.se\/#\/schema\/person\/5c06d81d14850e2a8ce5493386560145\"},\"description\":\"SM-guldmedalj\u00f6ren i MMA Josephine Breisch kan bli \u00e5rets eldsj\u00e4l i G\u00e4strikland. Hon har blivit nominerad till G\u00e4striklands idrottsgala, som h\u00e5lls den 7 maj i Sandviken. - Jag blev f\u00f6rst chockad n\u00e4r jag fick beskedet, s\u00e4ger hon till budokampsport.se.\",\"breadcrumb\":{\"@id\":\"https:\/\/www.budokampsport.se\/2020\/02\/11\/mma-profil-kan-bli-arets-eldsjal-i-gastrikland\/#breadcrumb\"},\"inLanguage\":\"sv-SE\",\"potentialAction\":[{\"@type\":\"ReadAction\",\"target\":[\"https:\/\/www.budokampsport.se\/2020\/02\/11\/mma-profil-kan-bli-arets-eldsjal-i-gastrikland\/\"]}]},{\"@type\":\"ImageObject\",\"inLanguage\":\"sv-SE\",\"@id\":\"https:\/\/www.budokampsport.se\/2020\/02\/11\/mma-profil-kan-bli-arets-eldsjal-i-gastrikland\/#primaryimage\",\"url\":\"https:\/\/www.budokampsport.se\/wp-content\/uploads\/2020\/02\/josephine_breisch-e1625212653146.jpg\",\"contentUrl\":\"https:\/\/www.budokampsport.se\/wp-content\/uploads\/2020\/02\/josephine_breisch-e1625212653146.jpg\",\"width\":850,\"height\":567,\"caption\":\"Foto: Amelia Mauritzon\"},{\"@type\":\"BreadcrumbList\",\"@id\":\"https:\/\/www.budokampsport.se\/2020\/02\/11\/mma-profil-kan-bli-arets-eldsjal-i-gastrikland\/#breadcrumb\",\"itemListElement\":[{\"@type\":\"ListItem\",\"position\":1,\"name\":\"Hem\",\"item\":\"https:\/\/www.budokampsport.se\/\"},{\"@type\":\"ListItem\",\"position\":2,\"name\":\"MMA-profil kan bli \u00e5rets eldsj\u00e4l i G\u00e4strikland\"}]},{\"@type\":\"WebSite\",\"@id\":\"https:\/\/www.budokampsport.se\/#website\",\"url\":\"https:\/\/www.budokampsport.se\/\",\"name\":\"Svenska Budo &amp; Kampsportsf\u00f6rbundet\",\"description\":\"T\u00e4vling, Tr\u00e4ning, Tradition\",\"potentialAction\":[{\"@type\":\"SearchAction\",\"target\":{\"@type\":\"EntryPoint\",\"urlTemplate\":\"https:\/\/www.budokampsport.se\/?s={search_term_string}\"},\"query-input\":{\"@type\":\"PropertyValueSpecification\",\"valueRequired\":true,\"valueName\":\"search_term_string\"}}],\"inLanguage\":\"sv-SE\"},{\"@type\":\"Person\",\"@id\":\"https:\/\/www.budokampsport.se\/#\/schema\/person\/5c06d81d14850e2a8ce5493386560145\",\"name\":\"Jonathan Broberg\",\"image\":{\"@type\":\"ImageObject\",\"inLanguage\":\"sv-SE\",\"@id\":\"https:\/\/www.budokampsport.se\/#\/schema\/person\/image\/\",\"url\":\"https:\/\/secure.gravatar.com\/avatar\/a58041c6cea9128bd9c40ee2f26d4136?s=96&d=blank&r=g\",\"contentUrl\":\"https:\/\/secure.gravatar.com\/avatar\/a58041c6cea9128bd9c40ee2f26d4136?s=96&d=blank&r=g\",\"caption\":\"Jonathan Broberg\"},\"sameAs\":[\"https:\/\/www.facebook.com\/jonathan.broberg.7\"],\"url\":\"https:\/\/www.budokampsport.se\/author\/jonathan\/\"}]}<\/script>\n<!-- \/ Yoast SEO plugin. -->","yoast_head_json":{"title":"MMA-profil kan bli \u00e5rets eldsj\u00e4l i G\u00e4strikland - Svenska Budo &amp; Kampsportsf\u00f6rbundet","description":"SM-guldmedalj\u00f6ren i MMA Josephine Breisch kan bli \u00e5rets eldsj\u00e4l i G\u00e4strikland. Hon har blivit nominerad till G\u00e4striklands idrottsgala, som h\u00e5lls den 7 maj i Sandviken. - Jag blev f\u00f6rst chockad n\u00e4r jag fick beskedet, s\u00e4ger hon till budokampsport.se.","robots":{"index":"index","follow":"follow","max-snippet":"max-snippet:-1","max-image-preview":"max-image-preview:large","max-video-preview":"max-video-preview:-1"},"canonical":"https:\/\/www.budokampsport.se\/2020\/02\/11\/mma-profil-kan-bli-arets-eldsjal-i-gastrikland\/","og_locale":"sv_SE","og_type":"article","og_title":"MMA-profil kan bli \u00e5rets eldsj\u00e4l i G\u00e4strikland - Svenska Budo &amp; Kampsportsf\u00f6rbundet","og_description":"SM-guldmedalj\u00f6ren i MMA Josephine Breisch kan bli \u00e5rets eldsj\u00e4l i G\u00e4strikland. Hon har blivit nominerad till G\u00e4striklands idrottsgala, som h\u00e5lls den 7 maj i Sandviken. - Jag blev f\u00f6rst chockad n\u00e4r jag fick beskedet, s\u00e4ger hon till budokampsport.se.","og_url":"https:\/\/www.budokampsport.se\/2020\/02\/11\/mma-profil-kan-bli-arets-eldsjal-i-gastrikland\/","og_site_name":"Svenska Budo &amp; Kampsportsf\u00f6rbundet","article_author":"https:\/\/www.facebook.com\/jonathan.broberg.7","article_published_time":"2020-02-11T16:05:48+00:00","article_modified_time":"2020-02-11T16:14:26+00:00","og_image":[{"width":850,"height":567,"url":"https:\/\/www.budokampsport.se\/wp-content\/uploads\/2020\/02\/josephine_breisch-e1625212653146.jpg","type":"image\/jpeg"}],"author":"Jonathan Broberg","twitter_card":"summary_large_image","twitter_misc":{"Skriven av":"Jonathan Broberg","Ber\u00e4knad l\u00e4stid":"2 minuter"},"schema":{"@context":"https:\/\/schema.org","@graph":[{"@type":"Article","@id":"https:\/\/www.budokampsport.se\/2020\/02\/11\/mma-profil-kan-bli-arets-eldsjal-i-gastrikland\/#article","isPartOf":{"@id":"https:\/\/www.budokampsport.se\/2020\/02\/11\/mma-profil-kan-bli-arets-eldsjal-i-gastrikland\/"},"author":{"name":"Jonathan Broberg","@id":"https:\/\/www.budokampsport.se\/#\/schema\/person\/5c06d81d14850e2a8ce5493386560145"},"headline":"MMA-profil kan bli \u00e5rets eldsj\u00e4l i G\u00e4strikland","datePublished":"2020-02-11T16:05:48+00:00","dateModified":"2020-02-11T16:14:26+00:00","mainEntityOfPage":{"@id":"https:\/\/www.budokampsport.se\/2020\/02\/11\/mma-profil-kan-bli-arets-eldsjal-i-gastrikland\/"},"wordCount":312,"commentCount":0,"image":{"@id":"https:\/\/www.budokampsport.se\/2020\/02\/11\/mma-profil-kan-bli-arets-eldsjal-i-gastrikland\/#primaryimage"},"thumbnailUrl":"https:\/\/www.budokampsport.se\/wp-content\/uploads\/2020\/02\/josephine_breisch-e1625212653146.jpg","inLanguage":"sv-SE","potentialAction":[{"@type":"CommentAction","name":"Comment","target":["https:\/\/www.budokampsport.se\/2020\/02\/11\/mma-profil-kan-bli-arets-eldsjal-i-gastrikland\/#respond"]}]},{"@type":"WebPage","@id":"https:\/\/www.budokampsport.se\/2020\/02\/11\/mma-profil-kan-bli-arets-eldsjal-i-gastrikland\/","url":"https:\/\/www.budokampsport.se\/2020\/02\/11\/mma-profil-kan-bli-arets-eldsjal-i-gastrikland\/","name":"MMA-profil kan bli \u00e5rets eldsj\u00e4l i G\u00e4strikland - Svenska Budo &amp; Kampsportsf\u00f6rbundet","isPartOf":{"@id":"https:\/\/www.budokampsport.se\/#website"},"primaryImageOfPage":{"@id":"https:\/\/www.budokampsport.se\/2020\/02\/11\/mma-profil-kan-bli-arets-eldsjal-i-gastrikland\/#primaryimage"},"image":{"@id":"https:\/\/www.budokampsport.se\/2020\/02\/11\/mma-profil-kan-bli-arets-eldsjal-i-gastrikland\/#primaryimage"},"thumbnailUrl":"https:\/\/www.budokampsport.se\/wp-content\/uploads\/2020\/02\/josephine_breisch-e1625212653146.jpg","datePublished":"2020-02-11T16:05:48+00:00","dateModified":"2020-02-11T16:14:26+00:00","author":{"@id":"https:\/\/www.budokampsport.se\/#\/schema\/person\/5c06d81d14850e2a8ce5493386560145"},"description":"SM-guldmedalj\u00f6ren i MMA Josephine Breisch kan bli \u00e5rets eldsj\u00e4l i G\u00e4strikland. Hon har blivit nominerad till G\u00e4striklands idrottsgala, som h\u00e5lls den 7 maj i Sandviken. - Jag blev f\u00f6rst chockad n\u00e4r jag fick beskedet, s\u00e4ger hon till budokampsport.se.","breadcrumb":{"@id":"https:\/\/www.budokampsport.se\/2020\/02\/11\/mma-profil-kan-bli-arets-eldsjal-i-gastrikland\/#breadcrumb"},"inLanguage":"sv-SE","potentialAction":[{"@type":"ReadAction","target":["https:\/\/www.budokampsport.se\/2020\/02\/11\/mma-profil-kan-bli-arets-eldsjal-i-gastrikland\/"]}]},{"@type":"ImageObject","inLanguage":"sv-SE","@id":"https:\/\/www.budokampsport.se\/2020\/02\/11\/mma-profil-kan-bli-arets-eldsjal-i-gastrikland\/#primaryimage","url":"https:\/\/www.budokampsport.se\/wp-content\/uploads\/2020\/02\/josephine_breisch-e1625212653146.jpg","contentUrl":"https:\/\/www.budokampsport.se\/wp-content\/uploads\/2020\/02\/josephine_breisch-e1625212653146.jpg","width":850,"height":567,"caption":"Foto: Amelia Mauritzon"},{"@type":"BreadcrumbList","@id":"https:\/\/www.budokampsport.se\/2020\/02\/11\/mma-profil-kan-bli-arets-eldsjal-i-gastrikland\/#breadcrumb","itemListElement":[{"@type":"ListItem","position":1,"name":"Hem","item":"https:\/\/www.budokampsport.se\/"},{"@type":"ListItem","position":2,"name":"MMA-profil kan bli \u00e5rets eldsj\u00e4l i G\u00e4strikland"}]},{"@type":"WebSite","@id":"https:\/\/www.budokampsport.se\/#website","url":"https:\/\/www.budokampsport.se\/","name":"Svenska Budo &amp; Kampsportsf\u00f6rbundet","description":"T\u00e4vling, Tr\u00e4ning, Tradition","potentialAction":[{"@type":"SearchAction","target":{"@type":"EntryPoint","urlTemplate":"https:\/\/www.budokampsport.se\/?s={search_term_string}"},"query-input":{"@type":"PropertyValueSpecification","valueRequired":true,"valueName":"search_term_string"}}],"inLanguage":"sv-SE"},{"@type":"Person","@id":"https:\/\/www.budokampsport.se\/#\/schema\/person\/5c06d81d14850e2a8ce5493386560145","name":"Jonathan Broberg","image":{"@type":"ImageObject","inLanguage":"sv-SE","@id":"https:\/\/www.budokampsport.se\/#\/schema\/person\/image\/","url":"https:\/\/secure.gravatar.com\/avatar\/a58041c6cea9128bd9c40ee2f26d4136?s=96&d=blank&r=g","contentUrl":"https:\/\/secure.gravatar.com\/avatar\/a58041c6cea9128bd9c40ee2f26d4136?s=96&d=blank&r=g","caption":"Jonathan Broberg"},"sameAs":["https:\/\/www.facebook.com\/jonathan.broberg.7"],"url":"https:\/\/www.budokampsport.se\/author\/jonathan\/"}]}},"_links":{"self":[{"href":"https:\/\/www.budokampsport.se\/api\/wp\/v2\/posts\/117758","targetHints":{"allow":["GET"]}}],"collection":[{"href":"https:\/\/www.budokampsport.se\/api\/wp\/v2\/posts"}],"about":[{"href":"https:\/\/www.budokampsport.se\/api\/wp\/v2\/types\/post"}],"author":[{"embeddable":true,"href":"https:\/\/www.budokampsport.se\/api\/wp\/v2\/users\/7"}],"replies":[{"embeddable":true,"href":"https:\/\/www.budokampsport.se\/api\/wp\/v2\/comments?post=117758"}],"version-history":[{"count":0,"href":"https:\/\/www.budokampsport.se\/api\/wp\/v2\/posts\/117758\/revisions"}],"wp:featuredmedia":[{"embeddable":true,"href":"https:\/\/www.budokampsport.se\/api\/wp\/v2\/media\/117763"}],"wp:attachment":[{"href":"https:\/\/www.budokampsport.se\/api\/wp\/v2\/media?parent=117758"}],"wp:term":[{"taxonomy":"category","embeddable":true,"href":"https:\/\/www.budokampsport.se\/api\/wp\/v2\/categories?post=117758"},{"taxonomy":"post_tag","embeddable":true,"href":"https:\/\/www.budokampsport.se\/api\/wp\/v2\/tags?post=117758"}],"curies":[{"name":"wp","href":"https:\/\/api.w.org\/{rel}","templated":true}]}}