{"id":117951,"date":"2020-02-14T12:42:19","date_gmt":"2020-02-14T11:42:19","guid":{"rendered":"https:\/\/www.budokampsport.se\/?p=117951"},"modified":"2020-02-14T12:47:09","modified_gmt":"2020-02-14T11:47:09","slug":"arsmote-i-foreningen","status":"publish","type":"post","link":"https:\/\/www.budokampsport.se\/2020\/02\/14\/arsmote-i-foreningen\/","title":{"rendered":"\u00c5rsm\u00f6te i f\u00f6rening"},"content":{"rendered":"<p>Syftet med \u00e5rsm\u00f6tet \u00e4r att st\u00e4mma av det som har varit och att ta ut riktningen mot det kommande verksamhets\u00e5ret. P\u00e5 \u00e5rsm\u00f6tet har alla medlemmar m\u00f6jlighet att g\u00f6ra sin r\u00f6st h\u00f6rd och det \u00e4r p\u00e5 \u00e5rsm\u00f6tet f\u00f6reningens styrelse f\u00f6r det kommande verksamhets\u00e5ret v\u00e4ljs.<\/p>\n<p><strong>\u00c5rsm\u00f6te och f\u00f6reningens stadgar<\/strong><br \/>\nIdrottsf\u00f6reningar ska h\u00e5lla \u00e5rsm\u00f6te varje \u00e5r och allt som g\u00e4ller f\u00f6reningens \u00e5rsm\u00f6te ska framg\u00e5 i f\u00f6reningens stadgar. Stadgarna \u00e4r de ramar f\u00f6reningen beslutat att h\u00e5lla sig till och d\u00e4r ska anges n\u00e4r \u00e5rsm\u00f6tet senast ska h\u00e5llas, vilka som har r\u00f6str\u00e4tt, vilka val som ska g\u00f6ras, n\u00e4r och var handlingarna ska finnas tillg\u00e4ngliga f\u00f6r f\u00f6reningens medlemmar o.s.v.<\/p>\n<p>Det \u00e4r viktigt att f\u00f6lja vad som st\u00e5r i f\u00f6reningens stadgar n\u00e4r det kallas till och genomf\u00f6rs \u00e5rsm\u00f6te. Till exempel framg\u00e5r f\u00f6redragningslistan\/dagordningen f\u00f6r \u00e5rsm\u00f6tet i stadgarna. \u00c5rsm\u00f6tets ska ta upp samtliga dagordningens punkter och protokollf\u00f6ra alla beslut.<\/p>\n<p>I god tid innan \u00e5rsm\u00f6tet \u00e4r det l\u00e4ge att se \u00f6ver f\u00f6reningens stadgar utifall n\u00e5got f\u00f6rslag till \u00e4ndring ska presenteras till \u00e5rsm\u00f6tet. Kanske saknas n\u00e5gon uppgift, kanske har f\u00f6reningens verksamhet f\u00f6r\u00e4ndrats eller s\u00e5 beh\u00f6ver spr\u00e5ket moderniseras och\/eller f\u00f6rtydligas. Riksidrottsf\u00f6rbundet har tagit fram en stadgemall f\u00f6r idrottsf\u00f6reningar som kan anv\u00e4ndas som st\u00f6d i det arbetet \u00bb\u00bb\u00a0<a href=\"https:\/\/www.rf.se\/bidragochstod\/bildaidrottsforening\/\" target=\"_blank\" rel=\"noopener noreferrer\">Stadgemall f\u00f6r idrottsf\u00f6rening<\/a><\/p>\n<p><strong>Hj\u00e4lp med \u00e5rsm\u00f6tet<\/strong><br \/>\nOm ni \u00e4r os\u00e4kra p\u00e5 n\u00e5got kring f\u00f6reningens \u00e5rsm\u00f6te kan ni med f\u00f6rdel v\u00e4nda er till ert RF-SISU distrikt. I vissa distrikt finns ut\u00f6ver st\u00f6d i f\u00f6reningsfr\u00e5gor m\u00f6jligheten att l\u00e5na lokal till \u00e5rsm\u00f6tet, f\u00e5 hj\u00e4lp med en extern ordf\u00f6rande att leda m\u00f6tet eller m\u00f6jlighet att komplettera \u00e5rsm\u00f6tet med bes\u00f6k av en inspirationsf\u00f6rel\u00e4sare.<\/p>\n<p>Efter \u00e5rsm\u00f6tet kan f\u00f6reningens styrelse t.ex. f\u00e5 hj\u00e4lp med utbildning i effektivt styrelsearbete eller hur verksamheten ska kunna utvecklas i den riktning \u00e5rsm\u00f6tet beslutat. Kontaktuppgifter till alla RF-SISU distrikt finns h\u00e4r \u00bb\u00bb <a href=\"https:\/\/www.rf.se\/omriksidrottsforbundet\/hittainomidrottsrorelsen\/\" target=\"_blank\" rel=\"noopener noreferrer\">Hitta inom idrottsr\u00f6relsen<\/a><\/p>\n<p><strong>Att g\u00f6ra i samband med \u00e5rsm\u00f6tet<\/strong> (f\u00f6lj vad som st\u00e5r i f\u00f6reningens stadgar):<br \/>\n\u2022 Kalla samtliga medlemmar till \u00e5rsm\u00f6tet<br \/>\n\u2022 Uppr\u00e4tta en verksamhetsber\u00e4ttelse, budget, resultat- och balansr\u00e4kning, revisionsber\u00e4ttelse<br \/>\n\u2022 P\u00e5 m\u00f6tet: uppr\u00e4tta r\u00f6stl\u00e4ngd, f\u00f6lj den f\u00f6redragningslista\/dagordning som finns i era stadgar, ta upp och protokollf\u00f6r samtliga punkter.<br \/>\n\u2022 Spara det justerade protokollet, fysiskt och digitalt, s\u00e5 att f\u00f6reningen har tillg\u00e5ng till det fram\u00f6ver<br \/>\n\u2022 G\u00e5 efter \u00e5rsm\u00f6tet igenom f\u00f6reningens kontaktuppgifter s\u00e5 att de \u00e4r aktuella<\/p>\n<p><strong>Nya kontaktuppgifter<\/strong><br \/>\nEfter \u00e5rsm\u00f6tet kanske styrelsen har en ny sammans\u00e4ttning. F\u00f6r att information ska n\u00e5 r\u00e4tt person \u00e4r det d\u00e4rf\u00f6r viktigt att direkt se \u00f6ver att r\u00e4tt kontaktuppgifter \u00e4r registrerade.<br \/>\n\u2013 IdrottOnline uppdateras av f\u00f6reningen, information &amp; support \u00bb\u00bb <a href=\"https:\/\/idrottonline.se\/\" target=\"_blank\" rel=\"noopener noreferrer\">idrottonline.se<\/a><br \/>\n\u2013 Klubbregistret p\u00e5 <a href=\"https:\/\/www.budokampsport.se\/klubbar\/\">budokampsport.se<\/a> uppdaterar f\u00f6reningen genom att maila <a href=\"mailto:info@budokampsport.se\">info@budokampsport.se<\/a> Var noga med att ange vilken f\u00f6rening \u00e4rendet avser samt vilka uppgifter som ska \u00e4ndras till vilka.<\/p>\n<p>&nbsp;<\/p>\n<p>Text: Sofia Arnbom<br \/>\nBild: Bildbyr\u00e5n<\/p>\n","protected":false},"excerpt":{"rendered":"<p>F\u00f6rsta kvartalet \u00e4r \u00e5rsm\u00f6test\u00e4ta tider. F\u00f6reningar som har kalender\u00e5r som r\u00e4kenskaps\u00e5r ska vanligtvis h\u00e5lla sitt \u00e5rsm\u00f6te senast i mars. Till hj\u00e4lp inf\u00f6r och under \u00e5rsm\u00f6tet har f\u00f6reningen sina stadgar.<\/p><br>","protected":false},"author":47,"featured_media":106816,"comment_status":"open","ping_status":"open","sticky":false,"template":"","format":"standard","meta":{"_acf_changed":false,"footnotes":""},"categories":[410,481],"tags":[469,482],"class_list":["post-117951","post","type-post","status-publish","format-standard","has-post-thumbnail","hentry","category-arsmote","category-forening","tag-arsmote","tag-forening"],"acf":[],"yoast_head":"<!-- This site is optimized with the Yoast SEO plugin v26.8 - https:\/\/yoast.com\/product\/yoast-seo-wordpress\/ -->\n<title>\u00c5rsm\u00f6te i f\u00f6rening - Svenska Budo &amp; Kampsportsf\u00f6rbundet<\/title>\n<meta name=\"description\" content=\"F\u00f6rsta kvartalet \u00e4r \u00e5rsm\u00f6test\u00e4ta tider. F\u00f6reningar som har kalender\u00e5r som r\u00e4kenskaps\u00e5r ska vanligtvis h\u00e5lla sitt \u00e5rsm\u00f6te senast i mars. Till hj\u00e4lp inf\u00f6r och under \u00e5rsm\u00f6tet har f\u00f6reningen sina stadgar.\" \/>\n<meta name=\"robots\" content=\"index, follow, max-snippet:-1, max-image-preview:large, max-video-preview:-1\" \/>\n<link rel=\"canonical\" href=\"https:\/\/www.budokampsport.se\/2020\/02\/14\/arsmote-i-foreningen\/\" \/>\n<meta property=\"og:locale\" content=\"sv_SE\" \/>\n<meta property=\"og:type\" content=\"article\" \/>\n<meta property=\"og:title\" content=\"\u00c5rsm\u00f6te i f\u00f6rening - Svenska Budo &amp; Kampsportsf\u00f6rbundet\" \/>\n<meta property=\"og:description\" content=\"F\u00f6rsta kvartalet \u00e4r \u00e5rsm\u00f6test\u00e4ta tider. F\u00f6reningar som har kalender\u00e5r som r\u00e4kenskaps\u00e5r ska vanligtvis h\u00e5lla sitt \u00e5rsm\u00f6te senast i mars. Till hj\u00e4lp inf\u00f6r och under \u00e5rsm\u00f6tet har f\u00f6reningen sina stadgar.\" \/>\n<meta property=\"og:url\" content=\"https:\/\/www.budokampsport.se\/2020\/02\/14\/arsmote-i-foreningen\/\" \/>\n<meta property=\"og:site_name\" content=\"Svenska Budo &amp; Kampsportsf\u00f6rbundet\" \/>\n<meta property=\"article:published_time\" content=\"2020-02-14T11:42:19+00:00\" \/>\n<meta property=\"article:modified_time\" content=\"2020-02-14T11:47:09+00:00\" \/>\n<meta property=\"og:image\" content=\"https:\/\/www.budokampsport.se\/wp-content\/uploads\/2019\/09\/Bildbyran-Maxim-Thore-e1625212093901.jpg\" \/>\n\t<meta property=\"og:image:width\" content=\"850\" \/>\n\t<meta property=\"og:image:height\" content=\"566\" \/>\n\t<meta property=\"og:image:type\" content=\"image\/jpeg\" \/>\n<meta name=\"author\" content=\"Sofia Arnbom\" \/>\n<meta name=\"twitter:card\" content=\"summary_large_image\" \/>\n<meta name=\"twitter:label1\" content=\"Skriven av\" \/>\n\t<meta name=\"twitter:data1\" content=\"Sofia Arnbom\" \/>\n\t<meta name=\"twitter:label2\" content=\"Ber\u00e4knad l\u00e4stid\" \/>\n\t<meta name=\"twitter:data2\" content=\"3 minuter\" \/>\n<script type=\"application\/ld+json\" class=\"yoast-schema-graph\">{\"@context\":\"https:\/\/schema.org\",\"@graph\":[{\"@type\":\"Article\",\"@id\":\"https:\/\/www.budokampsport.se\/2020\/02\/14\/arsmote-i-foreningen\/#article\",\"isPartOf\":{\"@id\":\"https:\/\/www.budokampsport.se\/2020\/02\/14\/arsmote-i-foreningen\/\"},\"author\":{\"name\":\"Sofia Arnbom\",\"@id\":\"https:\/\/www.budokampsport.se\/#\/schema\/person\/666f754cfbc6f9a83a8c253cd24ad660\"},\"headline\":\"\u00c5rsm\u00f6te i f\u00f6rening\",\"datePublished\":\"2020-02-14T11:42:19+00:00\",\"dateModified\":\"2020-02-14T11:47:09+00:00\",\"mainEntityOfPage\":{\"@id\":\"https:\/\/www.budokampsport.se\/2020\/02\/14\/arsmote-i-foreningen\/\"},\"wordCount\":570,\"commentCount\":1,\"image\":{\"@id\":\"https:\/\/www.budokampsport.se\/2020\/02\/14\/arsmote-i-foreningen\/#primaryimage\"},\"thumbnailUrl\":\"https:\/\/www.budokampsport.se\/wp-content\/uploads\/2019\/09\/Bildbyran-Maxim-Thore-e1625212093901.jpg\",\"keywords\":[\"\u00e5rsm\u00f6te\",\"f\u00f6rening\"],\"articleSection\":[\"\u00c5rsm\u00f6te\",\"F\u00f6rening\"],\"inLanguage\":\"sv-SE\",\"potentialAction\":[{\"@type\":\"CommentAction\",\"name\":\"Comment\",\"target\":[\"https:\/\/www.budokampsport.se\/2020\/02\/14\/arsmote-i-foreningen\/#respond\"]}]},{\"@type\":\"WebPage\",\"@id\":\"https:\/\/www.budokampsport.se\/2020\/02\/14\/arsmote-i-foreningen\/\",\"url\":\"https:\/\/www.budokampsport.se\/2020\/02\/14\/arsmote-i-foreningen\/\",\"name\":\"\u00c5rsm\u00f6te i f\u00f6rening - Svenska Budo &amp; Kampsportsf\u00f6rbundet\",\"isPartOf\":{\"@id\":\"https:\/\/www.budokampsport.se\/#website\"},\"primaryImageOfPage\":{\"@id\":\"https:\/\/www.budokampsport.se\/2020\/02\/14\/arsmote-i-foreningen\/#primaryimage\"},\"image\":{\"@id\":\"https:\/\/www.budokampsport.se\/2020\/02\/14\/arsmote-i-foreningen\/#primaryimage\"},\"thumbnailUrl\":\"https:\/\/www.budokampsport.se\/wp-content\/uploads\/2019\/09\/Bildbyran-Maxim-Thore-e1625212093901.jpg\",\"datePublished\":\"2020-02-14T11:42:19+00:00\",\"dateModified\":\"2020-02-14T11:47:09+00:00\",\"author\":{\"@id\":\"https:\/\/www.budokampsport.se\/#\/schema\/person\/666f754cfbc6f9a83a8c253cd24ad660\"},\"description\":\"F\u00f6rsta kvartalet \u00e4r \u00e5rsm\u00f6test\u00e4ta tider. F\u00f6reningar som har kalender\u00e5r som r\u00e4kenskaps\u00e5r ska vanligtvis h\u00e5lla sitt \u00e5rsm\u00f6te senast i mars. Till hj\u00e4lp inf\u00f6r och under \u00e5rsm\u00f6tet har f\u00f6reningen sina stadgar.\",\"breadcrumb\":{\"@id\":\"https:\/\/www.budokampsport.se\/2020\/02\/14\/arsmote-i-foreningen\/#breadcrumb\"},\"inLanguage\":\"sv-SE\",\"potentialAction\":[{\"@type\":\"ReadAction\",\"target\":[\"https:\/\/www.budokampsport.se\/2020\/02\/14\/arsmote-i-foreningen\/\"]}]},{\"@type\":\"ImageObject\",\"inLanguage\":\"sv-SE\",\"@id\":\"https:\/\/www.budokampsport.se\/2020\/02\/14\/arsmote-i-foreningen\/#primaryimage\",\"url\":\"https:\/\/www.budokampsport.se\/wp-content\/uploads\/2019\/09\/Bildbyran-Maxim-Thore-e1625212093901.jpg\",\"contentUrl\":\"https:\/\/www.budokampsport.se\/wp-content\/uploads\/2019\/09\/Bildbyran-Maxim-Thore-e1625212093901.jpg\",\"width\":850,\"height\":566,\"caption\":\"181031 En person skriver p\u00e5 sin dator p\u00e5 universitetet den 31 oktober 2018 i Stockholm. Foto: MAXIM THOR\u00c9 \/ BILDBYR\u00c5N\"},{\"@type\":\"BreadcrumbList\",\"@id\":\"https:\/\/www.budokampsport.se\/2020\/02\/14\/arsmote-i-foreningen\/#breadcrumb\",\"itemListElement\":[{\"@type\":\"ListItem\",\"position\":1,\"name\":\"Hem\",\"item\":\"https:\/\/www.budokampsport.se\/\"},{\"@type\":\"ListItem\",\"position\":2,\"name\":\"\u00c5rsm\u00f6te i f\u00f6rening\"}]},{\"@type\":\"WebSite\",\"@id\":\"https:\/\/www.budokampsport.se\/#website\",\"url\":\"https:\/\/www.budokampsport.se\/\",\"name\":\"Svenska Budo &amp; Kampsportsf\u00f6rbundet\",\"description\":\"T\u00e4vling, Tr\u00e4ning, Tradition\",\"potentialAction\":[{\"@type\":\"SearchAction\",\"target\":{\"@type\":\"EntryPoint\",\"urlTemplate\":\"https:\/\/www.budokampsport.se\/?s={search_term_string}\"},\"query-input\":{\"@type\":\"PropertyValueSpecification\",\"valueRequired\":true,\"valueName\":\"search_term_string\"}}],\"inLanguage\":\"sv-SE\"},{\"@type\":\"Person\",\"@id\":\"https:\/\/www.budokampsport.se\/#\/schema\/person\/666f754cfbc6f9a83a8c253cd24ad660\",\"name\":\"Sofia Arnbom\",\"image\":{\"@type\":\"ImageObject\",\"inLanguage\":\"sv-SE\",\"@id\":\"https:\/\/www.budokampsport.se\/#\/schema\/person\/image\/\",\"url\":\"https:\/\/secure.gravatar.com\/avatar\/a69f673c99635f06ea6cb1eb10ca7e92?s=96&d=blank&r=g\",\"contentUrl\":\"https:\/\/secure.gravatar.com\/avatar\/a69f673c99635f06ea6cb1eb10ca7e92?s=96&d=blank&r=g\",\"caption\":\"Sofia Arnbom\"},\"url\":\"https:\/\/www.budokampsport.se\/author\/sofia-arnbom\/\"}]}<\/script>\n<!-- \/ Yoast SEO plugin. -->","yoast_head_json":{"title":"\u00c5rsm\u00f6te i f\u00f6rening - Svenska Budo &amp; Kampsportsf\u00f6rbundet","description":"F\u00f6rsta kvartalet \u00e4r \u00e5rsm\u00f6test\u00e4ta tider. F\u00f6reningar som har kalender\u00e5r som r\u00e4kenskaps\u00e5r ska vanligtvis h\u00e5lla sitt \u00e5rsm\u00f6te senast i mars. Till hj\u00e4lp inf\u00f6r och under \u00e5rsm\u00f6tet har f\u00f6reningen sina stadgar.","robots":{"index":"index","follow":"follow","max-snippet":"max-snippet:-1","max-image-preview":"max-image-preview:large","max-video-preview":"max-video-preview:-1"},"canonical":"https:\/\/www.budokampsport.se\/2020\/02\/14\/arsmote-i-foreningen\/","og_locale":"sv_SE","og_type":"article","og_title":"\u00c5rsm\u00f6te i f\u00f6rening - Svenska Budo &amp; Kampsportsf\u00f6rbundet","og_description":"F\u00f6rsta kvartalet \u00e4r \u00e5rsm\u00f6test\u00e4ta tider. F\u00f6reningar som har kalender\u00e5r som r\u00e4kenskaps\u00e5r ska vanligtvis h\u00e5lla sitt \u00e5rsm\u00f6te senast i mars. Till hj\u00e4lp inf\u00f6r och under \u00e5rsm\u00f6tet har f\u00f6reningen sina stadgar.","og_url":"https:\/\/www.budokampsport.se\/2020\/02\/14\/arsmote-i-foreningen\/","og_site_name":"Svenska Budo &amp; Kampsportsf\u00f6rbundet","article_published_time":"2020-02-14T11:42:19+00:00","article_modified_time":"2020-02-14T11:47:09+00:00","og_image":[{"width":850,"height":566,"url":"https:\/\/www.budokampsport.se\/wp-content\/uploads\/2019\/09\/Bildbyran-Maxim-Thore-e1625212093901.jpg","type":"image\/jpeg"}],"author":"Sofia Arnbom","twitter_card":"summary_large_image","twitter_misc":{"Skriven av":"Sofia Arnbom","Ber\u00e4knad l\u00e4stid":"3 minuter"},"schema":{"@context":"https:\/\/schema.org","@graph":[{"@type":"Article","@id":"https:\/\/www.budokampsport.se\/2020\/02\/14\/arsmote-i-foreningen\/#article","isPartOf":{"@id":"https:\/\/www.budokampsport.se\/2020\/02\/14\/arsmote-i-foreningen\/"},"author":{"name":"Sofia Arnbom","@id":"https:\/\/www.budokampsport.se\/#\/schema\/person\/666f754cfbc6f9a83a8c253cd24ad660"},"headline":"\u00c5rsm\u00f6te i f\u00f6rening","datePublished":"2020-02-14T11:42:19+00:00","dateModified":"2020-02-14T11:47:09+00:00","mainEntityOfPage":{"@id":"https:\/\/www.budokampsport.se\/2020\/02\/14\/arsmote-i-foreningen\/"},"wordCount":570,"commentCount":1,"image":{"@id":"https:\/\/www.budokampsport.se\/2020\/02\/14\/arsmote-i-foreningen\/#primaryimage"},"thumbnailUrl":"https:\/\/www.budokampsport.se\/wp-content\/uploads\/2019\/09\/Bildbyran-Maxim-Thore-e1625212093901.jpg","keywords":["\u00e5rsm\u00f6te","f\u00f6rening"],"articleSection":["\u00c5rsm\u00f6te","F\u00f6rening"],"inLanguage":"sv-SE","potentialAction":[{"@type":"CommentAction","name":"Comment","target":["https:\/\/www.budokampsport.se\/2020\/02\/14\/arsmote-i-foreningen\/#respond"]}]},{"@type":"WebPage","@id":"https:\/\/www.budokampsport.se\/2020\/02\/14\/arsmote-i-foreningen\/","url":"https:\/\/www.budokampsport.se\/2020\/02\/14\/arsmote-i-foreningen\/","name":"\u00c5rsm\u00f6te i f\u00f6rening - Svenska Budo &amp; Kampsportsf\u00f6rbundet","isPartOf":{"@id":"https:\/\/www.budokampsport.se\/#website"},"primaryImageOfPage":{"@id":"https:\/\/www.budokampsport.se\/2020\/02\/14\/arsmote-i-foreningen\/#primaryimage"},"image":{"@id":"https:\/\/www.budokampsport.se\/2020\/02\/14\/arsmote-i-foreningen\/#primaryimage"},"thumbnailUrl":"https:\/\/www.budokampsport.se\/wp-content\/uploads\/2019\/09\/Bildbyran-Maxim-Thore-e1625212093901.jpg","datePublished":"2020-02-14T11:42:19+00:00","dateModified":"2020-02-14T11:47:09+00:00","author":{"@id":"https:\/\/www.budokampsport.se\/#\/schema\/person\/666f754cfbc6f9a83a8c253cd24ad660"},"description":"F\u00f6rsta kvartalet \u00e4r \u00e5rsm\u00f6test\u00e4ta tider. F\u00f6reningar som har kalender\u00e5r som r\u00e4kenskaps\u00e5r ska vanligtvis h\u00e5lla sitt \u00e5rsm\u00f6te senast i mars. Till hj\u00e4lp inf\u00f6r och under \u00e5rsm\u00f6tet har f\u00f6reningen sina stadgar.","breadcrumb":{"@id":"https:\/\/www.budokampsport.se\/2020\/02\/14\/arsmote-i-foreningen\/#breadcrumb"},"inLanguage":"sv-SE","potentialAction":[{"@type":"ReadAction","target":["https:\/\/www.budokampsport.se\/2020\/02\/14\/arsmote-i-foreningen\/"]}]},{"@type":"ImageObject","inLanguage":"sv-SE","@id":"https:\/\/www.budokampsport.se\/2020\/02\/14\/arsmote-i-foreningen\/#primaryimage","url":"https:\/\/www.budokampsport.se\/wp-content\/uploads\/2019\/09\/Bildbyran-Maxim-Thore-e1625212093901.jpg","contentUrl":"https:\/\/www.budokampsport.se\/wp-content\/uploads\/2019\/09\/Bildbyran-Maxim-Thore-e1625212093901.jpg","width":850,"height":566,"caption":"181031 En person skriver p\u00e5 sin dator p\u00e5 universitetet den 31 oktober 2018 i Stockholm. Foto: MAXIM THOR\u00c9 \/ BILDBYR\u00c5N"},{"@type":"BreadcrumbList","@id":"https:\/\/www.budokampsport.se\/2020\/02\/14\/arsmote-i-foreningen\/#breadcrumb","itemListElement":[{"@type":"ListItem","position":1,"name":"Hem","item":"https:\/\/www.budokampsport.se\/"},{"@type":"ListItem","position":2,"name":"\u00c5rsm\u00f6te i f\u00f6rening"}]},{"@type":"WebSite","@id":"https:\/\/www.budokampsport.se\/#website","url":"https:\/\/www.budokampsport.se\/","name":"Svenska Budo &amp; Kampsportsf\u00f6rbundet","description":"T\u00e4vling, Tr\u00e4ning, Tradition","potentialAction":[{"@type":"SearchAction","target":{"@type":"EntryPoint","urlTemplate":"https:\/\/www.budokampsport.se\/?s={search_term_string}"},"query-input":{"@type":"PropertyValueSpecification","valueRequired":true,"valueName":"search_term_string"}}],"inLanguage":"sv-SE"},{"@type":"Person","@id":"https:\/\/www.budokampsport.se\/#\/schema\/person\/666f754cfbc6f9a83a8c253cd24ad660","name":"Sofia Arnbom","image":{"@type":"ImageObject","inLanguage":"sv-SE","@id":"https:\/\/www.budokampsport.se\/#\/schema\/person\/image\/","url":"https:\/\/secure.gravatar.com\/avatar\/a69f673c99635f06ea6cb1eb10ca7e92?s=96&d=blank&r=g","contentUrl":"https:\/\/secure.gravatar.com\/avatar\/a69f673c99635f06ea6cb1eb10ca7e92?s=96&d=blank&r=g","caption":"Sofia Arnbom"},"url":"https:\/\/www.budokampsport.se\/author\/sofia-arnbom\/"}]}},"_links":{"self":[{"href":"https:\/\/www.budokampsport.se\/api\/wp\/v2\/posts\/117951","targetHints":{"allow":["GET"]}}],"collection":[{"href":"https:\/\/www.budokampsport.se\/api\/wp\/v2\/posts"}],"about":[{"href":"https:\/\/www.budokampsport.se\/api\/wp\/v2\/types\/post"}],"author":[{"embeddable":true,"href":"https:\/\/www.budokampsport.se\/api\/wp\/v2\/users\/47"}],"replies":[{"embeddable":true,"href":"https:\/\/www.budokampsport.se\/api\/wp\/v2\/comments?post=117951"}],"version-history":[{"count":0,"href":"https:\/\/www.budokampsport.se\/api\/wp\/v2\/posts\/117951\/revisions"}],"wp:featuredmedia":[{"embeddable":true,"href":"https:\/\/www.budokampsport.se\/api\/wp\/v2\/media\/106816"}],"wp:attachment":[{"href":"https:\/\/www.budokampsport.se\/api\/wp\/v2\/media?parent=117951"}],"wp:term":[{"taxonomy":"category","embeddable":true,"href":"https:\/\/www.budokampsport.se\/api\/wp\/v2\/categories?post=117951"},{"taxonomy":"post_tag","embeddable":true,"href":"https:\/\/www.budokampsport.se\/api\/wp\/v2\/tags?post=117951"}],"curies":[{"name":"wp","href":"https:\/\/api.w.org\/{rel}","templated":true}]}}