{"id":118410,"date":"2020-02-25T08:00:21","date_gmt":"2020-02-25T07:00:21","guid":{"rendered":"https:\/\/www.budokampsport.se\/?p=118410"},"modified":"2020-02-25T08:00:21","modified_gmt":"2020-02-25T07:00:21","slug":"josefine-lindgren-knutsson-infor-sm-jag-ar-laddad","status":"publish","type":"post","link":"https:\/\/www.budokampsport.se\/2020\/02\/25\/josefine-lindgren-knutsson-infor-sm-jag-ar-laddad\/","title":{"rendered":"Josefine Lindgren Knutsson inf\u00f6r SM: \u201dJag \u00e4r laddad\u201d"},"content":{"rendered":"<p>Josefine Lindgren Knutsson har slagit rej\u00e4lt i K1 i Japan och gick f\u00f6r inte s\u00e5 l\u00e4nge sedan en stor fyrpersonsturnering.<\/p>\n<p>I helgen kliver hon in i ringen igen. Den h\u00e4r g\u00e5ngen i SM-sammanhang, vilket var ett tag sedan sist. Hon missade fjol\u00e5rets SM just p\u00e5 grund av proffssatsningen.<br \/>\n&#8211; Precis det var ju ett tag sedan, SM 2018 var senaste g\u00e5ngen jag k\u00f6rde p\u00e5 hemmaplan s\u00e5 det var ju ett tag sedan. Men sj\u00e4lvklart s\u00e5 \u00e4r det ju minst lika pirrigt att k\u00f6ra p\u00e5 sin egen hemmaplan \u00e4n bortaplan kan jag tycka. Att vinna ett SM-guld kommer alltid ha en lite speciell k\u00e4nsla som inte g\u00e5r att j\u00e4mf\u00f6ra n\u00e5gon annanstans. Man vill ju alltid representera sitt land.<\/p>\n<p>I viktklassen, -51kg, \u00e5terfinns \u00e4ven Lauren Kertesz, Lisa Mattsson och Jessica Jerr\u00e5s.<br \/>\n&#8211; Det \u00e4r ju bra motst\u00e5nd i min viktklass i \u00e5r och vi alla har ju hyfsat olika stilar. Jag har haft koll p\u00e5 tjejerna innan och visste v\u00e4l p\u00e5 ett humm att n\u00e4stan alla skulle st\u00e4lla upp. Det kommer att bli b\u00e5de sp\u00e4nnande och kul p\u00e5 SM.<\/p>\n<p>P\u00e5 fr\u00e5gan vad hon ser mest fram emot svarar hon.<br \/>\n&#8211; Att vinna s\u00e5klart! Den k\u00e4nslan \u00e4r b\u00e5de magisk och oslagbar f\u00f6r mig.<br \/>\n&#8211; Jag \u00e4r laddad.<\/p>\n<figure id=\"attachment_96518\" aria-describedby=\"caption-attachment-96518\" style=\"width: 850px\" class=\"wp-caption aligncenter\"><a href=\"https:\/\/www.budokampsport.se\/wp-content\/uploads\/2019\/03\/joss.jpg\"><img loading=\"lazy\" decoding=\"async\" class=\"wp-image-96518 size-full\" src=\"https:\/\/www.budokampsport.se\/wp-content\/uploads\/2019\/03\/joss.jpg\" alt=\"\" width=\"850\" height=\"567\" srcset=\"https:\/\/www.budokampsport.se\/wp-content\/uploads\/2019\/03\/joss.jpg 850w, https:\/\/www.budokampsport.se\/wp-content\/uploads\/2019\/03\/joss-600x400.jpg 600w, https:\/\/www.budokampsport.se\/wp-content\/uploads\/2019\/03\/joss-278x185.jpg 278w, https:\/\/www.budokampsport.se\/wp-content\/uploads\/2019\/03\/joss-376x251.jpg 376w, https:\/\/www.budokampsport.se\/wp-content\/uploads\/2019\/03\/joss-847x565.jpg 847w, https:\/\/www.budokampsport.se\/wp-content\/uploads\/2019\/03\/joss-572x382.jpg 572w\" sizes=\"auto, (max-width: 850px) 100vw, 850px\" \/><\/a><figcaption id=\"caption-attachment-96518\" class=\"wp-caption-text\">Foto: Hamis Ershad Sarabi<\/figcaption><\/figure>\n<p>Text: Jonathan Broberg<br \/>\nFoto: Sanja Trbojevic och Hamid Ershad Sarabi<\/p>\n","protected":false},"excerpt":{"rendered":"<p>Ifjol missade Josefine Lindgren Knutsson SM i thaiboxning f\u00f6r en proffsmatch, och missade med det \u00e4ven landslagsplatsen. Till helgen \u00e4r emellertid Lindgren Knutsson med i SM igen \u2013 och hon \u00e4r fokuserad.<br \/><br>&#8211; Det kommer att bli b\u00e5de sp\u00e4nnande och kul p\u00e5 SM, s\u00e4ger hon till budokampsport.se.<\/p><br>","protected":false},"author":7,"featured_media":101627,"comment_status":"open","ping_status":"open","sticky":false,"template":"","format":"standard","meta":{"_acf_changed":false,"footnotes":""},"categories":[1],"tags":[],"class_list":["post-118410","post","type-post","status-publish","format-standard","has-post-thumbnail","hentry","category-okategoriserade"],"acf":[],"yoast_head":"<!-- This site is optimized with the Yoast SEO plugin v26.8 - https:\/\/yoast.com\/product\/yoast-seo-wordpress\/ -->\n<title>Josefine Lindgren Knutsson inf\u00f6r SM: \u201dJag \u00e4r laddad\u201d - Svenska Budo &amp; Kampsportsf\u00f6rbundet<\/title>\n<meta name=\"description\" content=\"Ifjol missade Josefine Lindgren Knutsson SM i thaiboxning f\u00f6r en proffsmatch, och missade med det \u00e4ven landslagsplatsen. Till helgen \u00e4r emellertid Lindgren Knutsson med i SM igen \u2013 och hon \u00e4r fokuserad. - Det kommer att bli b\u00e5de sp\u00e4nnande och kul p\u00e5 SM, s\u00e4ger hon till budokampsport.se.\" \/>\n<meta name=\"robots\" content=\"index, follow, max-snippet:-1, max-image-preview:large, max-video-preview:-1\" \/>\n<link rel=\"canonical\" href=\"https:\/\/www.budokampsport.se\/2020\/02\/25\/josefine-lindgren-knutsson-infor-sm-jag-ar-laddad\/\" \/>\n<meta property=\"og:locale\" content=\"sv_SE\" \/>\n<meta property=\"og:type\" content=\"article\" \/>\n<meta property=\"og:title\" content=\"Josefine Lindgren Knutsson inf\u00f6r SM: \u201dJag \u00e4r laddad\u201d - Svenska Budo &amp; Kampsportsf\u00f6rbundet\" \/>\n<meta property=\"og:description\" content=\"Ifjol missade Josefine Lindgren Knutsson SM i thaiboxning f\u00f6r en proffsmatch, och missade med det \u00e4ven landslagsplatsen. Till helgen \u00e4r emellertid Lindgren Knutsson med i SM igen \u2013 och hon \u00e4r fokuserad. - Det kommer att bli b\u00e5de sp\u00e4nnande och kul p\u00e5 SM, s\u00e4ger hon till budokampsport.se.\" \/>\n<meta property=\"og:url\" content=\"https:\/\/www.budokampsport.se\/2020\/02\/25\/josefine-lindgren-knutsson-infor-sm-jag-ar-laddad\/\" \/>\n<meta property=\"og:site_name\" content=\"Svenska Budo &amp; Kampsportsf\u00f6rbundet\" \/>\n<meta property=\"article:author\" content=\"https:\/\/www.facebook.com\/jonathan.broberg.7\" \/>\n<meta property=\"article:published_time\" content=\"2020-02-25T07:00:21+00:00\" \/>\n<meta property=\"og:image\" content=\"https:\/\/www.budokampsport.se\/wp-content\/uploads\/2019\/06\/jossan.jpg\" \/>\n\t<meta property=\"og:image:width\" content=\"850\" \/>\n\t<meta property=\"og:image:height\" content=\"714\" \/>\n\t<meta property=\"og:image:type\" content=\"image\/jpeg\" \/>\n<meta name=\"author\" content=\"Jonathan Broberg\" \/>\n<meta name=\"twitter:card\" content=\"summary_large_image\" \/>\n<meta name=\"twitter:label1\" content=\"Skriven av\" \/>\n\t<meta name=\"twitter:data1\" content=\"Jonathan Broberg\" \/>\n\t<meta name=\"twitter:label2\" content=\"Ber\u00e4knad l\u00e4stid\" \/>\n\t<meta name=\"twitter:data2\" content=\"1 minut\" \/>\n<script type=\"application\/ld+json\" class=\"yoast-schema-graph\">{\"@context\":\"https:\/\/schema.org\",\"@graph\":[{\"@type\":\"Article\",\"@id\":\"https:\/\/www.budokampsport.se\/2020\/02\/25\/josefine-lindgren-knutsson-infor-sm-jag-ar-laddad\/#article\",\"isPartOf\":{\"@id\":\"https:\/\/www.budokampsport.se\/2020\/02\/25\/josefine-lindgren-knutsson-infor-sm-jag-ar-laddad\/\"},\"author\":{\"name\":\"Jonathan Broberg\",\"@id\":\"https:\/\/www.budokampsport.se\/#\/schema\/person\/5c06d81d14850e2a8ce5493386560145\"},\"headline\":\"Josefine Lindgren Knutsson inf\u00f6r SM: \u201dJag \u00e4r laddad\u201d\",\"datePublished\":\"2020-02-25T07:00:21+00:00\",\"mainEntityOfPage\":{\"@id\":\"https:\/\/www.budokampsport.se\/2020\/02\/25\/josefine-lindgren-knutsson-infor-sm-jag-ar-laddad\/\"},\"wordCount\":261,\"commentCount\":0,\"image\":{\"@id\":\"https:\/\/www.budokampsport.se\/2020\/02\/25\/josefine-lindgren-knutsson-infor-sm-jag-ar-laddad\/#primaryimage\"},\"thumbnailUrl\":\"https:\/\/www.budokampsport.se\/wp-content\/uploads\/2019\/06\/jossan.jpg\",\"inLanguage\":\"sv-SE\",\"potentialAction\":[{\"@type\":\"CommentAction\",\"name\":\"Comment\",\"target\":[\"https:\/\/www.budokampsport.se\/2020\/02\/25\/josefine-lindgren-knutsson-infor-sm-jag-ar-laddad\/#respond\"]}]},{\"@type\":\"WebPage\",\"@id\":\"https:\/\/www.budokampsport.se\/2020\/02\/25\/josefine-lindgren-knutsson-infor-sm-jag-ar-laddad\/\",\"url\":\"https:\/\/www.budokampsport.se\/2020\/02\/25\/josefine-lindgren-knutsson-infor-sm-jag-ar-laddad\/\",\"name\":\"Josefine Lindgren Knutsson inf\u00f6r SM: \u201dJag \u00e4r laddad\u201d - Svenska Budo &amp; Kampsportsf\u00f6rbundet\",\"isPartOf\":{\"@id\":\"https:\/\/www.budokampsport.se\/#website\"},\"primaryImageOfPage\":{\"@id\":\"https:\/\/www.budokampsport.se\/2020\/02\/25\/josefine-lindgren-knutsson-infor-sm-jag-ar-laddad\/#primaryimage\"},\"image\":{\"@id\":\"https:\/\/www.budokampsport.se\/2020\/02\/25\/josefine-lindgren-knutsson-infor-sm-jag-ar-laddad\/#primaryimage\"},\"thumbnailUrl\":\"https:\/\/www.budokampsport.se\/wp-content\/uploads\/2019\/06\/jossan.jpg\",\"datePublished\":\"2020-02-25T07:00:21+00:00\",\"author\":{\"@id\":\"https:\/\/www.budokampsport.se\/#\/schema\/person\/5c06d81d14850e2a8ce5493386560145\"},\"description\":\"Ifjol missade Josefine Lindgren Knutsson SM i thaiboxning f\u00f6r en proffsmatch, och missade med det \u00e4ven landslagsplatsen. Till helgen \u00e4r emellertid Lindgren Knutsson med i SM igen \u2013 och hon \u00e4r fokuserad. - Det kommer att bli b\u00e5de sp\u00e4nnande och kul p\u00e5 SM, s\u00e4ger hon till budokampsport.se.\",\"breadcrumb\":{\"@id\":\"https:\/\/www.budokampsport.se\/2020\/02\/25\/josefine-lindgren-knutsson-infor-sm-jag-ar-laddad\/#breadcrumb\"},\"inLanguage\":\"sv-SE\",\"potentialAction\":[{\"@type\":\"ReadAction\",\"target\":[\"https:\/\/www.budokampsport.se\/2020\/02\/25\/josefine-lindgren-knutsson-infor-sm-jag-ar-laddad\/\"]}]},{\"@type\":\"ImageObject\",\"inLanguage\":\"sv-SE\",\"@id\":\"https:\/\/www.budokampsport.se\/2020\/02\/25\/josefine-lindgren-knutsson-infor-sm-jag-ar-laddad\/#primaryimage\",\"url\":\"https:\/\/www.budokampsport.se\/wp-content\/uploads\/2019\/06\/jossan.jpg\",\"contentUrl\":\"https:\/\/www.budokampsport.se\/wp-content\/uploads\/2019\/06\/jossan.jpg\",\"width\":850,\"height\":714,\"caption\":\"foto: Sanja Trbojevic\"},{\"@type\":\"BreadcrumbList\",\"@id\":\"https:\/\/www.budokampsport.se\/2020\/02\/25\/josefine-lindgren-knutsson-infor-sm-jag-ar-laddad\/#breadcrumb\",\"itemListElement\":[{\"@type\":\"ListItem\",\"position\":1,\"name\":\"Hem\",\"item\":\"https:\/\/www.budokampsport.se\/\"},{\"@type\":\"ListItem\",\"position\":2,\"name\":\"Josefine Lindgren Knutsson inf\u00f6r SM: \u201dJag \u00e4r laddad\u201d\"}]},{\"@type\":\"WebSite\",\"@id\":\"https:\/\/www.budokampsport.se\/#website\",\"url\":\"https:\/\/www.budokampsport.se\/\",\"name\":\"Svenska Budo &amp; Kampsportsf\u00f6rbundet\",\"description\":\"T\u00e4vling, Tr\u00e4ning, Tradition\",\"potentialAction\":[{\"@type\":\"SearchAction\",\"target\":{\"@type\":\"EntryPoint\",\"urlTemplate\":\"https:\/\/www.budokampsport.se\/?s={search_term_string}\"},\"query-input\":{\"@type\":\"PropertyValueSpecification\",\"valueRequired\":true,\"valueName\":\"search_term_string\"}}],\"inLanguage\":\"sv-SE\"},{\"@type\":\"Person\",\"@id\":\"https:\/\/www.budokampsport.se\/#\/schema\/person\/5c06d81d14850e2a8ce5493386560145\",\"name\":\"Jonathan Broberg\",\"image\":{\"@type\":\"ImageObject\",\"inLanguage\":\"sv-SE\",\"@id\":\"https:\/\/www.budokampsport.se\/#\/schema\/person\/image\/\",\"url\":\"https:\/\/secure.gravatar.com\/avatar\/a58041c6cea9128bd9c40ee2f26d4136?s=96&d=blank&r=g\",\"contentUrl\":\"https:\/\/secure.gravatar.com\/avatar\/a58041c6cea9128bd9c40ee2f26d4136?s=96&d=blank&r=g\",\"caption\":\"Jonathan Broberg\"},\"sameAs\":[\"https:\/\/www.facebook.com\/jonathan.broberg.7\"],\"url\":\"https:\/\/www.budokampsport.se\/author\/jonathan\/\"}]}<\/script>\n<!-- \/ Yoast SEO plugin. -->","yoast_head_json":{"title":"Josefine Lindgren Knutsson inf\u00f6r SM: \u201dJag \u00e4r laddad\u201d - Svenska Budo &amp; Kampsportsf\u00f6rbundet","description":"Ifjol missade Josefine Lindgren Knutsson SM i thaiboxning f\u00f6r en proffsmatch, och missade med det \u00e4ven landslagsplatsen. Till helgen \u00e4r emellertid Lindgren Knutsson med i SM igen \u2013 och hon \u00e4r fokuserad. - Det kommer att bli b\u00e5de sp\u00e4nnande och kul p\u00e5 SM, s\u00e4ger hon till budokampsport.se.","robots":{"index":"index","follow":"follow","max-snippet":"max-snippet:-1","max-image-preview":"max-image-preview:large","max-video-preview":"max-video-preview:-1"},"canonical":"https:\/\/www.budokampsport.se\/2020\/02\/25\/josefine-lindgren-knutsson-infor-sm-jag-ar-laddad\/","og_locale":"sv_SE","og_type":"article","og_title":"Josefine Lindgren Knutsson inf\u00f6r SM: \u201dJag \u00e4r laddad\u201d - Svenska Budo &amp; Kampsportsf\u00f6rbundet","og_description":"Ifjol missade Josefine Lindgren Knutsson SM i thaiboxning f\u00f6r en proffsmatch, och missade med det \u00e4ven landslagsplatsen. Till helgen \u00e4r emellertid Lindgren Knutsson med i SM igen \u2013 och hon \u00e4r fokuserad. - Det kommer att bli b\u00e5de sp\u00e4nnande och kul p\u00e5 SM, s\u00e4ger hon till budokampsport.se.","og_url":"https:\/\/www.budokampsport.se\/2020\/02\/25\/josefine-lindgren-knutsson-infor-sm-jag-ar-laddad\/","og_site_name":"Svenska Budo &amp; Kampsportsf\u00f6rbundet","article_author":"https:\/\/www.facebook.com\/jonathan.broberg.7","article_published_time":"2020-02-25T07:00:21+00:00","og_image":[{"width":850,"height":714,"url":"https:\/\/www.budokampsport.se\/wp-content\/uploads\/2019\/06\/jossan.jpg","type":"image\/jpeg"}],"author":"Jonathan Broberg","twitter_card":"summary_large_image","twitter_misc":{"Skriven av":"Jonathan Broberg","Ber\u00e4knad l\u00e4stid":"1 minut"},"schema":{"@context":"https:\/\/schema.org","@graph":[{"@type":"Article","@id":"https:\/\/www.budokampsport.se\/2020\/02\/25\/josefine-lindgren-knutsson-infor-sm-jag-ar-laddad\/#article","isPartOf":{"@id":"https:\/\/www.budokampsport.se\/2020\/02\/25\/josefine-lindgren-knutsson-infor-sm-jag-ar-laddad\/"},"author":{"name":"Jonathan Broberg","@id":"https:\/\/www.budokampsport.se\/#\/schema\/person\/5c06d81d14850e2a8ce5493386560145"},"headline":"Josefine Lindgren Knutsson inf\u00f6r SM: \u201dJag \u00e4r laddad\u201d","datePublished":"2020-02-25T07:00:21+00:00","mainEntityOfPage":{"@id":"https:\/\/www.budokampsport.se\/2020\/02\/25\/josefine-lindgren-knutsson-infor-sm-jag-ar-laddad\/"},"wordCount":261,"commentCount":0,"image":{"@id":"https:\/\/www.budokampsport.se\/2020\/02\/25\/josefine-lindgren-knutsson-infor-sm-jag-ar-laddad\/#primaryimage"},"thumbnailUrl":"https:\/\/www.budokampsport.se\/wp-content\/uploads\/2019\/06\/jossan.jpg","inLanguage":"sv-SE","potentialAction":[{"@type":"CommentAction","name":"Comment","target":["https:\/\/www.budokampsport.se\/2020\/02\/25\/josefine-lindgren-knutsson-infor-sm-jag-ar-laddad\/#respond"]}]},{"@type":"WebPage","@id":"https:\/\/www.budokampsport.se\/2020\/02\/25\/josefine-lindgren-knutsson-infor-sm-jag-ar-laddad\/","url":"https:\/\/www.budokampsport.se\/2020\/02\/25\/josefine-lindgren-knutsson-infor-sm-jag-ar-laddad\/","name":"Josefine Lindgren Knutsson inf\u00f6r SM: \u201dJag \u00e4r laddad\u201d - Svenska Budo &amp; Kampsportsf\u00f6rbundet","isPartOf":{"@id":"https:\/\/www.budokampsport.se\/#website"},"primaryImageOfPage":{"@id":"https:\/\/www.budokampsport.se\/2020\/02\/25\/josefine-lindgren-knutsson-infor-sm-jag-ar-laddad\/#primaryimage"},"image":{"@id":"https:\/\/www.budokampsport.se\/2020\/02\/25\/josefine-lindgren-knutsson-infor-sm-jag-ar-laddad\/#primaryimage"},"thumbnailUrl":"https:\/\/www.budokampsport.se\/wp-content\/uploads\/2019\/06\/jossan.jpg","datePublished":"2020-02-25T07:00:21+00:00","author":{"@id":"https:\/\/www.budokampsport.se\/#\/schema\/person\/5c06d81d14850e2a8ce5493386560145"},"description":"Ifjol missade Josefine Lindgren Knutsson SM i thaiboxning f\u00f6r en proffsmatch, och missade med det \u00e4ven landslagsplatsen. Till helgen \u00e4r emellertid Lindgren Knutsson med i SM igen \u2013 och hon \u00e4r fokuserad. - Det kommer att bli b\u00e5de sp\u00e4nnande och kul p\u00e5 SM, s\u00e4ger hon till budokampsport.se.","breadcrumb":{"@id":"https:\/\/www.budokampsport.se\/2020\/02\/25\/josefine-lindgren-knutsson-infor-sm-jag-ar-laddad\/#breadcrumb"},"inLanguage":"sv-SE","potentialAction":[{"@type":"ReadAction","target":["https:\/\/www.budokampsport.se\/2020\/02\/25\/josefine-lindgren-knutsson-infor-sm-jag-ar-laddad\/"]}]},{"@type":"ImageObject","inLanguage":"sv-SE","@id":"https:\/\/www.budokampsport.se\/2020\/02\/25\/josefine-lindgren-knutsson-infor-sm-jag-ar-laddad\/#primaryimage","url":"https:\/\/www.budokampsport.se\/wp-content\/uploads\/2019\/06\/jossan.jpg","contentUrl":"https:\/\/www.budokampsport.se\/wp-content\/uploads\/2019\/06\/jossan.jpg","width":850,"height":714,"caption":"foto: Sanja Trbojevic"},{"@type":"BreadcrumbList","@id":"https:\/\/www.budokampsport.se\/2020\/02\/25\/josefine-lindgren-knutsson-infor-sm-jag-ar-laddad\/#breadcrumb","itemListElement":[{"@type":"ListItem","position":1,"name":"Hem","item":"https:\/\/www.budokampsport.se\/"},{"@type":"ListItem","position":2,"name":"Josefine Lindgren Knutsson inf\u00f6r SM: \u201dJag \u00e4r laddad\u201d"}]},{"@type":"WebSite","@id":"https:\/\/www.budokampsport.se\/#website","url":"https:\/\/www.budokampsport.se\/","name":"Svenska Budo &amp; Kampsportsf\u00f6rbundet","description":"T\u00e4vling, Tr\u00e4ning, Tradition","potentialAction":[{"@type":"SearchAction","target":{"@type":"EntryPoint","urlTemplate":"https:\/\/www.budokampsport.se\/?s={search_term_string}"},"query-input":{"@type":"PropertyValueSpecification","valueRequired":true,"valueName":"search_term_string"}}],"inLanguage":"sv-SE"},{"@type":"Person","@id":"https:\/\/www.budokampsport.se\/#\/schema\/person\/5c06d81d14850e2a8ce5493386560145","name":"Jonathan Broberg","image":{"@type":"ImageObject","inLanguage":"sv-SE","@id":"https:\/\/www.budokampsport.se\/#\/schema\/person\/image\/","url":"https:\/\/secure.gravatar.com\/avatar\/a58041c6cea9128bd9c40ee2f26d4136?s=96&d=blank&r=g","contentUrl":"https:\/\/secure.gravatar.com\/avatar\/a58041c6cea9128bd9c40ee2f26d4136?s=96&d=blank&r=g","caption":"Jonathan Broberg"},"sameAs":["https:\/\/www.facebook.com\/jonathan.broberg.7"],"url":"https:\/\/www.budokampsport.se\/author\/jonathan\/"}]}},"_links":{"self":[{"href":"https:\/\/www.budokampsport.se\/api\/wp\/v2\/posts\/118410","targetHints":{"allow":["GET"]}}],"collection":[{"href":"https:\/\/www.budokampsport.se\/api\/wp\/v2\/posts"}],"about":[{"href":"https:\/\/www.budokampsport.se\/api\/wp\/v2\/types\/post"}],"author":[{"embeddable":true,"href":"https:\/\/www.budokampsport.se\/api\/wp\/v2\/users\/7"}],"replies":[{"embeddable":true,"href":"https:\/\/www.budokampsport.se\/api\/wp\/v2\/comments?post=118410"}],"version-history":[{"count":0,"href":"https:\/\/www.budokampsport.se\/api\/wp\/v2\/posts\/118410\/revisions"}],"wp:featuredmedia":[{"embeddable":true,"href":"https:\/\/www.budokampsport.se\/api\/wp\/v2\/media\/101627"}],"wp:attachment":[{"href":"https:\/\/www.budokampsport.se\/api\/wp\/v2\/media?parent=118410"}],"wp:term":[{"taxonomy":"category","embeddable":true,"href":"https:\/\/www.budokampsport.se\/api\/wp\/v2\/categories?post=118410"},{"taxonomy":"post_tag","embeddable":true,"href":"https:\/\/www.budokampsport.se\/api\/wp\/v2\/tags?post=118410"}],"curies":[{"name":"wp","href":"https:\/\/api.w.org\/{rel}","templated":true}]}}