{"id":118412,"date":"2020-02-24T16:34:25","date_gmt":"2020-02-24T15:34:25","guid":{"rendered":"https:\/\/www.budokampsport.se\/?p=118412"},"modified":"2020-02-24T16:36:59","modified_gmt":"2020-02-24T15:36:59","slug":"lina-lansberg-nominerad-till-arets-kampsportare","status":"publish","type":"post","link":"https:\/\/www.budokampsport.se\/2020\/02\/24\/lina-lansberg-nominerad-till-arets-kampsportare\/","title":{"rendered":"Lina L\u00e4nsberg nominerad till \u00c5rets kampsportare"},"content":{"rendered":"<p>2019 var ett kanon\u00e5r f\u00f6r Lina L\u00e4nsberg.<\/p>\n<p>Det blev dubbla segrar i UFC under \u00e5ret. Samtidigt har L\u00e4nsberg alltid ett \u00f6dmjuk tonalitet och \u00e4r en fin ambassad\u00f6r f\u00f6r svensk kampsport i gemen.<br \/>\n&#8211; Det var ett \u00e5r d\u00e5 det mesta fungerade bra. Tr\u00e4ningen var rolig och det k\u00e4ndes som att saker och ting f\u00f6ll p\u00e5 plats.<\/p>\n<p>Nu kan hon s\u00e5ledes bli \u00c5rets kampsportare n\u00e4r Kampsportsgalan h\u00e5lls den 21 mars.<br \/>\n&#8211; Det \u00e4r superkul, f\u00f6rst\u00e5s. Jag kan k\u00e4nna att det var lite p\u00e5 tiden, faktiskt. S\u00e5, \u00e4ntligen en nominering och det k\u00e4nns roligt att f\u00e5 den bekr\u00e4ftelsen.<\/p>\n<p>S\u00e5 h\u00e4r beskriver hon k\u00e4nslan av att f\u00e5 en nominering.<br \/>\n&#8211; Det \u00e4r ett erk\u00e4nnande p\u00e5 att folk ser det man g\u00f6r. Det \u00e4r klart att jag f\u00e5r mycket bekr\u00e4ftelse fr\u00e5n publik i Globen eller var det nu kan vara, och det \u00e4r m\u00e5nga som h\u00f6r av sig till mig och tycker att det jag g\u00f6r \u00e4r bra. Men den h\u00e4r nomineringen riktar sig ju \u00e4ven utanf\u00f6r de som gillar min sport. Det k\u00e4nns bra.<\/p>\n<p><a href=\"https:\/\/billetto.se\/e\/kampsportsgalan-2020-biljetter-399684\/\"><em>Biljetter till Kampsportsgalan, som h\u00e5lls den 21:a mars, g\u00e5r att inf\u00f6rskaffa h\u00e4r.<\/em><\/a><\/p>\n<p>Text: Jonathan Broberg<br \/>\nFoto: Stefan Alfelt<\/p>\n","protected":false},"excerpt":{"rendered":"<p>MMA-stj\u00e4rnan Lina L\u00e4nsberg \u00e4r nominerad till \u00c5rets kampsportare till Kampsportsgalan. En nominering hon verkligen v\u00e4lkomnar.<br \/><br>&#8211; Det \u00e4r superkul, f\u00f6rst\u00e5s, s\u00e4ger hon till budokampsport.se.<\/p><br>","protected":false},"author":7,"featured_media":41956,"comment_status":"open","ping_status":"open","sticky":false,"template":"","format":"standard","meta":{"_acf_changed":false,"footnotes":""},"categories":[1],"tags":[],"class_list":["post-118412","post","type-post","status-publish","format-standard","has-post-thumbnail","hentry","category-okategoriserade"],"acf":[],"yoast_head":"<!-- This site is optimized with the Yoast SEO plugin v26.8 - https:\/\/yoast.com\/product\/yoast-seo-wordpress\/ -->\n<title>Lina L\u00e4nsberg nominerad till \u00c5rets kampsportare - Svenska Budo &amp; Kampsportsf\u00f6rbundet<\/title>\n<meta name=\"description\" content=\"MMA-stj\u00e4rnan Lina L\u00e4nsberg \u00e4r nominerad till \u00c5rets kampsportare till Kampsportsgalan. En nominering hon verkligen v\u00e4lkomnar. - Det \u00e4r superkul, f\u00f6rst\u00e5s, s\u00e4ger hon till budokampsport.se.\" \/>\n<meta name=\"robots\" content=\"index, follow, max-snippet:-1, max-image-preview:large, max-video-preview:-1\" \/>\n<link rel=\"canonical\" href=\"https:\/\/www.budokampsport.se\/2020\/02\/24\/lina-lansberg-nominerad-till-arets-kampsportare\/\" \/>\n<meta property=\"og:locale\" content=\"sv_SE\" \/>\n<meta property=\"og:type\" content=\"article\" \/>\n<meta property=\"og:title\" content=\"Lina L\u00e4nsberg nominerad till \u00c5rets kampsportare - Svenska Budo &amp; Kampsportsf\u00f6rbundet\" \/>\n<meta property=\"og:description\" content=\"MMA-stj\u00e4rnan Lina L\u00e4nsberg \u00e4r nominerad till \u00c5rets kampsportare till Kampsportsgalan. En nominering hon verkligen v\u00e4lkomnar. - Det \u00e4r superkul, f\u00f6rst\u00e5s, s\u00e4ger hon till budokampsport.se.\" \/>\n<meta property=\"og:url\" content=\"https:\/\/www.budokampsport.se\/2020\/02\/24\/lina-lansberg-nominerad-till-arets-kampsportare\/\" \/>\n<meta property=\"og:site_name\" content=\"Svenska Budo &amp; Kampsportsf\u00f6rbundet\" \/>\n<meta property=\"article:author\" content=\"https:\/\/www.facebook.com\/jonathan.broberg.7\" \/>\n<meta property=\"article:published_time\" content=\"2020-02-24T15:34:25+00:00\" \/>\n<meta property=\"article:modified_time\" content=\"2020-02-24T15:36:59+00:00\" \/>\n<meta property=\"og:image\" content=\"https:\/\/www.budokampsport.se\/wp-content\/uploads\/2017\/03\/lina_lansberg_tva-e1624880529959.jpg\" \/>\n\t<meta property=\"og:image:width\" content=\"850\" \/>\n\t<meta property=\"og:image:height\" content=\"590\" \/>\n\t<meta property=\"og:image:type\" content=\"image\/jpeg\" \/>\n<meta name=\"author\" content=\"Jonathan Broberg\" \/>\n<meta name=\"twitter:card\" content=\"summary_large_image\" \/>\n<meta name=\"twitter:label1\" content=\"Skriven av\" \/>\n\t<meta name=\"twitter:data1\" content=\"Jonathan Broberg\" \/>\n\t<meta name=\"twitter:label2\" content=\"Ber\u00e4knad l\u00e4stid\" \/>\n\t<meta name=\"twitter:data2\" content=\"1 minut\" \/>\n<script type=\"application\/ld+json\" class=\"yoast-schema-graph\">{\"@context\":\"https:\/\/schema.org\",\"@graph\":[{\"@type\":\"Article\",\"@id\":\"https:\/\/www.budokampsport.se\/2020\/02\/24\/lina-lansberg-nominerad-till-arets-kampsportare\/#article\",\"isPartOf\":{\"@id\":\"https:\/\/www.budokampsport.se\/2020\/02\/24\/lina-lansberg-nominerad-till-arets-kampsportare\/\"},\"author\":{\"name\":\"Jonathan Broberg\",\"@id\":\"https:\/\/www.budokampsport.se\/#\/schema\/person\/5c06d81d14850e2a8ce5493386560145\"},\"headline\":\"Lina L\u00e4nsberg nominerad till \u00c5rets kampsportare\",\"datePublished\":\"2020-02-24T15:34:25+00:00\",\"dateModified\":\"2020-02-24T15:36:59+00:00\",\"mainEntityOfPage\":{\"@id\":\"https:\/\/www.budokampsport.se\/2020\/02\/24\/lina-lansberg-nominerad-till-arets-kampsportare\/\"},\"wordCount\":228,\"commentCount\":0,\"image\":{\"@id\":\"https:\/\/www.budokampsport.se\/2020\/02\/24\/lina-lansberg-nominerad-till-arets-kampsportare\/#primaryimage\"},\"thumbnailUrl\":\"https:\/\/www.budokampsport.se\/wp-content\/uploads\/2017\/03\/lina_lansberg_tva-e1624880529959.jpg\",\"inLanguage\":\"sv-SE\",\"potentialAction\":[{\"@type\":\"CommentAction\",\"name\":\"Comment\",\"target\":[\"https:\/\/www.budokampsport.se\/2020\/02\/24\/lina-lansberg-nominerad-till-arets-kampsportare\/#respond\"]}]},{\"@type\":\"WebPage\",\"@id\":\"https:\/\/www.budokampsport.se\/2020\/02\/24\/lina-lansberg-nominerad-till-arets-kampsportare\/\",\"url\":\"https:\/\/www.budokampsport.se\/2020\/02\/24\/lina-lansberg-nominerad-till-arets-kampsportare\/\",\"name\":\"Lina L\u00e4nsberg nominerad till \u00c5rets kampsportare - Svenska Budo &amp; Kampsportsf\u00f6rbundet\",\"isPartOf\":{\"@id\":\"https:\/\/www.budokampsport.se\/#website\"},\"primaryImageOfPage\":{\"@id\":\"https:\/\/www.budokampsport.se\/2020\/02\/24\/lina-lansberg-nominerad-till-arets-kampsportare\/#primaryimage\"},\"image\":{\"@id\":\"https:\/\/www.budokampsport.se\/2020\/02\/24\/lina-lansberg-nominerad-till-arets-kampsportare\/#primaryimage\"},\"thumbnailUrl\":\"https:\/\/www.budokampsport.se\/wp-content\/uploads\/2017\/03\/lina_lansberg_tva-e1624880529959.jpg\",\"datePublished\":\"2020-02-24T15:34:25+00:00\",\"dateModified\":\"2020-02-24T15:36:59+00:00\",\"author\":{\"@id\":\"https:\/\/www.budokampsport.se\/#\/schema\/person\/5c06d81d14850e2a8ce5493386560145\"},\"description\":\"MMA-stj\u00e4rnan Lina L\u00e4nsberg \u00e4r nominerad till \u00c5rets kampsportare till Kampsportsgalan. En nominering hon verkligen v\u00e4lkomnar. - Det \u00e4r superkul, f\u00f6rst\u00e5s, s\u00e4ger hon till budokampsport.se.\",\"breadcrumb\":{\"@id\":\"https:\/\/www.budokampsport.se\/2020\/02\/24\/lina-lansberg-nominerad-till-arets-kampsportare\/#breadcrumb\"},\"inLanguage\":\"sv-SE\",\"potentialAction\":[{\"@type\":\"ReadAction\",\"target\":[\"https:\/\/www.budokampsport.se\/2020\/02\/24\/lina-lansberg-nominerad-till-arets-kampsportare\/\"]}]},{\"@type\":\"ImageObject\",\"inLanguage\":\"sv-SE\",\"@id\":\"https:\/\/www.budokampsport.se\/2020\/02\/24\/lina-lansberg-nominerad-till-arets-kampsportare\/#primaryimage\",\"url\":\"https:\/\/www.budokampsport.se\/wp-content\/uploads\/2017\/03\/lina_lansberg_tva-e1624880529959.jpg\",\"contentUrl\":\"https:\/\/www.budokampsport.se\/wp-content\/uploads\/2017\/03\/lina_lansberg_tva-e1624880529959.jpg\",\"width\":850,\"height\":590,\"caption\":\"Foto: Stefan Alfelt\"},{\"@type\":\"BreadcrumbList\",\"@id\":\"https:\/\/www.budokampsport.se\/2020\/02\/24\/lina-lansberg-nominerad-till-arets-kampsportare\/#breadcrumb\",\"itemListElement\":[{\"@type\":\"ListItem\",\"position\":1,\"name\":\"Hem\",\"item\":\"https:\/\/www.budokampsport.se\/\"},{\"@type\":\"ListItem\",\"position\":2,\"name\":\"Lina L\u00e4nsberg nominerad till \u00c5rets kampsportare\"}]},{\"@type\":\"WebSite\",\"@id\":\"https:\/\/www.budokampsport.se\/#website\",\"url\":\"https:\/\/www.budokampsport.se\/\",\"name\":\"Svenska Budo &amp; Kampsportsf\u00f6rbundet\",\"description\":\"T\u00e4vling, Tr\u00e4ning, Tradition\",\"potentialAction\":[{\"@type\":\"SearchAction\",\"target\":{\"@type\":\"EntryPoint\",\"urlTemplate\":\"https:\/\/www.budokampsport.se\/?s={search_term_string}\"},\"query-input\":{\"@type\":\"PropertyValueSpecification\",\"valueRequired\":true,\"valueName\":\"search_term_string\"}}],\"inLanguage\":\"sv-SE\"},{\"@type\":\"Person\",\"@id\":\"https:\/\/www.budokampsport.se\/#\/schema\/person\/5c06d81d14850e2a8ce5493386560145\",\"name\":\"Jonathan Broberg\",\"image\":{\"@type\":\"ImageObject\",\"inLanguage\":\"sv-SE\",\"@id\":\"https:\/\/www.budokampsport.se\/#\/schema\/person\/image\/\",\"url\":\"https:\/\/secure.gravatar.com\/avatar\/a58041c6cea9128bd9c40ee2f26d4136?s=96&d=blank&r=g\",\"contentUrl\":\"https:\/\/secure.gravatar.com\/avatar\/a58041c6cea9128bd9c40ee2f26d4136?s=96&d=blank&r=g\",\"caption\":\"Jonathan Broberg\"},\"sameAs\":[\"https:\/\/www.facebook.com\/jonathan.broberg.7\"],\"url\":\"https:\/\/www.budokampsport.se\/author\/jonathan\/\"}]}<\/script>\n<!-- \/ Yoast SEO plugin. -->","yoast_head_json":{"title":"Lina L\u00e4nsberg nominerad till \u00c5rets kampsportare - Svenska Budo &amp; Kampsportsf\u00f6rbundet","description":"MMA-stj\u00e4rnan Lina L\u00e4nsberg \u00e4r nominerad till \u00c5rets kampsportare till Kampsportsgalan. En nominering hon verkligen v\u00e4lkomnar. - Det \u00e4r superkul, f\u00f6rst\u00e5s, s\u00e4ger hon till budokampsport.se.","robots":{"index":"index","follow":"follow","max-snippet":"max-snippet:-1","max-image-preview":"max-image-preview:large","max-video-preview":"max-video-preview:-1"},"canonical":"https:\/\/www.budokampsport.se\/2020\/02\/24\/lina-lansberg-nominerad-till-arets-kampsportare\/","og_locale":"sv_SE","og_type":"article","og_title":"Lina L\u00e4nsberg nominerad till \u00c5rets kampsportare - Svenska Budo &amp; Kampsportsf\u00f6rbundet","og_description":"MMA-stj\u00e4rnan Lina L\u00e4nsberg \u00e4r nominerad till \u00c5rets kampsportare till Kampsportsgalan. En nominering hon verkligen v\u00e4lkomnar. - Det \u00e4r superkul, f\u00f6rst\u00e5s, s\u00e4ger hon till budokampsport.se.","og_url":"https:\/\/www.budokampsport.se\/2020\/02\/24\/lina-lansberg-nominerad-till-arets-kampsportare\/","og_site_name":"Svenska Budo &amp; Kampsportsf\u00f6rbundet","article_author":"https:\/\/www.facebook.com\/jonathan.broberg.7","article_published_time":"2020-02-24T15:34:25+00:00","article_modified_time":"2020-02-24T15:36:59+00:00","og_image":[{"width":850,"height":590,"url":"https:\/\/www.budokampsport.se\/wp-content\/uploads\/2017\/03\/lina_lansberg_tva-e1624880529959.jpg","type":"image\/jpeg"}],"author":"Jonathan Broberg","twitter_card":"summary_large_image","twitter_misc":{"Skriven av":"Jonathan Broberg","Ber\u00e4knad l\u00e4stid":"1 minut"},"schema":{"@context":"https:\/\/schema.org","@graph":[{"@type":"Article","@id":"https:\/\/www.budokampsport.se\/2020\/02\/24\/lina-lansberg-nominerad-till-arets-kampsportare\/#article","isPartOf":{"@id":"https:\/\/www.budokampsport.se\/2020\/02\/24\/lina-lansberg-nominerad-till-arets-kampsportare\/"},"author":{"name":"Jonathan Broberg","@id":"https:\/\/www.budokampsport.se\/#\/schema\/person\/5c06d81d14850e2a8ce5493386560145"},"headline":"Lina L\u00e4nsberg nominerad till \u00c5rets kampsportare","datePublished":"2020-02-24T15:34:25+00:00","dateModified":"2020-02-24T15:36:59+00:00","mainEntityOfPage":{"@id":"https:\/\/www.budokampsport.se\/2020\/02\/24\/lina-lansberg-nominerad-till-arets-kampsportare\/"},"wordCount":228,"commentCount":0,"image":{"@id":"https:\/\/www.budokampsport.se\/2020\/02\/24\/lina-lansberg-nominerad-till-arets-kampsportare\/#primaryimage"},"thumbnailUrl":"https:\/\/www.budokampsport.se\/wp-content\/uploads\/2017\/03\/lina_lansberg_tva-e1624880529959.jpg","inLanguage":"sv-SE","potentialAction":[{"@type":"CommentAction","name":"Comment","target":["https:\/\/www.budokampsport.se\/2020\/02\/24\/lina-lansberg-nominerad-till-arets-kampsportare\/#respond"]}]},{"@type":"WebPage","@id":"https:\/\/www.budokampsport.se\/2020\/02\/24\/lina-lansberg-nominerad-till-arets-kampsportare\/","url":"https:\/\/www.budokampsport.se\/2020\/02\/24\/lina-lansberg-nominerad-till-arets-kampsportare\/","name":"Lina L\u00e4nsberg nominerad till \u00c5rets kampsportare - Svenska Budo &amp; Kampsportsf\u00f6rbundet","isPartOf":{"@id":"https:\/\/www.budokampsport.se\/#website"},"primaryImageOfPage":{"@id":"https:\/\/www.budokampsport.se\/2020\/02\/24\/lina-lansberg-nominerad-till-arets-kampsportare\/#primaryimage"},"image":{"@id":"https:\/\/www.budokampsport.se\/2020\/02\/24\/lina-lansberg-nominerad-till-arets-kampsportare\/#primaryimage"},"thumbnailUrl":"https:\/\/www.budokampsport.se\/wp-content\/uploads\/2017\/03\/lina_lansberg_tva-e1624880529959.jpg","datePublished":"2020-02-24T15:34:25+00:00","dateModified":"2020-02-24T15:36:59+00:00","author":{"@id":"https:\/\/www.budokampsport.se\/#\/schema\/person\/5c06d81d14850e2a8ce5493386560145"},"description":"MMA-stj\u00e4rnan Lina L\u00e4nsberg \u00e4r nominerad till \u00c5rets kampsportare till Kampsportsgalan. En nominering hon verkligen v\u00e4lkomnar. - Det \u00e4r superkul, f\u00f6rst\u00e5s, s\u00e4ger hon till budokampsport.se.","breadcrumb":{"@id":"https:\/\/www.budokampsport.se\/2020\/02\/24\/lina-lansberg-nominerad-till-arets-kampsportare\/#breadcrumb"},"inLanguage":"sv-SE","potentialAction":[{"@type":"ReadAction","target":["https:\/\/www.budokampsport.se\/2020\/02\/24\/lina-lansberg-nominerad-till-arets-kampsportare\/"]}]},{"@type":"ImageObject","inLanguage":"sv-SE","@id":"https:\/\/www.budokampsport.se\/2020\/02\/24\/lina-lansberg-nominerad-till-arets-kampsportare\/#primaryimage","url":"https:\/\/www.budokampsport.se\/wp-content\/uploads\/2017\/03\/lina_lansberg_tva-e1624880529959.jpg","contentUrl":"https:\/\/www.budokampsport.se\/wp-content\/uploads\/2017\/03\/lina_lansberg_tva-e1624880529959.jpg","width":850,"height":590,"caption":"Foto: Stefan Alfelt"},{"@type":"BreadcrumbList","@id":"https:\/\/www.budokampsport.se\/2020\/02\/24\/lina-lansberg-nominerad-till-arets-kampsportare\/#breadcrumb","itemListElement":[{"@type":"ListItem","position":1,"name":"Hem","item":"https:\/\/www.budokampsport.se\/"},{"@type":"ListItem","position":2,"name":"Lina L\u00e4nsberg nominerad till \u00c5rets kampsportare"}]},{"@type":"WebSite","@id":"https:\/\/www.budokampsport.se\/#website","url":"https:\/\/www.budokampsport.se\/","name":"Svenska Budo &amp; Kampsportsf\u00f6rbundet","description":"T\u00e4vling, Tr\u00e4ning, Tradition","potentialAction":[{"@type":"SearchAction","target":{"@type":"EntryPoint","urlTemplate":"https:\/\/www.budokampsport.se\/?s={search_term_string}"},"query-input":{"@type":"PropertyValueSpecification","valueRequired":true,"valueName":"search_term_string"}}],"inLanguage":"sv-SE"},{"@type":"Person","@id":"https:\/\/www.budokampsport.se\/#\/schema\/person\/5c06d81d14850e2a8ce5493386560145","name":"Jonathan Broberg","image":{"@type":"ImageObject","inLanguage":"sv-SE","@id":"https:\/\/www.budokampsport.se\/#\/schema\/person\/image\/","url":"https:\/\/secure.gravatar.com\/avatar\/a58041c6cea9128bd9c40ee2f26d4136?s=96&d=blank&r=g","contentUrl":"https:\/\/secure.gravatar.com\/avatar\/a58041c6cea9128bd9c40ee2f26d4136?s=96&d=blank&r=g","caption":"Jonathan Broberg"},"sameAs":["https:\/\/www.facebook.com\/jonathan.broberg.7"],"url":"https:\/\/www.budokampsport.se\/author\/jonathan\/"}]}},"_links":{"self":[{"href":"https:\/\/www.budokampsport.se\/api\/wp\/v2\/posts\/118412","targetHints":{"allow":["GET"]}}],"collection":[{"href":"https:\/\/www.budokampsport.se\/api\/wp\/v2\/posts"}],"about":[{"href":"https:\/\/www.budokampsport.se\/api\/wp\/v2\/types\/post"}],"author":[{"embeddable":true,"href":"https:\/\/www.budokampsport.se\/api\/wp\/v2\/users\/7"}],"replies":[{"embeddable":true,"href":"https:\/\/www.budokampsport.se\/api\/wp\/v2\/comments?post=118412"}],"version-history":[{"count":0,"href":"https:\/\/www.budokampsport.se\/api\/wp\/v2\/posts\/118412\/revisions"}],"wp:featuredmedia":[{"embeddable":true,"href":"https:\/\/www.budokampsport.se\/api\/wp\/v2\/media\/41956"}],"wp:attachment":[{"href":"https:\/\/www.budokampsport.se\/api\/wp\/v2\/media?parent=118412"}],"wp:term":[{"taxonomy":"category","embeddable":true,"href":"https:\/\/www.budokampsport.se\/api\/wp\/v2\/categories?post=118412"},{"taxonomy":"post_tag","embeddable":true,"href":"https:\/\/www.budokampsport.se\/api\/wp\/v2\/tags?post=118412"}],"curies":[{"name":"wp","href":"https:\/\/api.w.org\/{rel}","templated":true}]}}