{"id":118468,"date":"2020-02-26T14:08:06","date_gmt":"2020-02-26T13:08:06","guid":{"rendered":"https:\/\/www.budokampsport.se\/?p=118468"},"modified":"2020-02-26T14:22:39","modified_gmt":"2020-02-26T13:22:39","slug":"josephine-breisch-nominerad-till-arets-forebild","status":"publish","type":"post","link":"https:\/\/www.budokampsport.se\/2020\/02\/26\/josephine-breisch-nominerad-till-arets-forebild\/","title":{"rendered":"Josephine Breisch nominerad till \u00c5rets f\u00f6rebild"},"content":{"rendered":"<p>F\u00f6r ett tag sedan blev Josephine Breisch nominerad till \u00c5rets eldsj\u00e4l vid G\u00e4striklands idrottsgala.<\/p>\n<p>I fredags kom n\u00e4sta galanominering f\u00f6r Breisch, hon kan bli \u00c5rets f\u00f6rebild p\u00e5 Kampsportsgalan.<br \/>\n&#8211; Det \u00e4r j\u00e4tteroligt att bli nominerad. Att f\u00e5 ytterligare en nominering till \u00e4nnu en gala, jag blir v\u00e4ldigt ber\u00f6rd.<\/p>\n<p>Hon hittade MMA f\u00f6r fem \u00e5r sedan. D\u00e5 var hon ensam tjej p\u00e5 klubben. Idag har f\u00f6reningen fler tjejer \u00e4n killar och mycket tacka vare att Breisch startade s\u00e4rskilda tjejgrupper. Men hon \u00e4r ocks\u00e5 elitaktiv, sitter i klubbens styrelse och \u00e4r fyrbarnsf\u00f6r\u00e4lder.<br \/>\n&#8211; Att f\u00e5 se den utvecklingen med tjejer till klubben i en s\u00e5 pass liten stad, det \u00e4r h\u00e4ftigt. Jag l\u00e4gger ner stora delar av min sj\u00e4l i sporten, jag \u00f6nskar bara att jag hade hittat hit lite tidigare i livet.<\/p>\n<p><a href=\"https:\/\/billetto.se\/e\/kampsportsgalan-2020-biljetter-399684\/\"><em>Biljetter till Kampsportsgalan, som h\u00e5lls den 21:a mars, g\u00e5r att inf\u00f6rskaffa h\u00e4r.<\/em><\/a><\/p>\n<p>Text: Jonathan Broberg<br \/>\nFoto: Amelia Mauritzon<\/p>\n","protected":false},"excerpt":{"rendered":"<p>Elitaktiv. Ledare. Startat tjejgrupp. Styrelsemedlem. Fyrbarnsf\u00f6r\u00e4lder. Det finns mycket att kalla MMA-profilen Josephine Breisch fr\u00e5n Sandviken. Hon \u00e4r nominerad till \u00c5rets f\u00f6rebild vid Kampsportsgalan.<br \/><br>&#8211; Jag blir v\u00e4ldigt ber\u00f6rd, s\u00e4ger hon till budokampsport.se.<\/p><br>","protected":false},"author":7,"featured_media":117763,"comment_status":"open","ping_status":"open","sticky":false,"template":"","format":"standard","meta":{"_acf_changed":false,"footnotes":""},"categories":[1],"tags":[],"class_list":["post-118468","post","type-post","status-publish","format-standard","has-post-thumbnail","hentry","category-okategoriserade"],"acf":[],"yoast_head":"<!-- This site is optimized with the Yoast SEO plugin v26.8 - https:\/\/yoast.com\/product\/yoast-seo-wordpress\/ -->\n<title>Josephine Breisch nominerad till \u00c5rets f\u00f6rebild - Svenska Budo &amp; Kampsportsf\u00f6rbundet<\/title>\n<meta name=\"description\" content=\"Elitaktiv. Ledare. Startat tjejgrupp. Styrelsemedlem. Fyrbarnsf\u00f6r\u00e4lder. Det finns mycket att kalla MMA-profilen Josephine Breisch fr\u00e5n Sandviken. Hon \u00e4r nominerad till \u00c5rets f\u00f6rebild vid Kampsportsgalan. - Jag blir v\u00e4ldigt ber\u00f6rd, s\u00e4ger hon till budokampsport.se.\" \/>\n<meta name=\"robots\" content=\"index, follow, max-snippet:-1, max-image-preview:large, max-video-preview:-1\" \/>\n<link rel=\"canonical\" href=\"https:\/\/www.budokampsport.se\/2020\/02\/26\/josephine-breisch-nominerad-till-arets-forebild\/\" \/>\n<meta property=\"og:locale\" content=\"sv_SE\" \/>\n<meta property=\"og:type\" content=\"article\" \/>\n<meta property=\"og:title\" content=\"Josephine Breisch nominerad till \u00c5rets f\u00f6rebild - Svenska Budo &amp; Kampsportsf\u00f6rbundet\" \/>\n<meta property=\"og:description\" content=\"Elitaktiv. Ledare. Startat tjejgrupp. Styrelsemedlem. Fyrbarnsf\u00f6r\u00e4lder. Det finns mycket att kalla MMA-profilen Josephine Breisch fr\u00e5n Sandviken. Hon \u00e4r nominerad till \u00c5rets f\u00f6rebild vid Kampsportsgalan. - Jag blir v\u00e4ldigt ber\u00f6rd, s\u00e4ger hon till budokampsport.se.\" \/>\n<meta property=\"og:url\" content=\"https:\/\/www.budokampsport.se\/2020\/02\/26\/josephine-breisch-nominerad-till-arets-forebild\/\" \/>\n<meta property=\"og:site_name\" content=\"Svenska Budo &amp; Kampsportsf\u00f6rbundet\" \/>\n<meta property=\"article:author\" content=\"https:\/\/www.facebook.com\/jonathan.broberg.7\" \/>\n<meta property=\"article:published_time\" content=\"2020-02-26T13:08:06+00:00\" \/>\n<meta property=\"article:modified_time\" content=\"2020-02-26T13:22:39+00:00\" \/>\n<meta property=\"og:image\" content=\"https:\/\/www.budokampsport.se\/wp-content\/uploads\/2020\/02\/josephine_breisch-e1625212653146.jpg\" \/>\n\t<meta property=\"og:image:width\" content=\"850\" \/>\n\t<meta property=\"og:image:height\" content=\"567\" \/>\n\t<meta property=\"og:image:type\" content=\"image\/jpeg\" \/>\n<meta name=\"author\" content=\"Jonathan Broberg\" \/>\n<meta name=\"twitter:card\" content=\"summary_large_image\" \/>\n<meta name=\"twitter:label1\" content=\"Skriven av\" \/>\n\t<meta name=\"twitter:data1\" content=\"Jonathan Broberg\" \/>\n\t<meta name=\"twitter:label2\" content=\"Ber\u00e4knad l\u00e4stid\" \/>\n\t<meta name=\"twitter:data2\" content=\"1 minut\" \/>\n<script type=\"application\/ld+json\" class=\"yoast-schema-graph\">{\"@context\":\"https:\/\/schema.org\",\"@graph\":[{\"@type\":\"Article\",\"@id\":\"https:\/\/www.budokampsport.se\/2020\/02\/26\/josephine-breisch-nominerad-till-arets-forebild\/#article\",\"isPartOf\":{\"@id\":\"https:\/\/www.budokampsport.se\/2020\/02\/26\/josephine-breisch-nominerad-till-arets-forebild\/\"},\"author\":{\"name\":\"Jonathan Broberg\",\"@id\":\"https:\/\/www.budokampsport.se\/#\/schema\/person\/5c06d81d14850e2a8ce5493386560145\"},\"headline\":\"Josephine Breisch nominerad till \u00c5rets f\u00f6rebild\",\"datePublished\":\"2020-02-26T13:08:06+00:00\",\"dateModified\":\"2020-02-26T13:22:39+00:00\",\"mainEntityOfPage\":{\"@id\":\"https:\/\/www.budokampsport.se\/2020\/02\/26\/josephine-breisch-nominerad-till-arets-forebild\/\"},\"wordCount\":177,\"commentCount\":0,\"image\":{\"@id\":\"https:\/\/www.budokampsport.se\/2020\/02\/26\/josephine-breisch-nominerad-till-arets-forebild\/#primaryimage\"},\"thumbnailUrl\":\"https:\/\/www.budokampsport.se\/wp-content\/uploads\/2020\/02\/josephine_breisch-e1625212653146.jpg\",\"inLanguage\":\"sv-SE\",\"potentialAction\":[{\"@type\":\"CommentAction\",\"name\":\"Comment\",\"target\":[\"https:\/\/www.budokampsport.se\/2020\/02\/26\/josephine-breisch-nominerad-till-arets-forebild\/#respond\"]}]},{\"@type\":\"WebPage\",\"@id\":\"https:\/\/www.budokampsport.se\/2020\/02\/26\/josephine-breisch-nominerad-till-arets-forebild\/\",\"url\":\"https:\/\/www.budokampsport.se\/2020\/02\/26\/josephine-breisch-nominerad-till-arets-forebild\/\",\"name\":\"Josephine Breisch nominerad till \u00c5rets f\u00f6rebild - Svenska Budo &amp; Kampsportsf\u00f6rbundet\",\"isPartOf\":{\"@id\":\"https:\/\/www.budokampsport.se\/#website\"},\"primaryImageOfPage\":{\"@id\":\"https:\/\/www.budokampsport.se\/2020\/02\/26\/josephine-breisch-nominerad-till-arets-forebild\/#primaryimage\"},\"image\":{\"@id\":\"https:\/\/www.budokampsport.se\/2020\/02\/26\/josephine-breisch-nominerad-till-arets-forebild\/#primaryimage\"},\"thumbnailUrl\":\"https:\/\/www.budokampsport.se\/wp-content\/uploads\/2020\/02\/josephine_breisch-e1625212653146.jpg\",\"datePublished\":\"2020-02-26T13:08:06+00:00\",\"dateModified\":\"2020-02-26T13:22:39+00:00\",\"author\":{\"@id\":\"https:\/\/www.budokampsport.se\/#\/schema\/person\/5c06d81d14850e2a8ce5493386560145\"},\"description\":\"Elitaktiv. Ledare. Startat tjejgrupp. Styrelsemedlem. Fyrbarnsf\u00f6r\u00e4lder. Det finns mycket att kalla MMA-profilen Josephine Breisch fr\u00e5n Sandviken. Hon \u00e4r nominerad till \u00c5rets f\u00f6rebild vid Kampsportsgalan. - Jag blir v\u00e4ldigt ber\u00f6rd, s\u00e4ger hon till budokampsport.se.\",\"breadcrumb\":{\"@id\":\"https:\/\/www.budokampsport.se\/2020\/02\/26\/josephine-breisch-nominerad-till-arets-forebild\/#breadcrumb\"},\"inLanguage\":\"sv-SE\",\"potentialAction\":[{\"@type\":\"ReadAction\",\"target\":[\"https:\/\/www.budokampsport.se\/2020\/02\/26\/josephine-breisch-nominerad-till-arets-forebild\/\"]}]},{\"@type\":\"ImageObject\",\"inLanguage\":\"sv-SE\",\"@id\":\"https:\/\/www.budokampsport.se\/2020\/02\/26\/josephine-breisch-nominerad-till-arets-forebild\/#primaryimage\",\"url\":\"https:\/\/www.budokampsport.se\/wp-content\/uploads\/2020\/02\/josephine_breisch-e1625212653146.jpg\",\"contentUrl\":\"https:\/\/www.budokampsport.se\/wp-content\/uploads\/2020\/02\/josephine_breisch-e1625212653146.jpg\",\"width\":850,\"height\":567,\"caption\":\"Foto: Amelia Mauritzon\"},{\"@type\":\"BreadcrumbList\",\"@id\":\"https:\/\/www.budokampsport.se\/2020\/02\/26\/josephine-breisch-nominerad-till-arets-forebild\/#breadcrumb\",\"itemListElement\":[{\"@type\":\"ListItem\",\"position\":1,\"name\":\"Hem\",\"item\":\"https:\/\/www.budokampsport.se\/\"},{\"@type\":\"ListItem\",\"position\":2,\"name\":\"Josephine Breisch nominerad till \u00c5rets f\u00f6rebild\"}]},{\"@type\":\"WebSite\",\"@id\":\"https:\/\/www.budokampsport.se\/#website\",\"url\":\"https:\/\/www.budokampsport.se\/\",\"name\":\"Svenska Budo &amp; Kampsportsf\u00f6rbundet\",\"description\":\"T\u00e4vling, Tr\u00e4ning, Tradition\",\"potentialAction\":[{\"@type\":\"SearchAction\",\"target\":{\"@type\":\"EntryPoint\",\"urlTemplate\":\"https:\/\/www.budokampsport.se\/?s={search_term_string}\"},\"query-input\":{\"@type\":\"PropertyValueSpecification\",\"valueRequired\":true,\"valueName\":\"search_term_string\"}}],\"inLanguage\":\"sv-SE\"},{\"@type\":\"Person\",\"@id\":\"https:\/\/www.budokampsport.se\/#\/schema\/person\/5c06d81d14850e2a8ce5493386560145\",\"name\":\"Jonathan Broberg\",\"image\":{\"@type\":\"ImageObject\",\"inLanguage\":\"sv-SE\",\"@id\":\"https:\/\/www.budokampsport.se\/#\/schema\/person\/image\/\",\"url\":\"https:\/\/secure.gravatar.com\/avatar\/a58041c6cea9128bd9c40ee2f26d4136?s=96&d=blank&r=g\",\"contentUrl\":\"https:\/\/secure.gravatar.com\/avatar\/a58041c6cea9128bd9c40ee2f26d4136?s=96&d=blank&r=g\",\"caption\":\"Jonathan Broberg\"},\"sameAs\":[\"https:\/\/www.facebook.com\/jonathan.broberg.7\"],\"url\":\"https:\/\/www.budokampsport.se\/author\/jonathan\/\"}]}<\/script>\n<!-- \/ Yoast SEO plugin. -->","yoast_head_json":{"title":"Josephine Breisch nominerad till \u00c5rets f\u00f6rebild - Svenska Budo &amp; Kampsportsf\u00f6rbundet","description":"Elitaktiv. Ledare. Startat tjejgrupp. Styrelsemedlem. Fyrbarnsf\u00f6r\u00e4lder. Det finns mycket att kalla MMA-profilen Josephine Breisch fr\u00e5n Sandviken. Hon \u00e4r nominerad till \u00c5rets f\u00f6rebild vid Kampsportsgalan. - Jag blir v\u00e4ldigt ber\u00f6rd, s\u00e4ger hon till budokampsport.se.","robots":{"index":"index","follow":"follow","max-snippet":"max-snippet:-1","max-image-preview":"max-image-preview:large","max-video-preview":"max-video-preview:-1"},"canonical":"https:\/\/www.budokampsport.se\/2020\/02\/26\/josephine-breisch-nominerad-till-arets-forebild\/","og_locale":"sv_SE","og_type":"article","og_title":"Josephine Breisch nominerad till \u00c5rets f\u00f6rebild - Svenska Budo &amp; Kampsportsf\u00f6rbundet","og_description":"Elitaktiv. Ledare. Startat tjejgrupp. Styrelsemedlem. Fyrbarnsf\u00f6r\u00e4lder. Det finns mycket att kalla MMA-profilen Josephine Breisch fr\u00e5n Sandviken. Hon \u00e4r nominerad till \u00c5rets f\u00f6rebild vid Kampsportsgalan. - Jag blir v\u00e4ldigt ber\u00f6rd, s\u00e4ger hon till budokampsport.se.","og_url":"https:\/\/www.budokampsport.se\/2020\/02\/26\/josephine-breisch-nominerad-till-arets-forebild\/","og_site_name":"Svenska Budo &amp; Kampsportsf\u00f6rbundet","article_author":"https:\/\/www.facebook.com\/jonathan.broberg.7","article_published_time":"2020-02-26T13:08:06+00:00","article_modified_time":"2020-02-26T13:22:39+00:00","og_image":[{"width":850,"height":567,"url":"https:\/\/www.budokampsport.se\/wp-content\/uploads\/2020\/02\/josephine_breisch-e1625212653146.jpg","type":"image\/jpeg"}],"author":"Jonathan Broberg","twitter_card":"summary_large_image","twitter_misc":{"Skriven av":"Jonathan Broberg","Ber\u00e4knad l\u00e4stid":"1 minut"},"schema":{"@context":"https:\/\/schema.org","@graph":[{"@type":"Article","@id":"https:\/\/www.budokampsport.se\/2020\/02\/26\/josephine-breisch-nominerad-till-arets-forebild\/#article","isPartOf":{"@id":"https:\/\/www.budokampsport.se\/2020\/02\/26\/josephine-breisch-nominerad-till-arets-forebild\/"},"author":{"name":"Jonathan Broberg","@id":"https:\/\/www.budokampsport.se\/#\/schema\/person\/5c06d81d14850e2a8ce5493386560145"},"headline":"Josephine Breisch nominerad till \u00c5rets f\u00f6rebild","datePublished":"2020-02-26T13:08:06+00:00","dateModified":"2020-02-26T13:22:39+00:00","mainEntityOfPage":{"@id":"https:\/\/www.budokampsport.se\/2020\/02\/26\/josephine-breisch-nominerad-till-arets-forebild\/"},"wordCount":177,"commentCount":0,"image":{"@id":"https:\/\/www.budokampsport.se\/2020\/02\/26\/josephine-breisch-nominerad-till-arets-forebild\/#primaryimage"},"thumbnailUrl":"https:\/\/www.budokampsport.se\/wp-content\/uploads\/2020\/02\/josephine_breisch-e1625212653146.jpg","inLanguage":"sv-SE","potentialAction":[{"@type":"CommentAction","name":"Comment","target":["https:\/\/www.budokampsport.se\/2020\/02\/26\/josephine-breisch-nominerad-till-arets-forebild\/#respond"]}]},{"@type":"WebPage","@id":"https:\/\/www.budokampsport.se\/2020\/02\/26\/josephine-breisch-nominerad-till-arets-forebild\/","url":"https:\/\/www.budokampsport.se\/2020\/02\/26\/josephine-breisch-nominerad-till-arets-forebild\/","name":"Josephine Breisch nominerad till \u00c5rets f\u00f6rebild - Svenska Budo &amp; Kampsportsf\u00f6rbundet","isPartOf":{"@id":"https:\/\/www.budokampsport.se\/#website"},"primaryImageOfPage":{"@id":"https:\/\/www.budokampsport.se\/2020\/02\/26\/josephine-breisch-nominerad-till-arets-forebild\/#primaryimage"},"image":{"@id":"https:\/\/www.budokampsport.se\/2020\/02\/26\/josephine-breisch-nominerad-till-arets-forebild\/#primaryimage"},"thumbnailUrl":"https:\/\/www.budokampsport.se\/wp-content\/uploads\/2020\/02\/josephine_breisch-e1625212653146.jpg","datePublished":"2020-02-26T13:08:06+00:00","dateModified":"2020-02-26T13:22:39+00:00","author":{"@id":"https:\/\/www.budokampsport.se\/#\/schema\/person\/5c06d81d14850e2a8ce5493386560145"},"description":"Elitaktiv. Ledare. Startat tjejgrupp. Styrelsemedlem. Fyrbarnsf\u00f6r\u00e4lder. Det finns mycket att kalla MMA-profilen Josephine Breisch fr\u00e5n Sandviken. Hon \u00e4r nominerad till \u00c5rets f\u00f6rebild vid Kampsportsgalan. - Jag blir v\u00e4ldigt ber\u00f6rd, s\u00e4ger hon till budokampsport.se.","breadcrumb":{"@id":"https:\/\/www.budokampsport.se\/2020\/02\/26\/josephine-breisch-nominerad-till-arets-forebild\/#breadcrumb"},"inLanguage":"sv-SE","potentialAction":[{"@type":"ReadAction","target":["https:\/\/www.budokampsport.se\/2020\/02\/26\/josephine-breisch-nominerad-till-arets-forebild\/"]}]},{"@type":"ImageObject","inLanguage":"sv-SE","@id":"https:\/\/www.budokampsport.se\/2020\/02\/26\/josephine-breisch-nominerad-till-arets-forebild\/#primaryimage","url":"https:\/\/www.budokampsport.se\/wp-content\/uploads\/2020\/02\/josephine_breisch-e1625212653146.jpg","contentUrl":"https:\/\/www.budokampsport.se\/wp-content\/uploads\/2020\/02\/josephine_breisch-e1625212653146.jpg","width":850,"height":567,"caption":"Foto: Amelia Mauritzon"},{"@type":"BreadcrumbList","@id":"https:\/\/www.budokampsport.se\/2020\/02\/26\/josephine-breisch-nominerad-till-arets-forebild\/#breadcrumb","itemListElement":[{"@type":"ListItem","position":1,"name":"Hem","item":"https:\/\/www.budokampsport.se\/"},{"@type":"ListItem","position":2,"name":"Josephine Breisch nominerad till \u00c5rets f\u00f6rebild"}]},{"@type":"WebSite","@id":"https:\/\/www.budokampsport.se\/#website","url":"https:\/\/www.budokampsport.se\/","name":"Svenska Budo &amp; Kampsportsf\u00f6rbundet","description":"T\u00e4vling, Tr\u00e4ning, Tradition","potentialAction":[{"@type":"SearchAction","target":{"@type":"EntryPoint","urlTemplate":"https:\/\/www.budokampsport.se\/?s={search_term_string}"},"query-input":{"@type":"PropertyValueSpecification","valueRequired":true,"valueName":"search_term_string"}}],"inLanguage":"sv-SE"},{"@type":"Person","@id":"https:\/\/www.budokampsport.se\/#\/schema\/person\/5c06d81d14850e2a8ce5493386560145","name":"Jonathan Broberg","image":{"@type":"ImageObject","inLanguage":"sv-SE","@id":"https:\/\/www.budokampsport.se\/#\/schema\/person\/image\/","url":"https:\/\/secure.gravatar.com\/avatar\/a58041c6cea9128bd9c40ee2f26d4136?s=96&d=blank&r=g","contentUrl":"https:\/\/secure.gravatar.com\/avatar\/a58041c6cea9128bd9c40ee2f26d4136?s=96&d=blank&r=g","caption":"Jonathan Broberg"},"sameAs":["https:\/\/www.facebook.com\/jonathan.broberg.7"],"url":"https:\/\/www.budokampsport.se\/author\/jonathan\/"}]}},"_links":{"self":[{"href":"https:\/\/www.budokampsport.se\/api\/wp\/v2\/posts\/118468","targetHints":{"allow":["GET"]}}],"collection":[{"href":"https:\/\/www.budokampsport.se\/api\/wp\/v2\/posts"}],"about":[{"href":"https:\/\/www.budokampsport.se\/api\/wp\/v2\/types\/post"}],"author":[{"embeddable":true,"href":"https:\/\/www.budokampsport.se\/api\/wp\/v2\/users\/7"}],"replies":[{"embeddable":true,"href":"https:\/\/www.budokampsport.se\/api\/wp\/v2\/comments?post=118468"}],"version-history":[{"count":0,"href":"https:\/\/www.budokampsport.se\/api\/wp\/v2\/posts\/118468\/revisions"}],"wp:featuredmedia":[{"embeddable":true,"href":"https:\/\/www.budokampsport.se\/api\/wp\/v2\/media\/117763"}],"wp:attachment":[{"href":"https:\/\/www.budokampsport.se\/api\/wp\/v2\/media?parent=118468"}],"wp:term":[{"taxonomy":"category","embeddable":true,"href":"https:\/\/www.budokampsport.se\/api\/wp\/v2\/categories?post=118468"},{"taxonomy":"post_tag","embeddable":true,"href":"https:\/\/www.budokampsport.se\/api\/wp\/v2\/tags?post=118468"}],"curies":[{"name":"wp","href":"https:\/\/api.w.org\/{rel}","templated":true}]}}