{"id":118585,"date":"2020-02-27T09:49:22","date_gmt":"2020-02-27T08:49:22","guid":{"rendered":"https:\/\/www.budokampsport.se\/?p=118585"},"modified":"2020-02-27T09:49:22","modified_gmt":"2020-02-27T08:49:22","slug":"jujutsuledaren-roger-berger-kan-bli-arets-forebild","status":"publish","type":"post","link":"https:\/\/www.budokampsport.se\/2020\/02\/27\/jujutsuledaren-roger-berger-kan-bli-arets-forebild\/","title":{"rendered":"Jujutsuledaren Roger Berger kan bli \u00c5rets f\u00f6rebild"},"content":{"rendered":"<p>2019 var ett mycket h\u00e4ndelserikt \u00e5r f\u00f6r Roger Berger.<\/p>\n<p>Han \u00e4r ledare f\u00f6r para-budopass p\u00e5 klubben Kumla kampsportsf\u00f6rening, och \u00e4r tr\u00e4nare och coach f\u00f6r Jenny \u00d6ster-Hall och Nathalie Frisk (som b\u00e5da vann VM-guld under 2019) och han har varit en viktig del i att parasporten \u00e4r integrerade i jujutsulandslaget.<br \/>\n&#8211; Just den delen \u00e4r egentligen helt Michael Kuntz f\u00f6rtj\u00e4nst, sedan har vi blivit v\u00e4ldigt v\u00e4l mottagna d\u00e4r och jag \u00e4r glad \u00f6ver att Fredrik (Widgren), William (Seth-Wenzel), Micke (Kuntz) och Jenny (\u00d6ster-Hall) \u00e4r nominerade. Det \u00e4r ett bevis p\u00e5 att vi har gjort n\u00e5got bra.<\/p>\n<p>Men sj\u00e4lv blev han f\u00f6rv\u00e5nad \u00f6ver nomineringen.<br \/>\n&#8211; Jag har aldrig blivit nominerad till n\u00e5got f\u00f6rut, det \u00e4r sv\u00e5rt att ta in det h\u00e4r. Jag \u00e4r sj\u00e4lvklart glad \u00f6ver att f\u00e5 den uppm\u00e4rksamheten, det betyder mycket. Det g\u00f6r det.<\/p>\n<p>Text och foto: Jonathan Broberg<\/p>\n","protected":false},"excerpt":{"rendered":"<p>Roger Berger \u00e4r en av de som of\u00f6rtr\u00f6ttligt slitit f\u00f6r att ge parakampsportare en plats att vara. Via f\u00f6reningen Kumla kampsportsf\u00f6rening \u00e4r Roger en av de som ser till att s\u00e5 kallade para-budopass h\u00e5lls. Han \u00e4r ocks\u00e5 ledare i jujutsulandslaget, d\u00e4r paraidrott \u00e4r helt integrerade.<br \/><br>&#8211; Jag har aldrig blivit nominerad till n\u00e5got f\u00f6rut, det \u00e4r sv\u00e5rt att ta in det h\u00e4r, s\u00e4ger han till budokampsport.se.<\/p><br>","protected":false},"author":7,"featured_media":118586,"comment_status":"open","ping_status":"open","sticky":false,"template":"","format":"standard","meta":{"_acf_changed":false,"footnotes":""},"categories":[1],"tags":[],"class_list":["post-118585","post","type-post","status-publish","format-standard","has-post-thumbnail","hentry","category-okategoriserade"],"acf":[],"yoast_head":"<!-- This site is optimized with the Yoast SEO plugin v26.8 - https:\/\/yoast.com\/product\/yoast-seo-wordpress\/ -->\n<title>Jujutsuledaren Roger Berger kan bli \u00c5rets f\u00f6rebild - Svenska Budo &amp; Kampsportsf\u00f6rbundet<\/title>\n<meta name=\"description\" content=\"Roger Berger \u00e4r en av de som of\u00f6rtr\u00f6ttligt slitit f\u00f6r att ge parakampsportare en plats att vara. Via f\u00f6reningen Kumla kampsportsf\u00f6rening \u00e4r Roger en av de som ser till att s\u00e5 kallade para-budopass h\u00e5lls. Han \u00e4r ocks\u00e5 ledare i jujutsulandslaget, d\u00e4r paraidrott \u00e4r helt integrerade. - Jag har aldrig blivit nominerad till n\u00e5got f\u00f6rut, det \u00e4r sv\u00e5rt att ta in det h\u00e4r, s\u00e4ger han till budokampsport.se.\" \/>\n<meta name=\"robots\" content=\"index, follow, max-snippet:-1, max-image-preview:large, max-video-preview:-1\" \/>\n<link rel=\"canonical\" href=\"https:\/\/www.budokampsport.se\/2020\/02\/27\/jujutsuledaren-roger-berger-kan-bli-arets-forebild\/\" \/>\n<meta property=\"og:locale\" content=\"sv_SE\" \/>\n<meta property=\"og:type\" content=\"article\" \/>\n<meta property=\"og:title\" content=\"Jujutsuledaren Roger Berger kan bli \u00c5rets f\u00f6rebild - Svenska Budo &amp; Kampsportsf\u00f6rbundet\" \/>\n<meta property=\"og:description\" content=\"Roger Berger \u00e4r en av de som of\u00f6rtr\u00f6ttligt slitit f\u00f6r att ge parakampsportare en plats att vara. Via f\u00f6reningen Kumla kampsportsf\u00f6rening \u00e4r Roger en av de som ser till att s\u00e5 kallade para-budopass h\u00e5lls. Han \u00e4r ocks\u00e5 ledare i jujutsulandslaget, d\u00e4r paraidrott \u00e4r helt integrerade. - Jag har aldrig blivit nominerad till n\u00e5got f\u00f6rut, det \u00e4r sv\u00e5rt att ta in det h\u00e4r, s\u00e4ger han till budokampsport.se.\" \/>\n<meta property=\"og:url\" content=\"https:\/\/www.budokampsport.se\/2020\/02\/27\/jujutsuledaren-roger-berger-kan-bli-arets-forebild\/\" \/>\n<meta property=\"og:site_name\" content=\"Svenska Budo &amp; Kampsportsf\u00f6rbundet\" \/>\n<meta property=\"article:author\" content=\"https:\/\/www.facebook.com\/jonathan.broberg.7\" \/>\n<meta property=\"article:published_time\" content=\"2020-02-27T08:49:22+00:00\" \/>\n<meta property=\"og:image\" content=\"https:\/\/www.budokampsport.se\/wp-content\/uploads\/2020\/02\/roger_berger.jpg\" \/>\n\t<meta property=\"og:image:width\" content=\"850\" \/>\n\t<meta property=\"og:image:height\" content=\"550\" \/>\n\t<meta property=\"og:image:type\" content=\"image\/jpeg\" \/>\n<meta name=\"author\" content=\"Jonathan Broberg\" \/>\n<meta name=\"twitter:card\" content=\"summary_large_image\" \/>\n<meta name=\"twitter:label1\" content=\"Skriven av\" \/>\n\t<meta name=\"twitter:data1\" content=\"Jonathan Broberg\" \/>\n\t<meta name=\"twitter:label2\" content=\"Ber\u00e4knad l\u00e4stid\" \/>\n\t<meta name=\"twitter:data2\" content=\"1 minut\" \/>\n<script type=\"application\/ld+json\" class=\"yoast-schema-graph\">{\"@context\":\"https:\/\/schema.org\",\"@graph\":[{\"@type\":\"Article\",\"@id\":\"https:\/\/www.budokampsport.se\/2020\/02\/27\/jujutsuledaren-roger-berger-kan-bli-arets-forebild\/#article\",\"isPartOf\":{\"@id\":\"https:\/\/www.budokampsport.se\/2020\/02\/27\/jujutsuledaren-roger-berger-kan-bli-arets-forebild\/\"},\"author\":{\"name\":\"Jonathan Broberg\",\"@id\":\"https:\/\/www.budokampsport.se\/#\/schema\/person\/5c06d81d14850e2a8ce5493386560145\"},\"headline\":\"Jujutsuledaren Roger Berger kan bli \u00c5rets f\u00f6rebild\",\"datePublished\":\"2020-02-27T08:49:22+00:00\",\"mainEntityOfPage\":{\"@id\":\"https:\/\/www.budokampsport.se\/2020\/02\/27\/jujutsuledaren-roger-berger-kan-bli-arets-forebild\/\"},\"wordCount\":168,\"commentCount\":1,\"image\":{\"@id\":\"https:\/\/www.budokampsport.se\/2020\/02\/27\/jujutsuledaren-roger-berger-kan-bli-arets-forebild\/#primaryimage\"},\"thumbnailUrl\":\"https:\/\/www.budokampsport.se\/wp-content\/uploads\/2020\/02\/roger_berger.jpg\",\"inLanguage\":\"sv-SE\",\"potentialAction\":[{\"@type\":\"CommentAction\",\"name\":\"Comment\",\"target\":[\"https:\/\/www.budokampsport.se\/2020\/02\/27\/jujutsuledaren-roger-berger-kan-bli-arets-forebild\/#respond\"]}]},{\"@type\":\"WebPage\",\"@id\":\"https:\/\/www.budokampsport.se\/2020\/02\/27\/jujutsuledaren-roger-berger-kan-bli-arets-forebild\/\",\"url\":\"https:\/\/www.budokampsport.se\/2020\/02\/27\/jujutsuledaren-roger-berger-kan-bli-arets-forebild\/\",\"name\":\"Jujutsuledaren Roger Berger kan bli \u00c5rets f\u00f6rebild - Svenska Budo &amp; Kampsportsf\u00f6rbundet\",\"isPartOf\":{\"@id\":\"https:\/\/www.budokampsport.se\/#website\"},\"primaryImageOfPage\":{\"@id\":\"https:\/\/www.budokampsport.se\/2020\/02\/27\/jujutsuledaren-roger-berger-kan-bli-arets-forebild\/#primaryimage\"},\"image\":{\"@id\":\"https:\/\/www.budokampsport.se\/2020\/02\/27\/jujutsuledaren-roger-berger-kan-bli-arets-forebild\/#primaryimage\"},\"thumbnailUrl\":\"https:\/\/www.budokampsport.se\/wp-content\/uploads\/2020\/02\/roger_berger.jpg\",\"datePublished\":\"2020-02-27T08:49:22+00:00\",\"author\":{\"@id\":\"https:\/\/www.budokampsport.se\/#\/schema\/person\/5c06d81d14850e2a8ce5493386560145\"},\"description\":\"Roger Berger \u00e4r en av de som of\u00f6rtr\u00f6ttligt slitit f\u00f6r att ge parakampsportare en plats att vara. Via f\u00f6reningen Kumla kampsportsf\u00f6rening \u00e4r Roger en av de som ser till att s\u00e5 kallade para-budopass h\u00e5lls. Han \u00e4r ocks\u00e5 ledare i jujutsulandslaget, d\u00e4r paraidrott \u00e4r helt integrerade. - Jag har aldrig blivit nominerad till n\u00e5got f\u00f6rut, det \u00e4r sv\u00e5rt att ta in det h\u00e4r, s\u00e4ger han till budokampsport.se.\",\"breadcrumb\":{\"@id\":\"https:\/\/www.budokampsport.se\/2020\/02\/27\/jujutsuledaren-roger-berger-kan-bli-arets-forebild\/#breadcrumb\"},\"inLanguage\":\"sv-SE\",\"potentialAction\":[{\"@type\":\"ReadAction\",\"target\":[\"https:\/\/www.budokampsport.se\/2020\/02\/27\/jujutsuledaren-roger-berger-kan-bli-arets-forebild\/\"]}]},{\"@type\":\"ImageObject\",\"inLanguage\":\"sv-SE\",\"@id\":\"https:\/\/www.budokampsport.se\/2020\/02\/27\/jujutsuledaren-roger-berger-kan-bli-arets-forebild\/#primaryimage\",\"url\":\"https:\/\/www.budokampsport.se\/wp-content\/uploads\/2020\/02\/roger_berger.jpg\",\"contentUrl\":\"https:\/\/www.budokampsport.se\/wp-content\/uploads\/2020\/02\/roger_berger.jpg\",\"width\":850,\"height\":550,\"caption\":\"Foto: Jonathan Broberg\"},{\"@type\":\"BreadcrumbList\",\"@id\":\"https:\/\/www.budokampsport.se\/2020\/02\/27\/jujutsuledaren-roger-berger-kan-bli-arets-forebild\/#breadcrumb\",\"itemListElement\":[{\"@type\":\"ListItem\",\"position\":1,\"name\":\"Hem\",\"item\":\"https:\/\/www.budokampsport.se\/\"},{\"@type\":\"ListItem\",\"position\":2,\"name\":\"Jujutsuledaren Roger Berger kan bli \u00c5rets f\u00f6rebild\"}]},{\"@type\":\"WebSite\",\"@id\":\"https:\/\/www.budokampsport.se\/#website\",\"url\":\"https:\/\/www.budokampsport.se\/\",\"name\":\"Svenska Budo &amp; Kampsportsf\u00f6rbundet\",\"description\":\"T\u00e4vling, Tr\u00e4ning, Tradition\",\"potentialAction\":[{\"@type\":\"SearchAction\",\"target\":{\"@type\":\"EntryPoint\",\"urlTemplate\":\"https:\/\/www.budokampsport.se\/?s={search_term_string}\"},\"query-input\":{\"@type\":\"PropertyValueSpecification\",\"valueRequired\":true,\"valueName\":\"search_term_string\"}}],\"inLanguage\":\"sv-SE\"},{\"@type\":\"Person\",\"@id\":\"https:\/\/www.budokampsport.se\/#\/schema\/person\/5c06d81d14850e2a8ce5493386560145\",\"name\":\"Jonathan Broberg\",\"image\":{\"@type\":\"ImageObject\",\"inLanguage\":\"sv-SE\",\"@id\":\"https:\/\/www.budokampsport.se\/#\/schema\/person\/image\/\",\"url\":\"https:\/\/secure.gravatar.com\/avatar\/a58041c6cea9128bd9c40ee2f26d4136?s=96&d=blank&r=g\",\"contentUrl\":\"https:\/\/secure.gravatar.com\/avatar\/a58041c6cea9128bd9c40ee2f26d4136?s=96&d=blank&r=g\",\"caption\":\"Jonathan Broberg\"},\"sameAs\":[\"https:\/\/www.facebook.com\/jonathan.broberg.7\"],\"url\":\"https:\/\/www.budokampsport.se\/author\/jonathan\/\"}]}<\/script>\n<!-- \/ Yoast SEO plugin. -->","yoast_head_json":{"title":"Jujutsuledaren Roger Berger kan bli \u00c5rets f\u00f6rebild - Svenska Budo &amp; Kampsportsf\u00f6rbundet","description":"Roger Berger \u00e4r en av de som of\u00f6rtr\u00f6ttligt slitit f\u00f6r att ge parakampsportare en plats att vara. Via f\u00f6reningen Kumla kampsportsf\u00f6rening \u00e4r Roger en av de som ser till att s\u00e5 kallade para-budopass h\u00e5lls. Han \u00e4r ocks\u00e5 ledare i jujutsulandslaget, d\u00e4r paraidrott \u00e4r helt integrerade. - Jag har aldrig blivit nominerad till n\u00e5got f\u00f6rut, det \u00e4r sv\u00e5rt att ta in det h\u00e4r, s\u00e4ger han till budokampsport.se.","robots":{"index":"index","follow":"follow","max-snippet":"max-snippet:-1","max-image-preview":"max-image-preview:large","max-video-preview":"max-video-preview:-1"},"canonical":"https:\/\/www.budokampsport.se\/2020\/02\/27\/jujutsuledaren-roger-berger-kan-bli-arets-forebild\/","og_locale":"sv_SE","og_type":"article","og_title":"Jujutsuledaren Roger Berger kan bli \u00c5rets f\u00f6rebild - Svenska Budo &amp; Kampsportsf\u00f6rbundet","og_description":"Roger Berger \u00e4r en av de som of\u00f6rtr\u00f6ttligt slitit f\u00f6r att ge parakampsportare en plats att vara. Via f\u00f6reningen Kumla kampsportsf\u00f6rening \u00e4r Roger en av de som ser till att s\u00e5 kallade para-budopass h\u00e5lls. Han \u00e4r ocks\u00e5 ledare i jujutsulandslaget, d\u00e4r paraidrott \u00e4r helt integrerade. - Jag har aldrig blivit nominerad till n\u00e5got f\u00f6rut, det \u00e4r sv\u00e5rt att ta in det h\u00e4r, s\u00e4ger han till budokampsport.se.","og_url":"https:\/\/www.budokampsport.se\/2020\/02\/27\/jujutsuledaren-roger-berger-kan-bli-arets-forebild\/","og_site_name":"Svenska Budo &amp; Kampsportsf\u00f6rbundet","article_author":"https:\/\/www.facebook.com\/jonathan.broberg.7","article_published_time":"2020-02-27T08:49:22+00:00","og_image":[{"width":850,"height":550,"url":"https:\/\/www.budokampsport.se\/wp-content\/uploads\/2020\/02\/roger_berger.jpg","type":"image\/jpeg"}],"author":"Jonathan Broberg","twitter_card":"summary_large_image","twitter_misc":{"Skriven av":"Jonathan Broberg","Ber\u00e4knad l\u00e4stid":"1 minut"},"schema":{"@context":"https:\/\/schema.org","@graph":[{"@type":"Article","@id":"https:\/\/www.budokampsport.se\/2020\/02\/27\/jujutsuledaren-roger-berger-kan-bli-arets-forebild\/#article","isPartOf":{"@id":"https:\/\/www.budokampsport.se\/2020\/02\/27\/jujutsuledaren-roger-berger-kan-bli-arets-forebild\/"},"author":{"name":"Jonathan Broberg","@id":"https:\/\/www.budokampsport.se\/#\/schema\/person\/5c06d81d14850e2a8ce5493386560145"},"headline":"Jujutsuledaren Roger Berger kan bli \u00c5rets f\u00f6rebild","datePublished":"2020-02-27T08:49:22+00:00","mainEntityOfPage":{"@id":"https:\/\/www.budokampsport.se\/2020\/02\/27\/jujutsuledaren-roger-berger-kan-bli-arets-forebild\/"},"wordCount":168,"commentCount":1,"image":{"@id":"https:\/\/www.budokampsport.se\/2020\/02\/27\/jujutsuledaren-roger-berger-kan-bli-arets-forebild\/#primaryimage"},"thumbnailUrl":"https:\/\/www.budokampsport.se\/wp-content\/uploads\/2020\/02\/roger_berger.jpg","inLanguage":"sv-SE","potentialAction":[{"@type":"CommentAction","name":"Comment","target":["https:\/\/www.budokampsport.se\/2020\/02\/27\/jujutsuledaren-roger-berger-kan-bli-arets-forebild\/#respond"]}]},{"@type":"WebPage","@id":"https:\/\/www.budokampsport.se\/2020\/02\/27\/jujutsuledaren-roger-berger-kan-bli-arets-forebild\/","url":"https:\/\/www.budokampsport.se\/2020\/02\/27\/jujutsuledaren-roger-berger-kan-bli-arets-forebild\/","name":"Jujutsuledaren Roger Berger kan bli \u00c5rets f\u00f6rebild - Svenska Budo &amp; Kampsportsf\u00f6rbundet","isPartOf":{"@id":"https:\/\/www.budokampsport.se\/#website"},"primaryImageOfPage":{"@id":"https:\/\/www.budokampsport.se\/2020\/02\/27\/jujutsuledaren-roger-berger-kan-bli-arets-forebild\/#primaryimage"},"image":{"@id":"https:\/\/www.budokampsport.se\/2020\/02\/27\/jujutsuledaren-roger-berger-kan-bli-arets-forebild\/#primaryimage"},"thumbnailUrl":"https:\/\/www.budokampsport.se\/wp-content\/uploads\/2020\/02\/roger_berger.jpg","datePublished":"2020-02-27T08:49:22+00:00","author":{"@id":"https:\/\/www.budokampsport.se\/#\/schema\/person\/5c06d81d14850e2a8ce5493386560145"},"description":"Roger Berger \u00e4r en av de som of\u00f6rtr\u00f6ttligt slitit f\u00f6r att ge parakampsportare en plats att vara. Via f\u00f6reningen Kumla kampsportsf\u00f6rening \u00e4r Roger en av de som ser till att s\u00e5 kallade para-budopass h\u00e5lls. Han \u00e4r ocks\u00e5 ledare i jujutsulandslaget, d\u00e4r paraidrott \u00e4r helt integrerade. - Jag har aldrig blivit nominerad till n\u00e5got f\u00f6rut, det \u00e4r sv\u00e5rt att ta in det h\u00e4r, s\u00e4ger han till budokampsport.se.","breadcrumb":{"@id":"https:\/\/www.budokampsport.se\/2020\/02\/27\/jujutsuledaren-roger-berger-kan-bli-arets-forebild\/#breadcrumb"},"inLanguage":"sv-SE","potentialAction":[{"@type":"ReadAction","target":["https:\/\/www.budokampsport.se\/2020\/02\/27\/jujutsuledaren-roger-berger-kan-bli-arets-forebild\/"]}]},{"@type":"ImageObject","inLanguage":"sv-SE","@id":"https:\/\/www.budokampsport.se\/2020\/02\/27\/jujutsuledaren-roger-berger-kan-bli-arets-forebild\/#primaryimage","url":"https:\/\/www.budokampsport.se\/wp-content\/uploads\/2020\/02\/roger_berger.jpg","contentUrl":"https:\/\/www.budokampsport.se\/wp-content\/uploads\/2020\/02\/roger_berger.jpg","width":850,"height":550,"caption":"Foto: Jonathan Broberg"},{"@type":"BreadcrumbList","@id":"https:\/\/www.budokampsport.se\/2020\/02\/27\/jujutsuledaren-roger-berger-kan-bli-arets-forebild\/#breadcrumb","itemListElement":[{"@type":"ListItem","position":1,"name":"Hem","item":"https:\/\/www.budokampsport.se\/"},{"@type":"ListItem","position":2,"name":"Jujutsuledaren Roger Berger kan bli \u00c5rets f\u00f6rebild"}]},{"@type":"WebSite","@id":"https:\/\/www.budokampsport.se\/#website","url":"https:\/\/www.budokampsport.se\/","name":"Svenska Budo &amp; Kampsportsf\u00f6rbundet","description":"T\u00e4vling, Tr\u00e4ning, Tradition","potentialAction":[{"@type":"SearchAction","target":{"@type":"EntryPoint","urlTemplate":"https:\/\/www.budokampsport.se\/?s={search_term_string}"},"query-input":{"@type":"PropertyValueSpecification","valueRequired":true,"valueName":"search_term_string"}}],"inLanguage":"sv-SE"},{"@type":"Person","@id":"https:\/\/www.budokampsport.se\/#\/schema\/person\/5c06d81d14850e2a8ce5493386560145","name":"Jonathan Broberg","image":{"@type":"ImageObject","inLanguage":"sv-SE","@id":"https:\/\/www.budokampsport.se\/#\/schema\/person\/image\/","url":"https:\/\/secure.gravatar.com\/avatar\/a58041c6cea9128bd9c40ee2f26d4136?s=96&d=blank&r=g","contentUrl":"https:\/\/secure.gravatar.com\/avatar\/a58041c6cea9128bd9c40ee2f26d4136?s=96&d=blank&r=g","caption":"Jonathan Broberg"},"sameAs":["https:\/\/www.facebook.com\/jonathan.broberg.7"],"url":"https:\/\/www.budokampsport.se\/author\/jonathan\/"}]}},"_links":{"self":[{"href":"https:\/\/www.budokampsport.se\/api\/wp\/v2\/posts\/118585","targetHints":{"allow":["GET"]}}],"collection":[{"href":"https:\/\/www.budokampsport.se\/api\/wp\/v2\/posts"}],"about":[{"href":"https:\/\/www.budokampsport.se\/api\/wp\/v2\/types\/post"}],"author":[{"embeddable":true,"href":"https:\/\/www.budokampsport.se\/api\/wp\/v2\/users\/7"}],"replies":[{"embeddable":true,"href":"https:\/\/www.budokampsport.se\/api\/wp\/v2\/comments?post=118585"}],"version-history":[{"count":0,"href":"https:\/\/www.budokampsport.se\/api\/wp\/v2\/posts\/118585\/revisions"}],"wp:featuredmedia":[{"embeddable":true,"href":"https:\/\/www.budokampsport.se\/api\/wp\/v2\/media\/118586"}],"wp:attachment":[{"href":"https:\/\/www.budokampsport.se\/api\/wp\/v2\/media?parent=118585"}],"wp:term":[{"taxonomy":"category","embeddable":true,"href":"https:\/\/www.budokampsport.se\/api\/wp\/v2\/categories?post=118585"},{"taxonomy":"post_tag","embeddable":true,"href":"https:\/\/www.budokampsport.se\/api\/wp\/v2\/tags?post=118585"}],"curies":[{"name":"wp","href":"https:\/\/api.w.org\/{rel}","templated":true}]}}