{"id":118926,"date":"2020-03-05T06:50:43","date_gmt":"2020-03-05T05:50:43","guid":{"rendered":"https:\/\/www.budokampsport.se\/?p=118926"},"modified":"2020-03-05T06:47:35","modified_gmt":"2020-03-05T05:47:35","slug":"hema-och-kickboxning-forst-ut","status":"publish","type":"post","link":"https:\/\/www.budokampsport.se\/2020\/03\/05\/hema-och-kickboxning-forst-ut\/","title":{"rendered":"HEMA och kickboxning f\u00f6rst ut"},"content":{"rendered":"<p><strong>Svenska HEMA-f\u00f6rbundets<\/strong> medlemsf\u00f6reningar samlas i Uppsala f\u00f6r att bland annat behandla tv\u00e5 propositioner (f\u00f6rslag fr\u00e5n styrelsen) g\u00e4llande uppdatering av stadgarna samt engagemang i det internationella f\u00f6rbundet. \u00c5rsm\u00f6teshandlingar finns att ta del av i sin helhet <a href=\"https:\/\/www.svhemaf.se\/forbundet\/dokument\/\" target=\"_blank\" rel=\"noopener noreferrer\">H\u00c4R.<\/a><\/p>\n<p><strong>Svenska Kickboxningsf\u00f6rbundet<\/strong> har kallat till \u00e5rsm\u00f6te i G\u00f6teborg i anslutning till t\u00e4vlingen Rookie Rumble. \u00c5rsm\u00f6tet beslutar som vanligt om bland annat medlemsavgift samt v\u00e4ljer styrelse f\u00f6r kommande mandatperiod. En motion (f\u00f6rslag fr\u00e5n medlem) om skydd vid SM finns p\u00e5 dagordningen f\u00f6r m\u00f6tet att behandla, den och \u00f6vriga handlingar hittar du <a href=\"http:\/\/swekickboxing.se\/arsmote\/?fbclid=IwAR3SUdKeNJeS3MoeOeiDMdkwwIEBlK8C11Xs8yZ6Ya3oKyyMaKNjtKZt6eI\" target=\"_blank\" rel=\"noopener noreferrer\">H\u00c4R.<\/a><\/p>\n<p>Helgen efter, den 14 mars, v\u00e4lkomnar<strong> Svenska Taidof\u00f6rbundet<\/strong> till sitt \u00e5rsm\u00f6te i Uddevalla.\u00a0 \u00c4ven h\u00e4r finns p\u00e5 dagordningen en motion (f\u00f6rslag fr\u00e5n medlem) vilken handlar om organisationens rolltills\u00e4ttning. L\u00e4s motionen och \u00f6vriga handlingar <a href=\"https:\/\/taido.nu\/Page\/Details\/16\" target=\"_blank\" rel=\"noopener noreferrer\">H\u00c4R.<\/a><\/p>\n<p>\u00d6vriga 14 underf\u00f6rbund genomf\u00f6r sina respektive \u00e5rsm\u00f6ten den 21 mars i samband med SB&amp;K:s st\u00e4mma i Stockholm. Kallelse och l\u00e4nkar till \u00e5rsm\u00f6teshandlingar samlas p\u00e5 sidan F\u00f6rbund &gt;&gt; <a href=\"https:\/\/www.budokampsport.se\/forbund\/arsmoten\/\">\u00c5rsm\u00f6te<\/a><\/p>\n<p>Ta chansen att som medlemsf\u00f6rening bes\u00f6ka aktuella \u00e5rsm\u00f6ten f\u00f6r att ta del av vad som gjorts senaste \u00e5ret och p\u00e5verka vad som ska ske fram\u00f6ver.<\/p>\n<p>&nbsp;<\/p>\n<p>Text: Sofia Arnbom<br \/>\nFoto: Bildbyr\u00e5n<\/p>\n","protected":false},"excerpt":{"rendered":"<p>P\u00e5 l\u00f6rdag den 7 mars genomf\u00f6r tv\u00e5 underf\u00f6rbund sina \u00e5rsm\u00f6ten och med det \u00e4r de f\u00f6rst ut av de 17 underf\u00f6rbunden f\u00f6r i \u00e5r.<\/p><br>","protected":false},"author":47,"featured_media":47120,"comment_status":"open","ping_status":"open","sticky":false,"template":"","format":"standard","meta":{"_acf_changed":false,"footnotes":""},"categories":[410,481],"tags":[469,482],"class_list":["post-118926","post","type-post","status-publish","format-standard","has-post-thumbnail","hentry","category-arsmote","category-forening","tag-arsmote","tag-forening"],"acf":[],"yoast_head":"<!-- This site is optimized with the Yoast SEO plugin v26.8 - https:\/\/yoast.com\/product\/yoast-seo-wordpress\/ -->\n<title>HEMA och kickboxning f\u00f6rst ut - Svenska Budo &amp; Kampsportsf\u00f6rbundet<\/title>\n<meta name=\"description\" content=\"P\u00e5 l\u00f6rdag den 7 mars genomf\u00f6r tv\u00e5 underf\u00f6rbund sina \u00e5rsm\u00f6ten och med det \u00e4r de f\u00f6rst ut av de 17 underf\u00f6rbunden f\u00f6r i \u00e5r.\" \/>\n<meta name=\"robots\" content=\"index, follow, max-snippet:-1, max-image-preview:large, max-video-preview:-1\" \/>\n<link rel=\"canonical\" href=\"https:\/\/www.budokampsport.se\/2020\/03\/05\/hema-och-kickboxning-forst-ut\/\" \/>\n<meta property=\"og:locale\" content=\"sv_SE\" \/>\n<meta property=\"og:type\" content=\"article\" \/>\n<meta property=\"og:title\" content=\"HEMA och kickboxning f\u00f6rst ut - Svenska Budo &amp; Kampsportsf\u00f6rbundet\" \/>\n<meta property=\"og:description\" content=\"P\u00e5 l\u00f6rdag den 7 mars genomf\u00f6r tv\u00e5 underf\u00f6rbund sina \u00e5rsm\u00f6ten och med det \u00e4r de f\u00f6rst ut av de 17 underf\u00f6rbunden f\u00f6r i \u00e5r.\" \/>\n<meta property=\"og:url\" content=\"https:\/\/www.budokampsport.se\/2020\/03\/05\/hema-och-kickboxning-forst-ut\/\" \/>\n<meta property=\"og:site_name\" content=\"Svenska Budo &amp; Kampsportsf\u00f6rbundet\" \/>\n<meta property=\"article:published_time\" content=\"2020-03-05T05:50:43+00:00\" \/>\n<meta property=\"og:image\" content=\"https:\/\/www.budokampsport.se\/wp-content\/uploads\/2017\/07\/bildbyran-e1624881155678.png\" \/>\n\t<meta property=\"og:image:width\" content=\"850\" \/>\n\t<meta property=\"og:image:height\" content=\"567\" \/>\n\t<meta property=\"og:image:type\" content=\"image\/png\" \/>\n<meta name=\"author\" content=\"Sofia Arnbom\" \/>\n<meta name=\"twitter:card\" content=\"summary_large_image\" \/>\n<meta name=\"twitter:label1\" content=\"Skriven av\" \/>\n\t<meta name=\"twitter:data1\" content=\"Sofia Arnbom\" \/>\n\t<meta name=\"twitter:label2\" content=\"Ber\u00e4knad l\u00e4stid\" \/>\n\t<meta name=\"twitter:data2\" content=\"1 minut\" \/>\n<script type=\"application\/ld+json\" class=\"yoast-schema-graph\">{\"@context\":\"https:\/\/schema.org\",\"@graph\":[{\"@type\":\"Article\",\"@id\":\"https:\/\/www.budokampsport.se\/2020\/03\/05\/hema-och-kickboxning-forst-ut\/#article\",\"isPartOf\":{\"@id\":\"https:\/\/www.budokampsport.se\/2020\/03\/05\/hema-och-kickboxning-forst-ut\/\"},\"author\":{\"name\":\"Sofia Arnbom\",\"@id\":\"https:\/\/www.budokampsport.se\/#\/schema\/person\/666f754cfbc6f9a83a8c253cd24ad660\"},\"headline\":\"HEMA och kickboxning f\u00f6rst ut\",\"datePublished\":\"2020-03-05T05:50:43+00:00\",\"mainEntityOfPage\":{\"@id\":\"https:\/\/www.budokampsport.se\/2020\/03\/05\/hema-och-kickboxning-forst-ut\/\"},\"wordCount\":232,\"commentCount\":0,\"image\":{\"@id\":\"https:\/\/www.budokampsport.se\/2020\/03\/05\/hema-och-kickboxning-forst-ut\/#primaryimage\"},\"thumbnailUrl\":\"https:\/\/www.budokampsport.se\/wp-content\/uploads\/2017\/07\/bildbyran-e1624881155678.png\",\"keywords\":[\"\u00e5rsm\u00f6te\",\"f\u00f6rening\"],\"articleSection\":[\"\u00c5rsm\u00f6te\",\"F\u00f6rening\"],\"inLanguage\":\"sv-SE\",\"potentialAction\":[{\"@type\":\"CommentAction\",\"name\":\"Comment\",\"target\":[\"https:\/\/www.budokampsport.se\/2020\/03\/05\/hema-och-kickboxning-forst-ut\/#respond\"]}]},{\"@type\":\"WebPage\",\"@id\":\"https:\/\/www.budokampsport.se\/2020\/03\/05\/hema-och-kickboxning-forst-ut\/\",\"url\":\"https:\/\/www.budokampsport.se\/2020\/03\/05\/hema-och-kickboxning-forst-ut\/\",\"name\":\"HEMA och kickboxning f\u00f6rst ut - Svenska Budo &amp; Kampsportsf\u00f6rbundet\",\"isPartOf\":{\"@id\":\"https:\/\/www.budokampsport.se\/#website\"},\"primaryImageOfPage\":{\"@id\":\"https:\/\/www.budokampsport.se\/2020\/03\/05\/hema-och-kickboxning-forst-ut\/#primaryimage\"},\"image\":{\"@id\":\"https:\/\/www.budokampsport.se\/2020\/03\/05\/hema-och-kickboxning-forst-ut\/#primaryimage\"},\"thumbnailUrl\":\"https:\/\/www.budokampsport.se\/wp-content\/uploads\/2017\/07\/bildbyran-e1624881155678.png\",\"datePublished\":\"2020-03-05T05:50:43+00:00\",\"author\":{\"@id\":\"https:\/\/www.budokampsport.se\/#\/schema\/person\/666f754cfbc6f9a83a8c253cd24ad660\"},\"description\":\"P\u00e5 l\u00f6rdag den 7 mars genomf\u00f6r tv\u00e5 underf\u00f6rbund sina \u00e5rsm\u00f6ten och med det \u00e4r de f\u00f6rst ut av de 17 underf\u00f6rbunden f\u00f6r i \u00e5r.\",\"breadcrumb\":{\"@id\":\"https:\/\/www.budokampsport.se\/2020\/03\/05\/hema-och-kickboxning-forst-ut\/#breadcrumb\"},\"inLanguage\":\"sv-SE\",\"potentialAction\":[{\"@type\":\"ReadAction\",\"target\":[\"https:\/\/www.budokampsport.se\/2020\/03\/05\/hema-och-kickboxning-forst-ut\/\"]}]},{\"@type\":\"ImageObject\",\"inLanguage\":\"sv-SE\",\"@id\":\"https:\/\/www.budokampsport.se\/2020\/03\/05\/hema-och-kickboxning-forst-ut\/#primaryimage\",\"url\":\"https:\/\/www.budokampsport.se\/wp-content\/uploads\/2017\/07\/bildbyran-e1624881155678.png\",\"contentUrl\":\"https:\/\/www.budokampsport.se\/wp-content\/uploads\/2017\/07\/bildbyran-e1624881155678.png\",\"width\":850,\"height\":567,\"caption\":\"Foto: Bildbyr\u00e5n\"},{\"@type\":\"BreadcrumbList\",\"@id\":\"https:\/\/www.budokampsport.se\/2020\/03\/05\/hema-och-kickboxning-forst-ut\/#breadcrumb\",\"itemListElement\":[{\"@type\":\"ListItem\",\"position\":1,\"name\":\"Hem\",\"item\":\"https:\/\/www.budokampsport.se\/\"},{\"@type\":\"ListItem\",\"position\":2,\"name\":\"HEMA och kickboxning f\u00f6rst ut\"}]},{\"@type\":\"WebSite\",\"@id\":\"https:\/\/www.budokampsport.se\/#website\",\"url\":\"https:\/\/www.budokampsport.se\/\",\"name\":\"Svenska Budo &amp; Kampsportsf\u00f6rbundet\",\"description\":\"T\u00e4vling, Tr\u00e4ning, Tradition\",\"potentialAction\":[{\"@type\":\"SearchAction\",\"target\":{\"@type\":\"EntryPoint\",\"urlTemplate\":\"https:\/\/www.budokampsport.se\/?s={search_term_string}\"},\"query-input\":{\"@type\":\"PropertyValueSpecification\",\"valueRequired\":true,\"valueName\":\"search_term_string\"}}],\"inLanguage\":\"sv-SE\"},{\"@type\":\"Person\",\"@id\":\"https:\/\/www.budokampsport.se\/#\/schema\/person\/666f754cfbc6f9a83a8c253cd24ad660\",\"name\":\"Sofia Arnbom\",\"image\":{\"@type\":\"ImageObject\",\"inLanguage\":\"sv-SE\",\"@id\":\"https:\/\/www.budokampsport.se\/#\/schema\/person\/image\/\",\"url\":\"https:\/\/secure.gravatar.com\/avatar\/a69f673c99635f06ea6cb1eb10ca7e92?s=96&d=blank&r=g\",\"contentUrl\":\"https:\/\/secure.gravatar.com\/avatar\/a69f673c99635f06ea6cb1eb10ca7e92?s=96&d=blank&r=g\",\"caption\":\"Sofia Arnbom\"},\"url\":\"https:\/\/www.budokampsport.se\/author\/sofia-arnbom\/\"}]}<\/script>\n<!-- \/ Yoast SEO plugin. -->","yoast_head_json":{"title":"HEMA och kickboxning f\u00f6rst ut - Svenska Budo &amp; Kampsportsf\u00f6rbundet","description":"P\u00e5 l\u00f6rdag den 7 mars genomf\u00f6r tv\u00e5 underf\u00f6rbund sina \u00e5rsm\u00f6ten och med det \u00e4r de f\u00f6rst ut av de 17 underf\u00f6rbunden f\u00f6r i \u00e5r.","robots":{"index":"index","follow":"follow","max-snippet":"max-snippet:-1","max-image-preview":"max-image-preview:large","max-video-preview":"max-video-preview:-1"},"canonical":"https:\/\/www.budokampsport.se\/2020\/03\/05\/hema-och-kickboxning-forst-ut\/","og_locale":"sv_SE","og_type":"article","og_title":"HEMA och kickboxning f\u00f6rst ut - Svenska Budo &amp; Kampsportsf\u00f6rbundet","og_description":"P\u00e5 l\u00f6rdag den 7 mars genomf\u00f6r tv\u00e5 underf\u00f6rbund sina \u00e5rsm\u00f6ten och med det \u00e4r de f\u00f6rst ut av de 17 underf\u00f6rbunden f\u00f6r i \u00e5r.","og_url":"https:\/\/www.budokampsport.se\/2020\/03\/05\/hema-och-kickboxning-forst-ut\/","og_site_name":"Svenska Budo &amp; Kampsportsf\u00f6rbundet","article_published_time":"2020-03-05T05:50:43+00:00","og_image":[{"width":850,"height":567,"url":"https:\/\/www.budokampsport.se\/wp-content\/uploads\/2017\/07\/bildbyran-e1624881155678.png","type":"image\/png"}],"author":"Sofia Arnbom","twitter_card":"summary_large_image","twitter_misc":{"Skriven av":"Sofia Arnbom","Ber\u00e4knad l\u00e4stid":"1 minut"},"schema":{"@context":"https:\/\/schema.org","@graph":[{"@type":"Article","@id":"https:\/\/www.budokampsport.se\/2020\/03\/05\/hema-och-kickboxning-forst-ut\/#article","isPartOf":{"@id":"https:\/\/www.budokampsport.se\/2020\/03\/05\/hema-och-kickboxning-forst-ut\/"},"author":{"name":"Sofia Arnbom","@id":"https:\/\/www.budokampsport.se\/#\/schema\/person\/666f754cfbc6f9a83a8c253cd24ad660"},"headline":"HEMA och kickboxning f\u00f6rst ut","datePublished":"2020-03-05T05:50:43+00:00","mainEntityOfPage":{"@id":"https:\/\/www.budokampsport.se\/2020\/03\/05\/hema-och-kickboxning-forst-ut\/"},"wordCount":232,"commentCount":0,"image":{"@id":"https:\/\/www.budokampsport.se\/2020\/03\/05\/hema-och-kickboxning-forst-ut\/#primaryimage"},"thumbnailUrl":"https:\/\/www.budokampsport.se\/wp-content\/uploads\/2017\/07\/bildbyran-e1624881155678.png","keywords":["\u00e5rsm\u00f6te","f\u00f6rening"],"articleSection":["\u00c5rsm\u00f6te","F\u00f6rening"],"inLanguage":"sv-SE","potentialAction":[{"@type":"CommentAction","name":"Comment","target":["https:\/\/www.budokampsport.se\/2020\/03\/05\/hema-och-kickboxning-forst-ut\/#respond"]}]},{"@type":"WebPage","@id":"https:\/\/www.budokampsport.se\/2020\/03\/05\/hema-och-kickboxning-forst-ut\/","url":"https:\/\/www.budokampsport.se\/2020\/03\/05\/hema-och-kickboxning-forst-ut\/","name":"HEMA och kickboxning f\u00f6rst ut - Svenska Budo &amp; Kampsportsf\u00f6rbundet","isPartOf":{"@id":"https:\/\/www.budokampsport.se\/#website"},"primaryImageOfPage":{"@id":"https:\/\/www.budokampsport.se\/2020\/03\/05\/hema-och-kickboxning-forst-ut\/#primaryimage"},"image":{"@id":"https:\/\/www.budokampsport.se\/2020\/03\/05\/hema-och-kickboxning-forst-ut\/#primaryimage"},"thumbnailUrl":"https:\/\/www.budokampsport.se\/wp-content\/uploads\/2017\/07\/bildbyran-e1624881155678.png","datePublished":"2020-03-05T05:50:43+00:00","author":{"@id":"https:\/\/www.budokampsport.se\/#\/schema\/person\/666f754cfbc6f9a83a8c253cd24ad660"},"description":"P\u00e5 l\u00f6rdag den 7 mars genomf\u00f6r tv\u00e5 underf\u00f6rbund sina \u00e5rsm\u00f6ten och med det \u00e4r de f\u00f6rst ut av de 17 underf\u00f6rbunden f\u00f6r i \u00e5r.","breadcrumb":{"@id":"https:\/\/www.budokampsport.se\/2020\/03\/05\/hema-och-kickboxning-forst-ut\/#breadcrumb"},"inLanguage":"sv-SE","potentialAction":[{"@type":"ReadAction","target":["https:\/\/www.budokampsport.se\/2020\/03\/05\/hema-och-kickboxning-forst-ut\/"]}]},{"@type":"ImageObject","inLanguage":"sv-SE","@id":"https:\/\/www.budokampsport.se\/2020\/03\/05\/hema-och-kickboxning-forst-ut\/#primaryimage","url":"https:\/\/www.budokampsport.se\/wp-content\/uploads\/2017\/07\/bildbyran-e1624881155678.png","contentUrl":"https:\/\/www.budokampsport.se\/wp-content\/uploads\/2017\/07\/bildbyran-e1624881155678.png","width":850,"height":567,"caption":"Foto: Bildbyr\u00e5n"},{"@type":"BreadcrumbList","@id":"https:\/\/www.budokampsport.se\/2020\/03\/05\/hema-och-kickboxning-forst-ut\/#breadcrumb","itemListElement":[{"@type":"ListItem","position":1,"name":"Hem","item":"https:\/\/www.budokampsport.se\/"},{"@type":"ListItem","position":2,"name":"HEMA och kickboxning f\u00f6rst ut"}]},{"@type":"WebSite","@id":"https:\/\/www.budokampsport.se\/#website","url":"https:\/\/www.budokampsport.se\/","name":"Svenska Budo &amp; Kampsportsf\u00f6rbundet","description":"T\u00e4vling, Tr\u00e4ning, Tradition","potentialAction":[{"@type":"SearchAction","target":{"@type":"EntryPoint","urlTemplate":"https:\/\/www.budokampsport.se\/?s={search_term_string}"},"query-input":{"@type":"PropertyValueSpecification","valueRequired":true,"valueName":"search_term_string"}}],"inLanguage":"sv-SE"},{"@type":"Person","@id":"https:\/\/www.budokampsport.se\/#\/schema\/person\/666f754cfbc6f9a83a8c253cd24ad660","name":"Sofia Arnbom","image":{"@type":"ImageObject","inLanguage":"sv-SE","@id":"https:\/\/www.budokampsport.se\/#\/schema\/person\/image\/","url":"https:\/\/secure.gravatar.com\/avatar\/a69f673c99635f06ea6cb1eb10ca7e92?s=96&d=blank&r=g","contentUrl":"https:\/\/secure.gravatar.com\/avatar\/a69f673c99635f06ea6cb1eb10ca7e92?s=96&d=blank&r=g","caption":"Sofia Arnbom"},"url":"https:\/\/www.budokampsport.se\/author\/sofia-arnbom\/"}]}},"_links":{"self":[{"href":"https:\/\/www.budokampsport.se\/api\/wp\/v2\/posts\/118926","targetHints":{"allow":["GET"]}}],"collection":[{"href":"https:\/\/www.budokampsport.se\/api\/wp\/v2\/posts"}],"about":[{"href":"https:\/\/www.budokampsport.se\/api\/wp\/v2\/types\/post"}],"author":[{"embeddable":true,"href":"https:\/\/www.budokampsport.se\/api\/wp\/v2\/users\/47"}],"replies":[{"embeddable":true,"href":"https:\/\/www.budokampsport.se\/api\/wp\/v2\/comments?post=118926"}],"version-history":[{"count":0,"href":"https:\/\/www.budokampsport.se\/api\/wp\/v2\/posts\/118926\/revisions"}],"wp:featuredmedia":[{"embeddable":true,"href":"https:\/\/www.budokampsport.se\/api\/wp\/v2\/media\/47120"}],"wp:attachment":[{"href":"https:\/\/www.budokampsport.se\/api\/wp\/v2\/media?parent=118926"}],"wp:term":[{"taxonomy":"category","embeddable":true,"href":"https:\/\/www.budokampsport.se\/api\/wp\/v2\/categories?post=118926"},{"taxonomy":"post_tag","embeddable":true,"href":"https:\/\/www.budokampsport.se\/api\/wp\/v2\/tags?post=118926"}],"curies":[{"name":"wp","href":"https:\/\/api.w.org\/{rel}","templated":true}]}}