{"id":119190,"date":"2020-03-10T14:18:52","date_gmt":"2020-03-10T13:18:52","guid":{"rendered":"https:\/\/www.budokampsport.se\/?p=119190"},"modified":"2020-03-10T14:18:52","modified_gmt":"2020-03-10T13:18:52","slug":"namnandring-forening-2-2","status":"publish","type":"post","link":"https:\/\/www.budokampsport.se\/2020\/03\/10\/namnandring-forening-2-2\/","title":{"rendered":"Namn\u00e4ndring f\u00f6rening"},"content":{"rendered":"<p>\u00c4r f\u00f6reningen ansluten till Svenska Budo &amp; Kampsportsf\u00f6rbundet (SB&amp;K) eller annat specialidrottsf\u00f6rbund inom Riksidrottsf\u00f6rbundet (RF) m\u00e5ste en ans\u00f6kan om namn\u00e4ndring g\u00f6ras och godk\u00e4nnas innan det nya namnet registreras hos SB&amp;K och RF.<\/p>\n<p>Det \u00e4r viktigt att f\u00f6reningens namn kopplat till organisationsnumret \u00e4r detsamma som framg\u00e5r i f\u00f6reningens stadgar. Om dessa inte st\u00e4mmer \u00f6verens kan f\u00f6reningen f\u00e5 anm\u00e4rkningar eller i v\u00e4rsta fall avslag vid ans\u00f6kan om t.ex. <a href=\"https:\/\/www.rf.se\/bidragochstod\/lok-stod\/\" target=\"_blank\" rel=\"noopener noreferrer\">LOK-st\u00f6d<\/a>.<\/p>\n<p><strong>Namnregler<\/strong><br \/>\nF\u00f6reningens namn m\u00e5ste uppfylla RF:s namnregler vilka SB&amp;K f\u00f6ljer. Namnreglerna finns i sin <a href=\"https:\/\/www.rf.se\/bidragochstod\/bildaidrottsforening\/\" target=\"_blank\" rel=\"noopener noreferrer\">helhet h\u00e4r<\/a> men i korthet g\u00e4ller att:<br \/>\n\u00bb\u00a0Namnet f\u00e5r inte vara f\u00f6rv\u00e4xlingsbart med redan befintligt f\u00f6reningsnamn.<br \/>\n\u00bb\u00a0Namnet skall inneh\u00e5lla ordet: klubb, f\u00f6rening, s\u00e4llskap eller IF. Enbart t.ex. Dojo, Skola, Akademi eller Kai r\u00e4cker inte.<br \/>\n\u00bb Ord som Svenska, f\u00f6rbund, l\u00e4ns, allians eller liknande, ska inte f\u00f6rekomma i f\u00f6reningsnamnet.<\/p>\n<p><strong>Ans\u00f6kan<\/strong><br \/>\nN\u00e4r f\u00f6reningen beslutat om namnbyte registreras ans\u00f6kan via <a href=\"https:\/\/www.rf.se\/bidragochstod\/bildaidrottsforening\/ansokanomnamnbyte\/\" target=\"_blank\" rel=\"noopener noreferrer\">detta formul\u00e4r<\/a>.<br \/>\nTill ans\u00f6kan ska bifogas en kopia p\u00e5 p\u00e5skrivet \u00e5rsm\u00f6tesprotokoll d\u00e4r beslut om namnbytet framg\u00e5r. F\u00f6reningen kan i ans\u00f6kningsformul\u00e4ret v\u00e4lja att vid godk\u00e4nd ans\u00f6kan l\u00e5ta RF vidarebefordra \u00e4ndringen till Skatteverket s\u00e5 att det nya namnet kopplas till organisationsnumret.<\/p>\n<p>Funderar f\u00f6reningen p\u00e5 att byta namn och vill st\u00e4mma av att f\u00f6rslaget p\u00e5 nytt namn f\u00f6ljer namnreglerna? Undrar ni vilket steg f\u00f6reningen ska b\u00f6rja med f\u00f6r att g\u00f6ra processen s\u00e5 smidig som m\u00f6jlig? Kontakta <a href=\"mailto:arnbom@budokampsport.se\">arnbom@budokampsport.se<\/a> eller er kontakt p\u00e5 aktuellt RF-SISU distrikt \u00bb\u00bb <a href=\"http:\/\/www.rf.se\/omriksidrottsforbundet\/hittainomidrottsrorelsen\" target=\"_blank\" rel=\"noopener noreferrer\">Hitta inom idrottsr\u00f6relsen<\/a><\/p>\n<p>&nbsp;<\/p>\n<p>Text: Sofia Arnbom<br \/>\nFoto: Bildbyr\u00e5n<\/p>\n","protected":false},"excerpt":{"rendered":"<p>En idrottsf\u00f6rening kan under sin tid \u00f6nska \u00e4ndra sitt namn. Till exempel kan den idrottsliga verksamheten \u00e4ndras vilket g\u00f6r det befintliga namnet missvisande. Beslut om \u00e4ndring av f\u00f6reningens namn tas p\u00e5 f\u00f6reningens \u00e5rsm\u00f6te och det \u00e4r viktigt att beslutet protokollf\u00f6rs.<\/p><br>","protected":false},"author":47,"featured_media":112553,"comment_status":"open","ping_status":"open","sticky":false,"template":"","format":"standard","meta":{"_acf_changed":false,"footnotes":""},"categories":[481],"tags":[482],"class_list":["post-119190","post","type-post","status-publish","format-standard","has-post-thumbnail","hentry","category-forening","tag-forening"],"acf":[],"yoast_head":"<!-- This site is optimized with the Yoast SEO plugin v26.8 - https:\/\/yoast.com\/product\/yoast-seo-wordpress\/ -->\n<title>Namn\u00e4ndring f\u00f6rening - Svenska Budo &amp; Kampsportsf\u00f6rbundet<\/title>\n<meta name=\"description\" content=\"En idrottsf\u00f6rening kan under sin tid \u00f6nska \u00e4ndra sitt namn. Till exempel kan den idrottsliga verksamheten \u00e4ndras vilket g\u00f6r det befintliga namnet missvisande. Beslut om \u00e4ndring av f\u00f6reningens namn tas p\u00e5 f\u00f6reningens \u00e5rsm\u00f6te och det \u00e4r viktigt att beslutet protokollf\u00f6rs.\" \/>\n<meta name=\"robots\" content=\"index, follow, max-snippet:-1, max-image-preview:large, max-video-preview:-1\" \/>\n<link rel=\"canonical\" href=\"https:\/\/www.budokampsport.se\/2020\/03\/10\/namnandring-forening-2-2\/\" \/>\n<meta property=\"og:locale\" content=\"sv_SE\" \/>\n<meta property=\"og:type\" content=\"article\" \/>\n<meta property=\"og:title\" content=\"Namn\u00e4ndring f\u00f6rening - Svenska Budo &amp; Kampsportsf\u00f6rbundet\" \/>\n<meta property=\"og:description\" content=\"En idrottsf\u00f6rening kan under sin tid \u00f6nska \u00e4ndra sitt namn. Till exempel kan den idrottsliga verksamheten \u00e4ndras vilket g\u00f6r det befintliga namnet missvisande. Beslut om \u00e4ndring av f\u00f6reningens namn tas p\u00e5 f\u00f6reningens \u00e5rsm\u00f6te och det \u00e4r viktigt att beslutet protokollf\u00f6rs.\" \/>\n<meta property=\"og:url\" content=\"https:\/\/www.budokampsport.se\/2020\/03\/10\/namnandring-forening-2-2\/\" \/>\n<meta property=\"og:site_name\" content=\"Svenska Budo &amp; Kampsportsf\u00f6rbundet\" \/>\n<meta property=\"article:published_time\" content=\"2020-03-10T13:18:52+00:00\" \/>\n<meta property=\"og:image\" content=\"https:\/\/www.budokampsport.se\/wp-content\/uploads\/2019\/11\/Penna-Foto-Bildbyran.jpg\" \/>\n\t<meta property=\"og:image:width\" content=\"825\" \/>\n\t<meta property=\"og:image:height\" content=\"550\" \/>\n\t<meta property=\"og:image:type\" content=\"image\/jpeg\" \/>\n<meta name=\"author\" content=\"Sofia Arnbom\" \/>\n<meta name=\"twitter:card\" content=\"summary_large_image\" \/>\n<meta name=\"twitter:label1\" content=\"Skriven av\" \/>\n\t<meta name=\"twitter:data1\" content=\"Sofia Arnbom\" \/>\n\t<meta name=\"twitter:label2\" content=\"Ber\u00e4knad l\u00e4stid\" \/>\n\t<meta name=\"twitter:data2\" content=\"2 minuter\" \/>\n<script type=\"application\/ld+json\" class=\"yoast-schema-graph\">{\"@context\":\"https:\/\/schema.org\",\"@graph\":[{\"@type\":\"Article\",\"@id\":\"https:\/\/www.budokampsport.se\/2020\/03\/10\/namnandring-forening-2-2\/#article\",\"isPartOf\":{\"@id\":\"https:\/\/www.budokampsport.se\/2020\/03\/10\/namnandring-forening-2-2\/\"},\"author\":{\"name\":\"Sofia Arnbom\",\"@id\":\"https:\/\/www.budokampsport.se\/#\/schema\/person\/666f754cfbc6f9a83a8c253cd24ad660\"},\"headline\":\"Namn\u00e4ndring f\u00f6rening\",\"datePublished\":\"2020-03-10T13:18:52+00:00\",\"mainEntityOfPage\":{\"@id\":\"https:\/\/www.budokampsport.se\/2020\/03\/10\/namnandring-forening-2-2\/\"},\"wordCount\":305,\"commentCount\":1,\"image\":{\"@id\":\"https:\/\/www.budokampsport.se\/2020\/03\/10\/namnandring-forening-2-2\/#primaryimage\"},\"thumbnailUrl\":\"https:\/\/www.budokampsport.se\/wp-content\/uploads\/2019\/11\/Penna-Foto-Bildbyran.jpg\",\"keywords\":[\"f\u00f6rening\"],\"articleSection\":[\"F\u00f6rening\"],\"inLanguage\":\"sv-SE\",\"potentialAction\":[{\"@type\":\"CommentAction\",\"name\":\"Comment\",\"target\":[\"https:\/\/www.budokampsport.se\/2020\/03\/10\/namnandring-forening-2-2\/#respond\"]}]},{\"@type\":\"WebPage\",\"@id\":\"https:\/\/www.budokampsport.se\/2020\/03\/10\/namnandring-forening-2-2\/\",\"url\":\"https:\/\/www.budokampsport.se\/2020\/03\/10\/namnandring-forening-2-2\/\",\"name\":\"Namn\u00e4ndring f\u00f6rening - Svenska Budo &amp; Kampsportsf\u00f6rbundet\",\"isPartOf\":{\"@id\":\"https:\/\/www.budokampsport.se\/#website\"},\"primaryImageOfPage\":{\"@id\":\"https:\/\/www.budokampsport.se\/2020\/03\/10\/namnandring-forening-2-2\/#primaryimage\"},\"image\":{\"@id\":\"https:\/\/www.budokampsport.se\/2020\/03\/10\/namnandring-forening-2-2\/#primaryimage\"},\"thumbnailUrl\":\"https:\/\/www.budokampsport.se\/wp-content\/uploads\/2019\/11\/Penna-Foto-Bildbyran.jpg\",\"datePublished\":\"2020-03-10T13:18:52+00:00\",\"author\":{\"@id\":\"https:\/\/www.budokampsport.se\/#\/schema\/person\/666f754cfbc6f9a83a8c253cd24ad660\"},\"description\":\"En idrottsf\u00f6rening kan under sin tid \u00f6nska \u00e4ndra sitt namn. Till exempel kan den idrottsliga verksamheten \u00e4ndras vilket g\u00f6r det befintliga namnet missvisande. Beslut om \u00e4ndring av f\u00f6reningens namn tas p\u00e5 f\u00f6reningens \u00e5rsm\u00f6te och det \u00e4r viktigt att beslutet protokollf\u00f6rs.\",\"breadcrumb\":{\"@id\":\"https:\/\/www.budokampsport.se\/2020\/03\/10\/namnandring-forening-2-2\/#breadcrumb\"},\"inLanguage\":\"sv-SE\",\"potentialAction\":[{\"@type\":\"ReadAction\",\"target\":[\"https:\/\/www.budokampsport.se\/2020\/03\/10\/namnandring-forening-2-2\/\"]}]},{\"@type\":\"ImageObject\",\"inLanguage\":\"sv-SE\",\"@id\":\"https:\/\/www.budokampsport.se\/2020\/03\/10\/namnandring-forening-2-2\/#primaryimage\",\"url\":\"https:\/\/www.budokampsport.se\/wp-content\/uploads\/2019\/11\/Penna-Foto-Bildbyran.jpg\",\"contentUrl\":\"https:\/\/www.budokampsport.se\/wp-content\/uploads\/2019\/11\/Penna-Foto-Bildbyran.jpg\",\"width\":825,\"height\":550,\"caption\":\"Foto: Carl Sandin \/ BILDBYR\u00c5N\"},{\"@type\":\"BreadcrumbList\",\"@id\":\"https:\/\/www.budokampsport.se\/2020\/03\/10\/namnandring-forening-2-2\/#breadcrumb\",\"itemListElement\":[{\"@type\":\"ListItem\",\"position\":1,\"name\":\"Hem\",\"item\":\"https:\/\/www.budokampsport.se\/\"},{\"@type\":\"ListItem\",\"position\":2,\"name\":\"Namn\u00e4ndring f\u00f6rening\"}]},{\"@type\":\"WebSite\",\"@id\":\"https:\/\/www.budokampsport.se\/#website\",\"url\":\"https:\/\/www.budokampsport.se\/\",\"name\":\"Svenska Budo &amp; Kampsportsf\u00f6rbundet\",\"description\":\"T\u00e4vling, Tr\u00e4ning, Tradition\",\"potentialAction\":[{\"@type\":\"SearchAction\",\"target\":{\"@type\":\"EntryPoint\",\"urlTemplate\":\"https:\/\/www.budokampsport.se\/?s={search_term_string}\"},\"query-input\":{\"@type\":\"PropertyValueSpecification\",\"valueRequired\":true,\"valueName\":\"search_term_string\"}}],\"inLanguage\":\"sv-SE\"},{\"@type\":\"Person\",\"@id\":\"https:\/\/www.budokampsport.se\/#\/schema\/person\/666f754cfbc6f9a83a8c253cd24ad660\",\"name\":\"Sofia Arnbom\",\"image\":{\"@type\":\"ImageObject\",\"inLanguage\":\"sv-SE\",\"@id\":\"https:\/\/www.budokampsport.se\/#\/schema\/person\/image\/\",\"url\":\"https:\/\/secure.gravatar.com\/avatar\/a69f673c99635f06ea6cb1eb10ca7e92?s=96&d=blank&r=g\",\"contentUrl\":\"https:\/\/secure.gravatar.com\/avatar\/a69f673c99635f06ea6cb1eb10ca7e92?s=96&d=blank&r=g\",\"caption\":\"Sofia Arnbom\"},\"url\":\"https:\/\/www.budokampsport.se\/author\/sofia-arnbom\/\"}]}<\/script>\n<!-- \/ Yoast SEO plugin. -->","yoast_head_json":{"title":"Namn\u00e4ndring f\u00f6rening - Svenska Budo &amp; Kampsportsf\u00f6rbundet","description":"En idrottsf\u00f6rening kan under sin tid \u00f6nska \u00e4ndra sitt namn. Till exempel kan den idrottsliga verksamheten \u00e4ndras vilket g\u00f6r det befintliga namnet missvisande. Beslut om \u00e4ndring av f\u00f6reningens namn tas p\u00e5 f\u00f6reningens \u00e5rsm\u00f6te och det \u00e4r viktigt att beslutet protokollf\u00f6rs.","robots":{"index":"index","follow":"follow","max-snippet":"max-snippet:-1","max-image-preview":"max-image-preview:large","max-video-preview":"max-video-preview:-1"},"canonical":"https:\/\/www.budokampsport.se\/2020\/03\/10\/namnandring-forening-2-2\/","og_locale":"sv_SE","og_type":"article","og_title":"Namn\u00e4ndring f\u00f6rening - Svenska Budo &amp; Kampsportsf\u00f6rbundet","og_description":"En idrottsf\u00f6rening kan under sin tid \u00f6nska \u00e4ndra sitt namn. Till exempel kan den idrottsliga verksamheten \u00e4ndras vilket g\u00f6r det befintliga namnet missvisande. Beslut om \u00e4ndring av f\u00f6reningens namn tas p\u00e5 f\u00f6reningens \u00e5rsm\u00f6te och det \u00e4r viktigt att beslutet protokollf\u00f6rs.","og_url":"https:\/\/www.budokampsport.se\/2020\/03\/10\/namnandring-forening-2-2\/","og_site_name":"Svenska Budo &amp; Kampsportsf\u00f6rbundet","article_published_time":"2020-03-10T13:18:52+00:00","og_image":[{"width":825,"height":550,"url":"https:\/\/www.budokampsport.se\/wp-content\/uploads\/2019\/11\/Penna-Foto-Bildbyran.jpg","type":"image\/jpeg"}],"author":"Sofia Arnbom","twitter_card":"summary_large_image","twitter_misc":{"Skriven av":"Sofia Arnbom","Ber\u00e4knad l\u00e4stid":"2 minuter"},"schema":{"@context":"https:\/\/schema.org","@graph":[{"@type":"Article","@id":"https:\/\/www.budokampsport.se\/2020\/03\/10\/namnandring-forening-2-2\/#article","isPartOf":{"@id":"https:\/\/www.budokampsport.se\/2020\/03\/10\/namnandring-forening-2-2\/"},"author":{"name":"Sofia Arnbom","@id":"https:\/\/www.budokampsport.se\/#\/schema\/person\/666f754cfbc6f9a83a8c253cd24ad660"},"headline":"Namn\u00e4ndring f\u00f6rening","datePublished":"2020-03-10T13:18:52+00:00","mainEntityOfPage":{"@id":"https:\/\/www.budokampsport.se\/2020\/03\/10\/namnandring-forening-2-2\/"},"wordCount":305,"commentCount":1,"image":{"@id":"https:\/\/www.budokampsport.se\/2020\/03\/10\/namnandring-forening-2-2\/#primaryimage"},"thumbnailUrl":"https:\/\/www.budokampsport.se\/wp-content\/uploads\/2019\/11\/Penna-Foto-Bildbyran.jpg","keywords":["f\u00f6rening"],"articleSection":["F\u00f6rening"],"inLanguage":"sv-SE","potentialAction":[{"@type":"CommentAction","name":"Comment","target":["https:\/\/www.budokampsport.se\/2020\/03\/10\/namnandring-forening-2-2\/#respond"]}]},{"@type":"WebPage","@id":"https:\/\/www.budokampsport.se\/2020\/03\/10\/namnandring-forening-2-2\/","url":"https:\/\/www.budokampsport.se\/2020\/03\/10\/namnandring-forening-2-2\/","name":"Namn\u00e4ndring f\u00f6rening - Svenska Budo &amp; Kampsportsf\u00f6rbundet","isPartOf":{"@id":"https:\/\/www.budokampsport.se\/#website"},"primaryImageOfPage":{"@id":"https:\/\/www.budokampsport.se\/2020\/03\/10\/namnandring-forening-2-2\/#primaryimage"},"image":{"@id":"https:\/\/www.budokampsport.se\/2020\/03\/10\/namnandring-forening-2-2\/#primaryimage"},"thumbnailUrl":"https:\/\/www.budokampsport.se\/wp-content\/uploads\/2019\/11\/Penna-Foto-Bildbyran.jpg","datePublished":"2020-03-10T13:18:52+00:00","author":{"@id":"https:\/\/www.budokampsport.se\/#\/schema\/person\/666f754cfbc6f9a83a8c253cd24ad660"},"description":"En idrottsf\u00f6rening kan under sin tid \u00f6nska \u00e4ndra sitt namn. Till exempel kan den idrottsliga verksamheten \u00e4ndras vilket g\u00f6r det befintliga namnet missvisande. Beslut om \u00e4ndring av f\u00f6reningens namn tas p\u00e5 f\u00f6reningens \u00e5rsm\u00f6te och det \u00e4r viktigt att beslutet protokollf\u00f6rs.","breadcrumb":{"@id":"https:\/\/www.budokampsport.se\/2020\/03\/10\/namnandring-forening-2-2\/#breadcrumb"},"inLanguage":"sv-SE","potentialAction":[{"@type":"ReadAction","target":["https:\/\/www.budokampsport.se\/2020\/03\/10\/namnandring-forening-2-2\/"]}]},{"@type":"ImageObject","inLanguage":"sv-SE","@id":"https:\/\/www.budokampsport.se\/2020\/03\/10\/namnandring-forening-2-2\/#primaryimage","url":"https:\/\/www.budokampsport.se\/wp-content\/uploads\/2019\/11\/Penna-Foto-Bildbyran.jpg","contentUrl":"https:\/\/www.budokampsport.se\/wp-content\/uploads\/2019\/11\/Penna-Foto-Bildbyran.jpg","width":825,"height":550,"caption":"Foto: Carl Sandin \/ BILDBYR\u00c5N"},{"@type":"BreadcrumbList","@id":"https:\/\/www.budokampsport.se\/2020\/03\/10\/namnandring-forening-2-2\/#breadcrumb","itemListElement":[{"@type":"ListItem","position":1,"name":"Hem","item":"https:\/\/www.budokampsport.se\/"},{"@type":"ListItem","position":2,"name":"Namn\u00e4ndring f\u00f6rening"}]},{"@type":"WebSite","@id":"https:\/\/www.budokampsport.se\/#website","url":"https:\/\/www.budokampsport.se\/","name":"Svenska Budo &amp; Kampsportsf\u00f6rbundet","description":"T\u00e4vling, Tr\u00e4ning, Tradition","potentialAction":[{"@type":"SearchAction","target":{"@type":"EntryPoint","urlTemplate":"https:\/\/www.budokampsport.se\/?s={search_term_string}"},"query-input":{"@type":"PropertyValueSpecification","valueRequired":true,"valueName":"search_term_string"}}],"inLanguage":"sv-SE"},{"@type":"Person","@id":"https:\/\/www.budokampsport.se\/#\/schema\/person\/666f754cfbc6f9a83a8c253cd24ad660","name":"Sofia Arnbom","image":{"@type":"ImageObject","inLanguage":"sv-SE","@id":"https:\/\/www.budokampsport.se\/#\/schema\/person\/image\/","url":"https:\/\/secure.gravatar.com\/avatar\/a69f673c99635f06ea6cb1eb10ca7e92?s=96&d=blank&r=g","contentUrl":"https:\/\/secure.gravatar.com\/avatar\/a69f673c99635f06ea6cb1eb10ca7e92?s=96&d=blank&r=g","caption":"Sofia Arnbom"},"url":"https:\/\/www.budokampsport.se\/author\/sofia-arnbom\/"}]}},"_links":{"self":[{"href":"https:\/\/www.budokampsport.se\/api\/wp\/v2\/posts\/119190","targetHints":{"allow":["GET"]}}],"collection":[{"href":"https:\/\/www.budokampsport.se\/api\/wp\/v2\/posts"}],"about":[{"href":"https:\/\/www.budokampsport.se\/api\/wp\/v2\/types\/post"}],"author":[{"embeddable":true,"href":"https:\/\/www.budokampsport.se\/api\/wp\/v2\/users\/47"}],"replies":[{"embeddable":true,"href":"https:\/\/www.budokampsport.se\/api\/wp\/v2\/comments?post=119190"}],"version-history":[{"count":0,"href":"https:\/\/www.budokampsport.se\/api\/wp\/v2\/posts\/119190\/revisions"}],"wp:featuredmedia":[{"embeddable":true,"href":"https:\/\/www.budokampsport.se\/api\/wp\/v2\/media\/112553"}],"wp:attachment":[{"href":"https:\/\/www.budokampsport.se\/api\/wp\/v2\/media?parent=119190"}],"wp:term":[{"taxonomy":"category","embeddable":true,"href":"https:\/\/www.budokampsport.se\/api\/wp\/v2\/categories?post=119190"},{"taxonomy":"post_tag","embeddable":true,"href":"https:\/\/www.budokampsport.se\/api\/wp\/v2\/tags?post=119190"}],"curies":[{"name":"wp","href":"https:\/\/api.w.org\/{rel}","templated":true}]}}