{"id":119494,"date":"2020-03-25T13:51:23","date_gmt":"2020-03-25T12:51:23","guid":{"rendered":"https:\/\/www.budokampsport.se\/?p=119494"},"modified":"2020-03-25T13:51:23","modified_gmt":"2020-03-25T12:51:23","slug":"fredrik-widgren-blev-arets-mastare-2","status":"publish","type":"post","link":"https:\/\/www.budokampsport.se\/2020\/03\/25\/fredrik-widgren-blev-arets-mastare-2\/","title":{"rendered":"Fredrik Widgren blev \u00c5rets m\u00e4stare"},"content":{"rendered":"<p><strong>\u00c5rets m\u00e4stare blev i \u00e5r jujutsu-ut\u00f6varen Fredrik Widgren, Fredrik har under sin karri\u00e4r tagit ett flertal internationella medaljer men i \u00e5r tog kan klivit upp p\u00e5 pallen och fick \u00e4ntligen sitt efterl\u00e4ngtade guld. Och Fredrik blev v\u00e4ldigt glad d\u00e5 han f\u00f6rstod att han ocks\u00e5 tagit hem utm\u00e4rkelsen av \u00c5rets m\u00e4stare.<\/strong><\/p>\n<p>-Jag blev v\u00e4ldigt glad n\u00e4r mitt namn ropades upp. Hade inte t\u00e4nkt p\u00e5 det s\u00e5 mycket men sen n\u00e4r jag s\u00e5g att videon l\u00e5g ute blev lite pirr i magen. Det \u00e4r en v\u00e4ldigt stor \u00e4ra att f\u00e5 det h\u00e4r priset fr\u00e5n SB&amp;K, s\u00e4ger Fredrik.<\/p>\n<p><strong>Att han tog hem VM under \u00e5ret tror han avgjorde beslutet om vem som skulle bli \u00c5rets m\u00e4stare och han har m\u00e5nga han vill tacka f\u00f6r \u00e5ret som g\u00e5tt.<\/strong><br \/>\n-Till st\u00f6rsta delen f\u00f6r att jag vann VM f\u00f6rra \u00e5ret. Jag har tagit medalj p\u00e5 VM tidigare men aldrig guldet. S\u00e5 nu n\u00e4r det blev guldet s\u00e5 var det dags f\u00f6r ett pris. Det \u00e4r m\u00e5nga som hj\u00e4lpt mig under resan men framf\u00f6rallt vill jag tacka, min flickv\u00e4n, min familj, min vapendragare William, min klubb, min landslagstr\u00e4nare Rob och f\u00f6rbundskapten Micke, min klubbtr\u00e4nare Rickard, s\u00e4ger Fredrik.<\/p>\n<p><strong>M\u00e5nga t\u00e4vlingar har p\u00e5 grund av nul\u00e4get st\u00e4llts in men Fredrik forts\u00e4tter sin tr\u00e4ning s\u00e5 gott det g\u00e5r.<\/strong><br \/>\n-Med de tiderna som \u00e4r nu har allt lagts p\u00e5 is. Alla t\u00e4vlingar under v\u00e5ren \u00e4r flyttade eller inst\u00e4llda. Ingen vet ju riktigt hur det kommer bli s\u00e5 just nu tr\u00e4nar jag p\u00e5 s\u00e5 gott det g\u00e5r s\u00e5 f\u00e5r vi se hur det blir sen, avslutar Fredrik.<\/p>\n<p>JURYNS MOTIVERING<br \/>\nEfter s\u00e5 m\u00e5nga finalf\u00f6rs\u00f6k tidigare kom \u00e4ntligen VM-fulltr\u00e4ffen. I Abu Dhabi vann fick du ditt efterl\u00e4ngtade VM-guld i jujutsu. I ett f\u00f6rtrollat \u00f6gonblick, som vi aldrig gl\u00f6mmer.<\/p>\n<p>SB&amp;K vill \u00e4n en g\u00e5ng passa p\u00e5 att s\u00e4ga &#8211; STORT GRATTIS!<\/p>\n<p>Text: Annie Bondefelt<br \/>\nFoto: Jonathan Broberg<\/p>\n","protected":false},"excerpt":{"rendered":"<p> -Det \u00e4r en v\u00e4ldigt stor \u00e4ra att f\u00e5 det h\u00e4r priset fr\u00e5n SB&#038;K, s\u00e4ger Fredrik Widgren till budokampsport.se<\/p><br>","protected":false},"author":120,"featured_media":82672,"comment_status":"open","ping_status":"open","sticky":false,"template":"","format":"standard","meta":{"_acf_changed":false,"footnotes":""},"categories":[1],"tags":[],"class_list":["post-119494","post","type-post","status-publish","format-standard","has-post-thumbnail","hentry","category-okategoriserade"],"acf":[],"yoast_head":"<!-- This site is optimized with the Yoast SEO plugin v26.8 - https:\/\/yoast.com\/product\/yoast-seo-wordpress\/ -->\n<title>Fredrik Widgren blev \u00c5rets m\u00e4stare - Svenska Budo &amp; Kampsportsf\u00f6rbundet<\/title>\n<meta name=\"description\" content=\"-Det \u00e4r en v\u00e4ldigt stor \u00e4ra att f\u00e5 det h\u00e4r priset fr\u00e5n SB&amp;K, s\u00e4ger Fredrik Widgren till budokampsport.se\" \/>\n<meta name=\"robots\" content=\"index, follow, max-snippet:-1, max-image-preview:large, max-video-preview:-1\" \/>\n<link rel=\"canonical\" href=\"https:\/\/www.budokampsport.se\/2020\/03\/25\/fredrik-widgren-blev-arets-mastare-2\/\" \/>\n<meta property=\"og:locale\" content=\"sv_SE\" \/>\n<meta property=\"og:type\" content=\"article\" \/>\n<meta property=\"og:title\" content=\"Fredrik Widgren blev \u00c5rets m\u00e4stare - Svenska Budo &amp; Kampsportsf\u00f6rbundet\" \/>\n<meta property=\"og:description\" content=\"-Det \u00e4r en v\u00e4ldigt stor \u00e4ra att f\u00e5 det h\u00e4r priset fr\u00e5n SB&amp;K, s\u00e4ger Fredrik Widgren till budokampsport.se\" \/>\n<meta property=\"og:url\" content=\"https:\/\/www.budokampsport.se\/2020\/03\/25\/fredrik-widgren-blev-arets-mastare-2\/\" \/>\n<meta property=\"og:site_name\" content=\"Svenska Budo &amp; Kampsportsf\u00f6rbundet\" \/>\n<meta property=\"article:published_time\" content=\"2020-03-25T12:51:23+00:00\" \/>\n<meta property=\"og:image\" content=\"https:\/\/www.budokampsport.se\/wp-content\/uploads\/2018\/11\/fredrik_widgren_brons_lag.jpg\" \/>\n\t<meta property=\"og:image:width\" content=\"850\" \/>\n\t<meta property=\"og:image:height\" content=\"567\" \/>\n\t<meta property=\"og:image:type\" content=\"image\/jpeg\" \/>\n<meta name=\"author\" content=\"Annie Carriage\" \/>\n<meta name=\"twitter:card\" content=\"summary_large_image\" \/>\n<meta name=\"twitter:label1\" content=\"Skriven av\" \/>\n\t<meta name=\"twitter:data1\" content=\"Annie Carriage\" \/>\n\t<meta name=\"twitter:label2\" content=\"Ber\u00e4knad l\u00e4stid\" \/>\n\t<meta name=\"twitter:data2\" content=\"2 minuter\" \/>\n<script type=\"application\/ld+json\" class=\"yoast-schema-graph\">{\"@context\":\"https:\/\/schema.org\",\"@graph\":[{\"@type\":\"Article\",\"@id\":\"https:\/\/www.budokampsport.se\/2020\/03\/25\/fredrik-widgren-blev-arets-mastare-2\/#article\",\"isPartOf\":{\"@id\":\"https:\/\/www.budokampsport.se\/2020\/03\/25\/fredrik-widgren-blev-arets-mastare-2\/\"},\"author\":{\"name\":\"Annie Carriage\",\"@id\":\"https:\/\/www.budokampsport.se\/#\/schema\/person\/c838cace8171f692e363fde3f38f208b\"},\"headline\":\"Fredrik Widgren blev \u00c5rets m\u00e4stare\",\"datePublished\":\"2020-03-25T12:51:23+00:00\",\"mainEntityOfPage\":{\"@id\":\"https:\/\/www.budokampsport.se\/2020\/03\/25\/fredrik-widgren-blev-arets-mastare-2\/\"},\"wordCount\":369,\"commentCount\":0,\"image\":{\"@id\":\"https:\/\/www.budokampsport.se\/2020\/03\/25\/fredrik-widgren-blev-arets-mastare-2\/#primaryimage\"},\"thumbnailUrl\":\"https:\/\/www.budokampsport.se\/wp-content\/uploads\/2018\/11\/fredrik_widgren_brons_lag.jpg\",\"inLanguage\":\"sv-SE\",\"potentialAction\":[{\"@type\":\"CommentAction\",\"name\":\"Comment\",\"target\":[\"https:\/\/www.budokampsport.se\/2020\/03\/25\/fredrik-widgren-blev-arets-mastare-2\/#respond\"]}]},{\"@type\":\"WebPage\",\"@id\":\"https:\/\/www.budokampsport.se\/2020\/03\/25\/fredrik-widgren-blev-arets-mastare-2\/\",\"url\":\"https:\/\/www.budokampsport.se\/2020\/03\/25\/fredrik-widgren-blev-arets-mastare-2\/\",\"name\":\"Fredrik Widgren blev \u00c5rets m\u00e4stare - Svenska Budo &amp; Kampsportsf\u00f6rbundet\",\"isPartOf\":{\"@id\":\"https:\/\/www.budokampsport.se\/#website\"},\"primaryImageOfPage\":{\"@id\":\"https:\/\/www.budokampsport.se\/2020\/03\/25\/fredrik-widgren-blev-arets-mastare-2\/#primaryimage\"},\"image\":{\"@id\":\"https:\/\/www.budokampsport.se\/2020\/03\/25\/fredrik-widgren-blev-arets-mastare-2\/#primaryimage\"},\"thumbnailUrl\":\"https:\/\/www.budokampsport.se\/wp-content\/uploads\/2018\/11\/fredrik_widgren_brons_lag.jpg\",\"datePublished\":\"2020-03-25T12:51:23+00:00\",\"author\":{\"@id\":\"https:\/\/www.budokampsport.se\/#\/schema\/person\/c838cace8171f692e363fde3f38f208b\"},\"description\":\"-Det \u00e4r en v\u00e4ldigt stor \u00e4ra att f\u00e5 det h\u00e4r priset fr\u00e5n SB&K, s\u00e4ger Fredrik Widgren till budokampsport.se\",\"breadcrumb\":{\"@id\":\"https:\/\/www.budokampsport.se\/2020\/03\/25\/fredrik-widgren-blev-arets-mastare-2\/#breadcrumb\"},\"inLanguage\":\"sv-SE\",\"potentialAction\":[{\"@type\":\"ReadAction\",\"target\":[\"https:\/\/www.budokampsport.se\/2020\/03\/25\/fredrik-widgren-blev-arets-mastare-2\/\"]}]},{\"@type\":\"ImageObject\",\"inLanguage\":\"sv-SE\",\"@id\":\"https:\/\/www.budokampsport.se\/2020\/03\/25\/fredrik-widgren-blev-arets-mastare-2\/#primaryimage\",\"url\":\"https:\/\/www.budokampsport.se\/wp-content\/uploads\/2018\/11\/fredrik_widgren_brons_lag.jpg\",\"contentUrl\":\"https:\/\/www.budokampsport.se\/wp-content\/uploads\/2018\/11\/fredrik_widgren_brons_lag.jpg\",\"width\":850,\"height\":567,\"caption\":\"Foto: Jonathan Broberg\"},{\"@type\":\"BreadcrumbList\",\"@id\":\"https:\/\/www.budokampsport.se\/2020\/03\/25\/fredrik-widgren-blev-arets-mastare-2\/#breadcrumb\",\"itemListElement\":[{\"@type\":\"ListItem\",\"position\":1,\"name\":\"Hem\",\"item\":\"https:\/\/www.budokampsport.se\/\"},{\"@type\":\"ListItem\",\"position\":2,\"name\":\"Fredrik Widgren blev \u00c5rets m\u00e4stare\"}]},{\"@type\":\"WebSite\",\"@id\":\"https:\/\/www.budokampsport.se\/#website\",\"url\":\"https:\/\/www.budokampsport.se\/\",\"name\":\"Svenska Budo &amp; Kampsportsf\u00f6rbundet\",\"description\":\"T\u00e4vling, Tr\u00e4ning, Tradition\",\"potentialAction\":[{\"@type\":\"SearchAction\",\"target\":{\"@type\":\"EntryPoint\",\"urlTemplate\":\"https:\/\/www.budokampsport.se\/?s={search_term_string}\"},\"query-input\":{\"@type\":\"PropertyValueSpecification\",\"valueRequired\":true,\"valueName\":\"search_term_string\"}}],\"inLanguage\":\"sv-SE\"},{\"@type\":\"Person\",\"@id\":\"https:\/\/www.budokampsport.se\/#\/schema\/person\/c838cace8171f692e363fde3f38f208b\",\"name\":\"Annie Carriage\",\"image\":{\"@type\":\"ImageObject\",\"inLanguage\":\"sv-SE\",\"@id\":\"https:\/\/www.budokampsport.se\/#\/schema\/person\/image\/\",\"url\":\"https:\/\/secure.gravatar.com\/avatar\/9311295560bdfbdf78365a26f7df1876?s=96&d=blank&r=g\",\"contentUrl\":\"https:\/\/secure.gravatar.com\/avatar\/9311295560bdfbdf78365a26f7df1876?s=96&d=blank&r=g\",\"caption\":\"Annie Carriage\"},\"url\":\"https:\/\/www.budokampsport.se\/author\/annie-bondefelt\/\"}]}<\/script>\n<!-- \/ Yoast SEO plugin. -->","yoast_head_json":{"title":"Fredrik Widgren blev \u00c5rets m\u00e4stare - Svenska Budo &amp; Kampsportsf\u00f6rbundet","description":"-Det \u00e4r en v\u00e4ldigt stor \u00e4ra att f\u00e5 det h\u00e4r priset fr\u00e5n SB&K, s\u00e4ger Fredrik Widgren till budokampsport.se","robots":{"index":"index","follow":"follow","max-snippet":"max-snippet:-1","max-image-preview":"max-image-preview:large","max-video-preview":"max-video-preview:-1"},"canonical":"https:\/\/www.budokampsport.se\/2020\/03\/25\/fredrik-widgren-blev-arets-mastare-2\/","og_locale":"sv_SE","og_type":"article","og_title":"Fredrik Widgren blev \u00c5rets m\u00e4stare - Svenska Budo &amp; Kampsportsf\u00f6rbundet","og_description":"-Det \u00e4r en v\u00e4ldigt stor \u00e4ra att f\u00e5 det h\u00e4r priset fr\u00e5n SB&K, s\u00e4ger Fredrik Widgren till budokampsport.se","og_url":"https:\/\/www.budokampsport.se\/2020\/03\/25\/fredrik-widgren-blev-arets-mastare-2\/","og_site_name":"Svenska Budo &amp; Kampsportsf\u00f6rbundet","article_published_time":"2020-03-25T12:51:23+00:00","og_image":[{"width":850,"height":567,"url":"https:\/\/www.budokampsport.se\/wp-content\/uploads\/2018\/11\/fredrik_widgren_brons_lag.jpg","type":"image\/jpeg"}],"author":"Annie Carriage","twitter_card":"summary_large_image","twitter_misc":{"Skriven av":"Annie Carriage","Ber\u00e4knad l\u00e4stid":"2 minuter"},"schema":{"@context":"https:\/\/schema.org","@graph":[{"@type":"Article","@id":"https:\/\/www.budokampsport.se\/2020\/03\/25\/fredrik-widgren-blev-arets-mastare-2\/#article","isPartOf":{"@id":"https:\/\/www.budokampsport.se\/2020\/03\/25\/fredrik-widgren-blev-arets-mastare-2\/"},"author":{"name":"Annie Carriage","@id":"https:\/\/www.budokampsport.se\/#\/schema\/person\/c838cace8171f692e363fde3f38f208b"},"headline":"Fredrik Widgren blev \u00c5rets m\u00e4stare","datePublished":"2020-03-25T12:51:23+00:00","mainEntityOfPage":{"@id":"https:\/\/www.budokampsport.se\/2020\/03\/25\/fredrik-widgren-blev-arets-mastare-2\/"},"wordCount":369,"commentCount":0,"image":{"@id":"https:\/\/www.budokampsport.se\/2020\/03\/25\/fredrik-widgren-blev-arets-mastare-2\/#primaryimage"},"thumbnailUrl":"https:\/\/www.budokampsport.se\/wp-content\/uploads\/2018\/11\/fredrik_widgren_brons_lag.jpg","inLanguage":"sv-SE","potentialAction":[{"@type":"CommentAction","name":"Comment","target":["https:\/\/www.budokampsport.se\/2020\/03\/25\/fredrik-widgren-blev-arets-mastare-2\/#respond"]}]},{"@type":"WebPage","@id":"https:\/\/www.budokampsport.se\/2020\/03\/25\/fredrik-widgren-blev-arets-mastare-2\/","url":"https:\/\/www.budokampsport.se\/2020\/03\/25\/fredrik-widgren-blev-arets-mastare-2\/","name":"Fredrik Widgren blev \u00c5rets m\u00e4stare - Svenska Budo &amp; Kampsportsf\u00f6rbundet","isPartOf":{"@id":"https:\/\/www.budokampsport.se\/#website"},"primaryImageOfPage":{"@id":"https:\/\/www.budokampsport.se\/2020\/03\/25\/fredrik-widgren-blev-arets-mastare-2\/#primaryimage"},"image":{"@id":"https:\/\/www.budokampsport.se\/2020\/03\/25\/fredrik-widgren-blev-arets-mastare-2\/#primaryimage"},"thumbnailUrl":"https:\/\/www.budokampsport.se\/wp-content\/uploads\/2018\/11\/fredrik_widgren_brons_lag.jpg","datePublished":"2020-03-25T12:51:23+00:00","author":{"@id":"https:\/\/www.budokampsport.se\/#\/schema\/person\/c838cace8171f692e363fde3f38f208b"},"description":"-Det \u00e4r en v\u00e4ldigt stor \u00e4ra att f\u00e5 det h\u00e4r priset fr\u00e5n SB&K, s\u00e4ger Fredrik Widgren till budokampsport.se","breadcrumb":{"@id":"https:\/\/www.budokampsport.se\/2020\/03\/25\/fredrik-widgren-blev-arets-mastare-2\/#breadcrumb"},"inLanguage":"sv-SE","potentialAction":[{"@type":"ReadAction","target":["https:\/\/www.budokampsport.se\/2020\/03\/25\/fredrik-widgren-blev-arets-mastare-2\/"]}]},{"@type":"ImageObject","inLanguage":"sv-SE","@id":"https:\/\/www.budokampsport.se\/2020\/03\/25\/fredrik-widgren-blev-arets-mastare-2\/#primaryimage","url":"https:\/\/www.budokampsport.se\/wp-content\/uploads\/2018\/11\/fredrik_widgren_brons_lag.jpg","contentUrl":"https:\/\/www.budokampsport.se\/wp-content\/uploads\/2018\/11\/fredrik_widgren_brons_lag.jpg","width":850,"height":567,"caption":"Foto: Jonathan Broberg"},{"@type":"BreadcrumbList","@id":"https:\/\/www.budokampsport.se\/2020\/03\/25\/fredrik-widgren-blev-arets-mastare-2\/#breadcrumb","itemListElement":[{"@type":"ListItem","position":1,"name":"Hem","item":"https:\/\/www.budokampsport.se\/"},{"@type":"ListItem","position":2,"name":"Fredrik Widgren blev \u00c5rets m\u00e4stare"}]},{"@type":"WebSite","@id":"https:\/\/www.budokampsport.se\/#website","url":"https:\/\/www.budokampsport.se\/","name":"Svenska Budo &amp; Kampsportsf\u00f6rbundet","description":"T\u00e4vling, Tr\u00e4ning, Tradition","potentialAction":[{"@type":"SearchAction","target":{"@type":"EntryPoint","urlTemplate":"https:\/\/www.budokampsport.se\/?s={search_term_string}"},"query-input":{"@type":"PropertyValueSpecification","valueRequired":true,"valueName":"search_term_string"}}],"inLanguage":"sv-SE"},{"@type":"Person","@id":"https:\/\/www.budokampsport.se\/#\/schema\/person\/c838cace8171f692e363fde3f38f208b","name":"Annie Carriage","image":{"@type":"ImageObject","inLanguage":"sv-SE","@id":"https:\/\/www.budokampsport.se\/#\/schema\/person\/image\/","url":"https:\/\/secure.gravatar.com\/avatar\/9311295560bdfbdf78365a26f7df1876?s=96&d=blank&r=g","contentUrl":"https:\/\/secure.gravatar.com\/avatar\/9311295560bdfbdf78365a26f7df1876?s=96&d=blank&r=g","caption":"Annie Carriage"},"url":"https:\/\/www.budokampsport.se\/author\/annie-bondefelt\/"}]}},"_links":{"self":[{"href":"https:\/\/www.budokampsport.se\/api\/wp\/v2\/posts\/119494","targetHints":{"allow":["GET"]}}],"collection":[{"href":"https:\/\/www.budokampsport.se\/api\/wp\/v2\/posts"}],"about":[{"href":"https:\/\/www.budokampsport.se\/api\/wp\/v2\/types\/post"}],"author":[{"embeddable":true,"href":"https:\/\/www.budokampsport.se\/api\/wp\/v2\/users\/120"}],"replies":[{"embeddable":true,"href":"https:\/\/www.budokampsport.se\/api\/wp\/v2\/comments?post=119494"}],"version-history":[{"count":0,"href":"https:\/\/www.budokampsport.se\/api\/wp\/v2\/posts\/119494\/revisions"}],"wp:featuredmedia":[{"embeddable":true,"href":"https:\/\/www.budokampsport.se\/api\/wp\/v2\/media\/82672"}],"wp:attachment":[{"href":"https:\/\/www.budokampsport.se\/api\/wp\/v2\/media?parent=119494"}],"wp:term":[{"taxonomy":"category","embeddable":true,"href":"https:\/\/www.budokampsport.se\/api\/wp\/v2\/categories?post=119494"},{"taxonomy":"post_tag","embeddable":true,"href":"https:\/\/www.budokampsport.se\/api\/wp\/v2\/tags?post=119494"}],"curies":[{"name":"wp","href":"https:\/\/api.w.org\/{rel}","templated":true}]}}