{"id":119643,"date":"2020-04-01T15:01:24","date_gmt":"2020-04-01T13:01:24","guid":{"rendered":"https:\/\/www.budokampsport.se\/?p=119643"},"modified":"2020-04-01T15:47:34","modified_gmt":"2020-04-01T13:47:34","slug":"sbks-hederspris-gick-till-alexander-gustafsson","status":"publish","type":"post","link":"https:\/\/www.budokampsport.se\/2020\/04\/01\/sbks-hederspris-gick-till-alexander-gustafsson\/","title":{"rendered":"SB&#038;K:s Hederspris gick till Alexander Gustafsson"},"content":{"rendered":"<p>-Tack till f\u00f6rbundet och Kampsportsgalan f\u00f6r SB&amp;K:s Hederspris, det k\u00e4nns \u00e4rofyllt och jag \u00e4r v\u00e4ldigt tacksam, skriver Alex p\u00e5 sin Facebook.<\/p>\n<p>JURYNS MOTIVERING<br \/>\nM\u00e5nga \u00e4r vi som har f\u00f6ljt din karri\u00e4r de senaste \u00e5ren, om det s\u00e5 varit p\u00e5 plats i v\u00e4lfyllda arenor eller framf\u00f6r tv-apparaterna. Bland alla v\u00e5ra stj\u00e4rnor i f\u00f6rbundet, och de \u00e4r sannerligen m\u00e5nga, har du lyst allra starkast de senaste \u00e5ren. Du \u00e4r en stor orsak till att kampsport i allm\u00e4nhet har n\u00e5tt allm\u00e4nheten p\u00e5 ett s\u00e4tt vi inte har upplevt tidigare. Din framfart i UFC har gjort dig till en stor idrottspersonlighet. Samtidigt har du hela tiden beh\u00e5llit \u00f6dmjukheten och f\u00f6tterna p\u00e5 Jorden. Du \u00e4r en otrolig ambassad\u00f6r f\u00f6r v\u00e5ra idrotter. Och din betydelse f\u00f6r svensk budo och kampsport \u00f6verlag \u00e4r monumental.<\/p>\n<p>SB&amp;K vill \u00e4n en g\u00e5ng passa p\u00e5 att s\u00e4ga &#8211; STORT GRATTIS!<\/p>\n<p>Text: Annie Bondefelt<br \/>\nFoto: Arkivbild\/Hamid Ershad Sarabi<\/p>\n","protected":false},"excerpt":{"rendered":"<p>En stor f\u00f6rebild och en stor atlet fick detta \u00e5r motta SB&#038;K:s Hederspris.<\/p><br>","protected":false},"author":120,"featured_media":42212,"comment_status":"open","ping_status":"open","sticky":false,"template":"","format":"standard","meta":{"_acf_changed":false,"footnotes":""},"categories":[1],"tags":[],"class_list":["post-119643","post","type-post","status-publish","format-standard","has-post-thumbnail","hentry","category-okategoriserade"],"acf":[],"yoast_head":"<!-- This site is optimized with the Yoast SEO plugin v26.8 - https:\/\/yoast.com\/product\/yoast-seo-wordpress\/ -->\n<title>SB&amp;K:s Hederspris gick till Alexander Gustafsson - Svenska Budo &amp; Kampsportsf\u00f6rbundet<\/title>\n<meta name=\"description\" content=\"En stor f\u00f6rebild och en stor atlet fick detta \u00e5r motta SB&amp;K:s Hederspris.\" \/>\n<meta name=\"robots\" content=\"index, follow, max-snippet:-1, max-image-preview:large, max-video-preview:-1\" \/>\n<link rel=\"canonical\" href=\"https:\/\/www.budokampsport.se\/2020\/04\/01\/sbks-hederspris-gick-till-alexander-gustafsson\/\" \/>\n<meta property=\"og:locale\" content=\"sv_SE\" \/>\n<meta property=\"og:type\" content=\"article\" \/>\n<meta property=\"og:title\" content=\"SB&amp;K:s Hederspris gick till Alexander Gustafsson - Svenska Budo &amp; Kampsportsf\u00f6rbundet\" \/>\n<meta property=\"og:description\" content=\"En stor f\u00f6rebild och en stor atlet fick detta \u00e5r motta SB&amp;K:s Hederspris.\" \/>\n<meta property=\"og:url\" content=\"https:\/\/www.budokampsport.se\/2020\/04\/01\/sbks-hederspris-gick-till-alexander-gustafsson\/\" \/>\n<meta property=\"og:site_name\" content=\"Svenska Budo &amp; Kampsportsf\u00f6rbundet\" \/>\n<meta property=\"article:published_time\" content=\"2020-04-01T13:01:24+00:00\" \/>\n<meta property=\"article:modified_time\" content=\"2020-04-01T13:47:34+00:00\" \/>\n<meta property=\"og:image\" content=\"https:\/\/www.budokampsport.se\/wp-content\/uploads\/2017\/03\/alex.jpg\" \/>\n\t<meta property=\"og:image:width\" content=\"850\" \/>\n\t<meta property=\"og:image:height\" content=\"567\" \/>\n\t<meta property=\"og:image:type\" content=\"image\/jpeg\" \/>\n<meta name=\"author\" content=\"Annie Carriage\" \/>\n<meta name=\"twitter:card\" content=\"summary_large_image\" \/>\n<meta name=\"twitter:label1\" content=\"Skriven av\" \/>\n\t<meta name=\"twitter:data1\" content=\"Annie Carriage\" \/>\n\t<meta name=\"twitter:label2\" content=\"Ber\u00e4knad l\u00e4stid\" \/>\n\t<meta name=\"twitter:data2\" content=\"1 minut\" \/>\n<script type=\"application\/ld+json\" class=\"yoast-schema-graph\">{\"@context\":\"https:\/\/schema.org\",\"@graph\":[{\"@type\":\"Article\",\"@id\":\"https:\/\/www.budokampsport.se\/2020\/04\/01\/sbks-hederspris-gick-till-alexander-gustafsson\/#article\",\"isPartOf\":{\"@id\":\"https:\/\/www.budokampsport.se\/2020\/04\/01\/sbks-hederspris-gick-till-alexander-gustafsson\/\"},\"author\":{\"name\":\"Annie Carriage\",\"@id\":\"https:\/\/www.budokampsport.se\/#\/schema\/person\/c838cace8171f692e363fde3f38f208b\"},\"headline\":\"SB&#038;K:s Hederspris gick till Alexander Gustafsson\",\"datePublished\":\"2020-04-01T13:01:24+00:00\",\"dateModified\":\"2020-04-01T13:47:34+00:00\",\"mainEntityOfPage\":{\"@id\":\"https:\/\/www.budokampsport.se\/2020\/04\/01\/sbks-hederspris-gick-till-alexander-gustafsson\/\"},\"wordCount\":185,\"commentCount\":0,\"image\":{\"@id\":\"https:\/\/www.budokampsport.se\/2020\/04\/01\/sbks-hederspris-gick-till-alexander-gustafsson\/#primaryimage\"},\"thumbnailUrl\":\"https:\/\/www.budokampsport.se\/wp-content\/uploads\/2017\/03\/alex.jpg\",\"inLanguage\":\"sv-SE\",\"potentialAction\":[{\"@type\":\"CommentAction\",\"name\":\"Comment\",\"target\":[\"https:\/\/www.budokampsport.se\/2020\/04\/01\/sbks-hederspris-gick-till-alexander-gustafsson\/#respond\"]}]},{\"@type\":\"WebPage\",\"@id\":\"https:\/\/www.budokampsport.se\/2020\/04\/01\/sbks-hederspris-gick-till-alexander-gustafsson\/\",\"url\":\"https:\/\/www.budokampsport.se\/2020\/04\/01\/sbks-hederspris-gick-till-alexander-gustafsson\/\",\"name\":\"SB&K:s Hederspris gick till Alexander Gustafsson - Svenska Budo &amp; Kampsportsf\u00f6rbundet\",\"isPartOf\":{\"@id\":\"https:\/\/www.budokampsport.se\/#website\"},\"primaryImageOfPage\":{\"@id\":\"https:\/\/www.budokampsport.se\/2020\/04\/01\/sbks-hederspris-gick-till-alexander-gustafsson\/#primaryimage\"},\"image\":{\"@id\":\"https:\/\/www.budokampsport.se\/2020\/04\/01\/sbks-hederspris-gick-till-alexander-gustafsson\/#primaryimage\"},\"thumbnailUrl\":\"https:\/\/www.budokampsport.se\/wp-content\/uploads\/2017\/03\/alex.jpg\",\"datePublished\":\"2020-04-01T13:01:24+00:00\",\"dateModified\":\"2020-04-01T13:47:34+00:00\",\"author\":{\"@id\":\"https:\/\/www.budokampsport.se\/#\/schema\/person\/c838cace8171f692e363fde3f38f208b\"},\"description\":\"En stor f\u00f6rebild och en stor atlet fick detta \u00e5r motta SB&K:s Hederspris.\",\"breadcrumb\":{\"@id\":\"https:\/\/www.budokampsport.se\/2020\/04\/01\/sbks-hederspris-gick-till-alexander-gustafsson\/#breadcrumb\"},\"inLanguage\":\"sv-SE\",\"potentialAction\":[{\"@type\":\"ReadAction\",\"target\":[\"https:\/\/www.budokampsport.se\/2020\/04\/01\/sbks-hederspris-gick-till-alexander-gustafsson\/\"]}]},{\"@type\":\"ImageObject\",\"inLanguage\":\"sv-SE\",\"@id\":\"https:\/\/www.budokampsport.se\/2020\/04\/01\/sbks-hederspris-gick-till-alexander-gustafsson\/#primaryimage\",\"url\":\"https:\/\/www.budokampsport.se\/wp-content\/uploads\/2017\/03\/alex.jpg\",\"contentUrl\":\"https:\/\/www.budokampsport.se\/wp-content\/uploads\/2017\/03\/alex.jpg\",\"width\":850,\"height\":567,\"caption\":\"Foto: Hamid Ershad Sarabi\"},{\"@type\":\"BreadcrumbList\",\"@id\":\"https:\/\/www.budokampsport.se\/2020\/04\/01\/sbks-hederspris-gick-till-alexander-gustafsson\/#breadcrumb\",\"itemListElement\":[{\"@type\":\"ListItem\",\"position\":1,\"name\":\"Hem\",\"item\":\"https:\/\/www.budokampsport.se\/\"},{\"@type\":\"ListItem\",\"position\":2,\"name\":\"SB&#038;K:s Hederspris gick till Alexander Gustafsson\"}]},{\"@type\":\"WebSite\",\"@id\":\"https:\/\/www.budokampsport.se\/#website\",\"url\":\"https:\/\/www.budokampsport.se\/\",\"name\":\"Svenska Budo &amp; Kampsportsf\u00f6rbundet\",\"description\":\"T\u00e4vling, Tr\u00e4ning, Tradition\",\"potentialAction\":[{\"@type\":\"SearchAction\",\"target\":{\"@type\":\"EntryPoint\",\"urlTemplate\":\"https:\/\/www.budokampsport.se\/?s={search_term_string}\"},\"query-input\":{\"@type\":\"PropertyValueSpecification\",\"valueRequired\":true,\"valueName\":\"search_term_string\"}}],\"inLanguage\":\"sv-SE\"},{\"@type\":\"Person\",\"@id\":\"https:\/\/www.budokampsport.se\/#\/schema\/person\/c838cace8171f692e363fde3f38f208b\",\"name\":\"Annie Carriage\",\"image\":{\"@type\":\"ImageObject\",\"inLanguage\":\"sv-SE\",\"@id\":\"https:\/\/www.budokampsport.se\/#\/schema\/person\/image\/\",\"url\":\"https:\/\/secure.gravatar.com\/avatar\/9311295560bdfbdf78365a26f7df1876?s=96&d=blank&r=g\",\"contentUrl\":\"https:\/\/secure.gravatar.com\/avatar\/9311295560bdfbdf78365a26f7df1876?s=96&d=blank&r=g\",\"caption\":\"Annie Carriage\"},\"url\":\"https:\/\/www.budokampsport.se\/author\/annie-bondefelt\/\"}]}<\/script>\n<!-- \/ Yoast SEO plugin. -->","yoast_head_json":{"title":"SB&K:s Hederspris gick till Alexander Gustafsson - Svenska Budo &amp; Kampsportsf\u00f6rbundet","description":"En stor f\u00f6rebild och en stor atlet fick detta \u00e5r motta SB&K:s Hederspris.","robots":{"index":"index","follow":"follow","max-snippet":"max-snippet:-1","max-image-preview":"max-image-preview:large","max-video-preview":"max-video-preview:-1"},"canonical":"https:\/\/www.budokampsport.se\/2020\/04\/01\/sbks-hederspris-gick-till-alexander-gustafsson\/","og_locale":"sv_SE","og_type":"article","og_title":"SB&K:s Hederspris gick till Alexander Gustafsson - Svenska Budo &amp; Kampsportsf\u00f6rbundet","og_description":"En stor f\u00f6rebild och en stor atlet fick detta \u00e5r motta SB&K:s Hederspris.","og_url":"https:\/\/www.budokampsport.se\/2020\/04\/01\/sbks-hederspris-gick-till-alexander-gustafsson\/","og_site_name":"Svenska Budo &amp; Kampsportsf\u00f6rbundet","article_published_time":"2020-04-01T13:01:24+00:00","article_modified_time":"2020-04-01T13:47:34+00:00","og_image":[{"width":850,"height":567,"url":"https:\/\/www.budokampsport.se\/wp-content\/uploads\/2017\/03\/alex.jpg","type":"image\/jpeg"}],"author":"Annie Carriage","twitter_card":"summary_large_image","twitter_misc":{"Skriven av":"Annie Carriage","Ber\u00e4knad l\u00e4stid":"1 minut"},"schema":{"@context":"https:\/\/schema.org","@graph":[{"@type":"Article","@id":"https:\/\/www.budokampsport.se\/2020\/04\/01\/sbks-hederspris-gick-till-alexander-gustafsson\/#article","isPartOf":{"@id":"https:\/\/www.budokampsport.se\/2020\/04\/01\/sbks-hederspris-gick-till-alexander-gustafsson\/"},"author":{"name":"Annie Carriage","@id":"https:\/\/www.budokampsport.se\/#\/schema\/person\/c838cace8171f692e363fde3f38f208b"},"headline":"SB&#038;K:s Hederspris gick till Alexander Gustafsson","datePublished":"2020-04-01T13:01:24+00:00","dateModified":"2020-04-01T13:47:34+00:00","mainEntityOfPage":{"@id":"https:\/\/www.budokampsport.se\/2020\/04\/01\/sbks-hederspris-gick-till-alexander-gustafsson\/"},"wordCount":185,"commentCount":0,"image":{"@id":"https:\/\/www.budokampsport.se\/2020\/04\/01\/sbks-hederspris-gick-till-alexander-gustafsson\/#primaryimage"},"thumbnailUrl":"https:\/\/www.budokampsport.se\/wp-content\/uploads\/2017\/03\/alex.jpg","inLanguage":"sv-SE","potentialAction":[{"@type":"CommentAction","name":"Comment","target":["https:\/\/www.budokampsport.se\/2020\/04\/01\/sbks-hederspris-gick-till-alexander-gustafsson\/#respond"]}]},{"@type":"WebPage","@id":"https:\/\/www.budokampsport.se\/2020\/04\/01\/sbks-hederspris-gick-till-alexander-gustafsson\/","url":"https:\/\/www.budokampsport.se\/2020\/04\/01\/sbks-hederspris-gick-till-alexander-gustafsson\/","name":"SB&K:s Hederspris gick till Alexander Gustafsson - Svenska Budo &amp; Kampsportsf\u00f6rbundet","isPartOf":{"@id":"https:\/\/www.budokampsport.se\/#website"},"primaryImageOfPage":{"@id":"https:\/\/www.budokampsport.se\/2020\/04\/01\/sbks-hederspris-gick-till-alexander-gustafsson\/#primaryimage"},"image":{"@id":"https:\/\/www.budokampsport.se\/2020\/04\/01\/sbks-hederspris-gick-till-alexander-gustafsson\/#primaryimage"},"thumbnailUrl":"https:\/\/www.budokampsport.se\/wp-content\/uploads\/2017\/03\/alex.jpg","datePublished":"2020-04-01T13:01:24+00:00","dateModified":"2020-04-01T13:47:34+00:00","author":{"@id":"https:\/\/www.budokampsport.se\/#\/schema\/person\/c838cace8171f692e363fde3f38f208b"},"description":"En stor f\u00f6rebild och en stor atlet fick detta \u00e5r motta SB&K:s Hederspris.","breadcrumb":{"@id":"https:\/\/www.budokampsport.se\/2020\/04\/01\/sbks-hederspris-gick-till-alexander-gustafsson\/#breadcrumb"},"inLanguage":"sv-SE","potentialAction":[{"@type":"ReadAction","target":["https:\/\/www.budokampsport.se\/2020\/04\/01\/sbks-hederspris-gick-till-alexander-gustafsson\/"]}]},{"@type":"ImageObject","inLanguage":"sv-SE","@id":"https:\/\/www.budokampsport.se\/2020\/04\/01\/sbks-hederspris-gick-till-alexander-gustafsson\/#primaryimage","url":"https:\/\/www.budokampsport.se\/wp-content\/uploads\/2017\/03\/alex.jpg","contentUrl":"https:\/\/www.budokampsport.se\/wp-content\/uploads\/2017\/03\/alex.jpg","width":850,"height":567,"caption":"Foto: Hamid Ershad Sarabi"},{"@type":"BreadcrumbList","@id":"https:\/\/www.budokampsport.se\/2020\/04\/01\/sbks-hederspris-gick-till-alexander-gustafsson\/#breadcrumb","itemListElement":[{"@type":"ListItem","position":1,"name":"Hem","item":"https:\/\/www.budokampsport.se\/"},{"@type":"ListItem","position":2,"name":"SB&#038;K:s Hederspris gick till Alexander Gustafsson"}]},{"@type":"WebSite","@id":"https:\/\/www.budokampsport.se\/#website","url":"https:\/\/www.budokampsport.se\/","name":"Svenska Budo &amp; Kampsportsf\u00f6rbundet","description":"T\u00e4vling, Tr\u00e4ning, Tradition","potentialAction":[{"@type":"SearchAction","target":{"@type":"EntryPoint","urlTemplate":"https:\/\/www.budokampsport.se\/?s={search_term_string}"},"query-input":{"@type":"PropertyValueSpecification","valueRequired":true,"valueName":"search_term_string"}}],"inLanguage":"sv-SE"},{"@type":"Person","@id":"https:\/\/www.budokampsport.se\/#\/schema\/person\/c838cace8171f692e363fde3f38f208b","name":"Annie Carriage","image":{"@type":"ImageObject","inLanguage":"sv-SE","@id":"https:\/\/www.budokampsport.se\/#\/schema\/person\/image\/","url":"https:\/\/secure.gravatar.com\/avatar\/9311295560bdfbdf78365a26f7df1876?s=96&d=blank&r=g","contentUrl":"https:\/\/secure.gravatar.com\/avatar\/9311295560bdfbdf78365a26f7df1876?s=96&d=blank&r=g","caption":"Annie Carriage"},"url":"https:\/\/www.budokampsport.se\/author\/annie-bondefelt\/"}]}},"_links":{"self":[{"href":"https:\/\/www.budokampsport.se\/api\/wp\/v2\/posts\/119643","targetHints":{"allow":["GET"]}}],"collection":[{"href":"https:\/\/www.budokampsport.se\/api\/wp\/v2\/posts"}],"about":[{"href":"https:\/\/www.budokampsport.se\/api\/wp\/v2\/types\/post"}],"author":[{"embeddable":true,"href":"https:\/\/www.budokampsport.se\/api\/wp\/v2\/users\/120"}],"replies":[{"embeddable":true,"href":"https:\/\/www.budokampsport.se\/api\/wp\/v2\/comments?post=119643"}],"version-history":[{"count":0,"href":"https:\/\/www.budokampsport.se\/api\/wp\/v2\/posts\/119643\/revisions"}],"wp:featuredmedia":[{"embeddable":true,"href":"https:\/\/www.budokampsport.se\/api\/wp\/v2\/media\/42212"}],"wp:attachment":[{"href":"https:\/\/www.budokampsport.se\/api\/wp\/v2\/media?parent=119643"}],"wp:term":[{"taxonomy":"category","embeddable":true,"href":"https:\/\/www.budokampsport.se\/api\/wp\/v2\/categories?post=119643"},{"taxonomy":"post_tag","embeddable":true,"href":"https:\/\/www.budokampsport.se\/api\/wp\/v2\/tags?post=119643"}],"curies":[{"name":"wp","href":"https:\/\/api.w.org\/{rel}","templated":true}]}}