{"id":119669,"date":"2020-04-08T08:21:59","date_gmt":"2020-04-08T06:21:59","guid":{"rendered":"https:\/\/www.budokampsport.se\/?p=119669"},"modified":"2024-07-26T11:59:56","modified_gmt":"2024-07-26T09:59:56","slug":"sbk-byter-namn-pa-jamstalldhetsprojekt","status":"publish","type":"post","link":"https:\/\/www.budokampsport.se\/2020\/04\/08\/sbk-byter-namn-pa-jamstalldhetsprojekt\/","title":{"rendered":"SB&#038;K byter namn p\u00e5 j\u00e4mst\u00e4lldhetsprojekt"},"content":{"rendered":"<p>Svenska Budo &amp; Kampsportsf\u00f6rbundet lanserade i h\u00f6stas ett stort j\u00e4mst\u00e4lldhetsprojekt.<\/p>\n<p>Dessutom kontrakterades j\u00e4mst\u00e4lldhetsstrategen Sara Wiggberg.<br \/>\nProjektet \u00e4r i en fas nu d\u00e5 verksamheten inom f\u00f6rbundet h\u00e5ller p\u00e5 att kartl\u00e4ggas.<\/p>\n<p>Och nu v\u00e4ljer SB&amp;K att byta namn p\u00e5 projektet, fr\u00e5n \u201d60-40. P\u00e5 riktigt\u201d till \u201d50\/50. P\u00e5 riktigt\u201d.<br \/>\n&#8211; \u00c4ven om det kanske k\u00e4nns som en mindre viktig detalj i sammanhanget, \u00e4r \u00e4nd\u00e5 signalv\u00e4rdet stort. N\u00e4r vi s\u00e5g \u00f6ver namnet k\u00e4nde vi att vi vill satsa h\u00f6gre \u00e4n 60-40, m\u00e5let med ett j\u00e4mst\u00e4lldhetsprojekt kan inte vara att n\u00f6ja sig med att inte vara j\u00e4mst\u00e4llt.<\/p>\n<p>Projektet har ocks\u00e5 tagit fram informationsmaterial i form av en logga och en folder.<\/p>\n<p>Text: Jonathan Broberg<\/p>\n","protected":false},"excerpt":{"rendered":"<p>Under f\u00f6rra h\u00f6sten lanserade SB&#038;K ett stort j\u00e4mst\u00e4lldhetsprojekt, kallat \u201d60-40. P\u00e5 riktigt\u201d. Projektet, som fortg\u00e5r och h\u00e5ller p\u00e5 att kartl\u00e4gga verksamheten just nu, kommer att byta namn. Det till \u201d50\/50. P\u00e5 riktigt\u201d.<br \/><br>&#8211; N\u00e4r vi s\u00e5g \u00f6ver namnet k\u00e4nde vi att vi vill satsa h\u00f6gre \u00e4n 60-40, m\u00e5let med ett j\u00e4mst\u00e4lldhetsprojekt kan inte vara att n\u00f6ja sig med att inte vara j\u00e4mst\u00e4llt, s\u00e4ger generalsekreterare Mona Lundkvist till budokampsport.se.<\/p><br>","protected":false},"author":7,"featured_media":119671,"comment_status":"open","ping_status":"open","sticky":false,"template":"","format":"standard","meta":{"_acf_changed":false,"footnotes":""},"categories":[581,512,531],"tags":[],"class_list":["post-119669","post","type-post","status-publish","format-standard","has-post-thumbnail","hentry","category-50-50-pa-riktigt","category-jamstalldhet","category-sbk-2"],"acf":[],"yoast_head":"<!-- This site is optimized with the Yoast SEO plugin v26.8 - https:\/\/yoast.com\/product\/yoast-seo-wordpress\/ -->\n<title>SB&amp;K byter namn p\u00e5 j\u00e4mst\u00e4lldhetsprojekt - Svenska Budo &amp; Kampsportsf\u00f6rbundet<\/title>\n<meta name=\"description\" content=\"Under f\u00f6rra h\u00f6sten lanserade SB&amp;K ett stort j\u00e4mst\u00e4lldhetsprojekt, kallat \u201d60-40. P\u00e5 riktigt\u201d. Projektet, som fortg\u00e5r och h\u00e5ller p\u00e5 att kartl\u00e4gga verksamheten just nu, kommer att byta namn. Det till \u201d50\/50. P\u00e5 riktigt\u201d. - N\u00e4r vi s\u00e5g \u00f6ver namnet k\u00e4nde vi att vi vill satsa h\u00f6gre \u00e4n 60-40, m\u00e5let med ett j\u00e4mst\u00e4lldhetsprojekt kan inte vara att n\u00f6ja sig med att inte vara j\u00e4mst\u00e4llt, s\u00e4ger generalsekreterare Mona Lundkvist till budokampsport.se.\" \/>\n<meta name=\"robots\" content=\"index, follow, max-snippet:-1, max-image-preview:large, max-video-preview:-1\" \/>\n<link rel=\"canonical\" href=\"https:\/\/www.budokampsport.se\/2020\/04\/08\/sbk-byter-namn-pa-jamstalldhetsprojekt\/\" \/>\n<meta property=\"og:locale\" content=\"sv_SE\" \/>\n<meta property=\"og:type\" content=\"article\" \/>\n<meta property=\"og:title\" content=\"SB&amp;K byter namn p\u00e5 j\u00e4mst\u00e4lldhetsprojekt - Svenska Budo &amp; Kampsportsf\u00f6rbundet\" \/>\n<meta property=\"og:description\" content=\"Under f\u00f6rra h\u00f6sten lanserade SB&amp;K ett stort j\u00e4mst\u00e4lldhetsprojekt, kallat \u201d60-40. P\u00e5 riktigt\u201d. Projektet, som fortg\u00e5r och h\u00e5ller p\u00e5 att kartl\u00e4gga verksamheten just nu, kommer att byta namn. Det till \u201d50\/50. P\u00e5 riktigt\u201d. - N\u00e4r vi s\u00e5g \u00f6ver namnet k\u00e4nde vi att vi vill satsa h\u00f6gre \u00e4n 60-40, m\u00e5let med ett j\u00e4mst\u00e4lldhetsprojekt kan inte vara att n\u00f6ja sig med att inte vara j\u00e4mst\u00e4llt, s\u00e4ger generalsekreterare Mona Lundkvist till budokampsport.se.\" \/>\n<meta property=\"og:url\" content=\"https:\/\/www.budokampsport.se\/2020\/04\/08\/sbk-byter-namn-pa-jamstalldhetsprojekt\/\" \/>\n<meta property=\"og:site_name\" content=\"Svenska Budo &amp; Kampsportsf\u00f6rbundet\" \/>\n<meta property=\"article:author\" content=\"https:\/\/www.facebook.com\/jonathan.broberg.7\" \/>\n<meta property=\"article:published_time\" content=\"2020-04-08T06:21:59+00:00\" \/>\n<meta property=\"article:modified_time\" content=\"2024-07-26T09:59:56+00:00\" \/>\n<meta property=\"og:image\" content=\"https:\/\/www.budokampsport.se\/wp-content\/uploads\/2020\/04\/5050.jpg\" \/>\n\t<meta property=\"og:image:width\" content=\"850\" \/>\n\t<meta property=\"og:image:height\" content=\"402\" \/>\n\t<meta property=\"og:image:type\" content=\"image\/jpeg\" \/>\n<meta name=\"author\" content=\"Jonathan Broberg\" \/>\n<meta name=\"twitter:card\" content=\"summary_large_image\" \/>\n<meta name=\"twitter:label1\" content=\"Skriven av\" \/>\n\t<meta name=\"twitter:data1\" content=\"Jonathan Broberg\" \/>\n\t<meta name=\"twitter:label2\" content=\"Ber\u00e4knad l\u00e4stid\" \/>\n\t<meta name=\"twitter:data2\" content=\"1 minut\" \/>\n<script type=\"application\/ld+json\" class=\"yoast-schema-graph\">{\"@context\":\"https:\/\/schema.org\",\"@graph\":[{\"@type\":\"Article\",\"@id\":\"https:\/\/www.budokampsport.se\/2020\/04\/08\/sbk-byter-namn-pa-jamstalldhetsprojekt\/#article\",\"isPartOf\":{\"@id\":\"https:\/\/www.budokampsport.se\/2020\/04\/08\/sbk-byter-namn-pa-jamstalldhetsprojekt\/\"},\"author\":{\"name\":\"Jonathan Broberg\",\"@id\":\"https:\/\/www.budokampsport.se\/#\/schema\/person\/5c06d81d14850e2a8ce5493386560145\"},\"headline\":\"SB&#038;K byter namn p\u00e5 j\u00e4mst\u00e4lldhetsprojekt\",\"datePublished\":\"2020-04-08T06:21:59+00:00\",\"dateModified\":\"2024-07-26T09:59:56+00:00\",\"mainEntityOfPage\":{\"@id\":\"https:\/\/www.budokampsport.se\/2020\/04\/08\/sbk-byter-namn-pa-jamstalldhetsprojekt\/\"},\"wordCount\":141,\"commentCount\":1,\"image\":{\"@id\":\"https:\/\/www.budokampsport.se\/2020\/04\/08\/sbk-byter-namn-pa-jamstalldhetsprojekt\/#primaryimage\"},\"thumbnailUrl\":\"https:\/\/www.budokampsport.se\/wp-content\/uploads\/2020\/04\/5050.jpg\",\"articleSection\":[\"50\/50. P\u00e5 riktigt.\",\"j\u00e4mst\u00e4lldhet\",\"SB&amp;K\"],\"inLanguage\":\"sv-SE\",\"potentialAction\":[{\"@type\":\"CommentAction\",\"name\":\"Comment\",\"target\":[\"https:\/\/www.budokampsport.se\/2020\/04\/08\/sbk-byter-namn-pa-jamstalldhetsprojekt\/#respond\"]}]},{\"@type\":\"WebPage\",\"@id\":\"https:\/\/www.budokampsport.se\/2020\/04\/08\/sbk-byter-namn-pa-jamstalldhetsprojekt\/\",\"url\":\"https:\/\/www.budokampsport.se\/2020\/04\/08\/sbk-byter-namn-pa-jamstalldhetsprojekt\/\",\"name\":\"SB&K byter namn p\u00e5 j\u00e4mst\u00e4lldhetsprojekt - Svenska Budo &amp; Kampsportsf\u00f6rbundet\",\"isPartOf\":{\"@id\":\"https:\/\/www.budokampsport.se\/#website\"},\"primaryImageOfPage\":{\"@id\":\"https:\/\/www.budokampsport.se\/2020\/04\/08\/sbk-byter-namn-pa-jamstalldhetsprojekt\/#primaryimage\"},\"image\":{\"@id\":\"https:\/\/www.budokampsport.se\/2020\/04\/08\/sbk-byter-namn-pa-jamstalldhetsprojekt\/#primaryimage\"},\"thumbnailUrl\":\"https:\/\/www.budokampsport.se\/wp-content\/uploads\/2020\/04\/5050.jpg\",\"datePublished\":\"2020-04-08T06:21:59+00:00\",\"dateModified\":\"2024-07-26T09:59:56+00:00\",\"author\":{\"@id\":\"https:\/\/www.budokampsport.se\/#\/schema\/person\/5c06d81d14850e2a8ce5493386560145\"},\"description\":\"Under f\u00f6rra h\u00f6sten lanserade SB&K ett stort j\u00e4mst\u00e4lldhetsprojekt, kallat \u201d60-40. P\u00e5 riktigt\u201d. Projektet, som fortg\u00e5r och h\u00e5ller p\u00e5 att kartl\u00e4gga verksamheten just nu, kommer att byta namn. Det till \u201d50\/50. P\u00e5 riktigt\u201d. - N\u00e4r vi s\u00e5g \u00f6ver namnet k\u00e4nde vi att vi vill satsa h\u00f6gre \u00e4n 60-40, m\u00e5let med ett j\u00e4mst\u00e4lldhetsprojekt kan inte vara att n\u00f6ja sig med att inte vara j\u00e4mst\u00e4llt, s\u00e4ger generalsekreterare Mona Lundkvist till budokampsport.se.\",\"breadcrumb\":{\"@id\":\"https:\/\/www.budokampsport.se\/2020\/04\/08\/sbk-byter-namn-pa-jamstalldhetsprojekt\/#breadcrumb\"},\"inLanguage\":\"sv-SE\",\"potentialAction\":[{\"@type\":\"ReadAction\",\"target\":[\"https:\/\/www.budokampsport.se\/2020\/04\/08\/sbk-byter-namn-pa-jamstalldhetsprojekt\/\"]}]},{\"@type\":\"ImageObject\",\"inLanguage\":\"sv-SE\",\"@id\":\"https:\/\/www.budokampsport.se\/2020\/04\/08\/sbk-byter-namn-pa-jamstalldhetsprojekt\/#primaryimage\",\"url\":\"https:\/\/www.budokampsport.se\/wp-content\/uploads\/2020\/04\/5050.jpg\",\"contentUrl\":\"https:\/\/www.budokampsport.se\/wp-content\/uploads\/2020\/04\/5050.jpg\",\"width\":850,\"height\":402},{\"@type\":\"BreadcrumbList\",\"@id\":\"https:\/\/www.budokampsport.se\/2020\/04\/08\/sbk-byter-namn-pa-jamstalldhetsprojekt\/#breadcrumb\",\"itemListElement\":[{\"@type\":\"ListItem\",\"position\":1,\"name\":\"Hem\",\"item\":\"https:\/\/www.budokampsport.se\/\"},{\"@type\":\"ListItem\",\"position\":2,\"name\":\"SB&#038;K byter namn p\u00e5 j\u00e4mst\u00e4lldhetsprojekt\"}]},{\"@type\":\"WebSite\",\"@id\":\"https:\/\/www.budokampsport.se\/#website\",\"url\":\"https:\/\/www.budokampsport.se\/\",\"name\":\"Svenska Budo &amp; Kampsportsf\u00f6rbundet\",\"description\":\"T\u00e4vling, Tr\u00e4ning, Tradition\",\"potentialAction\":[{\"@type\":\"SearchAction\",\"target\":{\"@type\":\"EntryPoint\",\"urlTemplate\":\"https:\/\/www.budokampsport.se\/?s={search_term_string}\"},\"query-input\":{\"@type\":\"PropertyValueSpecification\",\"valueRequired\":true,\"valueName\":\"search_term_string\"}}],\"inLanguage\":\"sv-SE\"},{\"@type\":\"Person\",\"@id\":\"https:\/\/www.budokampsport.se\/#\/schema\/person\/5c06d81d14850e2a8ce5493386560145\",\"name\":\"Jonathan Broberg\",\"image\":{\"@type\":\"ImageObject\",\"inLanguage\":\"sv-SE\",\"@id\":\"https:\/\/www.budokampsport.se\/#\/schema\/person\/image\/\",\"url\":\"https:\/\/secure.gravatar.com\/avatar\/a58041c6cea9128bd9c40ee2f26d4136?s=96&d=blank&r=g\",\"contentUrl\":\"https:\/\/secure.gravatar.com\/avatar\/a58041c6cea9128bd9c40ee2f26d4136?s=96&d=blank&r=g\",\"caption\":\"Jonathan Broberg\"},\"sameAs\":[\"https:\/\/www.facebook.com\/jonathan.broberg.7\"],\"url\":\"https:\/\/www.budokampsport.se\/author\/jonathan\/\"}]}<\/script>\n<!-- \/ Yoast SEO plugin. -->","yoast_head_json":{"title":"SB&K byter namn p\u00e5 j\u00e4mst\u00e4lldhetsprojekt - Svenska Budo &amp; Kampsportsf\u00f6rbundet","description":"Under f\u00f6rra h\u00f6sten lanserade SB&K ett stort j\u00e4mst\u00e4lldhetsprojekt, kallat \u201d60-40. P\u00e5 riktigt\u201d. Projektet, som fortg\u00e5r och h\u00e5ller p\u00e5 att kartl\u00e4gga verksamheten just nu, kommer att byta namn. Det till \u201d50\/50. P\u00e5 riktigt\u201d. - N\u00e4r vi s\u00e5g \u00f6ver namnet k\u00e4nde vi att vi vill satsa h\u00f6gre \u00e4n 60-40, m\u00e5let med ett j\u00e4mst\u00e4lldhetsprojekt kan inte vara att n\u00f6ja sig med att inte vara j\u00e4mst\u00e4llt, s\u00e4ger generalsekreterare Mona Lundkvist till budokampsport.se.","robots":{"index":"index","follow":"follow","max-snippet":"max-snippet:-1","max-image-preview":"max-image-preview:large","max-video-preview":"max-video-preview:-1"},"canonical":"https:\/\/www.budokampsport.se\/2020\/04\/08\/sbk-byter-namn-pa-jamstalldhetsprojekt\/","og_locale":"sv_SE","og_type":"article","og_title":"SB&K byter namn p\u00e5 j\u00e4mst\u00e4lldhetsprojekt - Svenska Budo &amp; Kampsportsf\u00f6rbundet","og_description":"Under f\u00f6rra h\u00f6sten lanserade SB&K ett stort j\u00e4mst\u00e4lldhetsprojekt, kallat \u201d60-40. P\u00e5 riktigt\u201d. Projektet, som fortg\u00e5r och h\u00e5ller p\u00e5 att kartl\u00e4gga verksamheten just nu, kommer att byta namn. Det till \u201d50\/50. P\u00e5 riktigt\u201d. - N\u00e4r vi s\u00e5g \u00f6ver namnet k\u00e4nde vi att vi vill satsa h\u00f6gre \u00e4n 60-40, m\u00e5let med ett j\u00e4mst\u00e4lldhetsprojekt kan inte vara att n\u00f6ja sig med att inte vara j\u00e4mst\u00e4llt, s\u00e4ger generalsekreterare Mona Lundkvist till budokampsport.se.","og_url":"https:\/\/www.budokampsport.se\/2020\/04\/08\/sbk-byter-namn-pa-jamstalldhetsprojekt\/","og_site_name":"Svenska Budo &amp; Kampsportsf\u00f6rbundet","article_author":"https:\/\/www.facebook.com\/jonathan.broberg.7","article_published_time":"2020-04-08T06:21:59+00:00","article_modified_time":"2024-07-26T09:59:56+00:00","og_image":[{"width":850,"height":402,"url":"https:\/\/www.budokampsport.se\/wp-content\/uploads\/2020\/04\/5050.jpg","type":"image\/jpeg"}],"author":"Jonathan Broberg","twitter_card":"summary_large_image","twitter_misc":{"Skriven av":"Jonathan Broberg","Ber\u00e4knad l\u00e4stid":"1 minut"},"schema":{"@context":"https:\/\/schema.org","@graph":[{"@type":"Article","@id":"https:\/\/www.budokampsport.se\/2020\/04\/08\/sbk-byter-namn-pa-jamstalldhetsprojekt\/#article","isPartOf":{"@id":"https:\/\/www.budokampsport.se\/2020\/04\/08\/sbk-byter-namn-pa-jamstalldhetsprojekt\/"},"author":{"name":"Jonathan Broberg","@id":"https:\/\/www.budokampsport.se\/#\/schema\/person\/5c06d81d14850e2a8ce5493386560145"},"headline":"SB&#038;K byter namn p\u00e5 j\u00e4mst\u00e4lldhetsprojekt","datePublished":"2020-04-08T06:21:59+00:00","dateModified":"2024-07-26T09:59:56+00:00","mainEntityOfPage":{"@id":"https:\/\/www.budokampsport.se\/2020\/04\/08\/sbk-byter-namn-pa-jamstalldhetsprojekt\/"},"wordCount":141,"commentCount":1,"image":{"@id":"https:\/\/www.budokampsport.se\/2020\/04\/08\/sbk-byter-namn-pa-jamstalldhetsprojekt\/#primaryimage"},"thumbnailUrl":"https:\/\/www.budokampsport.se\/wp-content\/uploads\/2020\/04\/5050.jpg","articleSection":["50\/50. P\u00e5 riktigt.","j\u00e4mst\u00e4lldhet","SB&amp;K"],"inLanguage":"sv-SE","potentialAction":[{"@type":"CommentAction","name":"Comment","target":["https:\/\/www.budokampsport.se\/2020\/04\/08\/sbk-byter-namn-pa-jamstalldhetsprojekt\/#respond"]}]},{"@type":"WebPage","@id":"https:\/\/www.budokampsport.se\/2020\/04\/08\/sbk-byter-namn-pa-jamstalldhetsprojekt\/","url":"https:\/\/www.budokampsport.se\/2020\/04\/08\/sbk-byter-namn-pa-jamstalldhetsprojekt\/","name":"SB&K byter namn p\u00e5 j\u00e4mst\u00e4lldhetsprojekt - Svenska Budo &amp; Kampsportsf\u00f6rbundet","isPartOf":{"@id":"https:\/\/www.budokampsport.se\/#website"},"primaryImageOfPage":{"@id":"https:\/\/www.budokampsport.se\/2020\/04\/08\/sbk-byter-namn-pa-jamstalldhetsprojekt\/#primaryimage"},"image":{"@id":"https:\/\/www.budokampsport.se\/2020\/04\/08\/sbk-byter-namn-pa-jamstalldhetsprojekt\/#primaryimage"},"thumbnailUrl":"https:\/\/www.budokampsport.se\/wp-content\/uploads\/2020\/04\/5050.jpg","datePublished":"2020-04-08T06:21:59+00:00","dateModified":"2024-07-26T09:59:56+00:00","author":{"@id":"https:\/\/www.budokampsport.se\/#\/schema\/person\/5c06d81d14850e2a8ce5493386560145"},"description":"Under f\u00f6rra h\u00f6sten lanserade SB&K ett stort j\u00e4mst\u00e4lldhetsprojekt, kallat \u201d60-40. P\u00e5 riktigt\u201d. Projektet, som fortg\u00e5r och h\u00e5ller p\u00e5 att kartl\u00e4gga verksamheten just nu, kommer att byta namn. Det till \u201d50\/50. P\u00e5 riktigt\u201d. - N\u00e4r vi s\u00e5g \u00f6ver namnet k\u00e4nde vi att vi vill satsa h\u00f6gre \u00e4n 60-40, m\u00e5let med ett j\u00e4mst\u00e4lldhetsprojekt kan inte vara att n\u00f6ja sig med att inte vara j\u00e4mst\u00e4llt, s\u00e4ger generalsekreterare Mona Lundkvist till budokampsport.se.","breadcrumb":{"@id":"https:\/\/www.budokampsport.se\/2020\/04\/08\/sbk-byter-namn-pa-jamstalldhetsprojekt\/#breadcrumb"},"inLanguage":"sv-SE","potentialAction":[{"@type":"ReadAction","target":["https:\/\/www.budokampsport.se\/2020\/04\/08\/sbk-byter-namn-pa-jamstalldhetsprojekt\/"]}]},{"@type":"ImageObject","inLanguage":"sv-SE","@id":"https:\/\/www.budokampsport.se\/2020\/04\/08\/sbk-byter-namn-pa-jamstalldhetsprojekt\/#primaryimage","url":"https:\/\/www.budokampsport.se\/wp-content\/uploads\/2020\/04\/5050.jpg","contentUrl":"https:\/\/www.budokampsport.se\/wp-content\/uploads\/2020\/04\/5050.jpg","width":850,"height":402},{"@type":"BreadcrumbList","@id":"https:\/\/www.budokampsport.se\/2020\/04\/08\/sbk-byter-namn-pa-jamstalldhetsprojekt\/#breadcrumb","itemListElement":[{"@type":"ListItem","position":1,"name":"Hem","item":"https:\/\/www.budokampsport.se\/"},{"@type":"ListItem","position":2,"name":"SB&#038;K byter namn p\u00e5 j\u00e4mst\u00e4lldhetsprojekt"}]},{"@type":"WebSite","@id":"https:\/\/www.budokampsport.se\/#website","url":"https:\/\/www.budokampsport.se\/","name":"Svenska Budo &amp; Kampsportsf\u00f6rbundet","description":"T\u00e4vling, Tr\u00e4ning, Tradition","potentialAction":[{"@type":"SearchAction","target":{"@type":"EntryPoint","urlTemplate":"https:\/\/www.budokampsport.se\/?s={search_term_string}"},"query-input":{"@type":"PropertyValueSpecification","valueRequired":true,"valueName":"search_term_string"}}],"inLanguage":"sv-SE"},{"@type":"Person","@id":"https:\/\/www.budokampsport.se\/#\/schema\/person\/5c06d81d14850e2a8ce5493386560145","name":"Jonathan Broberg","image":{"@type":"ImageObject","inLanguage":"sv-SE","@id":"https:\/\/www.budokampsport.se\/#\/schema\/person\/image\/","url":"https:\/\/secure.gravatar.com\/avatar\/a58041c6cea9128bd9c40ee2f26d4136?s=96&d=blank&r=g","contentUrl":"https:\/\/secure.gravatar.com\/avatar\/a58041c6cea9128bd9c40ee2f26d4136?s=96&d=blank&r=g","caption":"Jonathan Broberg"},"sameAs":["https:\/\/www.facebook.com\/jonathan.broberg.7"],"url":"https:\/\/www.budokampsport.se\/author\/jonathan\/"}]}},"_links":{"self":[{"href":"https:\/\/www.budokampsport.se\/api\/wp\/v2\/posts\/119669","targetHints":{"allow":["GET"]}}],"collection":[{"href":"https:\/\/www.budokampsport.se\/api\/wp\/v2\/posts"}],"about":[{"href":"https:\/\/www.budokampsport.se\/api\/wp\/v2\/types\/post"}],"author":[{"embeddable":true,"href":"https:\/\/www.budokampsport.se\/api\/wp\/v2\/users\/7"}],"replies":[{"embeddable":true,"href":"https:\/\/www.budokampsport.se\/api\/wp\/v2\/comments?post=119669"}],"version-history":[{"count":0,"href":"https:\/\/www.budokampsport.se\/api\/wp\/v2\/posts\/119669\/revisions"}],"wp:featuredmedia":[{"embeddable":true,"href":"https:\/\/www.budokampsport.se\/api\/wp\/v2\/media\/119671"}],"wp:attachment":[{"href":"https:\/\/www.budokampsport.se\/api\/wp\/v2\/media?parent=119669"}],"wp:term":[{"taxonomy":"category","embeddable":true,"href":"https:\/\/www.budokampsport.se\/api\/wp\/v2\/categories?post=119669"},{"taxonomy":"post_tag","embeddable":true,"href":"https:\/\/www.budokampsport.se\/api\/wp\/v2\/tags?post=119669"}],"curies":[{"name":"wp","href":"https:\/\/api.w.org\/{rel}","templated":true}]}}