{"id":119712,"date":"2020-04-22T17:15:52","date_gmt":"2020-04-22T15:15:52","guid":{"rendered":"https:\/\/www.budokampsport.se\/?p=119712"},"modified":"2020-05-11T15:00:15","modified_gmt":"2020-05-11T13:00:15","slug":"kallelse-till-arsmote-2020-2","status":"publish","type":"post","link":"https:\/\/www.budokampsport.se\/2020\/04\/22\/kallelse-till-arsmote-2020-2\/","title":{"rendered":"Kallelse till \u00e5rsm\u00f6te 2020"},"content":{"rendered":"<p><strong>Kallelse<\/strong><br \/>\nDet f\u00f6rsta \u00e5rsm\u00f6tet genomf\u00f6rs m\u00e5ndag den 25 maj och det sista l\u00f6rdag den 13 juni. Datum och tid f\u00f6r respektive \u00e5rsm\u00f6te framg\u00e5r i den gemensamma kallelsen.<\/p>\n<p>\u00bb <a href=\"https:\/\/www.budokampsport.se\/forbund\/arsmoten\/\">Kallelse<\/a><\/p>\n<p><strong>Fullmaktsgranskning\u00a0<\/strong><br \/>\nF\u00f6rening som vill n\u00e4rvara vid SB&amp;K:s eller n\u00e5got av dess underf\u00f6rbunds \u00e5rsm\u00f6ten beh\u00f6ver registrera sitt ombud f\u00f6r fullmaktsgranskning. Registreringen sker via ett formul\u00e4r f\u00f6r varje enskilt \u00e5rsm\u00f6te. Datum f\u00f6r fullmaktsgranskning samt l\u00e4nk till registrering av ombud finns i kallelsen.<strong><br \/>\n<\/strong><\/p>\n<p>&nbsp;<\/p>\n<p>Text: Sofia Arnbom<br \/>\nFoto: Bildbyr\u00e5n<\/p>\n","protected":false},"excerpt":{"rendered":"<p>\u00c5rsm\u00f6ten som var planerade att genomf\u00f6ras i Stockholm den 21 mars st\u00e4lldes in som ett led i att begr\u00e4nsa smittspridningen av coronaviruset. H\u00e4rmed kallas f\u00f6rbundets medlemsf\u00f6reningar till digitala \u00e5rsm\u00f6ten f\u00f6r Svenska Budo &#038; Kampsportsf\u00f6rbundet samt 12 underf\u00f6rbund.<\/p><br>","protected":false},"author":47,"featured_media":116691,"comment_status":"open","ping_status":"open","sticky":false,"template":"","format":"standard","meta":{"_acf_changed":false,"footnotes":""},"categories":[410,481],"tags":[469],"class_list":["post-119712","post","type-post","status-publish","format-standard","has-post-thumbnail","hentry","category-arsmote","category-forening","tag-arsmote"],"acf":[],"yoast_head":"<!-- This site is optimized with the Yoast SEO plugin v26.8 - https:\/\/yoast.com\/product\/yoast-seo-wordpress\/ -->\n<title>Kallelse till \u00e5rsm\u00f6te 2020 - Svenska Budo &amp; Kampsportsf\u00f6rbundet<\/title>\n<meta name=\"description\" content=\"\u00c5rsm\u00f6ten som var planerade att genomf\u00f6ras i Stockholm den 21 mars st\u00e4lldes in som ett led i att begr\u00e4nsa smittspridningen av coronaviruset. H\u00e4rmed kallas f\u00f6rbundets medlemsf\u00f6reningar till digitala \u00e5rsm\u00f6ten f\u00f6r Svenska Budo &amp; Kampsportsf\u00f6rbundet samt 12 underf\u00f6rbund.\" \/>\n<meta name=\"robots\" content=\"index, follow, max-snippet:-1, max-image-preview:large, max-video-preview:-1\" \/>\n<link rel=\"canonical\" href=\"https:\/\/www.budokampsport.se\/2020\/04\/22\/kallelse-till-arsmote-2020-2\/\" \/>\n<meta property=\"og:locale\" content=\"sv_SE\" \/>\n<meta property=\"og:type\" content=\"article\" \/>\n<meta property=\"og:title\" content=\"Kallelse till \u00e5rsm\u00f6te 2020 - Svenska Budo &amp; Kampsportsf\u00f6rbundet\" \/>\n<meta property=\"og:description\" content=\"\u00c5rsm\u00f6ten som var planerade att genomf\u00f6ras i Stockholm den 21 mars st\u00e4lldes in som ett led i att begr\u00e4nsa smittspridningen av coronaviruset. H\u00e4rmed kallas f\u00f6rbundets medlemsf\u00f6reningar till digitala \u00e5rsm\u00f6ten f\u00f6r Svenska Budo &amp; Kampsportsf\u00f6rbundet samt 12 underf\u00f6rbund.\" \/>\n<meta property=\"og:url\" content=\"https:\/\/www.budokampsport.se\/2020\/04\/22\/kallelse-till-arsmote-2020-2\/\" \/>\n<meta property=\"og:site_name\" content=\"Svenska Budo &amp; Kampsportsf\u00f6rbundet\" \/>\n<meta property=\"article:published_time\" content=\"2020-04-22T15:15:52+00:00\" \/>\n<meta property=\"article:modified_time\" content=\"2020-05-11T13:00:15+00:00\" \/>\n<meta property=\"og:image\" content=\"https:\/\/www.budokampsport.se\/wp-content\/uploads\/2020\/01\/Bildbyran-Maxim-Thore-847x564.jpg\" \/>\n\t<meta property=\"og:image:width\" content=\"847\" \/>\n\t<meta property=\"og:image:height\" content=\"564\" \/>\n\t<meta property=\"og:image:type\" content=\"image\/jpeg\" \/>\n<meta name=\"author\" content=\"Sofia Arnbom\" \/>\n<meta name=\"twitter:card\" content=\"summary_large_image\" \/>\n<meta name=\"twitter:label1\" content=\"Skriven av\" \/>\n\t<meta name=\"twitter:data1\" content=\"Sofia Arnbom\" \/>\n<script type=\"application\/ld+json\" class=\"yoast-schema-graph\">{\"@context\":\"https:\/\/schema.org\",\"@graph\":[{\"@type\":\"Article\",\"@id\":\"https:\/\/www.budokampsport.se\/2020\/04\/22\/kallelse-till-arsmote-2020-2\/#article\",\"isPartOf\":{\"@id\":\"https:\/\/www.budokampsport.se\/2020\/04\/22\/kallelse-till-arsmote-2020-2\/\"},\"author\":{\"name\":\"Sofia Arnbom\",\"@id\":\"https:\/\/www.budokampsport.se\/#\/schema\/person\/666f754cfbc6f9a83a8c253cd24ad660\"},\"headline\":\"Kallelse till \u00e5rsm\u00f6te 2020\",\"datePublished\":\"2020-04-22T15:15:52+00:00\",\"dateModified\":\"2020-05-11T13:00:15+00:00\",\"mainEntityOfPage\":{\"@id\":\"https:\/\/www.budokampsport.se\/2020\/04\/22\/kallelse-till-arsmote-2020-2\/\"},\"wordCount\":100,\"commentCount\":1,\"image\":{\"@id\":\"https:\/\/www.budokampsport.se\/2020\/04\/22\/kallelse-till-arsmote-2020-2\/#primaryimage\"},\"thumbnailUrl\":\"https:\/\/www.budokampsport.se\/wp-content\/uploads\/2020\/01\/Bildbyran-Maxim-Thore-847x564.jpg\",\"keywords\":[\"\u00e5rsm\u00f6te\"],\"articleSection\":[\"\u00c5rsm\u00f6te\",\"F\u00f6rening\"],\"inLanguage\":\"sv-SE\",\"potentialAction\":[{\"@type\":\"CommentAction\",\"name\":\"Comment\",\"target\":[\"https:\/\/www.budokampsport.se\/2020\/04\/22\/kallelse-till-arsmote-2020-2\/#respond\"]}]},{\"@type\":\"WebPage\",\"@id\":\"https:\/\/www.budokampsport.se\/2020\/04\/22\/kallelse-till-arsmote-2020-2\/\",\"url\":\"https:\/\/www.budokampsport.se\/2020\/04\/22\/kallelse-till-arsmote-2020-2\/\",\"name\":\"Kallelse till \u00e5rsm\u00f6te 2020 - Svenska Budo &amp; Kampsportsf\u00f6rbundet\",\"isPartOf\":{\"@id\":\"https:\/\/www.budokampsport.se\/#website\"},\"primaryImageOfPage\":{\"@id\":\"https:\/\/www.budokampsport.se\/2020\/04\/22\/kallelse-till-arsmote-2020-2\/#primaryimage\"},\"image\":{\"@id\":\"https:\/\/www.budokampsport.se\/2020\/04\/22\/kallelse-till-arsmote-2020-2\/#primaryimage\"},\"thumbnailUrl\":\"https:\/\/www.budokampsport.se\/wp-content\/uploads\/2020\/01\/Bildbyran-Maxim-Thore-847x564.jpg\",\"datePublished\":\"2020-04-22T15:15:52+00:00\",\"dateModified\":\"2020-05-11T13:00:15+00:00\",\"author\":{\"@id\":\"https:\/\/www.budokampsport.se\/#\/schema\/person\/666f754cfbc6f9a83a8c253cd24ad660\"},\"description\":\"\u00c5rsm\u00f6ten som var planerade att genomf\u00f6ras i Stockholm den 21 mars st\u00e4lldes in som ett led i att begr\u00e4nsa smittspridningen av coronaviruset. H\u00e4rmed kallas f\u00f6rbundets medlemsf\u00f6reningar till digitala \u00e5rsm\u00f6ten f\u00f6r Svenska Budo & Kampsportsf\u00f6rbundet samt 12 underf\u00f6rbund.\",\"breadcrumb\":{\"@id\":\"https:\/\/www.budokampsport.se\/2020\/04\/22\/kallelse-till-arsmote-2020-2\/#breadcrumb\"},\"inLanguage\":\"sv-SE\",\"potentialAction\":[{\"@type\":\"ReadAction\",\"target\":[\"https:\/\/www.budokampsport.se\/2020\/04\/22\/kallelse-till-arsmote-2020-2\/\"]}]},{\"@type\":\"ImageObject\",\"inLanguage\":\"sv-SE\",\"@id\":\"https:\/\/www.budokampsport.se\/2020\/04\/22\/kallelse-till-arsmote-2020-2\/#primaryimage\",\"url\":\"https:\/\/www.budokampsport.se\/wp-content\/uploads\/2020\/01\/Bildbyran-Maxim-Thore-847x564.jpg\",\"contentUrl\":\"https:\/\/www.budokampsport.se\/wp-content\/uploads\/2020\/01\/Bildbyran-Maxim-Thore-847x564.jpg\",\"width\":847,\"height\":564,\"caption\":\"181031 En person skriver p\u00e5 sin dator p\u00e5 universitetet den 31 oktober 2018 i Stockholm. Foto: MAXIM THOR\u00c9 \/ BILDBYR\u00c5N\"},{\"@type\":\"BreadcrumbList\",\"@id\":\"https:\/\/www.budokampsport.se\/2020\/04\/22\/kallelse-till-arsmote-2020-2\/#breadcrumb\",\"itemListElement\":[{\"@type\":\"ListItem\",\"position\":1,\"name\":\"Hem\",\"item\":\"https:\/\/www.budokampsport.se\/\"},{\"@type\":\"ListItem\",\"position\":2,\"name\":\"Kallelse till \u00e5rsm\u00f6te 2020\"}]},{\"@type\":\"WebSite\",\"@id\":\"https:\/\/www.budokampsport.se\/#website\",\"url\":\"https:\/\/www.budokampsport.se\/\",\"name\":\"Svenska Budo &amp; Kampsportsf\u00f6rbundet\",\"description\":\"T\u00e4vling, Tr\u00e4ning, Tradition\",\"potentialAction\":[{\"@type\":\"SearchAction\",\"target\":{\"@type\":\"EntryPoint\",\"urlTemplate\":\"https:\/\/www.budokampsport.se\/?s={search_term_string}\"},\"query-input\":{\"@type\":\"PropertyValueSpecification\",\"valueRequired\":true,\"valueName\":\"search_term_string\"}}],\"inLanguage\":\"sv-SE\"},{\"@type\":\"Person\",\"@id\":\"https:\/\/www.budokampsport.se\/#\/schema\/person\/666f754cfbc6f9a83a8c253cd24ad660\",\"name\":\"Sofia Arnbom\",\"image\":{\"@type\":\"ImageObject\",\"inLanguage\":\"sv-SE\",\"@id\":\"https:\/\/www.budokampsport.se\/#\/schema\/person\/image\/\",\"url\":\"https:\/\/secure.gravatar.com\/avatar\/a69f673c99635f06ea6cb1eb10ca7e92?s=96&d=blank&r=g\",\"contentUrl\":\"https:\/\/secure.gravatar.com\/avatar\/a69f673c99635f06ea6cb1eb10ca7e92?s=96&d=blank&r=g\",\"caption\":\"Sofia Arnbom\"},\"url\":\"https:\/\/www.budokampsport.se\/author\/sofia-arnbom\/\"}]}<\/script>\n<!-- \/ Yoast SEO plugin. -->","yoast_head_json":{"title":"Kallelse till \u00e5rsm\u00f6te 2020 - Svenska Budo &amp; Kampsportsf\u00f6rbundet","description":"\u00c5rsm\u00f6ten som var planerade att genomf\u00f6ras i Stockholm den 21 mars st\u00e4lldes in som ett led i att begr\u00e4nsa smittspridningen av coronaviruset. H\u00e4rmed kallas f\u00f6rbundets medlemsf\u00f6reningar till digitala \u00e5rsm\u00f6ten f\u00f6r Svenska Budo & Kampsportsf\u00f6rbundet samt 12 underf\u00f6rbund.","robots":{"index":"index","follow":"follow","max-snippet":"max-snippet:-1","max-image-preview":"max-image-preview:large","max-video-preview":"max-video-preview:-1"},"canonical":"https:\/\/www.budokampsport.se\/2020\/04\/22\/kallelse-till-arsmote-2020-2\/","og_locale":"sv_SE","og_type":"article","og_title":"Kallelse till \u00e5rsm\u00f6te 2020 - Svenska Budo &amp; Kampsportsf\u00f6rbundet","og_description":"\u00c5rsm\u00f6ten som var planerade att genomf\u00f6ras i Stockholm den 21 mars st\u00e4lldes in som ett led i att begr\u00e4nsa smittspridningen av coronaviruset. H\u00e4rmed kallas f\u00f6rbundets medlemsf\u00f6reningar till digitala \u00e5rsm\u00f6ten f\u00f6r Svenska Budo & Kampsportsf\u00f6rbundet samt 12 underf\u00f6rbund.","og_url":"https:\/\/www.budokampsport.se\/2020\/04\/22\/kallelse-till-arsmote-2020-2\/","og_site_name":"Svenska Budo &amp; Kampsportsf\u00f6rbundet","article_published_time":"2020-04-22T15:15:52+00:00","article_modified_time":"2020-05-11T13:00:15+00:00","og_image":[{"width":847,"height":564,"url":"https:\/\/www.budokampsport.se\/wp-content\/uploads\/2020\/01\/Bildbyran-Maxim-Thore-847x564.jpg","type":"image\/jpeg"}],"author":"Sofia Arnbom","twitter_card":"summary_large_image","twitter_misc":{"Skriven av":"Sofia Arnbom"},"schema":{"@context":"https:\/\/schema.org","@graph":[{"@type":"Article","@id":"https:\/\/www.budokampsport.se\/2020\/04\/22\/kallelse-till-arsmote-2020-2\/#article","isPartOf":{"@id":"https:\/\/www.budokampsport.se\/2020\/04\/22\/kallelse-till-arsmote-2020-2\/"},"author":{"name":"Sofia Arnbom","@id":"https:\/\/www.budokampsport.se\/#\/schema\/person\/666f754cfbc6f9a83a8c253cd24ad660"},"headline":"Kallelse till \u00e5rsm\u00f6te 2020","datePublished":"2020-04-22T15:15:52+00:00","dateModified":"2020-05-11T13:00:15+00:00","mainEntityOfPage":{"@id":"https:\/\/www.budokampsport.se\/2020\/04\/22\/kallelse-till-arsmote-2020-2\/"},"wordCount":100,"commentCount":1,"image":{"@id":"https:\/\/www.budokampsport.se\/2020\/04\/22\/kallelse-till-arsmote-2020-2\/#primaryimage"},"thumbnailUrl":"https:\/\/www.budokampsport.se\/wp-content\/uploads\/2020\/01\/Bildbyran-Maxim-Thore-847x564.jpg","keywords":["\u00e5rsm\u00f6te"],"articleSection":["\u00c5rsm\u00f6te","F\u00f6rening"],"inLanguage":"sv-SE","potentialAction":[{"@type":"CommentAction","name":"Comment","target":["https:\/\/www.budokampsport.se\/2020\/04\/22\/kallelse-till-arsmote-2020-2\/#respond"]}]},{"@type":"WebPage","@id":"https:\/\/www.budokampsport.se\/2020\/04\/22\/kallelse-till-arsmote-2020-2\/","url":"https:\/\/www.budokampsport.se\/2020\/04\/22\/kallelse-till-arsmote-2020-2\/","name":"Kallelse till \u00e5rsm\u00f6te 2020 - Svenska Budo &amp; Kampsportsf\u00f6rbundet","isPartOf":{"@id":"https:\/\/www.budokampsport.se\/#website"},"primaryImageOfPage":{"@id":"https:\/\/www.budokampsport.se\/2020\/04\/22\/kallelse-till-arsmote-2020-2\/#primaryimage"},"image":{"@id":"https:\/\/www.budokampsport.se\/2020\/04\/22\/kallelse-till-arsmote-2020-2\/#primaryimage"},"thumbnailUrl":"https:\/\/www.budokampsport.se\/wp-content\/uploads\/2020\/01\/Bildbyran-Maxim-Thore-847x564.jpg","datePublished":"2020-04-22T15:15:52+00:00","dateModified":"2020-05-11T13:00:15+00:00","author":{"@id":"https:\/\/www.budokampsport.se\/#\/schema\/person\/666f754cfbc6f9a83a8c253cd24ad660"},"description":"\u00c5rsm\u00f6ten som var planerade att genomf\u00f6ras i Stockholm den 21 mars st\u00e4lldes in som ett led i att begr\u00e4nsa smittspridningen av coronaviruset. H\u00e4rmed kallas f\u00f6rbundets medlemsf\u00f6reningar till digitala \u00e5rsm\u00f6ten f\u00f6r Svenska Budo & Kampsportsf\u00f6rbundet samt 12 underf\u00f6rbund.","breadcrumb":{"@id":"https:\/\/www.budokampsport.se\/2020\/04\/22\/kallelse-till-arsmote-2020-2\/#breadcrumb"},"inLanguage":"sv-SE","potentialAction":[{"@type":"ReadAction","target":["https:\/\/www.budokampsport.se\/2020\/04\/22\/kallelse-till-arsmote-2020-2\/"]}]},{"@type":"ImageObject","inLanguage":"sv-SE","@id":"https:\/\/www.budokampsport.se\/2020\/04\/22\/kallelse-till-arsmote-2020-2\/#primaryimage","url":"https:\/\/www.budokampsport.se\/wp-content\/uploads\/2020\/01\/Bildbyran-Maxim-Thore-847x564.jpg","contentUrl":"https:\/\/www.budokampsport.se\/wp-content\/uploads\/2020\/01\/Bildbyran-Maxim-Thore-847x564.jpg","width":847,"height":564,"caption":"181031 En person skriver p\u00e5 sin dator p\u00e5 universitetet den 31 oktober 2018 i Stockholm. Foto: MAXIM THOR\u00c9 \/ BILDBYR\u00c5N"},{"@type":"BreadcrumbList","@id":"https:\/\/www.budokampsport.se\/2020\/04\/22\/kallelse-till-arsmote-2020-2\/#breadcrumb","itemListElement":[{"@type":"ListItem","position":1,"name":"Hem","item":"https:\/\/www.budokampsport.se\/"},{"@type":"ListItem","position":2,"name":"Kallelse till \u00e5rsm\u00f6te 2020"}]},{"@type":"WebSite","@id":"https:\/\/www.budokampsport.se\/#website","url":"https:\/\/www.budokampsport.se\/","name":"Svenska Budo &amp; Kampsportsf\u00f6rbundet","description":"T\u00e4vling, Tr\u00e4ning, Tradition","potentialAction":[{"@type":"SearchAction","target":{"@type":"EntryPoint","urlTemplate":"https:\/\/www.budokampsport.se\/?s={search_term_string}"},"query-input":{"@type":"PropertyValueSpecification","valueRequired":true,"valueName":"search_term_string"}}],"inLanguage":"sv-SE"},{"@type":"Person","@id":"https:\/\/www.budokampsport.se\/#\/schema\/person\/666f754cfbc6f9a83a8c253cd24ad660","name":"Sofia Arnbom","image":{"@type":"ImageObject","inLanguage":"sv-SE","@id":"https:\/\/www.budokampsport.se\/#\/schema\/person\/image\/","url":"https:\/\/secure.gravatar.com\/avatar\/a69f673c99635f06ea6cb1eb10ca7e92?s=96&d=blank&r=g","contentUrl":"https:\/\/secure.gravatar.com\/avatar\/a69f673c99635f06ea6cb1eb10ca7e92?s=96&d=blank&r=g","caption":"Sofia Arnbom"},"url":"https:\/\/www.budokampsport.se\/author\/sofia-arnbom\/"}]}},"_links":{"self":[{"href":"https:\/\/www.budokampsport.se\/api\/wp\/v2\/posts\/119712","targetHints":{"allow":["GET"]}}],"collection":[{"href":"https:\/\/www.budokampsport.se\/api\/wp\/v2\/posts"}],"about":[{"href":"https:\/\/www.budokampsport.se\/api\/wp\/v2\/types\/post"}],"author":[{"embeddable":true,"href":"https:\/\/www.budokampsport.se\/api\/wp\/v2\/users\/47"}],"replies":[{"embeddable":true,"href":"https:\/\/www.budokampsport.se\/api\/wp\/v2\/comments?post=119712"}],"version-history":[{"count":0,"href":"https:\/\/www.budokampsport.se\/api\/wp\/v2\/posts\/119712\/revisions"}],"wp:featuredmedia":[{"embeddable":true,"href":"https:\/\/www.budokampsport.se\/api\/wp\/v2\/media\/116691"}],"wp:attachment":[{"href":"https:\/\/www.budokampsport.se\/api\/wp\/v2\/media?parent=119712"}],"wp:term":[{"taxonomy":"category","embeddable":true,"href":"https:\/\/www.budokampsport.se\/api\/wp\/v2\/categories?post=119712"},{"taxonomy":"post_tag","embeddable":true,"href":"https:\/\/www.budokampsport.se\/api\/wp\/v2\/tags?post=119712"}],"curies":[{"name":"wp","href":"https:\/\/api.w.org\/{rel}","templated":true}]}}