{"id":119728,"date":"2020-04-27T14:36:56","date_gmt":"2020-04-27T12:36:56","guid":{"rendered":"https:\/\/www.budokampsport.se\/?p=119728"},"modified":"2020-04-27T14:36:56","modified_gmt":"2020-04-27T12:36:56","slug":"info-fran-rf-ansokan-om-kompensation-for-corona-oppnar-1-maj","status":"publish","type":"post","link":"https:\/\/www.budokampsport.se\/2020\/04\/27\/info-fran-rf-ansokan-om-kompensation-for-corona-oppnar-1-maj\/","title":{"rendered":"Info fr\u00e5n RF: Ans\u00f6kan om kompensation f\u00f6r corona \u00f6ppnar 1 maj"},"content":{"rendered":"<p><em>S\u00e5 h\u00e4r skriver rf.se.<\/p>\n<p>&#8220;Specialidrottsf\u00f6rbund och idrottsf\u00f6reningar kan under perioden 1\u201315 maj ans\u00f6ka om kompensationsst\u00f6d f\u00f6r ekonomiska konsekvenser av coronakrisen.<\/em><\/p>\n<p><em>M\u00e5nga specialidrottsf\u00f6rbund (SF) och idrottsf\u00f6reningar (IF) har haft det tufft under coronakrisen med inst\u00e4llda evenemang, anpassad verksamhet och stora ekonomiska konsekvenser. Syftet med kompensationsst\u00f6det \u00e4r att ge SF och IF f\u00f6ruts\u00e4ttningar att \u00f6verleva och fortsatt kunna bedriva idrott. Barn- och ungdomsverksamheten \u00e4r s\u00e4rskilt prioriterad.<\/em><\/p>\n<p><em>Ans\u00f6kningsperioden f\u00f6r kompensationsst\u00f6det \u00e4r 1\u201315 maj. St\u00f6det g\u00e4ller f\u00f6r f\u00f6rlorade int\u00e4kter eller merkostnader p\u00e5 grund av coronakrisen under perioden 12 mars till 30 juni. F\u00f6r att f\u00f6reningar ska kunna s\u00f6ka kompensation g\u00e4ller att den totala f\u00f6rlusten\/kostnaden \u00e4r p\u00e5 minst 15 000 kronor.<\/em><\/p>\n<p><strong><em>Idrottsf\u00f6reningar ans\u00f6ker i IdrottOnline, under fliken Idrottsmedel.<\/em><\/strong><br \/>\n<a href=\"https:\/\/www.rf.se\/bidragochstod\/Bidrag\/kompensationsstodtillidrottsforeningar\/\"><em>H\u00e4r finns allt du beh\u00f6ver veta om kompensationsst\u00f6d till IF<\/em><\/a><\/p>\n<p><strong><em>Specialidrottsf\u00f6rbund ans\u00f6ker i de mallar som RF skickar ut senast den 30 april.<\/em><\/strong><br \/>\n<a href=\"https:\/\/www.rf.se\/bidragochstod\/Bidrag\/kompensationsstodtillspecialidrottsforbund\/\"><em>H\u00e4r finns allt du beh\u00f6ver veta om kompensationsst\u00f6d till SF<\/em><\/a><\/p>\n<p><em>RF kommer bereda ans\u00f6kningarna under maj och b\u00f6rjan av juni. Riksidrottsstyrelsen ber\u00e4knas kunna besluta om utbetalning i mitten av juni.<\/em><\/p>\n<p><em>F\u00f6r fr\u00e5gor om kompensationsst\u00f6det, kontakta corona@rfsisu.se.<\/em><\/p>\n<p><strong><em>Bakgrund till st\u00f6det<\/em><\/strong><br \/>\n<em>Den 18 mars l\u00e4mnade RF:s ordf\u00f6rande Bj\u00f6rn Eriksson \u00f6ver den f\u00f6rsta ber\u00e4kningen av coronapandemins ekonomiska konsekvenser f\u00f6r idrottsr\u00f6relsen till idrottsminister Amanda Lind. Idrottsf\u00f6reningar uppskattas f\u00f6rlora minst 500 miljoner kronor p\u00e5 de evenemang som st\u00e4lls in 12 mars till 30 april p\u00e5 grund av coronaviruset.<\/em><\/p>\n<p><em>Regeringen gav den 20 mars beskedet att ett st\u00f6dpaket p\u00e5 500 miljoner kronor avs\u00e4tts f\u00f6r att kompensera idrottsr\u00f6relsen f\u00f6r coronakrisen.<\/em><\/p>\n<p><em>RF p\u00e5b\u00f6rjade d\u00e4refter arbetet med hur st\u00f6dpaketet ska f\u00f6rdelas. En referensgrupp med tio SF samlades f\u00f6r att diskutera principer f\u00f6r f\u00f6rdelningen och efter flera m\u00f6ten i gruppen kom RF fram till ett f\u00f6rslag som bland annat inneb\u00e4r att barn- och ungdomsverksamhet prioriteras. Den 16 april beslutade sedan Riksidrottsstyrelsen (RS) om \u00f6vergripande principer f\u00f6r f\u00f6rdelningen.&#8221;<\/em><\/p>\n<p><a href=\"https:\/\/www.rf.se\/Nyheter\/Allanyheter\/ansokanomkompensationforcoronaoppnar1maj\">H\u00e4r finns informationen i sin helhet.<\/a><\/p>\n","protected":false},"excerpt":{"rendered":"<p>Fr\u00e5n och med den f\u00f6rsta maj kommer f\u00f6rbund och f\u00f6reningar att kunna ans\u00f6ka om kompensation f\u00f6r corona. Det meddelade Riksidrottsf\u00f6rbundet p\u00e5 sin hemsida rf.se idag.<\/p><br>","protected":false},"author":7,"featured_media":102319,"comment_status":"open","ping_status":"open","sticky":false,"template":"","format":"standard","meta":{"_acf_changed":false,"footnotes":""},"categories":[1],"tags":[],"class_list":["post-119728","post","type-post","status-publish","format-standard","has-post-thumbnail","hentry","category-okategoriserade"],"acf":[],"yoast_head":"<!-- This site is optimized with the Yoast SEO plugin v26.8 - https:\/\/yoast.com\/product\/yoast-seo-wordpress\/ -->\n<title>Info fr\u00e5n RF: Ans\u00f6kan om kompensation f\u00f6r corona \u00f6ppnar 1 maj - Svenska Budo &amp; Kampsportsf\u00f6rbundet<\/title>\n<meta name=\"description\" content=\"Fr\u00e5n och med den f\u00f6rsta maj kommer f\u00f6rbund och f\u00f6reningar att kunna ans\u00f6ka om kompensation f\u00f6r corona. Det meddelade Riksidrottsf\u00f6rbundet p\u00e5 sin hemsida rf.se idag.\" \/>\n<meta name=\"robots\" content=\"index, follow, max-snippet:-1, max-image-preview:large, max-video-preview:-1\" \/>\n<link rel=\"canonical\" href=\"https:\/\/www.budokampsport.se\/2020\/04\/27\/info-fran-rf-ansokan-om-kompensation-for-corona-oppnar-1-maj\/\" \/>\n<meta property=\"og:locale\" content=\"sv_SE\" \/>\n<meta property=\"og:type\" content=\"article\" \/>\n<meta property=\"og:title\" content=\"Info fr\u00e5n RF: Ans\u00f6kan om kompensation f\u00f6r corona \u00f6ppnar 1 maj - Svenska Budo &amp; Kampsportsf\u00f6rbundet\" \/>\n<meta property=\"og:description\" content=\"Fr\u00e5n och med den f\u00f6rsta maj kommer f\u00f6rbund och f\u00f6reningar att kunna ans\u00f6ka om kompensation f\u00f6r corona. Det meddelade Riksidrottsf\u00f6rbundet p\u00e5 sin hemsida rf.se idag.\" \/>\n<meta property=\"og:url\" content=\"https:\/\/www.budokampsport.se\/2020\/04\/27\/info-fran-rf-ansokan-om-kompensation-for-corona-oppnar-1-maj\/\" \/>\n<meta property=\"og:site_name\" content=\"Svenska Budo &amp; Kampsportsf\u00f6rbundet\" \/>\n<meta property=\"article:author\" content=\"https:\/\/www.facebook.com\/jonathan.broberg.7\" \/>\n<meta property=\"article:published_time\" content=\"2020-04-27T12:36:56+00:00\" \/>\n<meta property=\"og:image\" content=\"https:\/\/www.budokampsport.se\/wp-content\/uploads\/2019\/07\/rf_vertical_color_neg_rgb_2018-e1625211837717.png\" \/>\n\t<meta property=\"og:image:width\" content=\"850\" \/>\n\t<meta property=\"og:image:height\" content=\"582\" \/>\n\t<meta property=\"og:image:type\" content=\"image\/png\" \/>\n<meta name=\"author\" content=\"Jonathan Broberg\" \/>\n<meta name=\"twitter:card\" content=\"summary_large_image\" \/>\n<meta name=\"twitter:label1\" content=\"Skriven av\" \/>\n\t<meta name=\"twitter:data1\" content=\"Jonathan Broberg\" \/>\n\t<meta name=\"twitter:label2\" content=\"Ber\u00e4knad l\u00e4stid\" \/>\n\t<meta name=\"twitter:data2\" content=\"2 minuter\" \/>\n<script type=\"application\/ld+json\" class=\"yoast-schema-graph\">{\"@context\":\"https:\/\/schema.org\",\"@graph\":[{\"@type\":\"Article\",\"@id\":\"https:\/\/www.budokampsport.se\/2020\/04\/27\/info-fran-rf-ansokan-om-kompensation-for-corona-oppnar-1-maj\/#article\",\"isPartOf\":{\"@id\":\"https:\/\/www.budokampsport.se\/2020\/04\/27\/info-fran-rf-ansokan-om-kompensation-for-corona-oppnar-1-maj\/\"},\"author\":{\"name\":\"Jonathan Broberg\",\"@id\":\"https:\/\/www.budokampsport.se\/#\/schema\/person\/5c06d81d14850e2a8ce5493386560145\"},\"headline\":\"Info fr\u00e5n RF: Ans\u00f6kan om kompensation f\u00f6r corona \u00f6ppnar 1 maj\",\"datePublished\":\"2020-04-27T12:36:56+00:00\",\"mainEntityOfPage\":{\"@id\":\"https:\/\/www.budokampsport.se\/2020\/04\/27\/info-fran-rf-ansokan-om-kompensation-for-corona-oppnar-1-maj\/\"},\"wordCount\":376,\"commentCount\":1,\"image\":{\"@id\":\"https:\/\/www.budokampsport.se\/2020\/04\/27\/info-fran-rf-ansokan-om-kompensation-for-corona-oppnar-1-maj\/#primaryimage\"},\"thumbnailUrl\":\"https:\/\/www.budokampsport.se\/wp-content\/uploads\/2019\/07\/rf_vertical_color_neg_rgb_2018-e1625211837717.png\",\"inLanguage\":\"sv-SE\",\"potentialAction\":[{\"@type\":\"CommentAction\",\"name\":\"Comment\",\"target\":[\"https:\/\/www.budokampsport.se\/2020\/04\/27\/info-fran-rf-ansokan-om-kompensation-for-corona-oppnar-1-maj\/#respond\"]}]},{\"@type\":\"WebPage\",\"@id\":\"https:\/\/www.budokampsport.se\/2020\/04\/27\/info-fran-rf-ansokan-om-kompensation-for-corona-oppnar-1-maj\/\",\"url\":\"https:\/\/www.budokampsport.se\/2020\/04\/27\/info-fran-rf-ansokan-om-kompensation-for-corona-oppnar-1-maj\/\",\"name\":\"Info fr\u00e5n RF: Ans\u00f6kan om kompensation f\u00f6r corona \u00f6ppnar 1 maj - Svenska Budo &amp; Kampsportsf\u00f6rbundet\",\"isPartOf\":{\"@id\":\"https:\/\/www.budokampsport.se\/#website\"},\"primaryImageOfPage\":{\"@id\":\"https:\/\/www.budokampsport.se\/2020\/04\/27\/info-fran-rf-ansokan-om-kompensation-for-corona-oppnar-1-maj\/#primaryimage\"},\"image\":{\"@id\":\"https:\/\/www.budokampsport.se\/2020\/04\/27\/info-fran-rf-ansokan-om-kompensation-for-corona-oppnar-1-maj\/#primaryimage\"},\"thumbnailUrl\":\"https:\/\/www.budokampsport.se\/wp-content\/uploads\/2019\/07\/rf_vertical_color_neg_rgb_2018-e1625211837717.png\",\"datePublished\":\"2020-04-27T12:36:56+00:00\",\"author\":{\"@id\":\"https:\/\/www.budokampsport.se\/#\/schema\/person\/5c06d81d14850e2a8ce5493386560145\"},\"description\":\"Fr\u00e5n och med den f\u00f6rsta maj kommer f\u00f6rbund och f\u00f6reningar att kunna ans\u00f6ka om kompensation f\u00f6r corona. Det meddelade Riksidrottsf\u00f6rbundet p\u00e5 sin hemsida rf.se idag.\",\"breadcrumb\":{\"@id\":\"https:\/\/www.budokampsport.se\/2020\/04\/27\/info-fran-rf-ansokan-om-kompensation-for-corona-oppnar-1-maj\/#breadcrumb\"},\"inLanguage\":\"sv-SE\",\"potentialAction\":[{\"@type\":\"ReadAction\",\"target\":[\"https:\/\/www.budokampsport.se\/2020\/04\/27\/info-fran-rf-ansokan-om-kompensation-for-corona-oppnar-1-maj\/\"]}]},{\"@type\":\"ImageObject\",\"inLanguage\":\"sv-SE\",\"@id\":\"https:\/\/www.budokampsport.se\/2020\/04\/27\/info-fran-rf-ansokan-om-kompensation-for-corona-oppnar-1-maj\/#primaryimage\",\"url\":\"https:\/\/www.budokampsport.se\/wp-content\/uploads\/2019\/07\/rf_vertical_color_neg_rgb_2018-e1625211837717.png\",\"contentUrl\":\"https:\/\/www.budokampsport.se\/wp-content\/uploads\/2019\/07\/rf_vertical_color_neg_rgb_2018-e1625211837717.png\",\"width\":850,\"height\":582},{\"@type\":\"BreadcrumbList\",\"@id\":\"https:\/\/www.budokampsport.se\/2020\/04\/27\/info-fran-rf-ansokan-om-kompensation-for-corona-oppnar-1-maj\/#breadcrumb\",\"itemListElement\":[{\"@type\":\"ListItem\",\"position\":1,\"name\":\"Hem\",\"item\":\"https:\/\/www.budokampsport.se\/\"},{\"@type\":\"ListItem\",\"position\":2,\"name\":\"Info fr\u00e5n RF: Ans\u00f6kan om kompensation f\u00f6r corona \u00f6ppnar 1 maj\"}]},{\"@type\":\"WebSite\",\"@id\":\"https:\/\/www.budokampsport.se\/#website\",\"url\":\"https:\/\/www.budokampsport.se\/\",\"name\":\"Svenska Budo &amp; Kampsportsf\u00f6rbundet\",\"description\":\"T\u00e4vling, Tr\u00e4ning, Tradition\",\"potentialAction\":[{\"@type\":\"SearchAction\",\"target\":{\"@type\":\"EntryPoint\",\"urlTemplate\":\"https:\/\/www.budokampsport.se\/?s={search_term_string}\"},\"query-input\":{\"@type\":\"PropertyValueSpecification\",\"valueRequired\":true,\"valueName\":\"search_term_string\"}}],\"inLanguage\":\"sv-SE\"},{\"@type\":\"Person\",\"@id\":\"https:\/\/www.budokampsport.se\/#\/schema\/person\/5c06d81d14850e2a8ce5493386560145\",\"name\":\"Jonathan Broberg\",\"image\":{\"@type\":\"ImageObject\",\"inLanguage\":\"sv-SE\",\"@id\":\"https:\/\/www.budokampsport.se\/#\/schema\/person\/image\/\",\"url\":\"https:\/\/secure.gravatar.com\/avatar\/a58041c6cea9128bd9c40ee2f26d4136?s=96&d=blank&r=g\",\"contentUrl\":\"https:\/\/secure.gravatar.com\/avatar\/a58041c6cea9128bd9c40ee2f26d4136?s=96&d=blank&r=g\",\"caption\":\"Jonathan Broberg\"},\"sameAs\":[\"https:\/\/www.facebook.com\/jonathan.broberg.7\"],\"url\":\"https:\/\/www.budokampsport.se\/author\/jonathan\/\"}]}<\/script>\n<!-- \/ Yoast SEO plugin. -->","yoast_head_json":{"title":"Info fr\u00e5n RF: Ans\u00f6kan om kompensation f\u00f6r corona \u00f6ppnar 1 maj - Svenska Budo &amp; Kampsportsf\u00f6rbundet","description":"Fr\u00e5n och med den f\u00f6rsta maj kommer f\u00f6rbund och f\u00f6reningar att kunna ans\u00f6ka om kompensation f\u00f6r corona. Det meddelade Riksidrottsf\u00f6rbundet p\u00e5 sin hemsida rf.se idag.","robots":{"index":"index","follow":"follow","max-snippet":"max-snippet:-1","max-image-preview":"max-image-preview:large","max-video-preview":"max-video-preview:-1"},"canonical":"https:\/\/www.budokampsport.se\/2020\/04\/27\/info-fran-rf-ansokan-om-kompensation-for-corona-oppnar-1-maj\/","og_locale":"sv_SE","og_type":"article","og_title":"Info fr\u00e5n RF: Ans\u00f6kan om kompensation f\u00f6r corona \u00f6ppnar 1 maj - Svenska Budo &amp; Kampsportsf\u00f6rbundet","og_description":"Fr\u00e5n och med den f\u00f6rsta maj kommer f\u00f6rbund och f\u00f6reningar att kunna ans\u00f6ka om kompensation f\u00f6r corona. Det meddelade Riksidrottsf\u00f6rbundet p\u00e5 sin hemsida rf.se idag.","og_url":"https:\/\/www.budokampsport.se\/2020\/04\/27\/info-fran-rf-ansokan-om-kompensation-for-corona-oppnar-1-maj\/","og_site_name":"Svenska Budo &amp; Kampsportsf\u00f6rbundet","article_author":"https:\/\/www.facebook.com\/jonathan.broberg.7","article_published_time":"2020-04-27T12:36:56+00:00","og_image":[{"width":850,"height":582,"url":"https:\/\/www.budokampsport.se\/wp-content\/uploads\/2019\/07\/rf_vertical_color_neg_rgb_2018-e1625211837717.png","type":"image\/png"}],"author":"Jonathan Broberg","twitter_card":"summary_large_image","twitter_misc":{"Skriven av":"Jonathan Broberg","Ber\u00e4knad l\u00e4stid":"2 minuter"},"schema":{"@context":"https:\/\/schema.org","@graph":[{"@type":"Article","@id":"https:\/\/www.budokampsport.se\/2020\/04\/27\/info-fran-rf-ansokan-om-kompensation-for-corona-oppnar-1-maj\/#article","isPartOf":{"@id":"https:\/\/www.budokampsport.se\/2020\/04\/27\/info-fran-rf-ansokan-om-kompensation-for-corona-oppnar-1-maj\/"},"author":{"name":"Jonathan Broberg","@id":"https:\/\/www.budokampsport.se\/#\/schema\/person\/5c06d81d14850e2a8ce5493386560145"},"headline":"Info fr\u00e5n RF: Ans\u00f6kan om kompensation f\u00f6r corona \u00f6ppnar 1 maj","datePublished":"2020-04-27T12:36:56+00:00","mainEntityOfPage":{"@id":"https:\/\/www.budokampsport.se\/2020\/04\/27\/info-fran-rf-ansokan-om-kompensation-for-corona-oppnar-1-maj\/"},"wordCount":376,"commentCount":1,"image":{"@id":"https:\/\/www.budokampsport.se\/2020\/04\/27\/info-fran-rf-ansokan-om-kompensation-for-corona-oppnar-1-maj\/#primaryimage"},"thumbnailUrl":"https:\/\/www.budokampsport.se\/wp-content\/uploads\/2019\/07\/rf_vertical_color_neg_rgb_2018-e1625211837717.png","inLanguage":"sv-SE","potentialAction":[{"@type":"CommentAction","name":"Comment","target":["https:\/\/www.budokampsport.se\/2020\/04\/27\/info-fran-rf-ansokan-om-kompensation-for-corona-oppnar-1-maj\/#respond"]}]},{"@type":"WebPage","@id":"https:\/\/www.budokampsport.se\/2020\/04\/27\/info-fran-rf-ansokan-om-kompensation-for-corona-oppnar-1-maj\/","url":"https:\/\/www.budokampsport.se\/2020\/04\/27\/info-fran-rf-ansokan-om-kompensation-for-corona-oppnar-1-maj\/","name":"Info fr\u00e5n RF: Ans\u00f6kan om kompensation f\u00f6r corona \u00f6ppnar 1 maj - Svenska Budo &amp; Kampsportsf\u00f6rbundet","isPartOf":{"@id":"https:\/\/www.budokampsport.se\/#website"},"primaryImageOfPage":{"@id":"https:\/\/www.budokampsport.se\/2020\/04\/27\/info-fran-rf-ansokan-om-kompensation-for-corona-oppnar-1-maj\/#primaryimage"},"image":{"@id":"https:\/\/www.budokampsport.se\/2020\/04\/27\/info-fran-rf-ansokan-om-kompensation-for-corona-oppnar-1-maj\/#primaryimage"},"thumbnailUrl":"https:\/\/www.budokampsport.se\/wp-content\/uploads\/2019\/07\/rf_vertical_color_neg_rgb_2018-e1625211837717.png","datePublished":"2020-04-27T12:36:56+00:00","author":{"@id":"https:\/\/www.budokampsport.se\/#\/schema\/person\/5c06d81d14850e2a8ce5493386560145"},"description":"Fr\u00e5n och med den f\u00f6rsta maj kommer f\u00f6rbund och f\u00f6reningar att kunna ans\u00f6ka om kompensation f\u00f6r corona. Det meddelade Riksidrottsf\u00f6rbundet p\u00e5 sin hemsida rf.se idag.","breadcrumb":{"@id":"https:\/\/www.budokampsport.se\/2020\/04\/27\/info-fran-rf-ansokan-om-kompensation-for-corona-oppnar-1-maj\/#breadcrumb"},"inLanguage":"sv-SE","potentialAction":[{"@type":"ReadAction","target":["https:\/\/www.budokampsport.se\/2020\/04\/27\/info-fran-rf-ansokan-om-kompensation-for-corona-oppnar-1-maj\/"]}]},{"@type":"ImageObject","inLanguage":"sv-SE","@id":"https:\/\/www.budokampsport.se\/2020\/04\/27\/info-fran-rf-ansokan-om-kompensation-for-corona-oppnar-1-maj\/#primaryimage","url":"https:\/\/www.budokampsport.se\/wp-content\/uploads\/2019\/07\/rf_vertical_color_neg_rgb_2018-e1625211837717.png","contentUrl":"https:\/\/www.budokampsport.se\/wp-content\/uploads\/2019\/07\/rf_vertical_color_neg_rgb_2018-e1625211837717.png","width":850,"height":582},{"@type":"BreadcrumbList","@id":"https:\/\/www.budokampsport.se\/2020\/04\/27\/info-fran-rf-ansokan-om-kompensation-for-corona-oppnar-1-maj\/#breadcrumb","itemListElement":[{"@type":"ListItem","position":1,"name":"Hem","item":"https:\/\/www.budokampsport.se\/"},{"@type":"ListItem","position":2,"name":"Info fr\u00e5n RF: Ans\u00f6kan om kompensation f\u00f6r corona \u00f6ppnar 1 maj"}]},{"@type":"WebSite","@id":"https:\/\/www.budokampsport.se\/#website","url":"https:\/\/www.budokampsport.se\/","name":"Svenska Budo &amp; Kampsportsf\u00f6rbundet","description":"T\u00e4vling, Tr\u00e4ning, Tradition","potentialAction":[{"@type":"SearchAction","target":{"@type":"EntryPoint","urlTemplate":"https:\/\/www.budokampsport.se\/?s={search_term_string}"},"query-input":{"@type":"PropertyValueSpecification","valueRequired":true,"valueName":"search_term_string"}}],"inLanguage":"sv-SE"},{"@type":"Person","@id":"https:\/\/www.budokampsport.se\/#\/schema\/person\/5c06d81d14850e2a8ce5493386560145","name":"Jonathan Broberg","image":{"@type":"ImageObject","inLanguage":"sv-SE","@id":"https:\/\/www.budokampsport.se\/#\/schema\/person\/image\/","url":"https:\/\/secure.gravatar.com\/avatar\/a58041c6cea9128bd9c40ee2f26d4136?s=96&d=blank&r=g","contentUrl":"https:\/\/secure.gravatar.com\/avatar\/a58041c6cea9128bd9c40ee2f26d4136?s=96&d=blank&r=g","caption":"Jonathan Broberg"},"sameAs":["https:\/\/www.facebook.com\/jonathan.broberg.7"],"url":"https:\/\/www.budokampsport.se\/author\/jonathan\/"}]}},"_links":{"self":[{"href":"https:\/\/www.budokampsport.se\/api\/wp\/v2\/posts\/119728","targetHints":{"allow":["GET"]}}],"collection":[{"href":"https:\/\/www.budokampsport.se\/api\/wp\/v2\/posts"}],"about":[{"href":"https:\/\/www.budokampsport.se\/api\/wp\/v2\/types\/post"}],"author":[{"embeddable":true,"href":"https:\/\/www.budokampsport.se\/api\/wp\/v2\/users\/7"}],"replies":[{"embeddable":true,"href":"https:\/\/www.budokampsport.se\/api\/wp\/v2\/comments?post=119728"}],"version-history":[{"count":0,"href":"https:\/\/www.budokampsport.se\/api\/wp\/v2\/posts\/119728\/revisions"}],"wp:featuredmedia":[{"embeddable":true,"href":"https:\/\/www.budokampsport.se\/api\/wp\/v2\/media\/102319"}],"wp:attachment":[{"href":"https:\/\/www.budokampsport.se\/api\/wp\/v2\/media?parent=119728"}],"wp:term":[{"taxonomy":"category","embeddable":true,"href":"https:\/\/www.budokampsport.se\/api\/wp\/v2\/categories?post=119728"},{"taxonomy":"post_tag","embeddable":true,"href":"https:\/\/www.budokampsport.se\/api\/wp\/v2\/tags?post=119728"}],"curies":[{"name":"wp","href":"https:\/\/api.w.org\/{rel}","templated":true}]}}