{"id":119740,"date":"2020-05-08T11:01:32","date_gmt":"2020-05-08T09:01:32","guid":{"rendered":"https:\/\/www.budokampsport.se\/?p=119740"},"modified":"2020-05-08T11:03:33","modified_gmt":"2020-05-08T09:03:33","slug":"axel-westerkull-ser-fram-emot-em-i-wushu","status":"publish","type":"post","link":"https:\/\/www.budokampsport.se\/2020\/05\/08\/axel-westerkull-ser-fram-emot-em-i-wushu\/","title":{"rendered":"Axel Westerkull ser fram emot EM i wushu"},"content":{"rendered":"<p><strong>Deltagarna i \u00e5rets EM i wushu st\u00e5r inf\u00f6r en ny och n\u00e5got ov\u00e4ntad utmaning &#8211; att t\u00e4vla digitalt.<\/strong><br \/>\n-Det \u00e4r kul att de kan bli n\u00e5got \u00e4ven under r\u00e5dande omst\u00e4ndigheterna, s\u00e4ger den svenska EM-deltagaren Axel Westerkull.<\/p>\n<p><strong>Axels EM-deltagande kom lite som en \u00f6verraskning men han \u00e4r tacksam \u00f6ver att det arrangeras trots att det blir lite annorlunda i \u00e5r.<\/strong><\/p>\n<p>-D\u00e5 Sverige egentligen inte t\u00e4nkt skicka n\u00e5gra ut\u00f6vare till EM detta \u00e5ret av olika anledningar s\u00e5 har det h\u00e4r kommit v\u00e4ldigt snabbt vilket g\u00f6r det lite stressigt. Huvudsaklig fokus har legat i att anpassa min rutin och tr\u00e4na in de nya delarna Men det \u00e4r kul att de kan bli n\u00e5got \u00e4ven under r\u00e5dande omst\u00e4ndigheterna,\u00a0s\u00e4ger Axel.<\/p>\n<p><strong>Trots att det \u00e4r en stor internationell t\u00e4vling tror Axel att det kan bli sv\u00e5rt f\u00f6r t\u00e4vlingsk\u00e4nslan att infinna sig nu n\u00e4r m\u00e4sterskapet sker helt digitalt.<\/strong><\/p>\n<p>-Som sagt \u00e4r det kul att det blir n\u00e5got, sen ser jag inte riktigt p\u00e5 det som ett officiellt EM. En stor del av t\u00e4vling \u00e4r att vara p\u00e5 just t\u00e4vling, mattan, konkurrenterna och sp\u00e4nningen. Jag tror att jag varken kommer ha k\u00e4nslan eller erfarenheten av att ha deltagit i ett EM efter\u00e5t eftersom man bara skickat in en video, ber\u00e4ttar Axel.<\/p>\n<p><strong>Axel \u00e4r trefaldig svensk- och nordisk m\u00e4stare och har sen tidigare en sjunde placering p\u00e5 VM. Trots att det inte blir som vanligt ser ha denna t\u00e4vlingen som ett utm\u00e4rkt tillf\u00e4lle att l\u00e4ra sig mer om sig sj\u00e4lv och sina konkurrenter.<\/strong><\/p>\n<p>-Jag hoppas kunna se niv\u00e5n p\u00e5 mina framtida motst\u00e5ndare och se hur n\u00e4ra en medaljplats jag ligger. Jag tror man ska ha \u00f6gonen p\u00e5 Rysslands Kirill och framf\u00f6rallt Ukrainas Viacheslav Krysko, om jag minns r\u00e4tt var de de enda europ\u00e9er som lyckades sl\u00e5 mig i senaste VM, s\u00e4ger Axel.<\/p>\n<p>TRUPPEN I SIN HELHET<br \/>\n<strong>Lovisa Baldal<\/strong>, i klasserna Chen stil Taijijian och Changsuijian<br \/>\n<strong>Andr\u00e9 Hermansson<\/strong>, i klassen Shuangdao<br \/>\n<strong>Axel Westerkull<\/strong>, i klasserna Shuangdao och Jiujieban<br \/>\n<strong>Niklas Borgh<\/strong>, i klasserna Taijiquan och Taijijian<br \/>\n<strong>Joar Jacobsson<\/strong>, i klasserna Wudangquan och Nandao<\/p>\n<p>Text: Annie Bondefelt<br \/>\nFoto: Carl M\u00e5nsson<\/p>\n","protected":false},"excerpt":{"rendered":"<p>Axel Westerkull \u00e4r en av de som blivit uttagen till EM-truppen i wushu. M\u00e4sterskapet kommer arrangeras online f\u00f6r f\u00f6rsta g\u00e5ngen och g\u00e5 av stapeln den 25:e maj till och med 5:e juni.<\/p><br>","protected":false},"author":120,"featured_media":119756,"comment_status":"open","ping_status":"open","sticky":false,"template":"","format":"standard","meta":{"_acf_changed":false,"footnotes":""},"categories":[1],"tags":[],"class_list":["post-119740","post","type-post","status-publish","format-standard","has-post-thumbnail","hentry","category-okategoriserade"],"acf":[],"yoast_head":"<!-- This site is optimized with the Yoast SEO plugin v26.8 - https:\/\/yoast.com\/product\/yoast-seo-wordpress\/ -->\n<title>Axel Westerkull ser fram emot EM i wushu - Svenska Budo &amp; Kampsportsf\u00f6rbundet<\/title>\n<meta name=\"description\" content=\"Axel Westerkull \u00e4r en av de som blivit uttagen till EM-truppen i wushu. M\u00e4sterskapet kommer arrangeras online f\u00f6r f\u00f6rsta g\u00e5ngen och g\u00e5 av stapeln den 25:e maj till och med 5:e juni.\" \/>\n<meta name=\"robots\" content=\"index, follow, max-snippet:-1, max-image-preview:large, max-video-preview:-1\" \/>\n<link rel=\"canonical\" href=\"https:\/\/www.budokampsport.se\/2020\/05\/08\/axel-westerkull-ser-fram-emot-em-i-wushu\/\" \/>\n<meta property=\"og:locale\" content=\"sv_SE\" \/>\n<meta property=\"og:type\" content=\"article\" \/>\n<meta property=\"og:title\" content=\"Axel Westerkull ser fram emot EM i wushu - Svenska Budo &amp; Kampsportsf\u00f6rbundet\" \/>\n<meta property=\"og:description\" content=\"Axel Westerkull \u00e4r en av de som blivit uttagen till EM-truppen i wushu. M\u00e4sterskapet kommer arrangeras online f\u00f6r f\u00f6rsta g\u00e5ngen och g\u00e5 av stapeln den 25:e maj till och med 5:e juni.\" \/>\n<meta property=\"og:url\" content=\"https:\/\/www.budokampsport.se\/2020\/05\/08\/axel-westerkull-ser-fram-emot-em-i-wushu\/\" \/>\n<meta property=\"og:site_name\" content=\"Svenska Budo &amp; Kampsportsf\u00f6rbundet\" \/>\n<meta property=\"article:published_time\" content=\"2020-05-08T09:01:32+00:00\" \/>\n<meta property=\"article:modified_time\" content=\"2020-05-08T09:03:33+00:00\" \/>\n<meta property=\"og:image\" content=\"https:\/\/www.budokampsport.se\/wp-content\/uploads\/2020\/05\/axel.jpg\" \/>\n\t<meta property=\"og:image:width\" content=\"850\" \/>\n\t<meta property=\"og:image:height\" content=\"478\" \/>\n\t<meta property=\"og:image:type\" content=\"image\/jpeg\" \/>\n<meta name=\"author\" content=\"Annie Carriage\" \/>\n<meta name=\"twitter:card\" content=\"summary_large_image\" \/>\n<meta name=\"twitter:label1\" content=\"Skriven av\" \/>\n\t<meta name=\"twitter:data1\" content=\"Annie Carriage\" \/>\n\t<meta name=\"twitter:label2\" content=\"Ber\u00e4knad l\u00e4stid\" \/>\n\t<meta name=\"twitter:data2\" content=\"2 minuter\" \/>\n<script type=\"application\/ld+json\" class=\"yoast-schema-graph\">{\"@context\":\"https:\/\/schema.org\",\"@graph\":[{\"@type\":\"Article\",\"@id\":\"https:\/\/www.budokampsport.se\/2020\/05\/08\/axel-westerkull-ser-fram-emot-em-i-wushu\/#article\",\"isPartOf\":{\"@id\":\"https:\/\/www.budokampsport.se\/2020\/05\/08\/axel-westerkull-ser-fram-emot-em-i-wushu\/\"},\"author\":{\"name\":\"Annie Carriage\",\"@id\":\"https:\/\/www.budokampsport.se\/#\/schema\/person\/c838cace8171f692e363fde3f38f208b\"},\"headline\":\"Axel Westerkull ser fram emot EM i wushu\",\"datePublished\":\"2020-05-08T09:01:32+00:00\",\"dateModified\":\"2020-05-08T09:03:33+00:00\",\"mainEntityOfPage\":{\"@id\":\"https:\/\/www.budokampsport.se\/2020\/05\/08\/axel-westerkull-ser-fram-emot-em-i-wushu\/\"},\"wordCount\":395,\"commentCount\":0,\"image\":{\"@id\":\"https:\/\/www.budokampsport.se\/2020\/05\/08\/axel-westerkull-ser-fram-emot-em-i-wushu\/#primaryimage\"},\"thumbnailUrl\":\"https:\/\/www.budokampsport.se\/wp-content\/uploads\/2020\/05\/axel.jpg\",\"inLanguage\":\"sv-SE\",\"potentialAction\":[{\"@type\":\"CommentAction\",\"name\":\"Comment\",\"target\":[\"https:\/\/www.budokampsport.se\/2020\/05\/08\/axel-westerkull-ser-fram-emot-em-i-wushu\/#respond\"]}]},{\"@type\":\"WebPage\",\"@id\":\"https:\/\/www.budokampsport.se\/2020\/05\/08\/axel-westerkull-ser-fram-emot-em-i-wushu\/\",\"url\":\"https:\/\/www.budokampsport.se\/2020\/05\/08\/axel-westerkull-ser-fram-emot-em-i-wushu\/\",\"name\":\"Axel Westerkull ser fram emot EM i wushu - Svenska Budo &amp; Kampsportsf\u00f6rbundet\",\"isPartOf\":{\"@id\":\"https:\/\/www.budokampsport.se\/#website\"},\"primaryImageOfPage\":{\"@id\":\"https:\/\/www.budokampsport.se\/2020\/05\/08\/axel-westerkull-ser-fram-emot-em-i-wushu\/#primaryimage\"},\"image\":{\"@id\":\"https:\/\/www.budokampsport.se\/2020\/05\/08\/axel-westerkull-ser-fram-emot-em-i-wushu\/#primaryimage\"},\"thumbnailUrl\":\"https:\/\/www.budokampsport.se\/wp-content\/uploads\/2020\/05\/axel.jpg\",\"datePublished\":\"2020-05-08T09:01:32+00:00\",\"dateModified\":\"2020-05-08T09:03:33+00:00\",\"author\":{\"@id\":\"https:\/\/www.budokampsport.se\/#\/schema\/person\/c838cace8171f692e363fde3f38f208b\"},\"description\":\"Axel Westerkull \u00e4r en av de som blivit uttagen till EM-truppen i wushu. M\u00e4sterskapet kommer arrangeras online f\u00f6r f\u00f6rsta g\u00e5ngen och g\u00e5 av stapeln den 25:e maj till och med 5:e juni.\",\"breadcrumb\":{\"@id\":\"https:\/\/www.budokampsport.se\/2020\/05\/08\/axel-westerkull-ser-fram-emot-em-i-wushu\/#breadcrumb\"},\"inLanguage\":\"sv-SE\",\"potentialAction\":[{\"@type\":\"ReadAction\",\"target\":[\"https:\/\/www.budokampsport.se\/2020\/05\/08\/axel-westerkull-ser-fram-emot-em-i-wushu\/\"]}]},{\"@type\":\"ImageObject\",\"inLanguage\":\"sv-SE\",\"@id\":\"https:\/\/www.budokampsport.se\/2020\/05\/08\/axel-westerkull-ser-fram-emot-em-i-wushu\/#primaryimage\",\"url\":\"https:\/\/www.budokampsport.se\/wp-content\/uploads\/2020\/05\/axel.jpg\",\"contentUrl\":\"https:\/\/www.budokampsport.se\/wp-content\/uploads\/2020\/05\/axel.jpg\",\"width\":850,\"height\":478},{\"@type\":\"BreadcrumbList\",\"@id\":\"https:\/\/www.budokampsport.se\/2020\/05\/08\/axel-westerkull-ser-fram-emot-em-i-wushu\/#breadcrumb\",\"itemListElement\":[{\"@type\":\"ListItem\",\"position\":1,\"name\":\"Hem\",\"item\":\"https:\/\/www.budokampsport.se\/\"},{\"@type\":\"ListItem\",\"position\":2,\"name\":\"Axel Westerkull ser fram emot EM i wushu\"}]},{\"@type\":\"WebSite\",\"@id\":\"https:\/\/www.budokampsport.se\/#website\",\"url\":\"https:\/\/www.budokampsport.se\/\",\"name\":\"Svenska Budo &amp; Kampsportsf\u00f6rbundet\",\"description\":\"T\u00e4vling, Tr\u00e4ning, Tradition\",\"potentialAction\":[{\"@type\":\"SearchAction\",\"target\":{\"@type\":\"EntryPoint\",\"urlTemplate\":\"https:\/\/www.budokampsport.se\/?s={search_term_string}\"},\"query-input\":{\"@type\":\"PropertyValueSpecification\",\"valueRequired\":true,\"valueName\":\"search_term_string\"}}],\"inLanguage\":\"sv-SE\"},{\"@type\":\"Person\",\"@id\":\"https:\/\/www.budokampsport.se\/#\/schema\/person\/c838cace8171f692e363fde3f38f208b\",\"name\":\"Annie Carriage\",\"image\":{\"@type\":\"ImageObject\",\"inLanguage\":\"sv-SE\",\"@id\":\"https:\/\/www.budokampsport.se\/#\/schema\/person\/image\/\",\"url\":\"https:\/\/secure.gravatar.com\/avatar\/9311295560bdfbdf78365a26f7df1876?s=96&d=blank&r=g\",\"contentUrl\":\"https:\/\/secure.gravatar.com\/avatar\/9311295560bdfbdf78365a26f7df1876?s=96&d=blank&r=g\",\"caption\":\"Annie Carriage\"},\"url\":\"https:\/\/www.budokampsport.se\/author\/annie-bondefelt\/\"}]}<\/script>\n<!-- \/ Yoast SEO plugin. -->","yoast_head_json":{"title":"Axel Westerkull ser fram emot EM i wushu - Svenska Budo &amp; Kampsportsf\u00f6rbundet","description":"Axel Westerkull \u00e4r en av de som blivit uttagen till EM-truppen i wushu. M\u00e4sterskapet kommer arrangeras online f\u00f6r f\u00f6rsta g\u00e5ngen och g\u00e5 av stapeln den 25:e maj till och med 5:e juni.","robots":{"index":"index","follow":"follow","max-snippet":"max-snippet:-1","max-image-preview":"max-image-preview:large","max-video-preview":"max-video-preview:-1"},"canonical":"https:\/\/www.budokampsport.se\/2020\/05\/08\/axel-westerkull-ser-fram-emot-em-i-wushu\/","og_locale":"sv_SE","og_type":"article","og_title":"Axel Westerkull ser fram emot EM i wushu - Svenska Budo &amp; Kampsportsf\u00f6rbundet","og_description":"Axel Westerkull \u00e4r en av de som blivit uttagen till EM-truppen i wushu. M\u00e4sterskapet kommer arrangeras online f\u00f6r f\u00f6rsta g\u00e5ngen och g\u00e5 av stapeln den 25:e maj till och med 5:e juni.","og_url":"https:\/\/www.budokampsport.se\/2020\/05\/08\/axel-westerkull-ser-fram-emot-em-i-wushu\/","og_site_name":"Svenska Budo &amp; Kampsportsf\u00f6rbundet","article_published_time":"2020-05-08T09:01:32+00:00","article_modified_time":"2020-05-08T09:03:33+00:00","og_image":[{"width":850,"height":478,"url":"https:\/\/www.budokampsport.se\/wp-content\/uploads\/2020\/05\/axel.jpg","type":"image\/jpeg"}],"author":"Annie Carriage","twitter_card":"summary_large_image","twitter_misc":{"Skriven av":"Annie Carriage","Ber\u00e4knad l\u00e4stid":"2 minuter"},"schema":{"@context":"https:\/\/schema.org","@graph":[{"@type":"Article","@id":"https:\/\/www.budokampsport.se\/2020\/05\/08\/axel-westerkull-ser-fram-emot-em-i-wushu\/#article","isPartOf":{"@id":"https:\/\/www.budokampsport.se\/2020\/05\/08\/axel-westerkull-ser-fram-emot-em-i-wushu\/"},"author":{"name":"Annie Carriage","@id":"https:\/\/www.budokampsport.se\/#\/schema\/person\/c838cace8171f692e363fde3f38f208b"},"headline":"Axel Westerkull ser fram emot EM i wushu","datePublished":"2020-05-08T09:01:32+00:00","dateModified":"2020-05-08T09:03:33+00:00","mainEntityOfPage":{"@id":"https:\/\/www.budokampsport.se\/2020\/05\/08\/axel-westerkull-ser-fram-emot-em-i-wushu\/"},"wordCount":395,"commentCount":0,"image":{"@id":"https:\/\/www.budokampsport.se\/2020\/05\/08\/axel-westerkull-ser-fram-emot-em-i-wushu\/#primaryimage"},"thumbnailUrl":"https:\/\/www.budokampsport.se\/wp-content\/uploads\/2020\/05\/axel.jpg","inLanguage":"sv-SE","potentialAction":[{"@type":"CommentAction","name":"Comment","target":["https:\/\/www.budokampsport.se\/2020\/05\/08\/axel-westerkull-ser-fram-emot-em-i-wushu\/#respond"]}]},{"@type":"WebPage","@id":"https:\/\/www.budokampsport.se\/2020\/05\/08\/axel-westerkull-ser-fram-emot-em-i-wushu\/","url":"https:\/\/www.budokampsport.se\/2020\/05\/08\/axel-westerkull-ser-fram-emot-em-i-wushu\/","name":"Axel Westerkull ser fram emot EM i wushu - Svenska Budo &amp; Kampsportsf\u00f6rbundet","isPartOf":{"@id":"https:\/\/www.budokampsport.se\/#website"},"primaryImageOfPage":{"@id":"https:\/\/www.budokampsport.se\/2020\/05\/08\/axel-westerkull-ser-fram-emot-em-i-wushu\/#primaryimage"},"image":{"@id":"https:\/\/www.budokampsport.se\/2020\/05\/08\/axel-westerkull-ser-fram-emot-em-i-wushu\/#primaryimage"},"thumbnailUrl":"https:\/\/www.budokampsport.se\/wp-content\/uploads\/2020\/05\/axel.jpg","datePublished":"2020-05-08T09:01:32+00:00","dateModified":"2020-05-08T09:03:33+00:00","author":{"@id":"https:\/\/www.budokampsport.se\/#\/schema\/person\/c838cace8171f692e363fde3f38f208b"},"description":"Axel Westerkull \u00e4r en av de som blivit uttagen till EM-truppen i wushu. M\u00e4sterskapet kommer arrangeras online f\u00f6r f\u00f6rsta g\u00e5ngen och g\u00e5 av stapeln den 25:e maj till och med 5:e juni.","breadcrumb":{"@id":"https:\/\/www.budokampsport.se\/2020\/05\/08\/axel-westerkull-ser-fram-emot-em-i-wushu\/#breadcrumb"},"inLanguage":"sv-SE","potentialAction":[{"@type":"ReadAction","target":["https:\/\/www.budokampsport.se\/2020\/05\/08\/axel-westerkull-ser-fram-emot-em-i-wushu\/"]}]},{"@type":"ImageObject","inLanguage":"sv-SE","@id":"https:\/\/www.budokampsport.se\/2020\/05\/08\/axel-westerkull-ser-fram-emot-em-i-wushu\/#primaryimage","url":"https:\/\/www.budokampsport.se\/wp-content\/uploads\/2020\/05\/axel.jpg","contentUrl":"https:\/\/www.budokampsport.se\/wp-content\/uploads\/2020\/05\/axel.jpg","width":850,"height":478},{"@type":"BreadcrumbList","@id":"https:\/\/www.budokampsport.se\/2020\/05\/08\/axel-westerkull-ser-fram-emot-em-i-wushu\/#breadcrumb","itemListElement":[{"@type":"ListItem","position":1,"name":"Hem","item":"https:\/\/www.budokampsport.se\/"},{"@type":"ListItem","position":2,"name":"Axel Westerkull ser fram emot EM i wushu"}]},{"@type":"WebSite","@id":"https:\/\/www.budokampsport.se\/#website","url":"https:\/\/www.budokampsport.se\/","name":"Svenska Budo &amp; Kampsportsf\u00f6rbundet","description":"T\u00e4vling, Tr\u00e4ning, Tradition","potentialAction":[{"@type":"SearchAction","target":{"@type":"EntryPoint","urlTemplate":"https:\/\/www.budokampsport.se\/?s={search_term_string}"},"query-input":{"@type":"PropertyValueSpecification","valueRequired":true,"valueName":"search_term_string"}}],"inLanguage":"sv-SE"},{"@type":"Person","@id":"https:\/\/www.budokampsport.se\/#\/schema\/person\/c838cace8171f692e363fde3f38f208b","name":"Annie Carriage","image":{"@type":"ImageObject","inLanguage":"sv-SE","@id":"https:\/\/www.budokampsport.se\/#\/schema\/person\/image\/","url":"https:\/\/secure.gravatar.com\/avatar\/9311295560bdfbdf78365a26f7df1876?s=96&d=blank&r=g","contentUrl":"https:\/\/secure.gravatar.com\/avatar\/9311295560bdfbdf78365a26f7df1876?s=96&d=blank&r=g","caption":"Annie Carriage"},"url":"https:\/\/www.budokampsport.se\/author\/annie-bondefelt\/"}]}},"_links":{"self":[{"href":"https:\/\/www.budokampsport.se\/api\/wp\/v2\/posts\/119740","targetHints":{"allow":["GET"]}}],"collection":[{"href":"https:\/\/www.budokampsport.se\/api\/wp\/v2\/posts"}],"about":[{"href":"https:\/\/www.budokampsport.se\/api\/wp\/v2\/types\/post"}],"author":[{"embeddable":true,"href":"https:\/\/www.budokampsport.se\/api\/wp\/v2\/users\/120"}],"replies":[{"embeddable":true,"href":"https:\/\/www.budokampsport.se\/api\/wp\/v2\/comments?post=119740"}],"version-history":[{"count":0,"href":"https:\/\/www.budokampsport.se\/api\/wp\/v2\/posts\/119740\/revisions"}],"wp:featuredmedia":[{"embeddable":true,"href":"https:\/\/www.budokampsport.se\/api\/wp\/v2\/media\/119756"}],"wp:attachment":[{"href":"https:\/\/www.budokampsport.se\/api\/wp\/v2\/media?parent=119740"}],"wp:term":[{"taxonomy":"category","embeddable":true,"href":"https:\/\/www.budokampsport.se\/api\/wp\/v2\/categories?post=119740"},{"taxonomy":"post_tag","embeddable":true,"href":"https:\/\/www.budokampsport.se\/api\/wp\/v2\/tags?post=119740"}],"curies":[{"name":"wp","href":"https:\/\/api.w.org\/{rel}","templated":true}]}}