{"id":119741,"date":"2020-05-13T08:49:54","date_gmt":"2020-05-13T06:49:54","guid":{"rendered":"https:\/\/www.budokampsport.se\/?p=119741"},"modified":"2020-05-13T08:49:54","modified_gmt":"2020-05-13T06:49:54","slug":"andre-hermansson-siktar-pa-em-guld","status":"publish","type":"post","link":"https:\/\/www.budokampsport.se\/2020\/05\/13\/andre-hermansson-siktar-pa-em-guld\/","title":{"rendered":"Andr\u00e9 Hermansson siktar p\u00e5 EM-guld"},"content":{"rendered":"<p>-Jag har t\u00e4vlat internationellt f\u00f6rut men aldrig i EM s\u00e5 det ska bli kul att se hur jag ligger till i f\u00f6rh\u00e5llande till de b\u00e4sta i Europa, s\u00e4ger Andr\u00e9 till budokampsport.se<\/p>\n<p><strong>Med de nya reglerna d\u00e4r de deltagande har m\u00f6jligheten att g\u00f6ra omtagningar tror Andr\u00e9 att det kommer bli sv\u00e5rt att k\u00e4nna den d\u00e4r pressen att prestera p\u00e5 topp men det kan \u00e5 andra sidan gynna de som k\u00e4mpar med t\u00e4vlingsnerver.<\/strong><\/p>\n<p>-Jag tror det kommer bli lite annorlunda k\u00e4nsla mot att delta p\u00e5 plats. Inte samma sp\u00e4nning och t\u00e4vlingsk\u00e4nsla som att st\u00e5 p\u00e5 mattan och veta att du bara har en enda chans att f\u00e5 till det bra. Det \u00e4r p\u00e5 ett s\u00e4tt en f\u00f6rdel att kunna slappna av mer i vetskapen om att man alltid kan g\u00f6ra en tagning till ifall man k\u00e4nde att det inte gick s\u00e5 bra f\u00f6rsta g\u00e5ngen. Samtidigt finns en risk att man just d\u00e4rf\u00f6r inte tar det lika fullt p\u00e5 allvar och d\u00e4rmed kan f\u00e5 sv\u00e5rt att verkligen prestera 100 % vilket kr\u00e4vs f\u00f6r att ha en chans att vinna. Jag misst\u00e4nker att det h\u00e4r m\u00e4sterskapet kommer att gynna de som presterar b\u00e4ttre under mer avslappnade f\u00f6rh\u00e5llanden som mer liknar den vanliga tr\u00e4ningen och missgynna de som beh\u00f6ver pressen f\u00f6r att prestera p\u00e5 topp, s\u00e4ger Andr\u00e9.<\/p>\n<p><strong>N\u00e4r det kommer till konkurrensen p\u00e5 \u00e5rets m\u00e4sterskap har Andr\u00e9 valt att endast fokusera p\u00e5 sina egna f\u00f6rberedelser f\u00f6r att kunna maximera sin prestation.<\/strong><\/p>\n<p>-Jag vet att Ryssland brukar ha flera bra ut\u00f6vare. Men ska jag vara \u00e4rlig har jag inte direkt fokuserat s\u00e5 mycket p\u00e5 vad alla andra g\u00f6r, utan fokuserar ist\u00e4llet mer p\u00e5 att se till att jag sj\u00e4lv blir s\u00e5 bra f\u00f6rberedd jag kan under de r\u00e5dande omst\u00e4ndigheterna, s\u00e4ger Andr\u00e9.<\/p>\n<p><strong>Omm\u00f6blering &#8211; en del av uppladdningen inf\u00f6r EM.<\/strong><\/p>\n<p>-Eftersom det inte var alltf\u00f6r l\u00e4nge sedan vi fick reda p\u00e5 att t\u00e4vlingen skulle bli av \u00f6verhuvudtaget och att den dessutom kommer att ske i ett annorlunda format, s\u00e5 har jag precis som de andra f\u00e5tt st\u00e4lla om tr\u00e4ningen p\u00e5 kort varsel. Jag har b\u00f6rjat fokusera betydligt mer p\u00e5 de t\u00e4vlingsspecifika r\u00f6relserna sista tiden och p\u00e5 grund av den r\u00e5dande situationen med coronaviruset har jag f\u00e5tt tr\u00e4na mer hemma och utomhus \u00e4n vanligt. Jag har m\u00f6blerat om lite hemma s\u00e5 att jag kan tr\u00e4na med mina t\u00e4vlingsvapen, dubbel sabel, utan att beh\u00f6va l\u00e4mna hemmet. Detta dels f\u00f6r att inte vara beroende av v\u00e4dret som man \u00e4r om man \u00e4r tvungen att tr\u00e4na utomhus och dels f\u00f6r att jag tror p\u00e5 id\u00e9n att g\u00f6ra tr\u00e4ningen s\u00e5 l\u00e4ttillg\u00e4nglig och okomplicerad som m\u00f6jligt. Har du allt du beh\u00f6ver d\u00e4r hemma s\u00e5 har du inga urs\u00e4kter att inte tr\u00e4na vilket g\u00f6r att du kanske k\u00f6r det d\u00e4r passet som du annars hade skippat med urs\u00e4kten &#8220;jag hinner inte till tr\u00e4ningen idag&#8221;, ber\u00e4ttar Andr\u00e9.<\/p>\n<p><strong>M\u00e5ls\u00e4ttningen \u00e4r att sj\u00e4lvklart att vinna men ocks\u00e5 att f\u00e5 sj\u00e4lvinsikt.<\/strong><\/p>\n<p>-Enveten vinnarskalle som jag \u00e4r m\u00e5ste jag s\u00e4ga att m\u00e5let med att t\u00e4vla alltid \u00e4r att vinna. Men oavsett resultat skulle jag s\u00e4ga att det \u00e4r ett ypperligt tillf\u00e4lle till sj\u00e4lvinsikt d\u00e5 man genom att j\u00e4mf\u00f6ra sig med andra dedikerade ut\u00f6vare l\u00e4ttare kan identifiera sina egna tillkortakommanden och d\u00e4rmed har potential att v\u00e4xa och n\u00e5 en \u00e4nnu h\u00f6gre niv\u00e5, avslutar Andr\u00e9.<\/p>\n<p>&nbsp;<\/p>\n<p>TRUPPEN I SIN HELHET<br \/>\n<strong>Lovisa Baldal<\/strong>, i klasserna Chen stil Taijijian och Changsuijian<br \/>\n<strong>Andr\u00e9 Hermansson<\/strong>, i klassen Shuangdao<br \/>\n<strong>Axel Westerkull<\/strong>, i klasserna Shuangdao och Jiujieban<br \/>\n<strong>Niklas Borgh<\/strong>, i klasserna Taijiquan och Taijijian<br \/>\n<strong>Joar Jacobsson<\/strong>, i klasserna Wudangquan och Nandao<\/p>\n<p>Text: Annie Bondefelt<br \/>\nFoto: Kai Chen \/ Chen Photography<\/p>\n","protected":false},"excerpt":{"rendered":"<p>Det \u00e4r ett annorlunda \u00e5r f\u00f6r t\u00e4vlingsidrotten, EM i wushu \u00e4r ett av de internationella m\u00e4sterskapen som nu kommer att avg\u00f6ras i en digital version. Andr\u00e9 Hermansson \u00e4r en av truppens deltagare och har sedan tidigare sju SM-medaljer varav tre \u00e4r guld, ett NM-guld men ocks\u00e5 flertalet medaljer fr\u00e5n internationella t\u00e4vlingar v\u00e4rlden \u00f6ver. Nu v\u00e4ntar EM som kommer avg\u00f6ras online genom att deltagarna skickar in filmer som kommer bed\u00f6mmas.<\/p><br>","protected":false},"author":120,"featured_media":119772,"comment_status":"open","ping_status":"open","sticky":false,"template":"","format":"standard","meta":{"_acf_changed":false,"footnotes":""},"categories":[1],"tags":[],"class_list":["post-119741","post","type-post","status-publish","format-standard","has-post-thumbnail","hentry","category-okategoriserade"],"acf":[],"yoast_head":"<!-- This site is optimized with the Yoast SEO plugin v26.8 - https:\/\/yoast.com\/product\/yoast-seo-wordpress\/ -->\n<title>Andr\u00e9 Hermansson siktar p\u00e5 EM-guld - Svenska Budo &amp; Kampsportsf\u00f6rbundet<\/title>\n<meta name=\"description\" content=\"Det \u00e4r ett annorlunda \u00e5r f\u00f6r t\u00e4vlingsidrotten, EM i wushu \u00e4r ett av de internationella m\u00e4sterskapen som nu kommer att avg\u00f6ras i en digital version. Andr\u00e9 Hermansson \u00e4r en av truppens deltagare och har sedan tidigare sju SM-medaljer varav tre \u00e4r guld, ett NM-guld men ocks\u00e5 flertalet medaljer fr\u00e5n internationella t\u00e4vlingar v\u00e4rlden \u00f6ver. Nu v\u00e4ntar EM som kommer avg\u00f6ras online genom att deltagarna skickar in filmer som kommer bed\u00f6mmas.\" \/>\n<meta name=\"robots\" content=\"index, follow, max-snippet:-1, max-image-preview:large, max-video-preview:-1\" \/>\n<link rel=\"canonical\" href=\"https:\/\/www.budokampsport.se\/2020\/05\/13\/andre-hermansson-siktar-pa-em-guld\/\" \/>\n<meta property=\"og:locale\" content=\"sv_SE\" \/>\n<meta property=\"og:type\" content=\"article\" \/>\n<meta property=\"og:title\" content=\"Andr\u00e9 Hermansson siktar p\u00e5 EM-guld - Svenska Budo &amp; Kampsportsf\u00f6rbundet\" \/>\n<meta property=\"og:description\" content=\"Det \u00e4r ett annorlunda \u00e5r f\u00f6r t\u00e4vlingsidrotten, EM i wushu \u00e4r ett av de internationella m\u00e4sterskapen som nu kommer att avg\u00f6ras i en digital version. Andr\u00e9 Hermansson \u00e4r en av truppens deltagare och har sedan tidigare sju SM-medaljer varav tre \u00e4r guld, ett NM-guld men ocks\u00e5 flertalet medaljer fr\u00e5n internationella t\u00e4vlingar v\u00e4rlden \u00f6ver. Nu v\u00e4ntar EM som kommer avg\u00f6ras online genom att deltagarna skickar in filmer som kommer bed\u00f6mmas.\" \/>\n<meta property=\"og:url\" content=\"https:\/\/www.budokampsport.se\/2020\/05\/13\/andre-hermansson-siktar-pa-em-guld\/\" \/>\n<meta property=\"og:site_name\" content=\"Svenska Budo &amp; Kampsportsf\u00f6rbundet\" \/>\n<meta property=\"article:published_time\" content=\"2020-05-13T06:49:54+00:00\" \/>\n<meta property=\"og:image\" content=\"https:\/\/www.budokampsport.se\/wp-content\/uploads\/2020\/05\/96844275_1131926607172817_1297562869126135808_n.jpg\" \/>\n\t<meta property=\"og:image:width\" content=\"850\" \/>\n\t<meta property=\"og:image:height\" content=\"567\" \/>\n\t<meta property=\"og:image:type\" content=\"image\/jpeg\" \/>\n<meta name=\"author\" content=\"Annie Carriage\" \/>\n<meta name=\"twitter:card\" content=\"summary_large_image\" \/>\n<meta name=\"twitter:label1\" content=\"Skriven av\" \/>\n\t<meta name=\"twitter:data1\" content=\"Annie Carriage\" \/>\n\t<meta name=\"twitter:label2\" content=\"Ber\u00e4knad l\u00e4stid\" \/>\n\t<meta name=\"twitter:data2\" content=\"3 minuter\" \/>\n<script type=\"application\/ld+json\" class=\"yoast-schema-graph\">{\"@context\":\"https:\/\/schema.org\",\"@graph\":[{\"@type\":\"Article\",\"@id\":\"https:\/\/www.budokampsport.se\/2020\/05\/13\/andre-hermansson-siktar-pa-em-guld\/#article\",\"isPartOf\":{\"@id\":\"https:\/\/www.budokampsport.se\/2020\/05\/13\/andre-hermansson-siktar-pa-em-guld\/\"},\"author\":{\"name\":\"Annie Carriage\",\"@id\":\"https:\/\/www.budokampsport.se\/#\/schema\/person\/c838cace8171f692e363fde3f38f208b\"},\"headline\":\"Andr\u00e9 Hermansson siktar p\u00e5 EM-guld\",\"datePublished\":\"2020-05-13T06:49:54+00:00\",\"mainEntityOfPage\":{\"@id\":\"https:\/\/www.budokampsport.se\/2020\/05\/13\/andre-hermansson-siktar-pa-em-guld\/\"},\"wordCount\":694,\"commentCount\":1,\"image\":{\"@id\":\"https:\/\/www.budokampsport.se\/2020\/05\/13\/andre-hermansson-siktar-pa-em-guld\/#primaryimage\"},\"thumbnailUrl\":\"https:\/\/www.budokampsport.se\/wp-content\/uploads\/2020\/05\/96844275_1131926607172817_1297562869126135808_n.jpg\",\"inLanguage\":\"sv-SE\",\"potentialAction\":[{\"@type\":\"CommentAction\",\"name\":\"Comment\",\"target\":[\"https:\/\/www.budokampsport.se\/2020\/05\/13\/andre-hermansson-siktar-pa-em-guld\/#respond\"]}]},{\"@type\":\"WebPage\",\"@id\":\"https:\/\/www.budokampsport.se\/2020\/05\/13\/andre-hermansson-siktar-pa-em-guld\/\",\"url\":\"https:\/\/www.budokampsport.se\/2020\/05\/13\/andre-hermansson-siktar-pa-em-guld\/\",\"name\":\"Andr\u00e9 Hermansson siktar p\u00e5 EM-guld - Svenska Budo &amp; Kampsportsf\u00f6rbundet\",\"isPartOf\":{\"@id\":\"https:\/\/www.budokampsport.se\/#website\"},\"primaryImageOfPage\":{\"@id\":\"https:\/\/www.budokampsport.se\/2020\/05\/13\/andre-hermansson-siktar-pa-em-guld\/#primaryimage\"},\"image\":{\"@id\":\"https:\/\/www.budokampsport.se\/2020\/05\/13\/andre-hermansson-siktar-pa-em-guld\/#primaryimage\"},\"thumbnailUrl\":\"https:\/\/www.budokampsport.se\/wp-content\/uploads\/2020\/05\/96844275_1131926607172817_1297562869126135808_n.jpg\",\"datePublished\":\"2020-05-13T06:49:54+00:00\",\"author\":{\"@id\":\"https:\/\/www.budokampsport.se\/#\/schema\/person\/c838cace8171f692e363fde3f38f208b\"},\"description\":\"Det \u00e4r ett annorlunda \u00e5r f\u00f6r t\u00e4vlingsidrotten, EM i wushu \u00e4r ett av de internationella m\u00e4sterskapen som nu kommer att avg\u00f6ras i en digital version. Andr\u00e9 Hermansson \u00e4r en av truppens deltagare och har sedan tidigare sju SM-medaljer varav tre \u00e4r guld, ett NM-guld men ocks\u00e5 flertalet medaljer fr\u00e5n internationella t\u00e4vlingar v\u00e4rlden \u00f6ver. Nu v\u00e4ntar EM som kommer avg\u00f6ras online genom att deltagarna skickar in filmer som kommer bed\u00f6mmas.\",\"breadcrumb\":{\"@id\":\"https:\/\/www.budokampsport.se\/2020\/05\/13\/andre-hermansson-siktar-pa-em-guld\/#breadcrumb\"},\"inLanguage\":\"sv-SE\",\"potentialAction\":[{\"@type\":\"ReadAction\",\"target\":[\"https:\/\/www.budokampsport.se\/2020\/05\/13\/andre-hermansson-siktar-pa-em-guld\/\"]}]},{\"@type\":\"ImageObject\",\"inLanguage\":\"sv-SE\",\"@id\":\"https:\/\/www.budokampsport.se\/2020\/05\/13\/andre-hermansson-siktar-pa-em-guld\/#primaryimage\",\"url\":\"https:\/\/www.budokampsport.se\/wp-content\/uploads\/2020\/05\/96844275_1131926607172817_1297562869126135808_n.jpg\",\"contentUrl\":\"https:\/\/www.budokampsport.se\/wp-content\/uploads\/2020\/05\/96844275_1131926607172817_1297562869126135808_n.jpg\",\"width\":850,\"height\":567,\"caption\":\"Kai Chen \/ Chen Photography\"},{\"@type\":\"BreadcrumbList\",\"@id\":\"https:\/\/www.budokampsport.se\/2020\/05\/13\/andre-hermansson-siktar-pa-em-guld\/#breadcrumb\",\"itemListElement\":[{\"@type\":\"ListItem\",\"position\":1,\"name\":\"Hem\",\"item\":\"https:\/\/www.budokampsport.se\/\"},{\"@type\":\"ListItem\",\"position\":2,\"name\":\"Andr\u00e9 Hermansson siktar p\u00e5 EM-guld\"}]},{\"@type\":\"WebSite\",\"@id\":\"https:\/\/www.budokampsport.se\/#website\",\"url\":\"https:\/\/www.budokampsport.se\/\",\"name\":\"Svenska Budo &amp; Kampsportsf\u00f6rbundet\",\"description\":\"T\u00e4vling, Tr\u00e4ning, Tradition\",\"potentialAction\":[{\"@type\":\"SearchAction\",\"target\":{\"@type\":\"EntryPoint\",\"urlTemplate\":\"https:\/\/www.budokampsport.se\/?s={search_term_string}\"},\"query-input\":{\"@type\":\"PropertyValueSpecification\",\"valueRequired\":true,\"valueName\":\"search_term_string\"}}],\"inLanguage\":\"sv-SE\"},{\"@type\":\"Person\",\"@id\":\"https:\/\/www.budokampsport.se\/#\/schema\/person\/c838cace8171f692e363fde3f38f208b\",\"name\":\"Annie Carriage\",\"image\":{\"@type\":\"ImageObject\",\"inLanguage\":\"sv-SE\",\"@id\":\"https:\/\/www.budokampsport.se\/#\/schema\/person\/image\/\",\"url\":\"https:\/\/secure.gravatar.com\/avatar\/9311295560bdfbdf78365a26f7df1876?s=96&d=blank&r=g\",\"contentUrl\":\"https:\/\/secure.gravatar.com\/avatar\/9311295560bdfbdf78365a26f7df1876?s=96&d=blank&r=g\",\"caption\":\"Annie Carriage\"},\"url\":\"https:\/\/www.budokampsport.se\/author\/annie-bondefelt\/\"}]}<\/script>\n<!-- \/ Yoast SEO plugin. -->","yoast_head_json":{"title":"Andr\u00e9 Hermansson siktar p\u00e5 EM-guld - Svenska Budo &amp; Kampsportsf\u00f6rbundet","description":"Det \u00e4r ett annorlunda \u00e5r f\u00f6r t\u00e4vlingsidrotten, EM i wushu \u00e4r ett av de internationella m\u00e4sterskapen som nu kommer att avg\u00f6ras i en digital version. Andr\u00e9 Hermansson \u00e4r en av truppens deltagare och har sedan tidigare sju SM-medaljer varav tre \u00e4r guld, ett NM-guld men ocks\u00e5 flertalet medaljer fr\u00e5n internationella t\u00e4vlingar v\u00e4rlden \u00f6ver. Nu v\u00e4ntar EM som kommer avg\u00f6ras online genom att deltagarna skickar in filmer som kommer bed\u00f6mmas.","robots":{"index":"index","follow":"follow","max-snippet":"max-snippet:-1","max-image-preview":"max-image-preview:large","max-video-preview":"max-video-preview:-1"},"canonical":"https:\/\/www.budokampsport.se\/2020\/05\/13\/andre-hermansson-siktar-pa-em-guld\/","og_locale":"sv_SE","og_type":"article","og_title":"Andr\u00e9 Hermansson siktar p\u00e5 EM-guld - Svenska Budo &amp; Kampsportsf\u00f6rbundet","og_description":"Det \u00e4r ett annorlunda \u00e5r f\u00f6r t\u00e4vlingsidrotten, EM i wushu \u00e4r ett av de internationella m\u00e4sterskapen som nu kommer att avg\u00f6ras i en digital version. Andr\u00e9 Hermansson \u00e4r en av truppens deltagare och har sedan tidigare sju SM-medaljer varav tre \u00e4r guld, ett NM-guld men ocks\u00e5 flertalet medaljer fr\u00e5n internationella t\u00e4vlingar v\u00e4rlden \u00f6ver. Nu v\u00e4ntar EM som kommer avg\u00f6ras online genom att deltagarna skickar in filmer som kommer bed\u00f6mmas.","og_url":"https:\/\/www.budokampsport.se\/2020\/05\/13\/andre-hermansson-siktar-pa-em-guld\/","og_site_name":"Svenska Budo &amp; Kampsportsf\u00f6rbundet","article_published_time":"2020-05-13T06:49:54+00:00","og_image":[{"width":850,"height":567,"url":"https:\/\/www.budokampsport.se\/wp-content\/uploads\/2020\/05\/96844275_1131926607172817_1297562869126135808_n.jpg","type":"image\/jpeg"}],"author":"Annie Carriage","twitter_card":"summary_large_image","twitter_misc":{"Skriven av":"Annie Carriage","Ber\u00e4knad l\u00e4stid":"3 minuter"},"schema":{"@context":"https:\/\/schema.org","@graph":[{"@type":"Article","@id":"https:\/\/www.budokampsport.se\/2020\/05\/13\/andre-hermansson-siktar-pa-em-guld\/#article","isPartOf":{"@id":"https:\/\/www.budokampsport.se\/2020\/05\/13\/andre-hermansson-siktar-pa-em-guld\/"},"author":{"name":"Annie Carriage","@id":"https:\/\/www.budokampsport.se\/#\/schema\/person\/c838cace8171f692e363fde3f38f208b"},"headline":"Andr\u00e9 Hermansson siktar p\u00e5 EM-guld","datePublished":"2020-05-13T06:49:54+00:00","mainEntityOfPage":{"@id":"https:\/\/www.budokampsport.se\/2020\/05\/13\/andre-hermansson-siktar-pa-em-guld\/"},"wordCount":694,"commentCount":1,"image":{"@id":"https:\/\/www.budokampsport.se\/2020\/05\/13\/andre-hermansson-siktar-pa-em-guld\/#primaryimage"},"thumbnailUrl":"https:\/\/www.budokampsport.se\/wp-content\/uploads\/2020\/05\/96844275_1131926607172817_1297562869126135808_n.jpg","inLanguage":"sv-SE","potentialAction":[{"@type":"CommentAction","name":"Comment","target":["https:\/\/www.budokampsport.se\/2020\/05\/13\/andre-hermansson-siktar-pa-em-guld\/#respond"]}]},{"@type":"WebPage","@id":"https:\/\/www.budokampsport.se\/2020\/05\/13\/andre-hermansson-siktar-pa-em-guld\/","url":"https:\/\/www.budokampsport.se\/2020\/05\/13\/andre-hermansson-siktar-pa-em-guld\/","name":"Andr\u00e9 Hermansson siktar p\u00e5 EM-guld - Svenska Budo &amp; Kampsportsf\u00f6rbundet","isPartOf":{"@id":"https:\/\/www.budokampsport.se\/#website"},"primaryImageOfPage":{"@id":"https:\/\/www.budokampsport.se\/2020\/05\/13\/andre-hermansson-siktar-pa-em-guld\/#primaryimage"},"image":{"@id":"https:\/\/www.budokampsport.se\/2020\/05\/13\/andre-hermansson-siktar-pa-em-guld\/#primaryimage"},"thumbnailUrl":"https:\/\/www.budokampsport.se\/wp-content\/uploads\/2020\/05\/96844275_1131926607172817_1297562869126135808_n.jpg","datePublished":"2020-05-13T06:49:54+00:00","author":{"@id":"https:\/\/www.budokampsport.se\/#\/schema\/person\/c838cace8171f692e363fde3f38f208b"},"description":"Det \u00e4r ett annorlunda \u00e5r f\u00f6r t\u00e4vlingsidrotten, EM i wushu \u00e4r ett av de internationella m\u00e4sterskapen som nu kommer att avg\u00f6ras i en digital version. Andr\u00e9 Hermansson \u00e4r en av truppens deltagare och har sedan tidigare sju SM-medaljer varav tre \u00e4r guld, ett NM-guld men ocks\u00e5 flertalet medaljer fr\u00e5n internationella t\u00e4vlingar v\u00e4rlden \u00f6ver. Nu v\u00e4ntar EM som kommer avg\u00f6ras online genom att deltagarna skickar in filmer som kommer bed\u00f6mmas.","breadcrumb":{"@id":"https:\/\/www.budokampsport.se\/2020\/05\/13\/andre-hermansson-siktar-pa-em-guld\/#breadcrumb"},"inLanguage":"sv-SE","potentialAction":[{"@type":"ReadAction","target":["https:\/\/www.budokampsport.se\/2020\/05\/13\/andre-hermansson-siktar-pa-em-guld\/"]}]},{"@type":"ImageObject","inLanguage":"sv-SE","@id":"https:\/\/www.budokampsport.se\/2020\/05\/13\/andre-hermansson-siktar-pa-em-guld\/#primaryimage","url":"https:\/\/www.budokampsport.se\/wp-content\/uploads\/2020\/05\/96844275_1131926607172817_1297562869126135808_n.jpg","contentUrl":"https:\/\/www.budokampsport.se\/wp-content\/uploads\/2020\/05\/96844275_1131926607172817_1297562869126135808_n.jpg","width":850,"height":567,"caption":"Kai Chen \/ Chen Photography"},{"@type":"BreadcrumbList","@id":"https:\/\/www.budokampsport.se\/2020\/05\/13\/andre-hermansson-siktar-pa-em-guld\/#breadcrumb","itemListElement":[{"@type":"ListItem","position":1,"name":"Hem","item":"https:\/\/www.budokampsport.se\/"},{"@type":"ListItem","position":2,"name":"Andr\u00e9 Hermansson siktar p\u00e5 EM-guld"}]},{"@type":"WebSite","@id":"https:\/\/www.budokampsport.se\/#website","url":"https:\/\/www.budokampsport.se\/","name":"Svenska Budo &amp; Kampsportsf\u00f6rbundet","description":"T\u00e4vling, Tr\u00e4ning, Tradition","potentialAction":[{"@type":"SearchAction","target":{"@type":"EntryPoint","urlTemplate":"https:\/\/www.budokampsport.se\/?s={search_term_string}"},"query-input":{"@type":"PropertyValueSpecification","valueRequired":true,"valueName":"search_term_string"}}],"inLanguage":"sv-SE"},{"@type":"Person","@id":"https:\/\/www.budokampsport.se\/#\/schema\/person\/c838cace8171f692e363fde3f38f208b","name":"Annie Carriage","image":{"@type":"ImageObject","inLanguage":"sv-SE","@id":"https:\/\/www.budokampsport.se\/#\/schema\/person\/image\/","url":"https:\/\/secure.gravatar.com\/avatar\/9311295560bdfbdf78365a26f7df1876?s=96&d=blank&r=g","contentUrl":"https:\/\/secure.gravatar.com\/avatar\/9311295560bdfbdf78365a26f7df1876?s=96&d=blank&r=g","caption":"Annie Carriage"},"url":"https:\/\/www.budokampsport.se\/author\/annie-bondefelt\/"}]}},"_links":{"self":[{"href":"https:\/\/www.budokampsport.se\/api\/wp\/v2\/posts\/119741","targetHints":{"allow":["GET"]}}],"collection":[{"href":"https:\/\/www.budokampsport.se\/api\/wp\/v2\/posts"}],"about":[{"href":"https:\/\/www.budokampsport.se\/api\/wp\/v2\/types\/post"}],"author":[{"embeddable":true,"href":"https:\/\/www.budokampsport.se\/api\/wp\/v2\/users\/120"}],"replies":[{"embeddable":true,"href":"https:\/\/www.budokampsport.se\/api\/wp\/v2\/comments?post=119741"}],"version-history":[{"count":0,"href":"https:\/\/www.budokampsport.se\/api\/wp\/v2\/posts\/119741\/revisions"}],"wp:featuredmedia":[{"embeddable":true,"href":"https:\/\/www.budokampsport.se\/api\/wp\/v2\/media\/119772"}],"wp:attachment":[{"href":"https:\/\/www.budokampsport.se\/api\/wp\/v2\/media?parent=119741"}],"wp:term":[{"taxonomy":"category","embeddable":true,"href":"https:\/\/www.budokampsport.se\/api\/wp\/v2\/categories?post=119741"},{"taxonomy":"post_tag","embeddable":true,"href":"https:\/\/www.budokampsport.se\/api\/wp\/v2\/tags?post=119741"}],"curies":[{"name":"wp","href":"https:\/\/api.w.org\/{rel}","templated":true}]}}