{"id":119806,"date":"2020-05-25T12:26:20","date_gmt":"2020-05-25T10:26:20","guid":{"rendered":"https:\/\/www.budokampsport.se\/?p=119806"},"modified":"2020-05-25T12:26:20","modified_gmt":"2020-05-25T10:26:20","slug":"rf-besked-om-tavlingar-for-vuxna-kommer-under-veckan","status":"publish","type":"post","link":"https:\/\/www.budokampsport.se\/2020\/05\/25\/rf-besked-om-tavlingar-for-vuxna-kommer-under-veckan\/","title":{"rendered":"RF: Besked om t\u00e4vlingar f\u00f6r vuxna kommer under veckan"},"content":{"rendered":"<p>Riksidrottsf\u00f6rbundet sk\u00f6ter idrottens dialog med Folkh\u00e4lsomyndigheten.<\/p>\n<p>Och i onsdags tr\u00e4ffades RF och Folkh\u00e4lsomyndigheten d\u00e4r det diskuterades m\u00f6jliga l\u00f6sningar f\u00f6r att kunna komma i g\u00e5ng med matcher, t\u00e4vlingar och cuper f\u00f6r vuxna.<\/p>\n<p>RF meddelar ocks\u00e5 via hemsidan att dialogen forts\u00e4tter under den h\u00e4r veckan, en ny tr\u00e4ff mellan parterna ska ske i b\u00f6rjan av densamma.<\/p>\n<p><a href=\"https:\/\/www.rf.se\/Nyheter\/Allanyheter\/beskedommatcherochtavlingarforseniorerundernastavecka\">H\u00e4r \u00e4r hela artikeln p\u00e5 rf.se.<\/a><\/p>\n","protected":false},"excerpt":{"rendered":"<p>I onsdags hade Riksidrottsf\u00f6rbundet tillsammans med Folkh\u00e4lsomyndigheten ett m\u00f6te, d\u00e4r det diskuterades m\u00f6jliga l\u00f6sningar f\u00f6r att kunna komma ig\u00e5ng med matcher, t\u00e4vlingar och cuper p\u00e5 seniorniv\u00e5. Under veckan kommer nytt m\u00f6te h\u00e5llas, skriver rf.se.<\/p><br>","protected":false},"author":7,"featured_media":102319,"comment_status":"open","ping_status":"open","sticky":false,"template":"","format":"standard","meta":{"_acf_changed":false,"footnotes":""},"categories":[1],"tags":[],"class_list":["post-119806","post","type-post","status-publish","format-standard","has-post-thumbnail","hentry","category-okategoriserade"],"acf":[],"yoast_head":"<!-- This site is optimized with the Yoast SEO plugin v26.8 - https:\/\/yoast.com\/product\/yoast-seo-wordpress\/ -->\n<title>RF: Besked om t\u00e4vlingar f\u00f6r vuxna kommer under veckan - Svenska Budo &amp; Kampsportsf\u00f6rbundet<\/title>\n<meta name=\"description\" content=\"I onsdags hade Riksidrottsf\u00f6rbundet tillsammans med Folkh\u00e4lsomyndigheten ett m\u00f6te, d\u00e4r det diskuterades m\u00f6jliga l\u00f6sningar f\u00f6r att kunna komma ig\u00e5ng med matcher, t\u00e4vlingar och cuper p\u00e5 seniorniv\u00e5. Under veckan kommer nytt m\u00f6te h\u00e5llas, skriver rf.se.\" \/>\n<meta name=\"robots\" content=\"index, follow, max-snippet:-1, max-image-preview:large, max-video-preview:-1\" \/>\n<link rel=\"canonical\" href=\"https:\/\/www.budokampsport.se\/2020\/05\/25\/rf-besked-om-tavlingar-for-vuxna-kommer-under-veckan\/\" \/>\n<meta property=\"og:locale\" content=\"sv_SE\" \/>\n<meta property=\"og:type\" content=\"article\" \/>\n<meta property=\"og:title\" content=\"RF: Besked om t\u00e4vlingar f\u00f6r vuxna kommer under veckan - Svenska Budo &amp; Kampsportsf\u00f6rbundet\" \/>\n<meta property=\"og:description\" content=\"I onsdags hade Riksidrottsf\u00f6rbundet tillsammans med Folkh\u00e4lsomyndigheten ett m\u00f6te, d\u00e4r det diskuterades m\u00f6jliga l\u00f6sningar f\u00f6r att kunna komma ig\u00e5ng med matcher, t\u00e4vlingar och cuper p\u00e5 seniorniv\u00e5. Under veckan kommer nytt m\u00f6te h\u00e5llas, skriver rf.se.\" \/>\n<meta property=\"og:url\" content=\"https:\/\/www.budokampsport.se\/2020\/05\/25\/rf-besked-om-tavlingar-for-vuxna-kommer-under-veckan\/\" \/>\n<meta property=\"og:site_name\" content=\"Svenska Budo &amp; Kampsportsf\u00f6rbundet\" \/>\n<meta property=\"article:author\" content=\"https:\/\/www.facebook.com\/jonathan.broberg.7\" \/>\n<meta property=\"article:published_time\" content=\"2020-05-25T10:26:20+00:00\" \/>\n<meta property=\"og:image\" content=\"https:\/\/www.budokampsport.se\/wp-content\/uploads\/2019\/07\/rf_vertical_color_neg_rgb_2018-e1625211837717.png\" \/>\n\t<meta property=\"og:image:width\" content=\"850\" \/>\n\t<meta property=\"og:image:height\" content=\"582\" \/>\n\t<meta property=\"og:image:type\" content=\"image\/png\" \/>\n<meta name=\"author\" content=\"Jonathan Broberg\" \/>\n<meta name=\"twitter:card\" content=\"summary_large_image\" \/>\n<meta name=\"twitter:label1\" content=\"Skriven av\" \/>\n\t<meta name=\"twitter:data1\" content=\"Jonathan Broberg\" \/>\n<script type=\"application\/ld+json\" class=\"yoast-schema-graph\">{\"@context\":\"https:\/\/schema.org\",\"@graph\":[{\"@type\":\"Article\",\"@id\":\"https:\/\/www.budokampsport.se\/2020\/05\/25\/rf-besked-om-tavlingar-for-vuxna-kommer-under-veckan\/#article\",\"isPartOf\":{\"@id\":\"https:\/\/www.budokampsport.se\/2020\/05\/25\/rf-besked-om-tavlingar-for-vuxna-kommer-under-veckan\/\"},\"author\":{\"name\":\"Jonathan Broberg\",\"@id\":\"https:\/\/www.budokampsport.se\/#\/schema\/person\/5c06d81d14850e2a8ce5493386560145\"},\"headline\":\"RF: Besked om t\u00e4vlingar f\u00f6r vuxna kommer under veckan\",\"datePublished\":\"2020-05-25T10:26:20+00:00\",\"mainEntityOfPage\":{\"@id\":\"https:\/\/www.budokampsport.se\/2020\/05\/25\/rf-besked-om-tavlingar-for-vuxna-kommer-under-veckan\/\"},\"wordCount\":89,\"commentCount\":1,\"image\":{\"@id\":\"https:\/\/www.budokampsport.se\/2020\/05\/25\/rf-besked-om-tavlingar-for-vuxna-kommer-under-veckan\/#primaryimage\"},\"thumbnailUrl\":\"https:\/\/www.budokampsport.se\/wp-content\/uploads\/2019\/07\/rf_vertical_color_neg_rgb_2018-e1625211837717.png\",\"inLanguage\":\"sv-SE\",\"potentialAction\":[{\"@type\":\"CommentAction\",\"name\":\"Comment\",\"target\":[\"https:\/\/www.budokampsport.se\/2020\/05\/25\/rf-besked-om-tavlingar-for-vuxna-kommer-under-veckan\/#respond\"]}]},{\"@type\":\"WebPage\",\"@id\":\"https:\/\/www.budokampsport.se\/2020\/05\/25\/rf-besked-om-tavlingar-for-vuxna-kommer-under-veckan\/\",\"url\":\"https:\/\/www.budokampsport.se\/2020\/05\/25\/rf-besked-om-tavlingar-for-vuxna-kommer-under-veckan\/\",\"name\":\"RF: Besked om t\u00e4vlingar f\u00f6r vuxna kommer under veckan - Svenska Budo &amp; Kampsportsf\u00f6rbundet\",\"isPartOf\":{\"@id\":\"https:\/\/www.budokampsport.se\/#website\"},\"primaryImageOfPage\":{\"@id\":\"https:\/\/www.budokampsport.se\/2020\/05\/25\/rf-besked-om-tavlingar-for-vuxna-kommer-under-veckan\/#primaryimage\"},\"image\":{\"@id\":\"https:\/\/www.budokampsport.se\/2020\/05\/25\/rf-besked-om-tavlingar-for-vuxna-kommer-under-veckan\/#primaryimage\"},\"thumbnailUrl\":\"https:\/\/www.budokampsport.se\/wp-content\/uploads\/2019\/07\/rf_vertical_color_neg_rgb_2018-e1625211837717.png\",\"datePublished\":\"2020-05-25T10:26:20+00:00\",\"author\":{\"@id\":\"https:\/\/www.budokampsport.se\/#\/schema\/person\/5c06d81d14850e2a8ce5493386560145\"},\"description\":\"I onsdags hade Riksidrottsf\u00f6rbundet tillsammans med Folkh\u00e4lsomyndigheten ett m\u00f6te, d\u00e4r det diskuterades m\u00f6jliga l\u00f6sningar f\u00f6r att kunna komma ig\u00e5ng med matcher, t\u00e4vlingar och cuper p\u00e5 seniorniv\u00e5. Under veckan kommer nytt m\u00f6te h\u00e5llas, skriver rf.se.\",\"breadcrumb\":{\"@id\":\"https:\/\/www.budokampsport.se\/2020\/05\/25\/rf-besked-om-tavlingar-for-vuxna-kommer-under-veckan\/#breadcrumb\"},\"inLanguage\":\"sv-SE\",\"potentialAction\":[{\"@type\":\"ReadAction\",\"target\":[\"https:\/\/www.budokampsport.se\/2020\/05\/25\/rf-besked-om-tavlingar-for-vuxna-kommer-under-veckan\/\"]}]},{\"@type\":\"ImageObject\",\"inLanguage\":\"sv-SE\",\"@id\":\"https:\/\/www.budokampsport.se\/2020\/05\/25\/rf-besked-om-tavlingar-for-vuxna-kommer-under-veckan\/#primaryimage\",\"url\":\"https:\/\/www.budokampsport.se\/wp-content\/uploads\/2019\/07\/rf_vertical_color_neg_rgb_2018-e1625211837717.png\",\"contentUrl\":\"https:\/\/www.budokampsport.se\/wp-content\/uploads\/2019\/07\/rf_vertical_color_neg_rgb_2018-e1625211837717.png\",\"width\":850,\"height\":582},{\"@type\":\"BreadcrumbList\",\"@id\":\"https:\/\/www.budokampsport.se\/2020\/05\/25\/rf-besked-om-tavlingar-for-vuxna-kommer-under-veckan\/#breadcrumb\",\"itemListElement\":[{\"@type\":\"ListItem\",\"position\":1,\"name\":\"Hem\",\"item\":\"https:\/\/www.budokampsport.se\/\"},{\"@type\":\"ListItem\",\"position\":2,\"name\":\"RF: Besked om t\u00e4vlingar f\u00f6r vuxna kommer under veckan\"}]},{\"@type\":\"WebSite\",\"@id\":\"https:\/\/www.budokampsport.se\/#website\",\"url\":\"https:\/\/www.budokampsport.se\/\",\"name\":\"Svenska Budo &amp; Kampsportsf\u00f6rbundet\",\"description\":\"T\u00e4vling, Tr\u00e4ning, Tradition\",\"potentialAction\":[{\"@type\":\"SearchAction\",\"target\":{\"@type\":\"EntryPoint\",\"urlTemplate\":\"https:\/\/www.budokampsport.se\/?s={search_term_string}\"},\"query-input\":{\"@type\":\"PropertyValueSpecification\",\"valueRequired\":true,\"valueName\":\"search_term_string\"}}],\"inLanguage\":\"sv-SE\"},{\"@type\":\"Person\",\"@id\":\"https:\/\/www.budokampsport.se\/#\/schema\/person\/5c06d81d14850e2a8ce5493386560145\",\"name\":\"Jonathan Broberg\",\"image\":{\"@type\":\"ImageObject\",\"inLanguage\":\"sv-SE\",\"@id\":\"https:\/\/www.budokampsport.se\/#\/schema\/person\/image\/\",\"url\":\"https:\/\/secure.gravatar.com\/avatar\/a58041c6cea9128bd9c40ee2f26d4136?s=96&d=blank&r=g\",\"contentUrl\":\"https:\/\/secure.gravatar.com\/avatar\/a58041c6cea9128bd9c40ee2f26d4136?s=96&d=blank&r=g\",\"caption\":\"Jonathan Broberg\"},\"sameAs\":[\"https:\/\/www.facebook.com\/jonathan.broberg.7\"],\"url\":\"https:\/\/www.budokampsport.se\/author\/jonathan\/\"}]}<\/script>\n<!-- \/ Yoast SEO plugin. -->","yoast_head_json":{"title":"RF: Besked om t\u00e4vlingar f\u00f6r vuxna kommer under veckan - Svenska Budo &amp; Kampsportsf\u00f6rbundet","description":"I onsdags hade Riksidrottsf\u00f6rbundet tillsammans med Folkh\u00e4lsomyndigheten ett m\u00f6te, d\u00e4r det diskuterades m\u00f6jliga l\u00f6sningar f\u00f6r att kunna komma ig\u00e5ng med matcher, t\u00e4vlingar och cuper p\u00e5 seniorniv\u00e5. Under veckan kommer nytt m\u00f6te h\u00e5llas, skriver rf.se.","robots":{"index":"index","follow":"follow","max-snippet":"max-snippet:-1","max-image-preview":"max-image-preview:large","max-video-preview":"max-video-preview:-1"},"canonical":"https:\/\/www.budokampsport.se\/2020\/05\/25\/rf-besked-om-tavlingar-for-vuxna-kommer-under-veckan\/","og_locale":"sv_SE","og_type":"article","og_title":"RF: Besked om t\u00e4vlingar f\u00f6r vuxna kommer under veckan - Svenska Budo &amp; Kampsportsf\u00f6rbundet","og_description":"I onsdags hade Riksidrottsf\u00f6rbundet tillsammans med Folkh\u00e4lsomyndigheten ett m\u00f6te, d\u00e4r det diskuterades m\u00f6jliga l\u00f6sningar f\u00f6r att kunna komma ig\u00e5ng med matcher, t\u00e4vlingar och cuper p\u00e5 seniorniv\u00e5. Under veckan kommer nytt m\u00f6te h\u00e5llas, skriver rf.se.","og_url":"https:\/\/www.budokampsport.se\/2020\/05\/25\/rf-besked-om-tavlingar-for-vuxna-kommer-under-veckan\/","og_site_name":"Svenska Budo &amp; Kampsportsf\u00f6rbundet","article_author":"https:\/\/www.facebook.com\/jonathan.broberg.7","article_published_time":"2020-05-25T10:26:20+00:00","og_image":[{"width":850,"height":582,"url":"https:\/\/www.budokampsport.se\/wp-content\/uploads\/2019\/07\/rf_vertical_color_neg_rgb_2018-e1625211837717.png","type":"image\/png"}],"author":"Jonathan Broberg","twitter_card":"summary_large_image","twitter_misc":{"Skriven av":"Jonathan Broberg"},"schema":{"@context":"https:\/\/schema.org","@graph":[{"@type":"Article","@id":"https:\/\/www.budokampsport.se\/2020\/05\/25\/rf-besked-om-tavlingar-for-vuxna-kommer-under-veckan\/#article","isPartOf":{"@id":"https:\/\/www.budokampsport.se\/2020\/05\/25\/rf-besked-om-tavlingar-for-vuxna-kommer-under-veckan\/"},"author":{"name":"Jonathan Broberg","@id":"https:\/\/www.budokampsport.se\/#\/schema\/person\/5c06d81d14850e2a8ce5493386560145"},"headline":"RF: Besked om t\u00e4vlingar f\u00f6r vuxna kommer under veckan","datePublished":"2020-05-25T10:26:20+00:00","mainEntityOfPage":{"@id":"https:\/\/www.budokampsport.se\/2020\/05\/25\/rf-besked-om-tavlingar-for-vuxna-kommer-under-veckan\/"},"wordCount":89,"commentCount":1,"image":{"@id":"https:\/\/www.budokampsport.se\/2020\/05\/25\/rf-besked-om-tavlingar-for-vuxna-kommer-under-veckan\/#primaryimage"},"thumbnailUrl":"https:\/\/www.budokampsport.se\/wp-content\/uploads\/2019\/07\/rf_vertical_color_neg_rgb_2018-e1625211837717.png","inLanguage":"sv-SE","potentialAction":[{"@type":"CommentAction","name":"Comment","target":["https:\/\/www.budokampsport.se\/2020\/05\/25\/rf-besked-om-tavlingar-for-vuxna-kommer-under-veckan\/#respond"]}]},{"@type":"WebPage","@id":"https:\/\/www.budokampsport.se\/2020\/05\/25\/rf-besked-om-tavlingar-for-vuxna-kommer-under-veckan\/","url":"https:\/\/www.budokampsport.se\/2020\/05\/25\/rf-besked-om-tavlingar-for-vuxna-kommer-under-veckan\/","name":"RF: Besked om t\u00e4vlingar f\u00f6r vuxna kommer under veckan - Svenska Budo &amp; Kampsportsf\u00f6rbundet","isPartOf":{"@id":"https:\/\/www.budokampsport.se\/#website"},"primaryImageOfPage":{"@id":"https:\/\/www.budokampsport.se\/2020\/05\/25\/rf-besked-om-tavlingar-for-vuxna-kommer-under-veckan\/#primaryimage"},"image":{"@id":"https:\/\/www.budokampsport.se\/2020\/05\/25\/rf-besked-om-tavlingar-for-vuxna-kommer-under-veckan\/#primaryimage"},"thumbnailUrl":"https:\/\/www.budokampsport.se\/wp-content\/uploads\/2019\/07\/rf_vertical_color_neg_rgb_2018-e1625211837717.png","datePublished":"2020-05-25T10:26:20+00:00","author":{"@id":"https:\/\/www.budokampsport.se\/#\/schema\/person\/5c06d81d14850e2a8ce5493386560145"},"description":"I onsdags hade Riksidrottsf\u00f6rbundet tillsammans med Folkh\u00e4lsomyndigheten ett m\u00f6te, d\u00e4r det diskuterades m\u00f6jliga l\u00f6sningar f\u00f6r att kunna komma ig\u00e5ng med matcher, t\u00e4vlingar och cuper p\u00e5 seniorniv\u00e5. Under veckan kommer nytt m\u00f6te h\u00e5llas, skriver rf.se.","breadcrumb":{"@id":"https:\/\/www.budokampsport.se\/2020\/05\/25\/rf-besked-om-tavlingar-for-vuxna-kommer-under-veckan\/#breadcrumb"},"inLanguage":"sv-SE","potentialAction":[{"@type":"ReadAction","target":["https:\/\/www.budokampsport.se\/2020\/05\/25\/rf-besked-om-tavlingar-for-vuxna-kommer-under-veckan\/"]}]},{"@type":"ImageObject","inLanguage":"sv-SE","@id":"https:\/\/www.budokampsport.se\/2020\/05\/25\/rf-besked-om-tavlingar-for-vuxna-kommer-under-veckan\/#primaryimage","url":"https:\/\/www.budokampsport.se\/wp-content\/uploads\/2019\/07\/rf_vertical_color_neg_rgb_2018-e1625211837717.png","contentUrl":"https:\/\/www.budokampsport.se\/wp-content\/uploads\/2019\/07\/rf_vertical_color_neg_rgb_2018-e1625211837717.png","width":850,"height":582},{"@type":"BreadcrumbList","@id":"https:\/\/www.budokampsport.se\/2020\/05\/25\/rf-besked-om-tavlingar-for-vuxna-kommer-under-veckan\/#breadcrumb","itemListElement":[{"@type":"ListItem","position":1,"name":"Hem","item":"https:\/\/www.budokampsport.se\/"},{"@type":"ListItem","position":2,"name":"RF: Besked om t\u00e4vlingar f\u00f6r vuxna kommer under veckan"}]},{"@type":"WebSite","@id":"https:\/\/www.budokampsport.se\/#website","url":"https:\/\/www.budokampsport.se\/","name":"Svenska Budo &amp; Kampsportsf\u00f6rbundet","description":"T\u00e4vling, Tr\u00e4ning, Tradition","potentialAction":[{"@type":"SearchAction","target":{"@type":"EntryPoint","urlTemplate":"https:\/\/www.budokampsport.se\/?s={search_term_string}"},"query-input":{"@type":"PropertyValueSpecification","valueRequired":true,"valueName":"search_term_string"}}],"inLanguage":"sv-SE"},{"@type":"Person","@id":"https:\/\/www.budokampsport.se\/#\/schema\/person\/5c06d81d14850e2a8ce5493386560145","name":"Jonathan Broberg","image":{"@type":"ImageObject","inLanguage":"sv-SE","@id":"https:\/\/www.budokampsport.se\/#\/schema\/person\/image\/","url":"https:\/\/secure.gravatar.com\/avatar\/a58041c6cea9128bd9c40ee2f26d4136?s=96&d=blank&r=g","contentUrl":"https:\/\/secure.gravatar.com\/avatar\/a58041c6cea9128bd9c40ee2f26d4136?s=96&d=blank&r=g","caption":"Jonathan Broberg"},"sameAs":["https:\/\/www.facebook.com\/jonathan.broberg.7"],"url":"https:\/\/www.budokampsport.se\/author\/jonathan\/"}]}},"_links":{"self":[{"href":"https:\/\/www.budokampsport.se\/api\/wp\/v2\/posts\/119806","targetHints":{"allow":["GET"]}}],"collection":[{"href":"https:\/\/www.budokampsport.se\/api\/wp\/v2\/posts"}],"about":[{"href":"https:\/\/www.budokampsport.se\/api\/wp\/v2\/types\/post"}],"author":[{"embeddable":true,"href":"https:\/\/www.budokampsport.se\/api\/wp\/v2\/users\/7"}],"replies":[{"embeddable":true,"href":"https:\/\/www.budokampsport.se\/api\/wp\/v2\/comments?post=119806"}],"version-history":[{"count":0,"href":"https:\/\/www.budokampsport.se\/api\/wp\/v2\/posts\/119806\/revisions"}],"wp:featuredmedia":[{"embeddable":true,"href":"https:\/\/www.budokampsport.se\/api\/wp\/v2\/media\/102319"}],"wp:attachment":[{"href":"https:\/\/www.budokampsport.se\/api\/wp\/v2\/media?parent=119806"}],"wp:term":[{"taxonomy":"category","embeddable":true,"href":"https:\/\/www.budokampsport.se\/api\/wp\/v2\/categories?post=119806"},{"taxonomy":"post_tag","embeddable":true,"href":"https:\/\/www.budokampsport.se\/api\/wp\/v2\/tags?post=119806"}],"curies":[{"name":"wp","href":"https:\/\/api.w.org\/{rel}","templated":true}]}}