{"id":119845,"date":"2020-06-04T14:21:41","date_gmt":"2020-06-04T12:21:41","guid":{"rendered":"https:\/\/www.budokampsport.se\/?p=119845"},"modified":"2020-06-04T17:09:38","modified_gmt":"2020-06-04T15:09:38","slug":"em-brons-till-andre-hermansson","status":"publish","type":"post","link":"https:\/\/www.budokampsport.se\/2020\/06\/04\/em-brons-till-andre-hermansson\/","title":{"rendered":"EM-brons till Andr\u00e9 Hermansson"},"content":{"rendered":"<p>En av de tv\u00e5 svenskarna som t\u00e4vlade under morgonen var Andr\u00e9 Hermansson som tog hem bronsmedaljen i Shuangdao med po\u00e4ngen 8.4.<\/p>\n<p>&#8211; Givet den korta varsel vi f\u00e5tt att f\u00f6rbereda oss f\u00e5r man vara n\u00f6jd.\u00a0 Det var kul att f\u00e5 delta i det h\u00e4r unika EM:et, s\u00e4ger Andr\u00e9 till budokampsport.se<\/p>\n<p><strong>Inf\u00f6r m\u00e4sterskapet kommenterade Andr\u00e9 \u00e5rets EM som f\u00f6r f\u00f6rsta g\u00e5ngen skedde i digital form.<\/strong><\/p>\n<p>-Jag tror det kommer bli lite annorlunda k\u00e4nsla mot att delta p\u00e5 plats. Inte samma sp\u00e4nning och t\u00e4vlingsk\u00e4nsla som att st\u00e5 p\u00e5 mattan och veta att du bara har en enda chans att f\u00e5 till det bra. Det \u00e4r p\u00e5 ett s\u00e4tt en f\u00f6rdel att kunna slappna av mer i vetskapen om att man alltid kan g\u00f6ra en tagning till ifall man k\u00e4nde att det inte gick s\u00e5 bra f\u00f6rsta g\u00e5ngen. Samtidigt finns en risk att man just d\u00e4rf\u00f6r inte tar det lika fullt p\u00e5 allvar och d\u00e4rmed kan f\u00e5 sv\u00e5rt att verkligen prestera 100 % vilket kr\u00e4vs f\u00f6r att ha en chans att vinna, ber\u00e4ttade Andr\u00e9 till budokampsport.se<\/p>\n<p>Men Andr\u00e9 presterade p\u00e5 topp och tog till slut hem bronspengen till Sverige.<\/p>\n<p>Ytterligare tv\u00e5 medaljer togs hem av Sverige under dagen d\u00e5 Axel Westerkull b\u00e5de tog hem EM-guld i Jiujiebian och EM-silver i Shuangdao.<\/p>\n<p>Foto: Kai Chen \/ Chen Photography<br \/>\nText: Annie Bondefelt<\/p>\n","protected":false},"excerpt":{"rendered":"<p>Under den sista t\u00e4vlingsdagen f\u00f6r svenskarna i EM i wushu presterade svenskarna p\u00e5 topp.<\/p><br>","protected":false},"author":120,"featured_media":119772,"comment_status":"open","ping_status":"open","sticky":false,"template":"","format":"standard","meta":{"_acf_changed":false,"footnotes":""},"categories":[1],"tags":[],"class_list":["post-119845","post","type-post","status-publish","format-standard","has-post-thumbnail","hentry","category-okategoriserade"],"acf":[],"yoast_head":"<!-- This site is optimized with the Yoast SEO plugin v26.8 - https:\/\/yoast.com\/product\/yoast-seo-wordpress\/ -->\n<title>EM-brons till Andr\u00e9 Hermansson - Svenska Budo &amp; Kampsportsf\u00f6rbundet<\/title>\n<meta name=\"description\" content=\"Under den sista t\u00e4vlingsdagen f\u00f6r svenskarna i EM i wushu presterade svenskarna p\u00e5 topp.\" \/>\n<meta name=\"robots\" content=\"index, follow, max-snippet:-1, max-image-preview:large, max-video-preview:-1\" \/>\n<link rel=\"canonical\" href=\"https:\/\/www.budokampsport.se\/2020\/06\/04\/em-brons-till-andre-hermansson\/\" \/>\n<meta property=\"og:locale\" content=\"sv_SE\" \/>\n<meta property=\"og:type\" content=\"article\" \/>\n<meta property=\"og:title\" content=\"EM-brons till Andr\u00e9 Hermansson - Svenska Budo &amp; Kampsportsf\u00f6rbundet\" \/>\n<meta property=\"og:description\" content=\"Under den sista t\u00e4vlingsdagen f\u00f6r svenskarna i EM i wushu presterade svenskarna p\u00e5 topp.\" \/>\n<meta property=\"og:url\" content=\"https:\/\/www.budokampsport.se\/2020\/06\/04\/em-brons-till-andre-hermansson\/\" \/>\n<meta property=\"og:site_name\" content=\"Svenska Budo &amp; Kampsportsf\u00f6rbundet\" \/>\n<meta property=\"article:published_time\" content=\"2020-06-04T12:21:41+00:00\" \/>\n<meta property=\"article:modified_time\" content=\"2020-06-04T15:09:38+00:00\" \/>\n<meta property=\"og:image\" content=\"https:\/\/www.budokampsport.se\/wp-content\/uploads\/2020\/05\/96844275_1131926607172817_1297562869126135808_n.jpg\" \/>\n\t<meta property=\"og:image:width\" content=\"850\" \/>\n\t<meta property=\"og:image:height\" content=\"567\" \/>\n\t<meta property=\"og:image:type\" content=\"image\/jpeg\" \/>\n<meta name=\"author\" content=\"Annie Carriage\" \/>\n<meta name=\"twitter:card\" content=\"summary_large_image\" \/>\n<meta name=\"twitter:label1\" content=\"Skriven av\" \/>\n\t<meta name=\"twitter:data1\" content=\"Annie Carriage\" \/>\n\t<meta name=\"twitter:label2\" content=\"Ber\u00e4knad l\u00e4stid\" \/>\n\t<meta name=\"twitter:data2\" content=\"1 minut\" \/>\n<script type=\"application\/ld+json\" class=\"yoast-schema-graph\">{\"@context\":\"https:\/\/schema.org\",\"@graph\":[{\"@type\":\"Article\",\"@id\":\"https:\/\/www.budokampsport.se\/2020\/06\/04\/em-brons-till-andre-hermansson\/#article\",\"isPartOf\":{\"@id\":\"https:\/\/www.budokampsport.se\/2020\/06\/04\/em-brons-till-andre-hermansson\/\"},\"author\":{\"name\":\"Annie Carriage\",\"@id\":\"https:\/\/www.budokampsport.se\/#\/schema\/person\/c838cace8171f692e363fde3f38f208b\"},\"headline\":\"EM-brons till Andr\u00e9 Hermansson\",\"datePublished\":\"2020-06-04T12:21:41+00:00\",\"dateModified\":\"2020-06-04T15:09:38+00:00\",\"mainEntityOfPage\":{\"@id\":\"https:\/\/www.budokampsport.se\/2020\/06\/04\/em-brons-till-andre-hermansson\/\"},\"wordCount\":251,\"commentCount\":0,\"image\":{\"@id\":\"https:\/\/www.budokampsport.se\/2020\/06\/04\/em-brons-till-andre-hermansson\/#primaryimage\"},\"thumbnailUrl\":\"https:\/\/www.budokampsport.se\/wp-content\/uploads\/2020\/05\/96844275_1131926607172817_1297562869126135808_n.jpg\",\"inLanguage\":\"sv-SE\",\"potentialAction\":[{\"@type\":\"CommentAction\",\"name\":\"Comment\",\"target\":[\"https:\/\/www.budokampsport.se\/2020\/06\/04\/em-brons-till-andre-hermansson\/#respond\"]}]},{\"@type\":\"WebPage\",\"@id\":\"https:\/\/www.budokampsport.se\/2020\/06\/04\/em-brons-till-andre-hermansson\/\",\"url\":\"https:\/\/www.budokampsport.se\/2020\/06\/04\/em-brons-till-andre-hermansson\/\",\"name\":\"EM-brons till Andr\u00e9 Hermansson - Svenska Budo &amp; Kampsportsf\u00f6rbundet\",\"isPartOf\":{\"@id\":\"https:\/\/www.budokampsport.se\/#website\"},\"primaryImageOfPage\":{\"@id\":\"https:\/\/www.budokampsport.se\/2020\/06\/04\/em-brons-till-andre-hermansson\/#primaryimage\"},\"image\":{\"@id\":\"https:\/\/www.budokampsport.se\/2020\/06\/04\/em-brons-till-andre-hermansson\/#primaryimage\"},\"thumbnailUrl\":\"https:\/\/www.budokampsport.se\/wp-content\/uploads\/2020\/05\/96844275_1131926607172817_1297562869126135808_n.jpg\",\"datePublished\":\"2020-06-04T12:21:41+00:00\",\"dateModified\":\"2020-06-04T15:09:38+00:00\",\"author\":{\"@id\":\"https:\/\/www.budokampsport.se\/#\/schema\/person\/c838cace8171f692e363fde3f38f208b\"},\"description\":\"Under den sista t\u00e4vlingsdagen f\u00f6r svenskarna i EM i wushu presterade svenskarna p\u00e5 topp.\",\"breadcrumb\":{\"@id\":\"https:\/\/www.budokampsport.se\/2020\/06\/04\/em-brons-till-andre-hermansson\/#breadcrumb\"},\"inLanguage\":\"sv-SE\",\"potentialAction\":[{\"@type\":\"ReadAction\",\"target\":[\"https:\/\/www.budokampsport.se\/2020\/06\/04\/em-brons-till-andre-hermansson\/\"]}]},{\"@type\":\"ImageObject\",\"inLanguage\":\"sv-SE\",\"@id\":\"https:\/\/www.budokampsport.se\/2020\/06\/04\/em-brons-till-andre-hermansson\/#primaryimage\",\"url\":\"https:\/\/www.budokampsport.se\/wp-content\/uploads\/2020\/05\/96844275_1131926607172817_1297562869126135808_n.jpg\",\"contentUrl\":\"https:\/\/www.budokampsport.se\/wp-content\/uploads\/2020\/05\/96844275_1131926607172817_1297562869126135808_n.jpg\",\"width\":850,\"height\":567,\"caption\":\"Kai Chen \/ Chen Photography\"},{\"@type\":\"BreadcrumbList\",\"@id\":\"https:\/\/www.budokampsport.se\/2020\/06\/04\/em-brons-till-andre-hermansson\/#breadcrumb\",\"itemListElement\":[{\"@type\":\"ListItem\",\"position\":1,\"name\":\"Hem\",\"item\":\"https:\/\/www.budokampsport.se\/\"},{\"@type\":\"ListItem\",\"position\":2,\"name\":\"EM-brons till Andr\u00e9 Hermansson\"}]},{\"@type\":\"WebSite\",\"@id\":\"https:\/\/www.budokampsport.se\/#website\",\"url\":\"https:\/\/www.budokampsport.se\/\",\"name\":\"Svenska Budo &amp; Kampsportsf\u00f6rbundet\",\"description\":\"T\u00e4vling, Tr\u00e4ning, Tradition\",\"potentialAction\":[{\"@type\":\"SearchAction\",\"target\":{\"@type\":\"EntryPoint\",\"urlTemplate\":\"https:\/\/www.budokampsport.se\/?s={search_term_string}\"},\"query-input\":{\"@type\":\"PropertyValueSpecification\",\"valueRequired\":true,\"valueName\":\"search_term_string\"}}],\"inLanguage\":\"sv-SE\"},{\"@type\":\"Person\",\"@id\":\"https:\/\/www.budokampsport.se\/#\/schema\/person\/c838cace8171f692e363fde3f38f208b\",\"name\":\"Annie Carriage\",\"image\":{\"@type\":\"ImageObject\",\"inLanguage\":\"sv-SE\",\"@id\":\"https:\/\/www.budokampsport.se\/#\/schema\/person\/image\/\",\"url\":\"https:\/\/secure.gravatar.com\/avatar\/9311295560bdfbdf78365a26f7df1876?s=96&d=blank&r=g\",\"contentUrl\":\"https:\/\/secure.gravatar.com\/avatar\/9311295560bdfbdf78365a26f7df1876?s=96&d=blank&r=g\",\"caption\":\"Annie Carriage\"},\"url\":\"https:\/\/www.budokampsport.se\/author\/annie-bondefelt\/\"}]}<\/script>\n<!-- \/ Yoast SEO plugin. -->","yoast_head_json":{"title":"EM-brons till Andr\u00e9 Hermansson - Svenska Budo &amp; Kampsportsf\u00f6rbundet","description":"Under den sista t\u00e4vlingsdagen f\u00f6r svenskarna i EM i wushu presterade svenskarna p\u00e5 topp.","robots":{"index":"index","follow":"follow","max-snippet":"max-snippet:-1","max-image-preview":"max-image-preview:large","max-video-preview":"max-video-preview:-1"},"canonical":"https:\/\/www.budokampsport.se\/2020\/06\/04\/em-brons-till-andre-hermansson\/","og_locale":"sv_SE","og_type":"article","og_title":"EM-brons till Andr\u00e9 Hermansson - Svenska Budo &amp; Kampsportsf\u00f6rbundet","og_description":"Under den sista t\u00e4vlingsdagen f\u00f6r svenskarna i EM i wushu presterade svenskarna p\u00e5 topp.","og_url":"https:\/\/www.budokampsport.se\/2020\/06\/04\/em-brons-till-andre-hermansson\/","og_site_name":"Svenska Budo &amp; Kampsportsf\u00f6rbundet","article_published_time":"2020-06-04T12:21:41+00:00","article_modified_time":"2020-06-04T15:09:38+00:00","og_image":[{"width":850,"height":567,"url":"https:\/\/www.budokampsport.se\/wp-content\/uploads\/2020\/05\/96844275_1131926607172817_1297562869126135808_n.jpg","type":"image\/jpeg"}],"author":"Annie Carriage","twitter_card":"summary_large_image","twitter_misc":{"Skriven av":"Annie Carriage","Ber\u00e4knad l\u00e4stid":"1 minut"},"schema":{"@context":"https:\/\/schema.org","@graph":[{"@type":"Article","@id":"https:\/\/www.budokampsport.se\/2020\/06\/04\/em-brons-till-andre-hermansson\/#article","isPartOf":{"@id":"https:\/\/www.budokampsport.se\/2020\/06\/04\/em-brons-till-andre-hermansson\/"},"author":{"name":"Annie Carriage","@id":"https:\/\/www.budokampsport.se\/#\/schema\/person\/c838cace8171f692e363fde3f38f208b"},"headline":"EM-brons till Andr\u00e9 Hermansson","datePublished":"2020-06-04T12:21:41+00:00","dateModified":"2020-06-04T15:09:38+00:00","mainEntityOfPage":{"@id":"https:\/\/www.budokampsport.se\/2020\/06\/04\/em-brons-till-andre-hermansson\/"},"wordCount":251,"commentCount":0,"image":{"@id":"https:\/\/www.budokampsport.se\/2020\/06\/04\/em-brons-till-andre-hermansson\/#primaryimage"},"thumbnailUrl":"https:\/\/www.budokampsport.se\/wp-content\/uploads\/2020\/05\/96844275_1131926607172817_1297562869126135808_n.jpg","inLanguage":"sv-SE","potentialAction":[{"@type":"CommentAction","name":"Comment","target":["https:\/\/www.budokampsport.se\/2020\/06\/04\/em-brons-till-andre-hermansson\/#respond"]}]},{"@type":"WebPage","@id":"https:\/\/www.budokampsport.se\/2020\/06\/04\/em-brons-till-andre-hermansson\/","url":"https:\/\/www.budokampsport.se\/2020\/06\/04\/em-brons-till-andre-hermansson\/","name":"EM-brons till Andr\u00e9 Hermansson - Svenska Budo &amp; Kampsportsf\u00f6rbundet","isPartOf":{"@id":"https:\/\/www.budokampsport.se\/#website"},"primaryImageOfPage":{"@id":"https:\/\/www.budokampsport.se\/2020\/06\/04\/em-brons-till-andre-hermansson\/#primaryimage"},"image":{"@id":"https:\/\/www.budokampsport.se\/2020\/06\/04\/em-brons-till-andre-hermansson\/#primaryimage"},"thumbnailUrl":"https:\/\/www.budokampsport.se\/wp-content\/uploads\/2020\/05\/96844275_1131926607172817_1297562869126135808_n.jpg","datePublished":"2020-06-04T12:21:41+00:00","dateModified":"2020-06-04T15:09:38+00:00","author":{"@id":"https:\/\/www.budokampsport.se\/#\/schema\/person\/c838cace8171f692e363fde3f38f208b"},"description":"Under den sista t\u00e4vlingsdagen f\u00f6r svenskarna i EM i wushu presterade svenskarna p\u00e5 topp.","breadcrumb":{"@id":"https:\/\/www.budokampsport.se\/2020\/06\/04\/em-brons-till-andre-hermansson\/#breadcrumb"},"inLanguage":"sv-SE","potentialAction":[{"@type":"ReadAction","target":["https:\/\/www.budokampsport.se\/2020\/06\/04\/em-brons-till-andre-hermansson\/"]}]},{"@type":"ImageObject","inLanguage":"sv-SE","@id":"https:\/\/www.budokampsport.se\/2020\/06\/04\/em-brons-till-andre-hermansson\/#primaryimage","url":"https:\/\/www.budokampsport.se\/wp-content\/uploads\/2020\/05\/96844275_1131926607172817_1297562869126135808_n.jpg","contentUrl":"https:\/\/www.budokampsport.se\/wp-content\/uploads\/2020\/05\/96844275_1131926607172817_1297562869126135808_n.jpg","width":850,"height":567,"caption":"Kai Chen \/ Chen Photography"},{"@type":"BreadcrumbList","@id":"https:\/\/www.budokampsport.se\/2020\/06\/04\/em-brons-till-andre-hermansson\/#breadcrumb","itemListElement":[{"@type":"ListItem","position":1,"name":"Hem","item":"https:\/\/www.budokampsport.se\/"},{"@type":"ListItem","position":2,"name":"EM-brons till Andr\u00e9 Hermansson"}]},{"@type":"WebSite","@id":"https:\/\/www.budokampsport.se\/#website","url":"https:\/\/www.budokampsport.se\/","name":"Svenska Budo &amp; Kampsportsf\u00f6rbundet","description":"T\u00e4vling, Tr\u00e4ning, Tradition","potentialAction":[{"@type":"SearchAction","target":{"@type":"EntryPoint","urlTemplate":"https:\/\/www.budokampsport.se\/?s={search_term_string}"},"query-input":{"@type":"PropertyValueSpecification","valueRequired":true,"valueName":"search_term_string"}}],"inLanguage":"sv-SE"},{"@type":"Person","@id":"https:\/\/www.budokampsport.se\/#\/schema\/person\/c838cace8171f692e363fde3f38f208b","name":"Annie Carriage","image":{"@type":"ImageObject","inLanguage":"sv-SE","@id":"https:\/\/www.budokampsport.se\/#\/schema\/person\/image\/","url":"https:\/\/secure.gravatar.com\/avatar\/9311295560bdfbdf78365a26f7df1876?s=96&d=blank&r=g","contentUrl":"https:\/\/secure.gravatar.com\/avatar\/9311295560bdfbdf78365a26f7df1876?s=96&d=blank&r=g","caption":"Annie Carriage"},"url":"https:\/\/www.budokampsport.se\/author\/annie-bondefelt\/"}]}},"_links":{"self":[{"href":"https:\/\/www.budokampsport.se\/api\/wp\/v2\/posts\/119845","targetHints":{"allow":["GET"]}}],"collection":[{"href":"https:\/\/www.budokampsport.se\/api\/wp\/v2\/posts"}],"about":[{"href":"https:\/\/www.budokampsport.se\/api\/wp\/v2\/types\/post"}],"author":[{"embeddable":true,"href":"https:\/\/www.budokampsport.se\/api\/wp\/v2\/users\/120"}],"replies":[{"embeddable":true,"href":"https:\/\/www.budokampsport.se\/api\/wp\/v2\/comments?post=119845"}],"version-history":[{"count":0,"href":"https:\/\/www.budokampsport.se\/api\/wp\/v2\/posts\/119845\/revisions"}],"wp:featuredmedia":[{"embeddable":true,"href":"https:\/\/www.budokampsport.se\/api\/wp\/v2\/media\/119772"}],"wp:attachment":[{"href":"https:\/\/www.budokampsport.se\/api\/wp\/v2\/media?parent=119845"}],"wp:term":[{"taxonomy":"category","embeddable":true,"href":"https:\/\/www.budokampsport.se\/api\/wp\/v2\/categories?post=119845"},{"taxonomy":"post_tag","embeddable":true,"href":"https:\/\/www.budokampsport.se\/api\/wp\/v2\/tags?post=119845"}],"curies":[{"name":"wp","href":"https:\/\/api.w.org\/{rel}","templated":true}]}}