{"id":119978,"date":"2020-07-01T15:47:35","date_gmt":"2020-07-01T13:47:35","guid":{"rendered":"https:\/\/www.budokampsport.se\/?p=119978"},"modified":"2020-07-01T15:47:51","modified_gmt":"2020-07-01T13:47:51","slug":"para-kommitten-vill-bli-mer-synliga","status":"publish","type":"post","link":"https:\/\/www.budokampsport.se\/2020\/07\/01\/para-kommitten-vill-bli-mer-synliga\/","title":{"rendered":"Para-kommitt\u00e9n vill bli mer synliga"},"content":{"rendered":"<p>Para-kommitt\u00e9n i Svenska Budo &amp; Kampsportsf\u00f6rbundet \u00e4r p\u00e5 frammarsch.<\/p>\n<p>Ordf\u00f6randen f\u00f6r kommitt\u00e9n Mike Wall ber\u00e4ttar att man har arbetat med en b\u00e5de kort- och l\u00e5ngsiktig plan, som kom till under 2018.<br \/>\n&#8211; Ja, det handlade om att kartl\u00e4gga verksamheten, kan man s\u00e4ga. B\u00e5de intresset f\u00f6r att vara med i kommitt\u00e9n och hur det ser ut f\u00f6r tr\u00e4nande medlemmar med speciella behov. Vi har ocks\u00e5 haft tv\u00e5 inspirationsl\u00e4ger under 2019, ett i Norrahammar och ett i Helsingborg. Vi skulle ha haft \u00e4nnu ett l\u00e4ger nu, faktiskt, men det har inte kunnat g\u00e5 att genomf\u00f6ra p\u00e5 grund av corona-situationen. Vi kikar \u00e4ven p\u00e5 att under 2020 ta fram ett presentationsmaterial.<\/p>\n<p><strong>Mike, hur skulle du s\u00e4ga att det ser ut med para-idrott inom v\u00e5ra idrotter.<\/strong><br \/>\n&#8211; Det beror lite p\u00e5 i dagsl\u00e4get vilka ledare som finns p\u00e5 klubbarna, skulle jag s\u00e4ga. Alla v\u00e5ra idrotter \u00e4r parav\u00e4nliga i sin natur, men just nu \u00e4r det beroende av vem ledaren p\u00e5 klubben \u00e4r. Det finns stor acceptans hos vissa idrotter, och s\u00e5 tycker jag att det finns de idrotter d\u00e4r det inte k\u00e4nns lika sj\u00e4lvklart. Det h\u00e4r grundar jag i de enk\u00e4ter jag har skickat till v\u00e5ra underf\u00f6rbund.<\/p>\n<p><strong>Om man vill starta para-verksamhet p\u00e5 f\u00f6reningarna, kan man ta kontakt med para-kommitt\u00e9n d\u00e5?<\/strong><br \/>\n&#8211; Sj\u00e4lvklart kan man h\u00f6ra av sig till oss f\u00f6r att f\u00e5 lite mer kunskap. En start \u00e4r att om det kommer n\u00e5gon till f\u00f6reningen och vill tr\u00e4na med ett speciellt behov, och man som klubb t\u00e4nker \u201ddet klart du ska tr\u00e4na h\u00e4r\u201d, d\u00e5 har man kommit en bra bit p\u00e5 v\u00e4g. Men sedan g\u00e4ller det att ha kunskap och d\u00e4r kan vi absolut komma till st\u00f6d.<br \/>\n&#8211; Kommitt\u00e9n \u00e4r exempelvis med i ett n\u00e4tverk i s\u00f6dra Sverige som heter \u201dfungera mera\u201d, och f\u00f6reningar kan ocks\u00e5 s\u00f6ka st\u00f6d i s\u00e5dana liknande n\u00e4tverk, s\u00e5 klart.<\/p>\n<p><strong>S\u00e5, vad h\u00e4nder nu och fram\u00e5t i para-kommitt\u00e9n?<\/strong><br \/>\n&#8211; Vi vill f\u00e5 till en internetplattform d\u00e4r vi kan presentera oss lite b\u00e4ttre. Vilka vi i kommitt\u00e9n \u00e4r och vilka kunskaper som finns och s\u00e5 vidare. Den h\u00e4r intervjun \u00e4r en del i det ocks\u00e5. Vi kommer ocks\u00e5 jobba vidare med n\u00e4tverksbyggandet och jobba vidare med ett utbildningsmaterial, en slags handbok i andan s\u00e5 kan man g\u00f6ra.<\/p>\n<p>Text: Jonathan Broberg<br \/>\nFoto: privat<\/p>\n","protected":false},"excerpt":{"rendered":"<p>SB&#038;K:s para-kommitt\u00e9 leds av ordf\u00f6randen Mike Wall och han menar att kommitt\u00e9n har haft en liten nystart sedan 2018.<br \/><br>&#8211; Vi tog fram en plan med kortsiktiga och l\u00e5ngsiktiga m\u00e5l, d\u00e4r vi k\u00e4nner att vi \u00e4r ig\u00e5ng och att vi vill att mer ska h\u00e4nda, s\u00e4ger han till budokampsport.se.<\/p><br>","protected":false},"author":7,"featured_media":119979,"comment_status":"open","ping_status":"open","sticky":false,"template":"","format":"standard","meta":{"_acf_changed":false,"footnotes":""},"categories":[1],"tags":[],"class_list":["post-119978","post","type-post","status-publish","format-standard","has-post-thumbnail","hentry","category-okategoriserade"],"acf":[],"yoast_head":"<!-- This site is optimized with the Yoast SEO plugin v26.8 - https:\/\/yoast.com\/product\/yoast-seo-wordpress\/ -->\n<title>Para-kommitt\u00e9n vill bli mer synliga - Svenska Budo &amp; Kampsportsf\u00f6rbundet<\/title>\n<meta name=\"description\" content=\"SB&amp;K:s para-kommitt\u00e9 leds av ordf\u00f6randen Mike Wall och han menar att kommitt\u00e9n har haft en liten nystart sedan 2018. - Vi tog fram en plan med kortsiktiga och l\u00e5ngsiktiga m\u00e5l, d\u00e4r vi k\u00e4nner att vi \u00e4r ig\u00e5ng och att vi vill att mer ska h\u00e4nda, s\u00e4ger han till budokampsport.se.\" \/>\n<meta name=\"robots\" content=\"index, follow, max-snippet:-1, max-image-preview:large, max-video-preview:-1\" \/>\n<link rel=\"canonical\" href=\"https:\/\/www.budokampsport.se\/2020\/07\/01\/para-kommitten-vill-bli-mer-synliga\/\" \/>\n<meta property=\"og:locale\" content=\"sv_SE\" \/>\n<meta property=\"og:type\" content=\"article\" \/>\n<meta property=\"og:title\" content=\"Para-kommitt\u00e9n vill bli mer synliga - Svenska Budo &amp; Kampsportsf\u00f6rbundet\" \/>\n<meta property=\"og:description\" content=\"SB&amp;K:s para-kommitt\u00e9 leds av ordf\u00f6randen Mike Wall och han menar att kommitt\u00e9n har haft en liten nystart sedan 2018. - Vi tog fram en plan med kortsiktiga och l\u00e5ngsiktiga m\u00e5l, d\u00e4r vi k\u00e4nner att vi \u00e4r ig\u00e5ng och att vi vill att mer ska h\u00e4nda, s\u00e4ger han till budokampsport.se.\" \/>\n<meta property=\"og:url\" content=\"https:\/\/www.budokampsport.se\/2020\/07\/01\/para-kommitten-vill-bli-mer-synliga\/\" \/>\n<meta property=\"og:site_name\" content=\"Svenska Budo &amp; Kampsportsf\u00f6rbundet\" \/>\n<meta property=\"article:author\" content=\"https:\/\/www.facebook.com\/jonathan.broberg.7\" \/>\n<meta property=\"article:published_time\" content=\"2020-07-01T13:47:35+00:00\" \/>\n<meta property=\"article:modified_time\" content=\"2020-07-01T13:47:51+00:00\" \/>\n<meta property=\"og:image\" content=\"https:\/\/www.budokampsport.se\/wp-content\/uploads\/2020\/07\/mike-wall.jpg\" \/>\n\t<meta property=\"og:image:width\" content=\"850\" \/>\n\t<meta property=\"og:image:height\" content=\"668\" \/>\n\t<meta property=\"og:image:type\" content=\"image\/jpeg\" \/>\n<meta name=\"author\" content=\"Jonathan Broberg\" \/>\n<meta name=\"twitter:card\" content=\"summary_large_image\" \/>\n<meta name=\"twitter:label1\" content=\"Skriven av\" \/>\n\t<meta name=\"twitter:data1\" content=\"Jonathan Broberg\" \/>\n\t<meta name=\"twitter:label2\" content=\"Ber\u00e4knad l\u00e4stid\" \/>\n\t<meta name=\"twitter:data2\" content=\"2 minuter\" \/>\n<script type=\"application\/ld+json\" class=\"yoast-schema-graph\">{\"@context\":\"https:\/\/schema.org\",\"@graph\":[{\"@type\":\"Article\",\"@id\":\"https:\/\/www.budokampsport.se\/2020\/07\/01\/para-kommitten-vill-bli-mer-synliga\/#article\",\"isPartOf\":{\"@id\":\"https:\/\/www.budokampsport.se\/2020\/07\/01\/para-kommitten-vill-bli-mer-synliga\/\"},\"author\":{\"name\":\"Jonathan Broberg\",\"@id\":\"https:\/\/www.budokampsport.se\/#\/schema\/person\/5c06d81d14850e2a8ce5493386560145\"},\"headline\":\"Para-kommitt\u00e9n vill bli mer synliga\",\"datePublished\":\"2020-07-01T13:47:35+00:00\",\"dateModified\":\"2020-07-01T13:47:51+00:00\",\"mainEntityOfPage\":{\"@id\":\"https:\/\/www.budokampsport.se\/2020\/07\/01\/para-kommitten-vill-bli-mer-synliga\/\"},\"wordCount\":438,\"commentCount\":1,\"image\":{\"@id\":\"https:\/\/www.budokampsport.se\/2020\/07\/01\/para-kommitten-vill-bli-mer-synliga\/#primaryimage\"},\"thumbnailUrl\":\"https:\/\/www.budokampsport.se\/wp-content\/uploads\/2020\/07\/mike-wall.jpg\",\"inLanguage\":\"sv-SE\",\"potentialAction\":[{\"@type\":\"CommentAction\",\"name\":\"Comment\",\"target\":[\"https:\/\/www.budokampsport.se\/2020\/07\/01\/para-kommitten-vill-bli-mer-synliga\/#respond\"]}]},{\"@type\":\"WebPage\",\"@id\":\"https:\/\/www.budokampsport.se\/2020\/07\/01\/para-kommitten-vill-bli-mer-synliga\/\",\"url\":\"https:\/\/www.budokampsport.se\/2020\/07\/01\/para-kommitten-vill-bli-mer-synliga\/\",\"name\":\"Para-kommitt\u00e9n vill bli mer synliga - Svenska Budo &amp; Kampsportsf\u00f6rbundet\",\"isPartOf\":{\"@id\":\"https:\/\/www.budokampsport.se\/#website\"},\"primaryImageOfPage\":{\"@id\":\"https:\/\/www.budokampsport.se\/2020\/07\/01\/para-kommitten-vill-bli-mer-synliga\/#primaryimage\"},\"image\":{\"@id\":\"https:\/\/www.budokampsport.se\/2020\/07\/01\/para-kommitten-vill-bli-mer-synliga\/#primaryimage\"},\"thumbnailUrl\":\"https:\/\/www.budokampsport.se\/wp-content\/uploads\/2020\/07\/mike-wall.jpg\",\"datePublished\":\"2020-07-01T13:47:35+00:00\",\"dateModified\":\"2020-07-01T13:47:51+00:00\",\"author\":{\"@id\":\"https:\/\/www.budokampsport.se\/#\/schema\/person\/5c06d81d14850e2a8ce5493386560145\"},\"description\":\"SB&K:s para-kommitt\u00e9 leds av ordf\u00f6randen Mike Wall och han menar att kommitt\u00e9n har haft en liten nystart sedan 2018. - Vi tog fram en plan med kortsiktiga och l\u00e5ngsiktiga m\u00e5l, d\u00e4r vi k\u00e4nner att vi \u00e4r ig\u00e5ng och att vi vill att mer ska h\u00e4nda, s\u00e4ger han till budokampsport.se.\",\"breadcrumb\":{\"@id\":\"https:\/\/www.budokampsport.se\/2020\/07\/01\/para-kommitten-vill-bli-mer-synliga\/#breadcrumb\"},\"inLanguage\":\"sv-SE\",\"potentialAction\":[{\"@type\":\"ReadAction\",\"target\":[\"https:\/\/www.budokampsport.se\/2020\/07\/01\/para-kommitten-vill-bli-mer-synliga\/\"]}]},{\"@type\":\"ImageObject\",\"inLanguage\":\"sv-SE\",\"@id\":\"https:\/\/www.budokampsport.se\/2020\/07\/01\/para-kommitten-vill-bli-mer-synliga\/#primaryimage\",\"url\":\"https:\/\/www.budokampsport.se\/wp-content\/uploads\/2020\/07\/mike-wall.jpg\",\"contentUrl\":\"https:\/\/www.budokampsport.se\/wp-content\/uploads\/2020\/07\/mike-wall.jpg\",\"width\":850,\"height\":668},{\"@type\":\"BreadcrumbList\",\"@id\":\"https:\/\/www.budokampsport.se\/2020\/07\/01\/para-kommitten-vill-bli-mer-synliga\/#breadcrumb\",\"itemListElement\":[{\"@type\":\"ListItem\",\"position\":1,\"name\":\"Hem\",\"item\":\"https:\/\/www.budokampsport.se\/\"},{\"@type\":\"ListItem\",\"position\":2,\"name\":\"Para-kommitt\u00e9n vill bli mer synliga\"}]},{\"@type\":\"WebSite\",\"@id\":\"https:\/\/www.budokampsport.se\/#website\",\"url\":\"https:\/\/www.budokampsport.se\/\",\"name\":\"Svenska Budo &amp; Kampsportsf\u00f6rbundet\",\"description\":\"T\u00e4vling, Tr\u00e4ning, Tradition\",\"potentialAction\":[{\"@type\":\"SearchAction\",\"target\":{\"@type\":\"EntryPoint\",\"urlTemplate\":\"https:\/\/www.budokampsport.se\/?s={search_term_string}\"},\"query-input\":{\"@type\":\"PropertyValueSpecification\",\"valueRequired\":true,\"valueName\":\"search_term_string\"}}],\"inLanguage\":\"sv-SE\"},{\"@type\":\"Person\",\"@id\":\"https:\/\/www.budokampsport.se\/#\/schema\/person\/5c06d81d14850e2a8ce5493386560145\",\"name\":\"Jonathan Broberg\",\"image\":{\"@type\":\"ImageObject\",\"inLanguage\":\"sv-SE\",\"@id\":\"https:\/\/www.budokampsport.se\/#\/schema\/person\/image\/\",\"url\":\"https:\/\/secure.gravatar.com\/avatar\/a58041c6cea9128bd9c40ee2f26d4136?s=96&d=blank&r=g\",\"contentUrl\":\"https:\/\/secure.gravatar.com\/avatar\/a58041c6cea9128bd9c40ee2f26d4136?s=96&d=blank&r=g\",\"caption\":\"Jonathan Broberg\"},\"sameAs\":[\"https:\/\/www.facebook.com\/jonathan.broberg.7\"],\"url\":\"https:\/\/www.budokampsport.se\/author\/jonathan\/\"}]}<\/script>\n<!-- \/ Yoast SEO plugin. -->","yoast_head_json":{"title":"Para-kommitt\u00e9n vill bli mer synliga - Svenska Budo &amp; Kampsportsf\u00f6rbundet","description":"SB&K:s para-kommitt\u00e9 leds av ordf\u00f6randen Mike Wall och han menar att kommitt\u00e9n har haft en liten nystart sedan 2018. - Vi tog fram en plan med kortsiktiga och l\u00e5ngsiktiga m\u00e5l, d\u00e4r vi k\u00e4nner att vi \u00e4r ig\u00e5ng och att vi vill att mer ska h\u00e4nda, s\u00e4ger han till budokampsport.se.","robots":{"index":"index","follow":"follow","max-snippet":"max-snippet:-1","max-image-preview":"max-image-preview:large","max-video-preview":"max-video-preview:-1"},"canonical":"https:\/\/www.budokampsport.se\/2020\/07\/01\/para-kommitten-vill-bli-mer-synliga\/","og_locale":"sv_SE","og_type":"article","og_title":"Para-kommitt\u00e9n vill bli mer synliga - Svenska Budo &amp; Kampsportsf\u00f6rbundet","og_description":"SB&K:s para-kommitt\u00e9 leds av ordf\u00f6randen Mike Wall och han menar att kommitt\u00e9n har haft en liten nystart sedan 2018. - Vi tog fram en plan med kortsiktiga och l\u00e5ngsiktiga m\u00e5l, d\u00e4r vi k\u00e4nner att vi \u00e4r ig\u00e5ng och att vi vill att mer ska h\u00e4nda, s\u00e4ger han till budokampsport.se.","og_url":"https:\/\/www.budokampsport.se\/2020\/07\/01\/para-kommitten-vill-bli-mer-synliga\/","og_site_name":"Svenska Budo &amp; Kampsportsf\u00f6rbundet","article_author":"https:\/\/www.facebook.com\/jonathan.broberg.7","article_published_time":"2020-07-01T13:47:35+00:00","article_modified_time":"2020-07-01T13:47:51+00:00","og_image":[{"width":850,"height":668,"url":"https:\/\/www.budokampsport.se\/wp-content\/uploads\/2020\/07\/mike-wall.jpg","type":"image\/jpeg"}],"author":"Jonathan Broberg","twitter_card":"summary_large_image","twitter_misc":{"Skriven av":"Jonathan Broberg","Ber\u00e4knad l\u00e4stid":"2 minuter"},"schema":{"@context":"https:\/\/schema.org","@graph":[{"@type":"Article","@id":"https:\/\/www.budokampsport.se\/2020\/07\/01\/para-kommitten-vill-bli-mer-synliga\/#article","isPartOf":{"@id":"https:\/\/www.budokampsport.se\/2020\/07\/01\/para-kommitten-vill-bli-mer-synliga\/"},"author":{"name":"Jonathan Broberg","@id":"https:\/\/www.budokampsport.se\/#\/schema\/person\/5c06d81d14850e2a8ce5493386560145"},"headline":"Para-kommitt\u00e9n vill bli mer synliga","datePublished":"2020-07-01T13:47:35+00:00","dateModified":"2020-07-01T13:47:51+00:00","mainEntityOfPage":{"@id":"https:\/\/www.budokampsport.se\/2020\/07\/01\/para-kommitten-vill-bli-mer-synliga\/"},"wordCount":438,"commentCount":1,"image":{"@id":"https:\/\/www.budokampsport.se\/2020\/07\/01\/para-kommitten-vill-bli-mer-synliga\/#primaryimage"},"thumbnailUrl":"https:\/\/www.budokampsport.se\/wp-content\/uploads\/2020\/07\/mike-wall.jpg","inLanguage":"sv-SE","potentialAction":[{"@type":"CommentAction","name":"Comment","target":["https:\/\/www.budokampsport.se\/2020\/07\/01\/para-kommitten-vill-bli-mer-synliga\/#respond"]}]},{"@type":"WebPage","@id":"https:\/\/www.budokampsport.se\/2020\/07\/01\/para-kommitten-vill-bli-mer-synliga\/","url":"https:\/\/www.budokampsport.se\/2020\/07\/01\/para-kommitten-vill-bli-mer-synliga\/","name":"Para-kommitt\u00e9n vill bli mer synliga - Svenska Budo &amp; Kampsportsf\u00f6rbundet","isPartOf":{"@id":"https:\/\/www.budokampsport.se\/#website"},"primaryImageOfPage":{"@id":"https:\/\/www.budokampsport.se\/2020\/07\/01\/para-kommitten-vill-bli-mer-synliga\/#primaryimage"},"image":{"@id":"https:\/\/www.budokampsport.se\/2020\/07\/01\/para-kommitten-vill-bli-mer-synliga\/#primaryimage"},"thumbnailUrl":"https:\/\/www.budokampsport.se\/wp-content\/uploads\/2020\/07\/mike-wall.jpg","datePublished":"2020-07-01T13:47:35+00:00","dateModified":"2020-07-01T13:47:51+00:00","author":{"@id":"https:\/\/www.budokampsport.se\/#\/schema\/person\/5c06d81d14850e2a8ce5493386560145"},"description":"SB&K:s para-kommitt\u00e9 leds av ordf\u00f6randen Mike Wall och han menar att kommitt\u00e9n har haft en liten nystart sedan 2018. - Vi tog fram en plan med kortsiktiga och l\u00e5ngsiktiga m\u00e5l, d\u00e4r vi k\u00e4nner att vi \u00e4r ig\u00e5ng och att vi vill att mer ska h\u00e4nda, s\u00e4ger han till budokampsport.se.","breadcrumb":{"@id":"https:\/\/www.budokampsport.se\/2020\/07\/01\/para-kommitten-vill-bli-mer-synliga\/#breadcrumb"},"inLanguage":"sv-SE","potentialAction":[{"@type":"ReadAction","target":["https:\/\/www.budokampsport.se\/2020\/07\/01\/para-kommitten-vill-bli-mer-synliga\/"]}]},{"@type":"ImageObject","inLanguage":"sv-SE","@id":"https:\/\/www.budokampsport.se\/2020\/07\/01\/para-kommitten-vill-bli-mer-synliga\/#primaryimage","url":"https:\/\/www.budokampsport.se\/wp-content\/uploads\/2020\/07\/mike-wall.jpg","contentUrl":"https:\/\/www.budokampsport.se\/wp-content\/uploads\/2020\/07\/mike-wall.jpg","width":850,"height":668},{"@type":"BreadcrumbList","@id":"https:\/\/www.budokampsport.se\/2020\/07\/01\/para-kommitten-vill-bli-mer-synliga\/#breadcrumb","itemListElement":[{"@type":"ListItem","position":1,"name":"Hem","item":"https:\/\/www.budokampsport.se\/"},{"@type":"ListItem","position":2,"name":"Para-kommitt\u00e9n vill bli mer synliga"}]},{"@type":"WebSite","@id":"https:\/\/www.budokampsport.se\/#website","url":"https:\/\/www.budokampsport.se\/","name":"Svenska Budo &amp; Kampsportsf\u00f6rbundet","description":"T\u00e4vling, Tr\u00e4ning, Tradition","potentialAction":[{"@type":"SearchAction","target":{"@type":"EntryPoint","urlTemplate":"https:\/\/www.budokampsport.se\/?s={search_term_string}"},"query-input":{"@type":"PropertyValueSpecification","valueRequired":true,"valueName":"search_term_string"}}],"inLanguage":"sv-SE"},{"@type":"Person","@id":"https:\/\/www.budokampsport.se\/#\/schema\/person\/5c06d81d14850e2a8ce5493386560145","name":"Jonathan Broberg","image":{"@type":"ImageObject","inLanguage":"sv-SE","@id":"https:\/\/www.budokampsport.se\/#\/schema\/person\/image\/","url":"https:\/\/secure.gravatar.com\/avatar\/a58041c6cea9128bd9c40ee2f26d4136?s=96&d=blank&r=g","contentUrl":"https:\/\/secure.gravatar.com\/avatar\/a58041c6cea9128bd9c40ee2f26d4136?s=96&d=blank&r=g","caption":"Jonathan Broberg"},"sameAs":["https:\/\/www.facebook.com\/jonathan.broberg.7"],"url":"https:\/\/www.budokampsport.se\/author\/jonathan\/"}]}},"_links":{"self":[{"href":"https:\/\/www.budokampsport.se\/api\/wp\/v2\/posts\/119978","targetHints":{"allow":["GET"]}}],"collection":[{"href":"https:\/\/www.budokampsport.se\/api\/wp\/v2\/posts"}],"about":[{"href":"https:\/\/www.budokampsport.se\/api\/wp\/v2\/types\/post"}],"author":[{"embeddable":true,"href":"https:\/\/www.budokampsport.se\/api\/wp\/v2\/users\/7"}],"replies":[{"embeddable":true,"href":"https:\/\/www.budokampsport.se\/api\/wp\/v2\/comments?post=119978"}],"version-history":[{"count":0,"href":"https:\/\/www.budokampsport.se\/api\/wp\/v2\/posts\/119978\/revisions"}],"wp:featuredmedia":[{"embeddable":true,"href":"https:\/\/www.budokampsport.se\/api\/wp\/v2\/media\/119979"}],"wp:attachment":[{"href":"https:\/\/www.budokampsport.se\/api\/wp\/v2\/media?parent=119978"}],"wp:term":[{"taxonomy":"category","embeddable":true,"href":"https:\/\/www.budokampsport.se\/api\/wp\/v2\/categories?post=119978"},{"taxonomy":"post_tag","embeddable":true,"href":"https:\/\/www.budokampsport.se\/api\/wp\/v2\/tags?post=119978"}],"curies":[{"name":"wp","href":"https:\/\/api.w.org\/{rel}","templated":true}]}}